{"id":34639,"date":"2025-06-10T17:38:55","date_gmt":"2025-06-10T17:38:55","guid":{"rendered":"https:\/\/www.vegaintro-projekti.com\/pilar-stari\/?p=34639"},"modified":"2025-06-10T17:56:02","modified_gmt":"2025-06-10T17:56:02","slug":"mr-sc-mirko-petric-odrzao-predavanje-na-sveucilistu-u-grazu-21-svibnja-2025","status":"publish","type":"post","link":"https:\/\/www.vegaintro-projekti.com\/pilar-stari\/2025\/06\/mr-sc-mirko-petric-odrzao-predavanje-na-sveucilistu-u-grazu-21-svibnja-2025\/","title":{"rendered":"Mr. sc. Mirko Petri\u0107 odr\u017eao predavanje na Sveu\u010dili\u0161tu u Grazu, 21. svibnja 2025."},"content":{"rendered":"<p><strong>U organizaciji Instituta za sociologiju i Dru\u0161tva sociologa Sveu\u010dili\u0161ta u Grazu, mr. sc. Mirko Petri\u0107 odr\u017eao je predavanje na temu \u201eSocio-digitalne nejednakosti: prema sjedinjenom istra\u017eiva\u010dkom okviru za prou\u010davanje nejednakosti u kulturnom polju\u201c.<\/strong> &#8211; <a href=\"https:\/\/www.vegaintro-projekti.com\/pilar-stari\/wp-content\/uploads\/2025\/06\/GSU_Plakat_Petric.pdf\">Vi\u0161e o sadr\u017eaju predavanja<\/a><\/p>\n<p><a href=\"https:\/\/www.vegaintro-projekti.com\/pilar-stari\/wp-content\/uploads\/2025\/06\/IMG_1-3.jpg\"><img decoding=\"async\" loading=\"lazy\" class=\"alignnone wp-image-34633 size-full\" src=\"https:\/\/www.vegaintro-projekti.com\/pilar-stari\/wp-content\/uploads\/2025\/06\/IMG_1s-4.jpg\" alt=\"i1\" width=\"620\" height=\"834\" srcset=\"https:\/\/www.vegaintro-projekti.com\/pilar-stari\/wp-content\/uploads\/2025\/06\/IMG_1s-4.jpg 620w, https:\/\/www.vegaintro-projekti.com\/pilar-stari\/wp-content\/uploads\/2025\/06\/IMG_1s-4-223x300.jpg 223w\" sizes=\"(max-width: 620px) 100vw, 620px\" \/><\/a><\/p>\n<p><strong>Predavanje je odr\u017eano<\/strong> 21. svibnja 2025., u Resowi centru Sveu\u010dili\u0161ta u Grazu, a temelji se na podacima prikupljenim Horizon 2020 projektom \u201eEuropsko popisivanje dru\u0161tvenih vrijednosti kulture kao osnova inkluzivnih kulturnih politika\u201c (INVENT), u kojem je kao partner sudjelovao Institut dru\u0161tvenih znanosti Ivo Pilar.<\/p>\n<div class=\"wp-block-image\">\n<p><a href=\"https:\/\/www.vegaintro-projekti.com\/pilar-stari\/wp-content\/uploads\/2025\/06\/IMG_0.jpg\"><img decoding=\"async\" loading=\"lazy\" class=\"alignnone wp-image-34629 size-full\" src=\"https:\/\/www.vegaintro-projekti.com\/pilar-stari\/wp-content\/uploads\/2025\/06\/IMG_0s.jpg\" alt=\"i2\" width=\"620\" height=\"386\" srcset=\"https:\/\/www.vegaintro-projekti.com\/pilar-stari\/wp-content\/uploads\/2025\/06\/IMG_0s.jpg 620w, https:\/\/www.vegaintro-projekti.com\/pilar-stari\/wp-content\/uploads\/2025\/06\/IMG_0s-300x187.jpg 300w\" sizes=\"(max-width: 620px) 100vw, 620px\" \/><\/a><a href=\"https:\/\/www.vegaintro-projekti.com\/pilar-stari\/wp-content\/uploads\/2025\/06\/IMG_2-3.jpg\"><img decoding=\"async\" loading=\"lazy\" class=\"alignnone wp-image-34635 size-full\" src=\"https:\/\/www.vegaintro-projekti.com\/pilar-stari\/wp-content\/uploads\/2025\/06\/IMG_2s-4.jpg\" alt=\"i3\" width=\"620\" height=\"416\" srcset=\"https:\/\/www.vegaintro-projekti.com\/pilar-stari\/wp-content\/uploads\/2025\/06\/IMG_2s-4.jpg 620w, https:\/\/www.vegaintro-projekti.com\/pilar-stari\/wp-content\/uploads\/2025\/06\/IMG_2s-4-300x201.jpg 300w, https:\/\/www.vegaintro-projekti.com\/pilar-stari\/wp-content\/uploads\/2025\/06\/IMG_2s-4-110x75.jpg 110w\" sizes=\"(max-width: 620px) 100vw, 620px\" \/><\/a><a href=\"https:\/\/www.vegaintro-projekti.com\/pilar-stari\/wp-content\/uploads\/2025\/06\/IMG_3-4.jpg\"><img decoding=\"async\" loading=\"lazy\" class=\"alignnone wp-image-34637 size-full\" src=\"https:\/\/www.vegaintro-projekti.com\/pilar-stari\/wp-content\/uploads\/2025\/06\/IMG_3s-4.jpg\" alt=\"i4\" width=\"620\" height=\"400\" srcset=\"https:\/\/www.vegaintro-projekti.com\/pilar-stari\/wp-content\/uploads\/2025\/06\/IMG_3s-4.jpg 620w, https:\/\/www.vegaintro-projekti.com\/pilar-stari\/wp-content\/uploads\/2025\/06\/IMG_3s-4-300x194.jpg 300w\" sizes=\"(max-width: 620px) 100vw, 620px\" \/><\/a><\/p>\n<\/div>\n<blockquote><p><a href=\"https:\/\/www.vegaintro-projekti.com\/pilar-stari\/2020\/05\/invent-european-inventory-of-societal-values-of-culture-as-a-basis-for-inclusive-cultural-policies-in-the-globalizing-world\/\">Projekt INVENT<\/a><\/p>\n<p><a href=\"https:\/\/www.vegaintro-projekti.com\/pilar-stari\/2010\/07\/podruni-centar-split-2\/\">Podru\u010dni centar Split<\/a><\/p><\/blockquote>\n","protected":false},"excerpt":{"rendered":"<p>U organizaciji Instituta za sociologiju i Dru\u0161tva sociologa Sveu\u010dili\u0161ta u Grazu, mr. sc. Mirko Petri\u0107 odr\u017eao je predavanje na temu \u201eSocio-digitalne nejednakosti: prema sjedinjenom istra\u017eiva\u010dkom okviru za prou\u010davanje nejednakosti u kulturnom polju\u201c. &#8211; Vi\u0161e o sadr\u017eaju predavanja Predavanje je odr\u017eano 21. svibnja 2025., u Resowi centru Sveu\u010dili\u0161ta u Grazu, a temelji se na podacima prikupljenim&hellip; <a class=\"continue\" href=\"https:\/\/www.vegaintro-projekti.com\/pilar-stari\/2025\/06\/mr-sc-mirko-petric-odrzao-predavanje-na-sveucilistu-u-grazu-21-svibnja-2025\/\">Pro\u010ditaj vi\u0161e o<span> Mr. sc. Mirko Petri\u0107 odr\u017eao predavanje na Sveu\u010dili\u0161tu u Grazu, 21. svibnja 2025.<\/span><\/a><\/p>\n","protected":false},"author":7,"featured_media":34631,"comment_status":"closed","ping_status":"closed","sticky":false,"template":"","format":"standard","meta":{"inline_featured_image":false,"ngg_post_thumbnail":0,"footnotes":""},"categories":[48,11],"tags":[],"yoast_head":"<!-- This site is optimized with the Yoast SEO plugin v21.2 - https:\/\/yoast.com\/wordpress\/plugins\/seo\/ -->\n<title>Mr. sc. Mirko Petri\u0107 odr\u017eao predavanje na Sveu\u010dili\u0161tu u Grazu, 21. svibnja 2025. - Institut dru&scaron;tvenih znanosti Ivo Pilar<\/title>\n<meta name=\"robots\" content=\"noindex, follow, max-snippet:-1, max-image-preview:large, max-video-preview:-1\" \/>\n<meta property=\"og:locale\" content=\"hr_HR\" \/>\n<meta property=\"og:type\" content=\"article\" \/>\n<meta property=\"og:title\" content=\"Mr. sc. Mirko Petri\u0107 odr\u017eao predavanje na Sveu\u010dili\u0161tu u Grazu, 21. svibnja 2025. - Institut dru&scaron;tvenih znanosti Ivo Pilar\" \/>\n<meta property=\"og:description\" content=\"U organizaciji Instituta za sociologiju i Dru\u0161tva sociologa Sveu\u010dili\u0161ta u Grazu, mr. sc. Mirko Petri\u0107 odr\u017eao je predavanje na temu \u201eSocio-digitalne nejednakosti: prema sjedinjenom istra\u017eiva\u010dkom okviru za prou\u010davanje nejednakosti u kulturnom polju\u201c. &#8211; Vi\u0161e o sadr\u017eaju predavanja Predavanje je odr\u017eano 21. svibnja 2025., u Resowi centru Sveu\u010dili\u0161ta u Grazu, a temelji se na podacima prikupljenim&hellip; Pro\u010ditaj vi\u0161e o Mr. sc. Mirko Petri\u0107 odr\u017eao predavanje na Sveu\u010dili\u0161tu u Grazu, 21. svibnja 2025.\" \/>\n<meta property=\"og:url\" content=\"https:\/\/www.vegaintro-projekti.com\/pilar-stari\/2025\/06\/mr-sc-mirko-petric-odrzao-predavanje-na-sveucilistu-u-grazu-21-svibnja-2025\/\" \/>\n<meta property=\"og:site_name\" content=\"Institut dru&scaron;tvenih znanosti Ivo Pilar\" \/>\n<meta property=\"article:published_time\" content=\"2025-06-10T17:38:55+00:00\" \/>\n<meta property=\"article:modified_time\" content=\"2025-06-10T17:56:02+00:00\" \/>\n<meta property=\"og:image\" content=\"https:\/\/www.vegaintro-projekti.com\/pilar-stari\/wp-content\/uploads\/2025\/06\/IMG_1fi-2.jpg\" \/>\n\t<meta property=\"og:image:width\" content=\"500\" \/>\n\t<meta property=\"og:image:height\" content=\"260\" \/>\n\t<meta property=\"og:image:type\" content=\"image\/jpeg\" \/>\n<meta name=\"author\" content=\"Boris\" \/>\n<meta name=\"twitter:card\" content=\"summary_large_image\" \/>\n<meta name=\"twitter:label1\" content=\"Napisao\/la\" \/>\n\t<meta name=\"twitter:data1\" content=\"Boris\" \/>\n\t<meta name=\"twitter:label2\" content=\"Procijenjeno vrijeme \u010ditanja\" \/>\n\t<meta name=\"twitter:data2\" content=\"2 minute\" \/>\n<script type=\"application\/ld+json\" class=\"yoast-schema-graph\">{\"@context\":\"https:\/\/schema.org\",\"@graph\":[{\"@type\":\"WebPage\",\"@id\":\"https:\/\/www.vegaintro-projekti.com\/pilar-stari\/2025\/06\/mr-sc-mirko-petric-odrzao-predavanje-na-sveucilistu-u-grazu-21-svibnja-2025\/\",\"url\":\"https:\/\/www.vegaintro-projekti.com\/pilar-stari\/2025\/06\/mr-sc-mirko-petric-odrzao-predavanje-na-sveucilistu-u-grazu-21-svibnja-2025\/\",\"name\":\"Mr. sc. Mirko Petri\u0107 odr\u017eao predavanje na Sveu\u010dili\u0161tu u Grazu, 21. svibnja 2025. - Institut dru&scaron;tvenih znanosti Ivo Pilar\",\"isPartOf\":{\"@id\":\"https:\/\/www.vegaintro-projekti.com\/pilar-stari\/#website\"},\"datePublished\":\"2025-06-10T17:38:55+00:00\",\"dateModified\":\"2025-06-10T17:56:02+00:00\",\"author\":{\"@id\":\"https:\/\/www.vegaintro-projekti.com\/pilar-stari\/#\/schema\/person\/ddd404c9f1e15e4ffef5986ac6a5d28b\"},\"breadcrumb\":{\"@id\":\"https:\/\/www.vegaintro-projekti.com\/pilar-stari\/2025\/06\/mr-sc-mirko-petric-odrzao-predavanje-na-sveucilistu-u-grazu-21-svibnja-2025\/#breadcrumb\"},\"inLanguage\":\"hr\",\"potentialAction\":[{\"@type\":\"ReadAction\",\"target\":[\"https:\/\/www.vegaintro-projekti.com\/pilar-stari\/2025\/06\/mr-sc-mirko-petric-odrzao-predavanje-na-sveucilistu-u-grazu-21-svibnja-2025\/\"]}]},{\"@type\":\"BreadcrumbList\",\"@id\":\"https:\/\/www.vegaintro-projekti.com\/pilar-stari\/2025\/06\/mr-sc-mirko-petric-odrzao-predavanje-na-sveucilistu-u-grazu-21-svibnja-2025\/#breadcrumb\",\"itemListElement\":[{\"@type\":\"ListItem\",\"position\":1,\"name\":\"Home\",\"item\":\"https:\/\/www.vegaintro-projekti.com\/pilar-stari\/\"},{\"@type\":\"ListItem\",\"position\":2,\"name\":\"Mr. sc. Mirko Petri\u0107 odr\u017eao predavanje na Sveu\u010dili\u0161tu u Grazu, 21. svibnja 2025.\"}]},{\"@type\":\"WebSite\",\"@id\":\"https:\/\/www.vegaintro-projekti.com\/pilar-stari\/#website\",\"url\":\"https:\/\/www.vegaintro-projekti.com\/pilar-stari\/\",\"name\":\"Institut dru&scaron;tvenih znanosti Ivo Pilar\",\"description\":\"Pilar\",\"potentialAction\":[{\"@type\":\"SearchAction\",\"target\":{\"@type\":\"EntryPoint\",\"urlTemplate\":\"https:\/\/www.vegaintro-projekti.com\/pilar-stari\/?s={search_term_string}\"},\"query-input\":\"required name=search_term_string\"}],\"inLanguage\":\"hr\"},{\"@type\":\"Person\",\"@id\":\"https:\/\/www.vegaintro-projekti.com\/pilar-stari\/#\/schema\/person\/ddd404c9f1e15e4ffef5986ac6a5d28b\",\"name\":\"Boris\",\"image\":{\"@type\":\"ImageObject\",\"inLanguage\":\"hr\",\"@id\":\"https:\/\/www.vegaintro-projekti.com\/pilar-stari\/#\/schema\/person\/image\/\",\"url\":\"https:\/\/secure.gravatar.com\/avatar\/29557b161a6ce6ab86ac1503164f1e90?s=96&d=mm&r=g\",\"contentUrl\":\"https:\/\/secure.gravatar.com\/avatar\/29557b161a6ce6ab86ac1503164f1e90?s=96&d=mm&r=g\",\"caption\":\"Boris\"},\"url\":\"https:\/\/www.vegaintro-projekti.com\/pilar-stari\/author\/boris\/\"}]}<\/script>\n<!-- \/ Yoast SEO plugin. -->","yoast_head_json":{"title":"Mr. sc. Mirko Petri\u0107 odr\u017eao predavanje na Sveu\u010dili\u0161tu u Grazu, 21. svibnja 2025. - Institut dru&scaron;tvenih znanosti Ivo Pilar","robots":{"index":"noindex","follow":"follow","max-snippet":"max-snippet:-1","max-image-preview":"max-image-preview:large","max-video-preview":"max-video-preview:-1"},"og_locale":"hr_HR","og_type":"article","og_title":"Mr. sc. Mirko Petri\u0107 odr\u017eao predavanje na Sveu\u010dili\u0161tu u Grazu, 21. svibnja 2025. - Institut dru&scaron;tvenih znanosti Ivo Pilar","og_description":"U organizaciji Instituta za sociologiju i Dru\u0161tva sociologa Sveu\u010dili\u0161ta u Grazu, mr. sc. Mirko Petri\u0107 odr\u017eao je predavanje na temu \u201eSocio-digitalne nejednakosti: prema sjedinjenom istra\u017eiva\u010dkom okviru za prou\u010davanje nejednakosti u kulturnom polju\u201c. &#8211; Vi\u0161e o sadr\u017eaju predavanja Predavanje je odr\u017eano 21. svibnja 2025., u Resowi centru Sveu\u010dili\u0161ta u Grazu, a temelji se na podacima prikupljenim&hellip; Pro\u010ditaj vi\u0161e o Mr. sc. Mirko Petri\u0107 odr\u017eao predavanje na Sveu\u010dili\u0161tu u Grazu, 21. svibnja 2025.","og_url":"https:\/\/www.vegaintro-projekti.com\/pilar-stari\/2025\/06\/mr-sc-mirko-petric-odrzao-predavanje-na-sveucilistu-u-grazu-21-svibnja-2025\/","og_site_name":"Institut dru&scaron;tvenih znanosti Ivo Pilar","article_published_time":"2025-06-10T17:38:55+00:00","article_modified_time":"2025-06-10T17:56:02+00:00","og_image":[{"width":500,"height":260,"url":"https:\/\/www.vegaintro-projekti.com\/pilar-stari\/wp-content\/uploads\/2025\/06\/IMG_1fi-2.jpg","type":"image\/jpeg"}],"author":"Boris","twitter_card":"summary_large_image","twitter_misc":{"Napisao\/la":"Boris","Procijenjeno vrijeme \u010ditanja":"2 minute"},"schema":{"@context":"https:\/\/schema.org","@graph":[{"@type":"WebPage","@id":"https:\/\/www.vegaintro-projekti.com\/pilar-stari\/2025\/06\/mr-sc-mirko-petric-odrzao-predavanje-na-sveucilistu-u-grazu-21-svibnja-2025\/","url":"https:\/\/www.vegaintro-projekti.com\/pilar-stari\/2025\/06\/mr-sc-mirko-petric-odrzao-predavanje-na-sveucilistu-u-grazu-21-svibnja-2025\/","name":"Mr. sc. Mirko Petri\u0107 odr\u017eao predavanje na Sveu\u010dili\u0161tu u Grazu, 21. svibnja 2025. - Institut dru&scaron;tvenih znanosti Ivo Pilar","isPartOf":{"@id":"https:\/\/www.vegaintro-projekti.com\/pilar-stari\/#website"},"datePublished":"2025-06-10T17:38:55+00:00","dateModified":"2025-06-10T17:56:02+00:00","author":{"@id":"https:\/\/www.vegaintro-projekti.com\/pilar-stari\/#\/schema\/person\/ddd404c9f1e15e4ffef5986ac6a5d28b"},"breadcrumb":{"@id":"https:\/\/www.vegaintro-projekti.com\/pilar-stari\/2025\/06\/mr-sc-mirko-petric-odrzao-predavanje-na-sveucilistu-u-grazu-21-svibnja-2025\/#breadcrumb"},"inLanguage":"hr","potentialAction":[{"@type":"ReadAction","target":["https:\/\/www.vegaintro-projekti.com\/pilar-stari\/2025\/06\/mr-sc-mirko-petric-odrzao-predavanje-na-sveucilistu-u-grazu-21-svibnja-2025\/"]}]},{"@type":"BreadcrumbList","@id":"https:\/\/www.vegaintro-projekti.com\/pilar-stari\/2025\/06\/mr-sc-mirko-petric-odrzao-predavanje-na-sveucilistu-u-grazu-21-svibnja-2025\/#breadcrumb","itemListElement":[{"@type":"ListItem","position":1,"name":"Home","item":"https:\/\/www.vegaintro-projekti.com\/pilar-stari\/"},{"@type":"ListItem","position":2,"name":"Mr. sc. Mirko Petri\u0107 odr\u017eao predavanje na Sveu\u010dili\u0161tu u Grazu, 21. svibnja 2025."}]},{"@type":"WebSite","@id":"https:\/\/www.vegaintro-projekti.com\/pilar-stari\/#website","url":"https:\/\/www.vegaintro-projekti.com\/pilar-stari\/","name":"Institut dru&scaron;tvenih znanosti Ivo Pilar","description":"Pilar","potentialAction":[{"@type":"SearchAction","target":{"@type":"EntryPoint","urlTemplate":"https:\/\/www.vegaintro-projekti.com\/pilar-stari\/?s={search_term_string}"},"query-input":"required name=search_term_string"}],"inLanguage":"hr"},{"@type":"Person","@id":"https:\/\/www.vegaintro-projekti.com\/pilar-stari\/#\/schema\/person\/ddd404c9f1e15e4ffef5986ac6a5d28b","name":"Boris","image":{"@type":"ImageObject","inLanguage":"hr","@id":"https:\/\/www.vegaintro-projekti.com\/pilar-stari\/#\/schema\/person\/image\/","url":"https:\/\/secure.gravatar.com\/avatar\/29557b161a6ce6ab86ac1503164f1e90?s=96&d=mm&r=g","contentUrl":"https:\/\/secure.gravatar.com\/avatar\/29557b161a6ce6ab86ac1503164f1e90?s=96&d=mm&r=g","caption":"Boris"},"url":"https:\/\/www.vegaintro-projekti.com\/pilar-stari\/author\/boris\/"}]}},"_links":{"self":[{"href":"https:\/\/www.vegaintro-projekti.com\/pilar-stari\/wp-json\/wp\/v2\/posts\/34639"}],"collection":[{"href":"https:\/\/www.vegaintro-projekti.com\/pilar-stari\/wp-json\/wp\/v2\/posts"}],"about":[{"href":"https:\/\/www.vegaintro-projekti.com\/pilar-stari\/wp-json\/wp\/v2\/types\/post"}],"author":[{"embeddable":true,"href":"https:\/\/www.vegaintro-projekti.com\/pilar-stari\/wp-json\/wp\/v2\/users\/7"}],"replies":[{"embeddable":true,"href":"https:\/\/www.vegaintro-projekti.com\/pilar-stari\/wp-json\/wp\/v2\/comments?post=34639"}],"version-history":[{"count":5,"href":"https:\/\/www.vegaintro-projekti.com\/pilar-stari\/wp-json\/wp\/v2\/posts\/34639\/revisions"}],"predecessor-version":[{"id":34645,"href":"https:\/\/www.vegaintro-projekti.com\/pilar-stari\/wp-json\/wp\/v2\/posts\/34639\/revisions\/34645"}],"wp:featuredmedia":[{"embeddable":true,"href":"https:\/\/www.vegaintro-projekti.com\/pilar-stari\/wp-json\/wp\/v2\/media\/34631"}],"wp:attachment":[{"href":"https:\/\/www.vegaintro-projekti.com\/pilar-stari\/wp-json\/wp\/v2\/media?parent=34639"}],"wp:term":[{"taxonomy":"category","embeddable":true,"href":"https:\/\/www.vegaintro-projekti.com\/pilar-stari\/wp-json\/wp\/v2\/categories?post=34639"},{"taxonomy":"post_tag","embeddable":true,"href":"https:\/\/www.vegaintro-projekti.com\/pilar-stari\/wp-json\/wp\/v2\/tags?post=34639"}],"curies":[{"name":"wp","href":"https:\/\/api.w.org\/{rel}","templated":true}]}}