{"id":34870,"date":"2025-06-25T09:15:01","date_gmt":"2025-06-25T09:15:01","guid":{"rendered":"https:\/\/www.vegaintro-projekti.com\/pilar-stari\/?p=34870"},"modified":"2025-07-01T09:28:16","modified_gmt":"2025-07-01T09:28:16","slug":"dr-sc-sasa-mrduljas-nije-realno-ocekivati-da-ce-ovdasnji-medunacionalni-sporovi-nestati-ulaskom-preostalih-drzava-jugoistoka-europe-u-eu-18-6-2025","status":"publish","type":"post","link":"https:\/\/www.vegaintro-projekti.com\/pilar-stari\/2025\/06\/dr-sc-sasa-mrduljas-nije-realno-ocekivati-da-ce-ovdasnji-medunacionalni-sporovi-nestati-ulaskom-preostalih-drzava-jugoistoka-europe-u-eu-18-6-2025\/","title":{"rendered":"Dr. sc. Sa\u0161a Mrdulja\u0161: Nije realno o\u010dekivati da \u0107e ovda\u0161nji me\u0111unacionalni sporovi nestati ulaskom preostalih dr\u017eava jugoistoka Europe u EU"},"content":{"rendered":"<p><strong>Pod naslovom \u201eKonfliktne dimenzije hrvatsko-srpskih odnosa &#8216;sazrijevaju&#8217; u drugoj polovici 19. stolje\u0107a u kontekstu pitanja o pripadnosti Srijema i BiH, a op\u0107e zna\u010denje stje\u010du nastankom Dr\u017eave SHS tj. Jugoslavije&#8221; i nadnaslovom &#8220;Dr. sc. Sa\u0161a Mrdulja\u0161: Nije realno o\u010dekivati da \u0107e ovda\u0161nji me\u0111unacionalni sporovi nestati ulaskom preostalih dr\u017eava jugoistoka Europe u EU&#8221; Portal Hrvatskoga kulturnog vije\u0107a objavio je 18. lipnja 2025. intervju s dr. sc. Sa\u0161om Mrdulja\u0161em, voditeljem projekta CROIDENT: Hrvatski nacionalni identitet: nastanak i osporavanja<\/strong><\/p>\n<div class=\"wp-block-image\">\n<p><a href=\"https:\/\/www.hkv.hr\/razgovori\/45794-dr-sc-sasa-mrduljas-nije-realno-ocekivati-da-ce-ovdasnji-medunacionalni-sporovi-nestati-ulaskom-preostalih-drzava-jugoistoka-europe-u-eu.html\"><img decoding=\"async\" loading=\"lazy\" class=\"alignnone wp-image-34867 size-full\" src=\"https:\/\/www.vegaintro-projekti.com\/pilar-stari\/wp-content\/uploads\/2025\/07\/HKV.jpg\" alt=\"i1\" width=\"620\" height=\"100\" srcset=\"https:\/\/www.vegaintro-projekti.com\/pilar-stari\/wp-content\/uploads\/2025\/07\/HKV.jpg 620w, https:\/\/www.vegaintro-projekti.com\/pilar-stari\/wp-content\/uploads\/2025\/07\/HKV-300x48.jpg 300w\" sizes=\"(max-width: 620px) 100vw, 620px\" \/><img decoding=\"async\" loading=\"lazy\" class=\"alignnone wp-image-34869 size-full\" src=\"https:\/\/www.vegaintro-projekti.com\/pilar-stari\/wp-content\/uploads\/2025\/07\/IMGs.jpg\" alt=\"i2\" width=\"620\" height=\"386\" srcset=\"https:\/\/www.vegaintro-projekti.com\/pilar-stari\/wp-content\/uploads\/2025\/07\/IMGs.jpg 620w, https:\/\/www.vegaintro-projekti.com\/pilar-stari\/wp-content\/uploads\/2025\/07\/IMGs-300x187.jpg 300w\" sizes=\"(max-width: 620px) 100vw, 620px\" \/><\/a><\/p>\n<\/div>\n<p><strong>&#8211; Portal HKV-a:<\/strong> <a href=\"https:\/\/www.hkv.hr\/razgovori\/45794-dr-sc-sasa-mrduljas-nije-realno-ocekivati-da-ce-ovdasnji-medunacionalni-sporovi-nestati-ulaskom-preostalih-drzava-jugoistoka-europe-u-eu.html\">Nije realno o\u010dekivati da \u0107e ovda\u0161nji me\u0111unacionalni sporovi nestati ulaskom preostalih dr\u017eava jugoistoka Europe u EU, 18. 6. 2025.<\/a><\/p>\n<p><em>U najnovijem broju znanstvenoga \u010dasopisa \u201eMigracijske i etni\u010dke teme\u201c zagreba\u010dkoga Instituta za migracije i narodnosti Sa\u0161a Mrdulja\u0161, znanstveni savjetnik Instituta dru\u0161tvenih znanosti \u201eIvo Pilar\u201c, objavio je \u010dlanak \u201eIzvori\u0161te konfliktne dimenzije hrvatsko-srpskih odnosa\u201c, u sklopu projekta \u201eHrvatski nacionalni identitet: nastanak i osporavanja\u201c, koji financira Europska unija. O naglascima \u010dlanka razgovarali smo s autorom i voditeljem projekta dr. sc. Sa\u0161om Mrdulja\u0161em&#8230;<\/em><\/p>\n<blockquote><p><a href=\"https:\/\/www.vegaintro-projekti.com\/pilar-stari\/2024\/04\/projekt-croident-hrvatski-nacionalni-identitet-nastanak-i-osporavanja\/\">Projekt CROIDENT<\/a><\/p>\n<p><a href=\"https:\/\/www.vegaintro-projekti.com\/pilar-stari\/2010\/07\/podruni-centar-split-2\/\">Podru\u010dni centar Split<\/a><\/p><\/blockquote>\n","protected":false},"excerpt":{"rendered":"<p>Pod naslovom \u201eKonfliktne dimenzije hrvatsko-srpskih odnosa &#8216;sazrijevaju&#8217; u drugoj polovici 19. stolje\u0107a u kontekstu pitanja o pripadnosti Srijema i BiH, a op\u0107e zna\u010denje stje\u010du nastankom Dr\u017eave SHS tj. Jugoslavije&#8221; i nadnaslovom &#8220;Dr. sc. Sa\u0161a Mrdulja\u0161: Nije realno o\u010dekivati da \u0107e ovda\u0161nji me\u0111unacionalni sporovi nestati ulaskom preostalih dr\u017eava jugoistoka Europe u EU&#8221; Portal Hrvatskoga kulturnog vije\u0107a&hellip; <a class=\"continue\" href=\"https:\/\/www.vegaintro-projekti.com\/pilar-stari\/2025\/06\/dr-sc-sasa-mrduljas-nije-realno-ocekivati-da-ce-ovdasnji-medunacionalni-sporovi-nestati-ulaskom-preostalih-drzava-jugoistoka-europe-u-eu-18-6-2025\/\">Pro\u010ditaj vi\u0161e o<span> Dr. sc. Sa\u0161a Mrdulja\u0161: Nije realno o\u010dekivati da \u0107e ovda\u0161nji me\u0111unacionalni sporovi nestati ulaskom preostalih dr\u017eava jugoistoka Europe u EU<\/span><\/a><\/p>\n","protected":false},"author":7,"featured_media":34868,"comment_status":"closed","ping_status":"closed","sticky":false,"template":"","format":"standard","meta":{"inline_featured_image":false,"ngg_post_thumbnail":0,"footnotes":""},"categories":[48,12],"tags":[],"yoast_head":"<!-- This site is optimized with the Yoast SEO plugin v21.2 - https:\/\/yoast.com\/wordpress\/plugins\/seo\/ -->\n<title>Dr. sc. Sa\u0161a Mrdulja\u0161: Nije realno o\u010dekivati da \u0107e ovda\u0161nji me\u0111unacionalni sporovi nestati ulaskom preostalih dr\u017eava jugoistoka Europe u EU - Institut dru&scaron;tvenih znanosti Ivo Pilar<\/title>\n<meta name=\"robots\" content=\"noindex, follow, max-snippet:-1, max-image-preview:large, max-video-preview:-1\" \/>\n<meta property=\"og:locale\" content=\"hr_HR\" \/>\n<meta property=\"og:type\" content=\"article\" \/>\n<meta property=\"og:title\" content=\"Dr. sc. Sa\u0161a Mrdulja\u0161: Nije realno o\u010dekivati da \u0107e ovda\u0161nji me\u0111unacionalni sporovi nestati ulaskom preostalih dr\u017eava jugoistoka Europe u EU - Institut dru&scaron;tvenih znanosti Ivo Pilar\" \/>\n<meta property=\"og:description\" content=\"Pod naslovom \u201eKonfliktne dimenzije hrvatsko-srpskih odnosa &#8216;sazrijevaju&#8217; u drugoj polovici 19. stolje\u0107a u kontekstu pitanja o pripadnosti Srijema i BiH, a op\u0107e zna\u010denje stje\u010du nastankom Dr\u017eave SHS tj. Jugoslavije&#8221; i nadnaslovom &#8220;Dr. sc. Sa\u0161a Mrdulja\u0161: Nije realno o\u010dekivati da \u0107e ovda\u0161nji me\u0111unacionalni sporovi nestati ulaskom preostalih dr\u017eava jugoistoka Europe u EU&#8221; Portal Hrvatskoga kulturnog vije\u0107a&hellip; Pro\u010ditaj vi\u0161e o Dr. sc. Sa\u0161a Mrdulja\u0161: Nije realno o\u010dekivati da \u0107e ovda\u0161nji me\u0111unacionalni sporovi nestati ulaskom preostalih dr\u017eava jugoistoka Europe u EU\" \/>\n<meta property=\"og:url\" content=\"https:\/\/www.vegaintro-projekti.com\/pilar-stari\/2025\/06\/dr-sc-sasa-mrduljas-nije-realno-ocekivati-da-ce-ovdasnji-medunacionalni-sporovi-nestati-ulaskom-preostalih-drzava-jugoistoka-europe-u-eu-18-6-2025\/\" \/>\n<meta property=\"og:site_name\" content=\"Institut dru&scaron;tvenih znanosti Ivo Pilar\" \/>\n<meta property=\"article:published_time\" content=\"2025-06-25T09:15:01+00:00\" \/>\n<meta property=\"article:modified_time\" content=\"2025-07-01T09:28:16+00:00\" \/>\n<meta property=\"og:image\" content=\"https:\/\/www.vegaintro-projekti.com\/pilar-stari\/wp-content\/uploads\/2025\/07\/IMGfi.jpg\" \/>\n\t<meta property=\"og:image:width\" content=\"328\" \/>\n\t<meta property=\"og:image:height\" content=\"218\" \/>\n\t<meta property=\"og:image:type\" content=\"image\/jpeg\" \/>\n<meta name=\"author\" content=\"Boris\" \/>\n<meta name=\"twitter:card\" content=\"summary_large_image\" \/>\n<meta name=\"twitter:label1\" content=\"Napisao\/la\" \/>\n\t<meta name=\"twitter:data1\" content=\"Boris\" \/>\n\t<meta name=\"twitter:label2\" content=\"Procijenjeno vrijeme \u010ditanja\" \/>\n\t<meta name=\"twitter:data2\" content=\"2 minute\" \/>\n<script type=\"application\/ld+json\" class=\"yoast-schema-graph\">{\"@context\":\"https:\/\/schema.org\",\"@graph\":[{\"@type\":\"WebPage\",\"@id\":\"https:\/\/www.vegaintro-projekti.com\/pilar-stari\/2025\/06\/dr-sc-sasa-mrduljas-nije-realno-ocekivati-da-ce-ovdasnji-medunacionalni-sporovi-nestati-ulaskom-preostalih-drzava-jugoistoka-europe-u-eu-18-6-2025\/\",\"url\":\"https:\/\/www.vegaintro-projekti.com\/pilar-stari\/2025\/06\/dr-sc-sasa-mrduljas-nije-realno-ocekivati-da-ce-ovdasnji-medunacionalni-sporovi-nestati-ulaskom-preostalih-drzava-jugoistoka-europe-u-eu-18-6-2025\/\",\"name\":\"Dr. sc. Sa\u0161a Mrdulja\u0161: Nije realno o\u010dekivati da \u0107e ovda\u0161nji me\u0111unacionalni sporovi nestati ulaskom preostalih dr\u017eava jugoistoka Europe u EU - Institut dru&scaron;tvenih znanosti Ivo Pilar\",\"isPartOf\":{\"@id\":\"https:\/\/www.vegaintro-projekti.com\/pilar-stari\/#website\"},\"datePublished\":\"2025-06-25T09:15:01+00:00\",\"dateModified\":\"2025-07-01T09:28:16+00:00\",\"author\":{\"@id\":\"https:\/\/www.vegaintro-projekti.com\/pilar-stari\/#\/schema\/person\/ddd404c9f1e15e4ffef5986ac6a5d28b\"},\"breadcrumb\":{\"@id\":\"https:\/\/www.vegaintro-projekti.com\/pilar-stari\/2025\/06\/dr-sc-sasa-mrduljas-nije-realno-ocekivati-da-ce-ovdasnji-medunacionalni-sporovi-nestati-ulaskom-preostalih-drzava-jugoistoka-europe-u-eu-18-6-2025\/#breadcrumb\"},\"inLanguage\":\"hr\",\"potentialAction\":[{\"@type\":\"ReadAction\",\"target\":[\"https:\/\/www.vegaintro-projekti.com\/pilar-stari\/2025\/06\/dr-sc-sasa-mrduljas-nije-realno-ocekivati-da-ce-ovdasnji-medunacionalni-sporovi-nestati-ulaskom-preostalih-drzava-jugoistoka-europe-u-eu-18-6-2025\/\"]}]},{\"@type\":\"BreadcrumbList\",\"@id\":\"https:\/\/www.vegaintro-projekti.com\/pilar-stari\/2025\/06\/dr-sc-sasa-mrduljas-nije-realno-ocekivati-da-ce-ovdasnji-medunacionalni-sporovi-nestati-ulaskom-preostalih-drzava-jugoistoka-europe-u-eu-18-6-2025\/#breadcrumb\",\"itemListElement\":[{\"@type\":\"ListItem\",\"position\":1,\"name\":\"Home\",\"item\":\"https:\/\/www.vegaintro-projekti.com\/pilar-stari\/\"},{\"@type\":\"ListItem\",\"position\":2,\"name\":\"Dr. sc. Sa\u0161a Mrdulja\u0161: Nije realno o\u010dekivati da \u0107e ovda\u0161nji me\u0111unacionalni sporovi nestati ulaskom preostalih dr\u017eava jugoistoka Europe u EU\"}]},{\"@type\":\"WebSite\",\"@id\":\"https:\/\/www.vegaintro-projekti.com\/pilar-stari\/#website\",\"url\":\"https:\/\/www.vegaintro-projekti.com\/pilar-stari\/\",\"name\":\"Institut dru&scaron;tvenih znanosti Ivo Pilar\",\"description\":\"Pilar\",\"potentialAction\":[{\"@type\":\"SearchAction\",\"target\":{\"@type\":\"EntryPoint\",\"urlTemplate\":\"https:\/\/www.vegaintro-projekti.com\/pilar-stari\/?s={search_term_string}\"},\"query-input\":\"required name=search_term_string\"}],\"inLanguage\":\"hr\"},{\"@type\":\"Person\",\"@id\":\"https:\/\/www.vegaintro-projekti.com\/pilar-stari\/#\/schema\/person\/ddd404c9f1e15e4ffef5986ac6a5d28b\",\"name\":\"Boris\",\"image\":{\"@type\":\"ImageObject\",\"inLanguage\":\"hr\",\"@id\":\"https:\/\/www.vegaintro-projekti.com\/pilar-stari\/#\/schema\/person\/image\/\",\"url\":\"https:\/\/secure.gravatar.com\/avatar\/29557b161a6ce6ab86ac1503164f1e90?s=96&d=mm&r=g\",\"contentUrl\":\"https:\/\/secure.gravatar.com\/avatar\/29557b161a6ce6ab86ac1503164f1e90?s=96&d=mm&r=g\",\"caption\":\"Boris\"},\"url\":\"https:\/\/www.vegaintro-projekti.com\/pilar-stari\/author\/boris\/\"}]}<\/script>\n<!-- \/ Yoast SEO plugin. -->","yoast_head_json":{"title":"Dr. sc. Sa\u0161a Mrdulja\u0161: Nije realno o\u010dekivati da \u0107e ovda\u0161nji me\u0111unacionalni sporovi nestati ulaskom preostalih dr\u017eava jugoistoka Europe u EU - Institut dru&scaron;tvenih znanosti Ivo Pilar","robots":{"index":"noindex","follow":"follow","max-snippet":"max-snippet:-1","max-image-preview":"max-image-preview:large","max-video-preview":"max-video-preview:-1"},"og_locale":"hr_HR","og_type":"article","og_title":"Dr. sc. Sa\u0161a Mrdulja\u0161: Nije realno o\u010dekivati da \u0107e ovda\u0161nji me\u0111unacionalni sporovi nestati ulaskom preostalih dr\u017eava jugoistoka Europe u EU - Institut dru&scaron;tvenih znanosti Ivo Pilar","og_description":"Pod naslovom \u201eKonfliktne dimenzije hrvatsko-srpskih odnosa &#8216;sazrijevaju&#8217; u drugoj polovici 19. stolje\u0107a u kontekstu pitanja o pripadnosti Srijema i BiH, a op\u0107e zna\u010denje stje\u010du nastankom Dr\u017eave SHS tj. Jugoslavije&#8221; i nadnaslovom &#8220;Dr. sc. Sa\u0161a Mrdulja\u0161: Nije realno o\u010dekivati da \u0107e ovda\u0161nji me\u0111unacionalni sporovi nestati ulaskom preostalih dr\u017eava jugoistoka Europe u EU&#8221; Portal Hrvatskoga kulturnog vije\u0107a&hellip; Pro\u010ditaj vi\u0161e o Dr. sc. Sa\u0161a Mrdulja\u0161: Nije realno o\u010dekivati da \u0107e ovda\u0161nji me\u0111unacionalni sporovi nestati ulaskom preostalih dr\u017eava jugoistoka Europe u EU","og_url":"https:\/\/www.vegaintro-projekti.com\/pilar-stari\/2025\/06\/dr-sc-sasa-mrduljas-nije-realno-ocekivati-da-ce-ovdasnji-medunacionalni-sporovi-nestati-ulaskom-preostalih-drzava-jugoistoka-europe-u-eu-18-6-2025\/","og_site_name":"Institut dru&scaron;tvenih znanosti Ivo Pilar","article_published_time":"2025-06-25T09:15:01+00:00","article_modified_time":"2025-07-01T09:28:16+00:00","og_image":[{"width":328,"height":218,"url":"https:\/\/www.vegaintro-projekti.com\/pilar-stari\/wp-content\/uploads\/2025\/07\/IMGfi.jpg","type":"image\/jpeg"}],"author":"Boris","twitter_card":"summary_large_image","twitter_misc":{"Napisao\/la":"Boris","Procijenjeno vrijeme \u010ditanja":"2 minute"},"schema":{"@context":"https:\/\/schema.org","@graph":[{"@type":"WebPage","@id":"https:\/\/www.vegaintro-projekti.com\/pilar-stari\/2025\/06\/dr-sc-sasa-mrduljas-nije-realno-ocekivati-da-ce-ovdasnji-medunacionalni-sporovi-nestati-ulaskom-preostalih-drzava-jugoistoka-europe-u-eu-18-6-2025\/","url":"https:\/\/www.vegaintro-projekti.com\/pilar-stari\/2025\/06\/dr-sc-sasa-mrduljas-nije-realno-ocekivati-da-ce-ovdasnji-medunacionalni-sporovi-nestati-ulaskom-preostalih-drzava-jugoistoka-europe-u-eu-18-6-2025\/","name":"Dr. sc. Sa\u0161a Mrdulja\u0161: Nije realno o\u010dekivati da \u0107e ovda\u0161nji me\u0111unacionalni sporovi nestati ulaskom preostalih dr\u017eava jugoistoka Europe u EU - Institut dru&scaron;tvenih znanosti Ivo Pilar","isPartOf":{"@id":"https:\/\/www.vegaintro-projekti.com\/pilar-stari\/#website"},"datePublished":"2025-06-25T09:15:01+00:00","dateModified":"2025-07-01T09:28:16+00:00","author":{"@id":"https:\/\/www.vegaintro-projekti.com\/pilar-stari\/#\/schema\/person\/ddd404c9f1e15e4ffef5986ac6a5d28b"},"breadcrumb":{"@id":"https:\/\/www.vegaintro-projekti.com\/pilar-stari\/2025\/06\/dr-sc-sasa-mrduljas-nije-realno-ocekivati-da-ce-ovdasnji-medunacionalni-sporovi-nestati-ulaskom-preostalih-drzava-jugoistoka-europe-u-eu-18-6-2025\/#breadcrumb"},"inLanguage":"hr","potentialAction":[{"@type":"ReadAction","target":["https:\/\/www.vegaintro-projekti.com\/pilar-stari\/2025\/06\/dr-sc-sasa-mrduljas-nije-realno-ocekivati-da-ce-ovdasnji-medunacionalni-sporovi-nestati-ulaskom-preostalih-drzava-jugoistoka-europe-u-eu-18-6-2025\/"]}]},{"@type":"BreadcrumbList","@id":"https:\/\/www.vegaintro-projekti.com\/pilar-stari\/2025\/06\/dr-sc-sasa-mrduljas-nije-realno-ocekivati-da-ce-ovdasnji-medunacionalni-sporovi-nestati-ulaskom-preostalih-drzava-jugoistoka-europe-u-eu-18-6-2025\/#breadcrumb","itemListElement":[{"@type":"ListItem","position":1,"name":"Home","item":"https:\/\/www.vegaintro-projekti.com\/pilar-stari\/"},{"@type":"ListItem","position":2,"name":"Dr. sc. Sa\u0161a Mrdulja\u0161: Nije realno o\u010dekivati da \u0107e ovda\u0161nji me\u0111unacionalni sporovi nestati ulaskom preostalih dr\u017eava jugoistoka Europe u EU"}]},{"@type":"WebSite","@id":"https:\/\/www.vegaintro-projekti.com\/pilar-stari\/#website","url":"https:\/\/www.vegaintro-projekti.com\/pilar-stari\/","name":"Institut dru&scaron;tvenih znanosti Ivo Pilar","description":"Pilar","potentialAction":[{"@type":"SearchAction","target":{"@type":"EntryPoint","urlTemplate":"https:\/\/www.vegaintro-projekti.com\/pilar-stari\/?s={search_term_string}"},"query-input":"required name=search_term_string"}],"inLanguage":"hr"},{"@type":"Person","@id":"https:\/\/www.vegaintro-projekti.com\/pilar-stari\/#\/schema\/person\/ddd404c9f1e15e4ffef5986ac6a5d28b","name":"Boris","image":{"@type":"ImageObject","inLanguage":"hr","@id":"https:\/\/www.vegaintro-projekti.com\/pilar-stari\/#\/schema\/person\/image\/","url":"https:\/\/secure.gravatar.com\/avatar\/29557b161a6ce6ab86ac1503164f1e90?s=96&d=mm&r=g","contentUrl":"https:\/\/secure.gravatar.com\/avatar\/29557b161a6ce6ab86ac1503164f1e90?s=96&d=mm&r=g","caption":"Boris"},"url":"https:\/\/www.vegaintro-projekti.com\/pilar-stari\/author\/boris\/"}]}},"_links":{"self":[{"href":"https:\/\/www.vegaintro-projekti.com\/pilar-stari\/wp-json\/wp\/v2\/posts\/34870"}],"collection":[{"href":"https:\/\/www.vegaintro-projekti.com\/pilar-stari\/wp-json\/wp\/v2\/posts"}],"about":[{"href":"https:\/\/www.vegaintro-projekti.com\/pilar-stari\/wp-json\/wp\/v2\/types\/post"}],"author":[{"embeddable":true,"href":"https:\/\/www.vegaintro-projekti.com\/pilar-stari\/wp-json\/wp\/v2\/users\/7"}],"replies":[{"embeddable":true,"href":"https:\/\/www.vegaintro-projekti.com\/pilar-stari\/wp-json\/wp\/v2\/comments?post=34870"}],"version-history":[{"count":4,"href":"https:\/\/www.vegaintro-projekti.com\/pilar-stari\/wp-json\/wp\/v2\/posts\/34870\/revisions"}],"predecessor-version":[{"id":34877,"href":"https:\/\/www.vegaintro-projekti.com\/pilar-stari\/wp-json\/wp\/v2\/posts\/34870\/revisions\/34877"}],"wp:featuredmedia":[{"embeddable":true,"href":"https:\/\/www.vegaintro-projekti.com\/pilar-stari\/wp-json\/wp\/v2\/media\/34868"}],"wp:attachment":[{"href":"https:\/\/www.vegaintro-projekti.com\/pilar-stari\/wp-json\/wp\/v2\/media?parent=34870"}],"wp:term":[{"taxonomy":"category","embeddable":true,"href":"https:\/\/www.vegaintro-projekti.com\/pilar-stari\/wp-json\/wp\/v2\/categories?post=34870"},{"taxonomy":"post_tag","embeddable":true,"href":"https:\/\/www.vegaintro-projekti.com\/pilar-stari\/wp-json\/wp\/v2\/tags?post=34870"}],"curies":[{"name":"wp","href":"https:\/\/api.w.org\/{rel}","templated":true}]}}