{"id":350,"date":"2011-02-25T15:37:28","date_gmt":"2011-02-25T15:37:28","guid":{"rendered":"https:\/\/www.vegaintro-projekti.com\/pilar-stari\/2011\/02\/25\/razgovor-s-dr-sc-stipanom-trogrliem-o-podrunom-centru-pula\/"},"modified":"2017-12-07T13:30:30","modified_gmt":"2017-12-07T13:30:30","slug":"razgovor-s-dr-sc-stipanom-trogrliem-o-podrunom-centru-pula","status":"publish","type":"post","link":"https:\/\/www.vegaintro-projekti.com\/pilar-stari\/2011\/02\/razgovor-s-dr-sc-stipanom-trogrliem-o-podrunom-centru-pula\/","title":{"rendered":"Razgovor s dr. sc. Stipanom Trogrli\u0107em o Podru\u010dnom centru Pula"},"content":{"rendered":"<p><strong>Portal <\/strong><a href=\"http:\/\/www.orbus.be\/\"><strong>Orbus.be &#8211; Glas dijaspore u Belgiji<\/strong><\/a><strong> objavio je intervju Bedrudina Gu\u0161i\u0107a s dr. sc. Stipanom Trogrli\u0107em, voditeljem Podru\u010dnog centra Pula Instituta dru\u0161tvenih znanosti Ivo Pilar pod naslovom \u201eMislim da nitko od suvremenih hrvatskih povjesni\u010dara ne dovodi u pitanje moralni integritet kardinala Stepinca i \u010dinjenicu da je osu\u0111en na montiranom sudskom procesu\u201c<\/strong><\/p>\n<p><img decoding=\"async\" loading=\"lazy\" height=\"328\" width=\"640\" src=\"https:\/\/www.vegaintro-projekti.com\/pilar-stari\/wp-content\/images\/stories\/fotografije\/tisak\/trogrlic_intervju.jpg\" alt=\"trogrlic_intervju\" \/><\/p>\n<p> <span style=\"font-size: 12pt;\"><br \/>U Podru\u010dnom centru Pula rade 3 znanstvenika i 1 stru\u010dni suradnik u znanosti. Sva tri znanstvenika rade na projektima Ministarstva znanosti, obrazovanja i \u0161porta. Istom Ministarstvu predlo\u017een je znanstveni projekt Bo\u017eo Milanovi\u0107 &#8211; sve\u0107enik, politi\u010dar i nacionalni vizionar. Bez obzira na recesiju, nadamo se prihva\u0107anju projekta. U tijeku je i istra\u017eivanje Jugoslavenski komunisti\u010dki re\u017eim i vjerske slobode u Istri (1945.-1990.)<\/span> <\/p>\n<p>U razgovoru dr. sc. Stipan Trogrli\u0107 predstavlja djelatnost Podru\u010dnog centra Pula, govori o istra\u017eivanjima novije istarske povijesti, ulozi Katoli\u010dke crkve u nacionalno-politi\u010dkim i dru\u0161tvenim zbivanjima na Istarskom poluotoku, aktualnim skupovima u organizaciji Podru\u010dnog centra Pula\u2026<\/p>\n<p>&#8211; Dr. sc. Stipan Trogrli\u0107 \u2013 Intervju, Orbus.be, 17. velja\u010de 2011.<\/p>\n","protected":false},"excerpt":{"rendered":"<p>Portal Orbus.be &#8211; Glas dijaspore u Belgiji objavio je intervju Bedrudina Gu\u0161i\u0107a s dr. sc. Stipanom Trogrli\u0107em, voditeljem Podru\u010dnog centra Pula Instituta dru\u0161tvenih znanosti Ivo Pilar pod naslovom \u201eMislim da nitko od suvremenih hrvatskih povjesni\u010dara ne dovodi u pitanje moralni integritet kardinala Stepinca i \u010dinjenicu da je osu\u0111en na montiranom sudskom procesu\u201c U Podru\u010dnom centru&hellip; <a class=\"continue\" href=\"https:\/\/www.vegaintro-projekti.com\/pilar-stari\/2011\/02\/razgovor-s-dr-sc-stipanom-trogrliem-o-podrunom-centru-pula\/\">Pro\u010ditaj vi\u0161e o<span> Razgovor s dr. sc. Stipanom Trogrli\u0107em o Podru\u010dnom centru Pula<\/span><\/a><\/p>\n","protected":false},"author":1,"featured_media":0,"comment_status":"open","ping_status":"open","sticky":false,"template":"","format":"standard","meta":{"inline_featured_image":false,"ngg_post_thumbnail":0,"footnotes":""},"categories":[12],"tags":[],"yoast_head":"<!-- This site is optimized with the Yoast SEO plugin v21.2 - https:\/\/yoast.com\/wordpress\/plugins\/seo\/ -->\n<title>Razgovor s dr. sc. Stipanom Trogrli\u0107em o Podru\u010dnom centru Pula - Institut dru&scaron;tvenih znanosti Ivo Pilar<\/title>\n<meta name=\"robots\" content=\"noindex, follow, max-snippet:-1, max-image-preview:large, max-video-preview:-1\" \/>\n<meta property=\"og:locale\" content=\"hr_HR\" \/>\n<meta property=\"og:type\" content=\"article\" \/>\n<meta property=\"og:title\" content=\"Razgovor s dr. sc. Stipanom Trogrli\u0107em o Podru\u010dnom centru Pula - Institut dru&scaron;tvenih znanosti Ivo Pilar\" \/>\n<meta property=\"og:description\" content=\"Portal Orbus.be &#8211; Glas dijaspore u Belgiji objavio je intervju Bedrudina Gu\u0161i\u0107a s dr. sc. Stipanom Trogrli\u0107em, voditeljem Podru\u010dnog centra Pula Instituta dru\u0161tvenih znanosti Ivo Pilar pod naslovom \u201eMislim da nitko od suvremenih hrvatskih povjesni\u010dara ne dovodi u pitanje moralni integritet kardinala Stepinca i \u010dinjenicu da je osu\u0111en na montiranom sudskom procesu\u201c U Podru\u010dnom centru&hellip; Pro\u010ditaj vi\u0161e o Razgovor s dr. sc. Stipanom Trogrli\u0107em o Podru\u010dnom centru Pula\" \/>\n<meta property=\"og:url\" content=\"https:\/\/www.vegaintro-projekti.com\/pilar-stari\/2011\/02\/razgovor-s-dr-sc-stipanom-trogrliem-o-podrunom-centru-pula\/\" \/>\n<meta property=\"og:site_name\" content=\"Institut dru&scaron;tvenih znanosti Ivo Pilar\" \/>\n<meta property=\"article:published_time\" content=\"2011-02-25T15:37:28+00:00\" \/>\n<meta property=\"article:modified_time\" content=\"2017-12-07T13:30:30+00:00\" \/>\n<meta property=\"og:image\" content=\"https:\/\/www.vegaintro-projekti.com\/pilar-stari\/wp-content\/images\/stories\/fotografije\/tisak\/trogrlic_intervju.jpg\" \/>\n<meta name=\"author\" content=\"pilar-admin\" \/>\n<meta name=\"twitter:card\" content=\"summary_large_image\" \/>\n<meta name=\"twitter:label1\" content=\"Napisao\/la\" \/>\n\t<meta name=\"twitter:data1\" content=\"pilar-admin\" \/>\n\t<meta name=\"twitter:label2\" content=\"Procijenjeno vrijeme \u010ditanja\" \/>\n\t<meta name=\"twitter:data2\" content=\"1 minuta\" \/>\n<script type=\"application\/ld+json\" class=\"yoast-schema-graph\">{\"@context\":\"https:\/\/schema.org\",\"@graph\":[{\"@type\":\"WebPage\",\"@id\":\"https:\/\/www.vegaintro-projekti.com\/pilar-stari\/2011\/02\/razgovor-s-dr-sc-stipanom-trogrliem-o-podrunom-centru-pula\/\",\"url\":\"https:\/\/www.vegaintro-projekti.com\/pilar-stari\/2011\/02\/razgovor-s-dr-sc-stipanom-trogrliem-o-podrunom-centru-pula\/\",\"name\":\"Razgovor s dr. sc. Stipanom Trogrli\u0107em o Podru\u010dnom centru Pula - Institut dru&scaron;tvenih znanosti Ivo Pilar\",\"isPartOf\":{\"@id\":\"https:\/\/www.vegaintro-projekti.com\/pilar-stari\/#website\"},\"datePublished\":\"2011-02-25T15:37:28+00:00\",\"dateModified\":\"2017-12-07T13:30:30+00:00\",\"author\":{\"@id\":\"https:\/\/www.vegaintro-projekti.com\/pilar-stari\/#\/schema\/person\/c0db50ebd77c4409e19b18044bbf10c1\"},\"breadcrumb\":{\"@id\":\"https:\/\/www.vegaintro-projekti.com\/pilar-stari\/2011\/02\/razgovor-s-dr-sc-stipanom-trogrliem-o-podrunom-centru-pula\/#breadcrumb\"},\"inLanguage\":\"hr\",\"potentialAction\":[{\"@type\":\"ReadAction\",\"target\":[\"https:\/\/www.vegaintro-projekti.com\/pilar-stari\/2011\/02\/razgovor-s-dr-sc-stipanom-trogrliem-o-podrunom-centru-pula\/\"]}]},{\"@type\":\"BreadcrumbList\",\"@id\":\"https:\/\/www.vegaintro-projekti.com\/pilar-stari\/2011\/02\/razgovor-s-dr-sc-stipanom-trogrliem-o-podrunom-centru-pula\/#breadcrumb\",\"itemListElement\":[{\"@type\":\"ListItem\",\"position\":1,\"name\":\"Home\",\"item\":\"https:\/\/www.vegaintro-projekti.com\/pilar-stari\/\"},{\"@type\":\"ListItem\",\"position\":2,\"name\":\"Razgovor s dr. sc. Stipanom Trogrli\u0107em o Podru\u010dnom centru Pula\"}]},{\"@type\":\"WebSite\",\"@id\":\"https:\/\/www.vegaintro-projekti.com\/pilar-stari\/#website\",\"url\":\"https:\/\/www.vegaintro-projekti.com\/pilar-stari\/\",\"name\":\"Institut dru&scaron;tvenih znanosti Ivo Pilar\",\"description\":\"Pilar\",\"potentialAction\":[{\"@type\":\"SearchAction\",\"target\":{\"@type\":\"EntryPoint\",\"urlTemplate\":\"https:\/\/www.vegaintro-projekti.com\/pilar-stari\/?s={search_term_string}\"},\"query-input\":\"required name=search_term_string\"}],\"inLanguage\":\"hr\"},{\"@type\":\"Person\",\"@id\":\"https:\/\/www.vegaintro-projekti.com\/pilar-stari\/#\/schema\/person\/c0db50ebd77c4409e19b18044bbf10c1\",\"name\":\"pilar-admin\",\"image\":{\"@type\":\"ImageObject\",\"inLanguage\":\"hr\",\"@id\":\"https:\/\/www.vegaintro-projekti.com\/pilar-stari\/#\/schema\/person\/image\/\",\"url\":\"https:\/\/secure.gravatar.com\/avatar\/fac9e03c4db0011b9c1ad8b5e9c74b8c?s=96&d=mm&r=g\",\"contentUrl\":\"https:\/\/secure.gravatar.com\/avatar\/fac9e03c4db0011b9c1ad8b5e9c74b8c?s=96&d=mm&r=g\",\"caption\":\"pilar-admin\"},\"url\":\"https:\/\/www.vegaintro-projekti.com\/pilar-stari\/author\/pilar-admin\/\"}]}<\/script>\n<!-- \/ Yoast SEO plugin. -->","yoast_head_json":{"title":"Razgovor s dr. sc. Stipanom Trogrli\u0107em o Podru\u010dnom centru Pula - Institut dru&scaron;tvenih znanosti Ivo Pilar","robots":{"index":"noindex","follow":"follow","max-snippet":"max-snippet:-1","max-image-preview":"max-image-preview:large","max-video-preview":"max-video-preview:-1"},"og_locale":"hr_HR","og_type":"article","og_title":"Razgovor s dr. sc. Stipanom Trogrli\u0107em o Podru\u010dnom centru Pula - Institut dru&scaron;tvenih znanosti Ivo Pilar","og_description":"Portal Orbus.be &#8211; Glas dijaspore u Belgiji objavio je intervju Bedrudina Gu\u0161i\u0107a s dr. sc. Stipanom Trogrli\u0107em, voditeljem Podru\u010dnog centra Pula Instituta dru\u0161tvenih znanosti Ivo Pilar pod naslovom \u201eMislim da nitko od suvremenih hrvatskih povjesni\u010dara ne dovodi u pitanje moralni integritet kardinala Stepinca i \u010dinjenicu da je osu\u0111en na montiranom sudskom procesu\u201c U Podru\u010dnom centru&hellip; Pro\u010ditaj vi\u0161e o Razgovor s dr. sc. Stipanom Trogrli\u0107em o Podru\u010dnom centru Pula","og_url":"https:\/\/www.vegaintro-projekti.com\/pilar-stari\/2011\/02\/razgovor-s-dr-sc-stipanom-trogrliem-o-podrunom-centru-pula\/","og_site_name":"Institut dru&scaron;tvenih znanosti Ivo Pilar","article_published_time":"2011-02-25T15:37:28+00:00","article_modified_time":"2017-12-07T13:30:30+00:00","og_image":[{"url":"https:\/\/www.vegaintro-projekti.com\/pilar-stari\/wp-content\/images\/stories\/fotografije\/tisak\/trogrlic_intervju.jpg"}],"author":"pilar-admin","twitter_card":"summary_large_image","twitter_misc":{"Napisao\/la":"pilar-admin","Procijenjeno vrijeme \u010ditanja":"1 minuta"},"schema":{"@context":"https:\/\/schema.org","@graph":[{"@type":"WebPage","@id":"https:\/\/www.vegaintro-projekti.com\/pilar-stari\/2011\/02\/razgovor-s-dr-sc-stipanom-trogrliem-o-podrunom-centru-pula\/","url":"https:\/\/www.vegaintro-projekti.com\/pilar-stari\/2011\/02\/razgovor-s-dr-sc-stipanom-trogrliem-o-podrunom-centru-pula\/","name":"Razgovor s dr. sc. Stipanom Trogrli\u0107em o Podru\u010dnom centru Pula - Institut dru&scaron;tvenih znanosti Ivo Pilar","isPartOf":{"@id":"https:\/\/www.vegaintro-projekti.com\/pilar-stari\/#website"},"datePublished":"2011-02-25T15:37:28+00:00","dateModified":"2017-12-07T13:30:30+00:00","author":{"@id":"https:\/\/www.vegaintro-projekti.com\/pilar-stari\/#\/schema\/person\/c0db50ebd77c4409e19b18044bbf10c1"},"breadcrumb":{"@id":"https:\/\/www.vegaintro-projekti.com\/pilar-stari\/2011\/02\/razgovor-s-dr-sc-stipanom-trogrliem-o-podrunom-centru-pula\/#breadcrumb"},"inLanguage":"hr","potentialAction":[{"@type":"ReadAction","target":["https:\/\/www.vegaintro-projekti.com\/pilar-stari\/2011\/02\/razgovor-s-dr-sc-stipanom-trogrliem-o-podrunom-centru-pula\/"]}]},{"@type":"BreadcrumbList","@id":"https:\/\/www.vegaintro-projekti.com\/pilar-stari\/2011\/02\/razgovor-s-dr-sc-stipanom-trogrliem-o-podrunom-centru-pula\/#breadcrumb","itemListElement":[{"@type":"ListItem","position":1,"name":"Home","item":"https:\/\/www.vegaintro-projekti.com\/pilar-stari\/"},{"@type":"ListItem","position":2,"name":"Razgovor s dr. sc. Stipanom Trogrli\u0107em o Podru\u010dnom centru Pula"}]},{"@type":"WebSite","@id":"https:\/\/www.vegaintro-projekti.com\/pilar-stari\/#website","url":"https:\/\/www.vegaintro-projekti.com\/pilar-stari\/","name":"Institut dru&scaron;tvenih znanosti Ivo Pilar","description":"Pilar","potentialAction":[{"@type":"SearchAction","target":{"@type":"EntryPoint","urlTemplate":"https:\/\/www.vegaintro-projekti.com\/pilar-stari\/?s={search_term_string}"},"query-input":"required name=search_term_string"}],"inLanguage":"hr"},{"@type":"Person","@id":"https:\/\/www.vegaintro-projekti.com\/pilar-stari\/#\/schema\/person\/c0db50ebd77c4409e19b18044bbf10c1","name":"pilar-admin","image":{"@type":"ImageObject","inLanguage":"hr","@id":"https:\/\/www.vegaintro-projekti.com\/pilar-stari\/#\/schema\/person\/image\/","url":"https:\/\/secure.gravatar.com\/avatar\/fac9e03c4db0011b9c1ad8b5e9c74b8c?s=96&d=mm&r=g","contentUrl":"https:\/\/secure.gravatar.com\/avatar\/fac9e03c4db0011b9c1ad8b5e9c74b8c?s=96&d=mm&r=g","caption":"pilar-admin"},"url":"https:\/\/www.vegaintro-projekti.com\/pilar-stari\/author\/pilar-admin\/"}]}},"_links":{"self":[{"href":"https:\/\/www.vegaintro-projekti.com\/pilar-stari\/wp-json\/wp\/v2\/posts\/350"}],"collection":[{"href":"https:\/\/www.vegaintro-projekti.com\/pilar-stari\/wp-json\/wp\/v2\/posts"}],"about":[{"href":"https:\/\/www.vegaintro-projekti.com\/pilar-stari\/wp-json\/wp\/v2\/types\/post"}],"author":[{"embeddable":true,"href":"https:\/\/www.vegaintro-projekti.com\/pilar-stari\/wp-json\/wp\/v2\/users\/1"}],"replies":[{"embeddable":true,"href":"https:\/\/www.vegaintro-projekti.com\/pilar-stari\/wp-json\/wp\/v2\/comments?post=350"}],"version-history":[{"count":1,"href":"https:\/\/www.vegaintro-projekti.com\/pilar-stari\/wp-json\/wp\/v2\/posts\/350\/revisions"}],"predecessor-version":[{"id":6853,"href":"https:\/\/www.vegaintro-projekti.com\/pilar-stari\/wp-json\/wp\/v2\/posts\/350\/revisions\/6853"}],"wp:attachment":[{"href":"https:\/\/www.vegaintro-projekti.com\/pilar-stari\/wp-json\/wp\/v2\/media?parent=350"}],"wp:term":[{"taxonomy":"category","embeddable":true,"href":"https:\/\/www.vegaintro-projekti.com\/pilar-stari\/wp-json\/wp\/v2\/categories?post=350"},{"taxonomy":"post_tag","embeddable":true,"href":"https:\/\/www.vegaintro-projekti.com\/pilar-stari\/wp-json\/wp\/v2\/tags?post=350"}],"curies":[{"name":"wp","href":"https:\/\/api.w.org\/{rel}","templated":true}]}}