{"id":35067,"date":"2025-07-22T07:08:28","date_gmt":"2025-07-22T07:08:28","guid":{"rendered":"https:\/\/www.vegaintro-projekti.com\/pilar-stari\/?p=35067"},"modified":"2025-07-22T07:50:06","modified_gmt":"2025-07-22T07:50:06","slug":"dr-sc-caroline-hornstein-tomic-na-iamo-forumu-2025-ruralni-korijeni-i-putovi-halle-18-20-6-2025","status":"publish","type":"post","link":"https:\/\/www.vegaintro-projekti.com\/pilar-stari\/2025\/07\/dr-sc-caroline-hornstein-tomic-na-iamo-forumu-2025-ruralni-korijeni-i-putovi-halle-18-20-6-2025\/","title":{"rendered":"Dr. sc. Caroline Hornstein Tomi\u0107 na IAMO Forumu 2025. \u201eRuralni korijeni i putovi&#8221;; Halle, 18.-20. 6. 2025."},"content":{"rendered":"<p><strong>Od 18. do 20. lipnja 2025. na me\u0111unarodnoj konferenciji IAMO Forum 2025. u Halleu (Saale) u Njema\u010dkoj okupilo se oko 160 sudionika iz vi\u0161e od 26 zemalja kako bi raspravljali o temi \u201eRuralni korijeni i putovi: Snala\u017eenje u slo\u017eenosti kvalitete \u017eivota, nepokretljivosti i migracija\u201c. Na Forumu je dr. sc. Caroline Hornstein Tomi\u0107 predstavila rezultate istra\u017eiva\u010dkog projekta o politi\u010dkoj mjeri \u201eBiram Hrvatsku\u201c te na zavr\u0161om panelu naglasila va\u017enost programa povratnih migracija, gra\u0111anske infrastrukture i lokalnog anga\u017emana za revitalizaciju ruralnih podru\u010dja<\/strong><\/p>\n<div class=\"wp-block-image\">\n<div class=\"wp-block-image\">\n<p><a href=\"https:\/\/www.vegaintro-projekti.com\/pilar-stari\/wp-content\/uploads\/2025\/07\/IAMO2.jpg\"><img decoding=\"async\" loading=\"lazy\" class=\"alignnone wp-image-35063 size-full\" src=\"https:\/\/www.vegaintro-projekti.com\/pilar-stari\/wp-content\/uploads\/2025\/07\/IAMO2s.jpg\" alt=\"i1\" width=\"620\" height=\"347\" srcset=\"https:\/\/www.vegaintro-projekti.com\/pilar-stari\/wp-content\/uploads\/2025\/07\/IAMO2s.jpg 620w, https:\/\/www.vegaintro-projekti.com\/pilar-stari\/wp-content\/uploads\/2025\/07\/IAMO2s-300x168.jpg 300w\" sizes=\"(max-width: 620px) 100vw, 620px\" \/><\/a><a href=\"https:\/\/www.vegaintro-projekti.com\/pilar-stari\/wp-content\/uploads\/2025\/07\/IAMO3.jpg\"><img decoding=\"async\" loading=\"lazy\" class=\"alignnone wp-image-35066 size-full\" src=\"https:\/\/www.vegaintro-projekti.com\/pilar-stari\/wp-content\/uploads\/2025\/07\/IAMO3s.jpg\" alt=\"i2\" width=\"620\" height=\"352\" srcset=\"https:\/\/www.vegaintro-projekti.com\/pilar-stari\/wp-content\/uploads\/2025\/07\/IAMO3s.jpg 620w, https:\/\/www.vegaintro-projekti.com\/pilar-stari\/wp-content\/uploads\/2025\/07\/IAMO3s-300x170.jpg 300w\" sizes=\"(max-width: 620px) 100vw, 620px\" \/><\/a><a href=\"https:\/\/www.vegaintro-projekti.com\/pilar-stari\/wp-content\/uploads\/2025\/07\/IAMO1.jpg\"><img decoding=\"async\" loading=\"lazy\" class=\"alignnone wp-image-35061 size-full\" src=\"https:\/\/www.vegaintro-projekti.com\/pilar-stari\/wp-content\/uploads\/2025\/07\/IAMO1s.jpg\" alt=\"i3\" width=\"620\" height=\"344\" srcset=\"https:\/\/www.vegaintro-projekti.com\/pilar-stari\/wp-content\/uploads\/2025\/07\/IAMO1s.jpg 620w, https:\/\/www.vegaintro-projekti.com\/pilar-stari\/wp-content\/uploads\/2025\/07\/IAMO1s-300x166.jpg 300w\" sizes=\"(max-width: 620px) 100vw, 620px\" \/><\/a><\/p>\n<\/div>\n<\/div>\n<p><strong>Leibnizov institut za poljoprivredni razvoj<\/strong> u tranzicijskim gospodarstvima (Leibniz Institute of Agricultural Development in Transition Economies &#8211; IAMO) analizira ekonomske, dru\u0161tvene i politi\u010dke procese promjena u poljoprivrednom i prehrambenom sektoru te u ruralnim podru\u010djima. Geografski fokus obuhva\u0107a pro\u0161irenu EU, tranzicijske regije srednje, isto\u010dne i jugoisto\u010dne Europe, kao i srednje i isto\u010dne Azije. Na IAMO Forumu 2025., neki od najhitnijih izazova s kojima se suo\u010davaju ruralne regije diljem svijeta obra\u0111eni su u multidisciplinarnoj, transnacionalnoj razmjeni znanstvenika i drugih stru\u010dnjaka iz me\u0111unarodnih agencija za razvojnu suradnju. Caroline Hornstein Tomi\u0107 predstavila je rezultate istra\u017eiva\u010dkog projekta o politi\u010dkoj mjeri \u201eBiram Hrvatsku\u201c u Hrvatskoj, s naglaskom na pitanje \u201eZa\u0161to &#8216;biram Hrvatsku&#8217;? Kvaliteta \u017eivota u odlukama o (povratnim) migracijama\u201c, zajedno sa svojim kolegicama Janine Pinkow-L\u00e4pple (IAMO) i Anom Budimir (Fakultet politi\u010dkih znanosti Sveu\u010dili\u0161ta u Zagrebu).<\/p>\n<p>Caroline Hornstein Tomi\u0107 tako\u0111er je bila panelistica na zavr\u0161nom panelu, koji se bavio pitanjem: \u201e\u0160to \u010dini ruralna podru\u010dja ugodnima za \u017eivot? Odr\u017eivost nasuprot kvaliteti \u017eivota i ruralnom razvoju\u201c, zajedno sa Saamah Abdallah s njema\u010dkog Instituta Hot or Cool, Mechthild Anna Becker iz Centra za klimu i vanjsku politiku (Center for Climate and Foreign Policy) Njema\u010dkog vije\u0107a za vanjske odnose (DGAP) i Drini Imami s Poljoprivrednog sveu\u010dili\u0161ta u Tirani, Albanija. Panel je istaknuo me\u0111usobnu povezanost izme\u0111u migracija, nepokretljivosti, identiteta i vezanosti za mjesto; klimatskih promjena, dobrobiti i kvalitete \u017eivota; te izme\u0111u istra\u017eivanja i dono\u0161enja politika. Caroline Hornstein Tomi\u0107 predstavila je uvide iz Hrvatske i svoje migracijske tranzicije i demografske krize. Naglasila je va\u017enost programa povratnih migracija, gra\u0111anske infrastrukture i lokalnog anga\u017emana za revitalizaciju ruralnih podru\u010dja.<\/p>\n<p><span style=\"font-size: 14pt;\">Dr. sc. Caroline Hornstein Tomi\u0107 at the IAMO Forum 2025: \u201cRural Roots and Routes: Navigating Complexities of Quality of Life, Immobility, and Migration\u201d<\/span><\/p>\n<p><strong><em>From 18 to 20 June 2025, around 160 participants from more than 26 countries gathered at the international conference \/ IAMO Forum 2025 in Halle (Saale), Germany, to discuss about \u201cRural Roots and Routes: Navigating Complexities of Quality of Life, Immobility, and Migration\u201d<\/em><\/strong><\/p>\n<p><em>The Leibniz Institute of Agricultural Development in Transition Economies (IAMO) analyses economic, social and political processes of change in the agricultural and food sector, and in rural areas. The geographic focus covers the enlarging EU, transition regions of Central, Eastern and South Eastern Europe, as well as Central and Eastern Asia. At the IAMO 2025 Forum, some of the most pressing challenges facing rural regions worldwide were addressed in a multidisciplinary, transnational exchange of scientists and other experts from international development cooperation agencies. Caroline Hornstein Tomi\u0107 presented results from the research project on the \u201cBiram Hrvatsku\u201d policy measure in Croatia, focussing on the question of \u201cWhy do \u00b4I choose Croatia\u00b4? Quality of life considerations in (return) migration decisions\u201d, together with her colleagues Janine Pinkow-L\u00e4pple (IAMO) and Ana Budimir (Faculty of Political Sciences, University of Zagreb).<\/em><\/p>\n<p><em>Caroline Hornstein Tomi\u0107 was also a panelist at the closing panel, which addressed the question: \u201cWhat makes rural areas liveable? Sustainability vs. Quality of Life and Rural Development\u201d, together with Saamah Abdallah (Hot or Cool Institute, Germany), Mechthild Anna Becker (Centre for Climate and Foreign Policy, DGAP, Germany), and Drini Imami (Agricultural University of Tirana, Albania). The panel highlighted the interlinkages between migration, immobility, identity and place attachment; climate change, well-being and quality of life; and between research and policymaking. Caroline Hornstein Tomi\u0107 presented insights from Croatia, its current migration transition and demographic crisis. She stressed the importance of return migration programmes, civic infrastructure, and local engagement for revitalising rural areas.<\/em><\/p>\n<blockquote><p><a href=\"https:\/\/www.vegaintro-projekti.com\/pilar-stari\/2025\/02\/projekt-weid-identities-migration-democracy-novi-horizon-europe-projekt-instituta-pilar-2025-2028\/\">Projekt We-ID<\/a><\/p><\/blockquote>\n","protected":false},"excerpt":{"rendered":"<p>Od 18. do 20. lipnja 2025. na me\u0111unarodnoj konferenciji IAMO Forum 2025. u Halleu (Saale) u Njema\u010dkoj okupilo se oko 160 sudionika iz vi\u0161e od 26 zemalja kako bi raspravljali o temi \u201eRuralni korijeni i putovi: Snala\u017eenje u slo\u017eenosti kvalitete \u017eivota, nepokretljivosti i migracija\u201c. Na Forumu je dr. sc. Caroline Hornstein Tomi\u0107 predstavila rezultate istra\u017eiva\u010dkog&hellip; <a class=\"continue\" href=\"https:\/\/www.vegaintro-projekti.com\/pilar-stari\/2025\/07\/dr-sc-caroline-hornstein-tomic-na-iamo-forumu-2025-ruralni-korijeni-i-putovi-halle-18-20-6-2025\/\">Pro\u010ditaj vi\u0161e o<span> Dr. sc. Caroline Hornstein Tomi\u0107 na IAMO Forumu 2025. \u201eRuralni korijeni i putovi&#8221;; Halle, 18.-20. 6. 2025.<\/span><\/a><\/p>\n","protected":false},"author":7,"featured_media":35065,"comment_status":"closed","ping_status":"closed","sticky":false,"template":"","format":"standard","meta":{"inline_featured_image":false,"ngg_post_thumbnail":0,"footnotes":""},"categories":[48,11],"tags":[],"yoast_head":"<!-- This site is optimized with the Yoast SEO plugin v21.2 - https:\/\/yoast.com\/wordpress\/plugins\/seo\/ -->\n<title>Dr. sc. Caroline Hornstein Tomi\u0107 na IAMO Forumu 2025. \u201eRuralni korijeni i putovi&quot;; Halle, 18.-20. 6. 2025. - Institut dru&scaron;tvenih znanosti Ivo Pilar<\/title>\n<meta name=\"robots\" content=\"noindex, follow, max-snippet:-1, max-image-preview:large, max-video-preview:-1\" \/>\n<meta property=\"og:locale\" content=\"hr_HR\" \/>\n<meta property=\"og:type\" content=\"article\" \/>\n<meta property=\"og:title\" content=\"Dr. sc. Caroline Hornstein Tomi\u0107 na IAMO Forumu 2025. \u201eRuralni korijeni i putovi&quot;; Halle, 18.-20. 6. 2025. - Institut dru&scaron;tvenih znanosti Ivo Pilar\" \/>\n<meta property=\"og:description\" content=\"Od 18. do 20. lipnja 2025. na me\u0111unarodnoj konferenciji IAMO Forum 2025. u Halleu (Saale) u Njema\u010dkoj okupilo se oko 160 sudionika iz vi\u0161e od 26 zemalja kako bi raspravljali o temi \u201eRuralni korijeni i putovi: Snala\u017eenje u slo\u017eenosti kvalitete \u017eivota, nepokretljivosti i migracija\u201c. Na Forumu je dr. sc. Caroline Hornstein Tomi\u0107 predstavila rezultate istra\u017eiva\u010dkog&hellip; Pro\u010ditaj vi\u0161e o Dr. sc. Caroline Hornstein Tomi\u0107 na IAMO Forumu 2025. \u201eRuralni korijeni i putovi&#8221;; Halle, 18.-20. 6. 2025.\" \/>\n<meta property=\"og:url\" content=\"https:\/\/www.vegaintro-projekti.com\/pilar-stari\/2025\/07\/dr-sc-caroline-hornstein-tomic-na-iamo-forumu-2025-ruralni-korijeni-i-putovi-halle-18-20-6-2025\/\" \/>\n<meta property=\"og:site_name\" content=\"Institut dru&scaron;tvenih znanosti Ivo Pilar\" \/>\n<meta property=\"article:published_time\" content=\"2025-07-22T07:08:28+00:00\" \/>\n<meta property=\"article:modified_time\" content=\"2025-07-22T07:50:06+00:00\" \/>\n<meta property=\"og:image\" content=\"https:\/\/www.vegaintro-projekti.com\/pilar-stari\/wp-content\/uploads\/2025\/07\/IAMO3fi.jpg\" \/>\n\t<meta property=\"og:image:width\" content=\"499\" \/>\n\t<meta property=\"og:image:height\" content=\"224\" \/>\n\t<meta property=\"og:image:type\" content=\"image\/jpeg\" \/>\n<meta name=\"author\" content=\"Boris\" \/>\n<meta name=\"twitter:card\" content=\"summary_large_image\" \/>\n<meta name=\"twitter:label1\" content=\"Napisao\/la\" \/>\n\t<meta name=\"twitter:data1\" content=\"Boris\" \/>\n\t<meta name=\"twitter:label2\" content=\"Procijenjeno vrijeme \u010ditanja\" \/>\n\t<meta name=\"twitter:data2\" content=\"5 minuta\" \/>\n<script type=\"application\/ld+json\" class=\"yoast-schema-graph\">{\"@context\":\"https:\/\/schema.org\",\"@graph\":[{\"@type\":\"WebPage\",\"@id\":\"https:\/\/www.vegaintro-projekti.com\/pilar-stari\/2025\/07\/dr-sc-caroline-hornstein-tomic-na-iamo-forumu-2025-ruralni-korijeni-i-putovi-halle-18-20-6-2025\/\",\"url\":\"https:\/\/www.vegaintro-projekti.com\/pilar-stari\/2025\/07\/dr-sc-caroline-hornstein-tomic-na-iamo-forumu-2025-ruralni-korijeni-i-putovi-halle-18-20-6-2025\/\",\"name\":\"Dr. sc. Caroline Hornstein Tomi\u0107 na IAMO Forumu 2025. \u201eRuralni korijeni i putovi\\\"; Halle, 18.-20. 6. 2025. - Institut dru&scaron;tvenih znanosti Ivo Pilar\",\"isPartOf\":{\"@id\":\"https:\/\/www.vegaintro-projekti.com\/pilar-stari\/#website\"},\"datePublished\":\"2025-07-22T07:08:28+00:00\",\"dateModified\":\"2025-07-22T07:50:06+00:00\",\"author\":{\"@id\":\"https:\/\/www.vegaintro-projekti.com\/pilar-stari\/#\/schema\/person\/ddd404c9f1e15e4ffef5986ac6a5d28b\"},\"breadcrumb\":{\"@id\":\"https:\/\/www.vegaintro-projekti.com\/pilar-stari\/2025\/07\/dr-sc-caroline-hornstein-tomic-na-iamo-forumu-2025-ruralni-korijeni-i-putovi-halle-18-20-6-2025\/#breadcrumb\"},\"inLanguage\":\"hr\",\"potentialAction\":[{\"@type\":\"ReadAction\",\"target\":[\"https:\/\/www.vegaintro-projekti.com\/pilar-stari\/2025\/07\/dr-sc-caroline-hornstein-tomic-na-iamo-forumu-2025-ruralni-korijeni-i-putovi-halle-18-20-6-2025\/\"]}]},{\"@type\":\"BreadcrumbList\",\"@id\":\"https:\/\/www.vegaintro-projekti.com\/pilar-stari\/2025\/07\/dr-sc-caroline-hornstein-tomic-na-iamo-forumu-2025-ruralni-korijeni-i-putovi-halle-18-20-6-2025\/#breadcrumb\",\"itemListElement\":[{\"@type\":\"ListItem\",\"position\":1,\"name\":\"Home\",\"item\":\"https:\/\/www.vegaintro-projekti.com\/pilar-stari\/\"},{\"@type\":\"ListItem\",\"position\":2,\"name\":\"Dr. sc. Caroline Hornstein Tomi\u0107 na IAMO Forumu 2025. \u201eRuralni korijeni i putovi&#8221;; Halle, 18.-20. 6. 2025.\"}]},{\"@type\":\"WebSite\",\"@id\":\"https:\/\/www.vegaintro-projekti.com\/pilar-stari\/#website\",\"url\":\"https:\/\/www.vegaintro-projekti.com\/pilar-stari\/\",\"name\":\"Institut dru&scaron;tvenih znanosti Ivo Pilar\",\"description\":\"Pilar\",\"potentialAction\":[{\"@type\":\"SearchAction\",\"target\":{\"@type\":\"EntryPoint\",\"urlTemplate\":\"https:\/\/www.vegaintro-projekti.com\/pilar-stari\/?s={search_term_string}\"},\"query-input\":\"required name=search_term_string\"}],\"inLanguage\":\"hr\"},{\"@type\":\"Person\",\"@id\":\"https:\/\/www.vegaintro-projekti.com\/pilar-stari\/#\/schema\/person\/ddd404c9f1e15e4ffef5986ac6a5d28b\",\"name\":\"Boris\",\"image\":{\"@type\":\"ImageObject\",\"inLanguage\":\"hr\",\"@id\":\"https:\/\/www.vegaintro-projekti.com\/pilar-stari\/#\/schema\/person\/image\/\",\"url\":\"https:\/\/secure.gravatar.com\/avatar\/29557b161a6ce6ab86ac1503164f1e90?s=96&d=mm&r=g\",\"contentUrl\":\"https:\/\/secure.gravatar.com\/avatar\/29557b161a6ce6ab86ac1503164f1e90?s=96&d=mm&r=g\",\"caption\":\"Boris\"},\"url\":\"https:\/\/www.vegaintro-projekti.com\/pilar-stari\/author\/boris\/\"}]}<\/script>\n<!-- \/ Yoast SEO plugin. -->","yoast_head_json":{"title":"Dr. sc. Caroline Hornstein Tomi\u0107 na IAMO Forumu 2025. \u201eRuralni korijeni i putovi\"; Halle, 18.-20. 6. 2025. - Institut dru&scaron;tvenih znanosti Ivo Pilar","robots":{"index":"noindex","follow":"follow","max-snippet":"max-snippet:-1","max-image-preview":"max-image-preview:large","max-video-preview":"max-video-preview:-1"},"og_locale":"hr_HR","og_type":"article","og_title":"Dr. sc. Caroline Hornstein Tomi\u0107 na IAMO Forumu 2025. \u201eRuralni korijeni i putovi\"; Halle, 18.-20. 6. 2025. - Institut dru&scaron;tvenih znanosti Ivo Pilar","og_description":"Od 18. do 20. lipnja 2025. na me\u0111unarodnoj konferenciji IAMO Forum 2025. u Halleu (Saale) u Njema\u010dkoj okupilo se oko 160 sudionika iz vi\u0161e od 26 zemalja kako bi raspravljali o temi \u201eRuralni korijeni i putovi: Snala\u017eenje u slo\u017eenosti kvalitete \u017eivota, nepokretljivosti i migracija\u201c. Na Forumu je dr. sc. Caroline Hornstein Tomi\u0107 predstavila rezultate istra\u017eiva\u010dkog&hellip; Pro\u010ditaj vi\u0161e o Dr. sc. Caroline Hornstein Tomi\u0107 na IAMO Forumu 2025. \u201eRuralni korijeni i putovi&#8221;; Halle, 18.-20. 6. 2025.","og_url":"https:\/\/www.vegaintro-projekti.com\/pilar-stari\/2025\/07\/dr-sc-caroline-hornstein-tomic-na-iamo-forumu-2025-ruralni-korijeni-i-putovi-halle-18-20-6-2025\/","og_site_name":"Institut dru&scaron;tvenih znanosti Ivo Pilar","article_published_time":"2025-07-22T07:08:28+00:00","article_modified_time":"2025-07-22T07:50:06+00:00","og_image":[{"width":499,"height":224,"url":"https:\/\/www.vegaintro-projekti.com\/pilar-stari\/wp-content\/uploads\/2025\/07\/IAMO3fi.jpg","type":"image\/jpeg"}],"author":"Boris","twitter_card":"summary_large_image","twitter_misc":{"Napisao\/la":"Boris","Procijenjeno vrijeme \u010ditanja":"5 minuta"},"schema":{"@context":"https:\/\/schema.org","@graph":[{"@type":"WebPage","@id":"https:\/\/www.vegaintro-projekti.com\/pilar-stari\/2025\/07\/dr-sc-caroline-hornstein-tomic-na-iamo-forumu-2025-ruralni-korijeni-i-putovi-halle-18-20-6-2025\/","url":"https:\/\/www.vegaintro-projekti.com\/pilar-stari\/2025\/07\/dr-sc-caroline-hornstein-tomic-na-iamo-forumu-2025-ruralni-korijeni-i-putovi-halle-18-20-6-2025\/","name":"Dr. sc. Caroline Hornstein Tomi\u0107 na IAMO Forumu 2025. \u201eRuralni korijeni i putovi\"; Halle, 18.-20. 6. 2025. - Institut dru&scaron;tvenih znanosti Ivo Pilar","isPartOf":{"@id":"https:\/\/www.vegaintro-projekti.com\/pilar-stari\/#website"},"datePublished":"2025-07-22T07:08:28+00:00","dateModified":"2025-07-22T07:50:06+00:00","author":{"@id":"https:\/\/www.vegaintro-projekti.com\/pilar-stari\/#\/schema\/person\/ddd404c9f1e15e4ffef5986ac6a5d28b"},"breadcrumb":{"@id":"https:\/\/www.vegaintro-projekti.com\/pilar-stari\/2025\/07\/dr-sc-caroline-hornstein-tomic-na-iamo-forumu-2025-ruralni-korijeni-i-putovi-halle-18-20-6-2025\/#breadcrumb"},"inLanguage":"hr","potentialAction":[{"@type":"ReadAction","target":["https:\/\/www.vegaintro-projekti.com\/pilar-stari\/2025\/07\/dr-sc-caroline-hornstein-tomic-na-iamo-forumu-2025-ruralni-korijeni-i-putovi-halle-18-20-6-2025\/"]}]},{"@type":"BreadcrumbList","@id":"https:\/\/www.vegaintro-projekti.com\/pilar-stari\/2025\/07\/dr-sc-caroline-hornstein-tomic-na-iamo-forumu-2025-ruralni-korijeni-i-putovi-halle-18-20-6-2025\/#breadcrumb","itemListElement":[{"@type":"ListItem","position":1,"name":"Home","item":"https:\/\/www.vegaintro-projekti.com\/pilar-stari\/"},{"@type":"ListItem","position":2,"name":"Dr. sc. Caroline Hornstein Tomi\u0107 na IAMO Forumu 2025. \u201eRuralni korijeni i putovi&#8221;; Halle, 18.-20. 6. 2025."}]},{"@type":"WebSite","@id":"https:\/\/www.vegaintro-projekti.com\/pilar-stari\/#website","url":"https:\/\/www.vegaintro-projekti.com\/pilar-stari\/","name":"Institut dru&scaron;tvenih znanosti Ivo Pilar","description":"Pilar","potentialAction":[{"@type":"SearchAction","target":{"@type":"EntryPoint","urlTemplate":"https:\/\/www.vegaintro-projekti.com\/pilar-stari\/?s={search_term_string}"},"query-input":"required name=search_term_string"}],"inLanguage":"hr"},{"@type":"Person","@id":"https:\/\/www.vegaintro-projekti.com\/pilar-stari\/#\/schema\/person\/ddd404c9f1e15e4ffef5986ac6a5d28b","name":"Boris","image":{"@type":"ImageObject","inLanguage":"hr","@id":"https:\/\/www.vegaintro-projekti.com\/pilar-stari\/#\/schema\/person\/image\/","url":"https:\/\/secure.gravatar.com\/avatar\/29557b161a6ce6ab86ac1503164f1e90?s=96&d=mm&r=g","contentUrl":"https:\/\/secure.gravatar.com\/avatar\/29557b161a6ce6ab86ac1503164f1e90?s=96&d=mm&r=g","caption":"Boris"},"url":"https:\/\/www.vegaintro-projekti.com\/pilar-stari\/author\/boris\/"}]}},"_links":{"self":[{"href":"https:\/\/www.vegaintro-projekti.com\/pilar-stari\/wp-json\/wp\/v2\/posts\/35067"}],"collection":[{"href":"https:\/\/www.vegaintro-projekti.com\/pilar-stari\/wp-json\/wp\/v2\/posts"}],"about":[{"href":"https:\/\/www.vegaintro-projekti.com\/pilar-stari\/wp-json\/wp\/v2\/types\/post"}],"author":[{"embeddable":true,"href":"https:\/\/www.vegaintro-projekti.com\/pilar-stari\/wp-json\/wp\/v2\/users\/7"}],"replies":[{"embeddable":true,"href":"https:\/\/www.vegaintro-projekti.com\/pilar-stari\/wp-json\/wp\/v2\/comments?post=35067"}],"version-history":[{"count":3,"href":"https:\/\/www.vegaintro-projekti.com\/pilar-stari\/wp-json\/wp\/v2\/posts\/35067\/revisions"}],"predecessor-version":[{"id":35070,"href":"https:\/\/www.vegaintro-projekti.com\/pilar-stari\/wp-json\/wp\/v2\/posts\/35067\/revisions\/35070"}],"wp:featuredmedia":[{"embeddable":true,"href":"https:\/\/www.vegaintro-projekti.com\/pilar-stari\/wp-json\/wp\/v2\/media\/35065"}],"wp:attachment":[{"href":"https:\/\/www.vegaintro-projekti.com\/pilar-stari\/wp-json\/wp\/v2\/media?parent=35067"}],"wp:term":[{"taxonomy":"category","embeddable":true,"href":"https:\/\/www.vegaintro-projekti.com\/pilar-stari\/wp-json\/wp\/v2\/categories?post=35067"},{"taxonomy":"post_tag","embeddable":true,"href":"https:\/\/www.vegaintro-projekti.com\/pilar-stari\/wp-json\/wp\/v2\/tags?post=35067"}],"curies":[{"name":"wp","href":"https:\/\/api.w.org\/{rel}","templated":true}]}}