{"id":35085,"date":"2025-07-24T14:32:56","date_gmt":"2025-07-24T14:32:56","guid":{"rendered":"https:\/\/www.vegaintro-projekti.com\/pilar-stari\/?p=35085"},"modified":"2025-07-24T15:52:48","modified_gmt":"2025-07-24T15:52:48","slug":"znanstvenica-emerita-dr-sc-jadranka-svarc-na-5-forumu-medunarodnog-socioloskog-udruzenja-rabat-5-11-7-2025","status":"publish","type":"post","link":"https:\/\/www.vegaintro-projekti.com\/pilar-stari\/2025\/07\/znanstvenica-emerita-dr-sc-jadranka-svarc-na-5-forumu-medunarodnog-socioloskog-udruzenja-rabat-5-11-7-2025\/","title":{"rendered":"Znanstvenica emerita dr. sc. Jadranka \u0160varc na 5. forumu Me\u0111unarodnog sociolo\u0161kog udru\u017eenja; Rabat, 5.-11. 7. 2025."},"content":{"rendered":"<p><strong>Od 5. do 11. srpnja 2025. godine odr\u017ean je u Rabatu, Maroko, 5. forum Me\u0111unarodnog sociolo\u0161kog udru\u017eenja koji je okupio gotovo 5000 sociologa i znanstvenika iz dru\u0161tvenih znanosti iz vi\u0161e od 100 zemalja (<a href=\"https:\/\/www.isa-sociology.org\/en\/conferences\/forum\/rabat-2025\">5th ISA Forum<\/a>). Dr. sc. Jadranka \u0160varc, znanstvenica emerita Instituta Pilar, na forumu je predstavila rad pod naslovom \u201eSociology of innovation in the context of post-socialist societies: the case of Croatia\u201c, izra\u0111en u suradnji s prof. dr. sc. Jasminkom La\u017enjak (Filozofski fakultet u Zagrebu) i prof. dr. sc. Marinom Dabi\u0107 (Ekonomski fakultet u Zagrebu)<\/strong><\/p>\n<p><a href=\"https:\/\/www.vegaintro-projekti.com\/pilar-stari\/wp-content\/uploads\/2025\/07\/Rabat_1-1-scaled.jpg\"><img decoding=\"async\" loading=\"lazy\" class=\"alignnone wp-image-35084 size-full\" src=\"https:\/\/www.vegaintro-projekti.com\/pilar-stari\/wp-content\/uploads\/2025\/07\/Rabat_1s.jpg\" alt=\"i1\" width=\"620\" height=\"430\" srcset=\"https:\/\/www.vegaintro-projekti.com\/pilar-stari\/wp-content\/uploads\/2025\/07\/Rabat_1s.jpg 620w, https:\/\/www.vegaintro-projekti.com\/pilar-stari\/wp-content\/uploads\/2025\/07\/Rabat_1s-300x208.jpg 300w, https:\/\/www.vegaintro-projekti.com\/pilar-stari\/wp-content\/uploads\/2025\/07\/Rabat_1s-110x75.jpg 110w\" sizes=\"(max-width: 620px) 100vw, 620px\" \/><\/a><\/p>\n<p><strong>Rad je proiza\u0161ao iz istra\u017eivanja<\/strong> dr. sc. Jadranke \u0160varc o dru\u0161tvenim aspektima inovacija, objavljenog kao znanstveni rad u <em>International Review of Sociology<\/em> u sije\u010dnju 2025. pod naslovom &#8220;Sociology of innovation: past and prospects&#8221;. Sa\u017eetak rada s foruma objavljen je u Knjizi sa\u017eetaka (RC46-723.3) dostupnoj na: <a href=\"https:\/\/www.isa-sociology.org\/uploads\/imgen\/2252-5th-isa-forum-of-sociology-abstracts-book.pdf\">5th ISA Forum of Sociology Abstracts Book<\/a>.<\/p>\n<blockquote><p><a href=\"https:\/\/www.isa-sociology.org\/en\/conferences\/forum\/rabat-2025\">5th ISA Forum<\/a><\/p><\/blockquote>\n","protected":false},"excerpt":{"rendered":"<p>Od 5. do 11. srpnja 2025. godine odr\u017ean je u Rabatu, Maroko, 5. forum Me\u0111unarodnog sociolo\u0161kog udru\u017eenja koji je okupio gotovo 5000 sociologa i znanstvenika iz dru\u0161tvenih znanosti iz vi\u0161e od 100 zemalja (5th ISA Forum). Dr. sc. Jadranka \u0160varc, znanstvenica emerita Instituta Pilar, na forumu je predstavila rad pod naslovom \u201eSociology of innovation in&hellip; <a class=\"continue\" href=\"https:\/\/www.vegaintro-projekti.com\/pilar-stari\/2025\/07\/znanstvenica-emerita-dr-sc-jadranka-svarc-na-5-forumu-medunarodnog-socioloskog-udruzenja-rabat-5-11-7-2025\/\">Pro\u010ditaj vi\u0161e o<span> Znanstvenica emerita dr. sc. Jadranka \u0160varc na 5. forumu Me\u0111unarodnog sociolo\u0161kog udru\u017eenja; Rabat, 5.-11. 7. 2025.<\/span><\/a><\/p>\n","protected":false},"author":7,"featured_media":35083,"comment_status":"closed","ping_status":"closed","sticky":false,"template":"","format":"standard","meta":{"inline_featured_image":false,"ngg_post_thumbnail":0,"footnotes":""},"categories":[48,11],"tags":[],"yoast_head":"<!-- This site is optimized with the Yoast SEO plugin v21.2 - https:\/\/yoast.com\/wordpress\/plugins\/seo\/ -->\n<title>Znanstvenica emerita dr. sc. Jadranka \u0160varc na 5. forumu Me\u0111unarodnog sociolo\u0161kog udru\u017eenja; Rabat, 5.-11. 7. 2025. - Institut dru&scaron;tvenih znanosti Ivo Pilar<\/title>\n<meta name=\"robots\" content=\"noindex, follow, max-snippet:-1, max-image-preview:large, max-video-preview:-1\" \/>\n<meta property=\"og:locale\" content=\"hr_HR\" \/>\n<meta property=\"og:type\" content=\"article\" \/>\n<meta property=\"og:title\" content=\"Znanstvenica emerita dr. sc. Jadranka \u0160varc na 5. forumu Me\u0111unarodnog sociolo\u0161kog udru\u017eenja; Rabat, 5.-11. 7. 2025. - Institut dru&scaron;tvenih znanosti Ivo Pilar\" \/>\n<meta property=\"og:description\" content=\"Od 5. do 11. srpnja 2025. godine odr\u017ean je u Rabatu, Maroko, 5. forum Me\u0111unarodnog sociolo\u0161kog udru\u017eenja koji je okupio gotovo 5000 sociologa i znanstvenika iz dru\u0161tvenih znanosti iz vi\u0161e od 100 zemalja (5th ISA Forum). Dr. sc. Jadranka \u0160varc, znanstvenica emerita Instituta Pilar, na forumu je predstavila rad pod naslovom \u201eSociology of innovation in&hellip; Pro\u010ditaj vi\u0161e o Znanstvenica emerita dr. sc. Jadranka \u0160varc na 5. forumu Me\u0111unarodnog sociolo\u0161kog udru\u017eenja; Rabat, 5.-11. 7. 2025.\" \/>\n<meta property=\"og:url\" content=\"https:\/\/www.vegaintro-projekti.com\/pilar-stari\/2025\/07\/znanstvenica-emerita-dr-sc-jadranka-svarc-na-5-forumu-medunarodnog-socioloskog-udruzenja-rabat-5-11-7-2025\/\" \/>\n<meta property=\"og:site_name\" content=\"Institut dru&scaron;tvenih znanosti Ivo Pilar\" \/>\n<meta property=\"article:published_time\" content=\"2025-07-24T14:32:56+00:00\" \/>\n<meta property=\"article:modified_time\" content=\"2025-07-24T15:52:48+00:00\" \/>\n<meta property=\"og:image\" content=\"https:\/\/www.vegaintro-projekti.com\/pilar-stari\/wp-content\/uploads\/2025\/07\/Rabat_1fi.jpg\" \/>\n\t<meta property=\"og:image:width\" content=\"500\" \/>\n\t<meta property=\"og:image:height\" content=\"221\" \/>\n\t<meta property=\"og:image:type\" content=\"image\/jpeg\" \/>\n<meta name=\"author\" content=\"Boris\" \/>\n<meta name=\"twitter:card\" content=\"summary_large_image\" \/>\n<meta name=\"twitter:label1\" content=\"Napisao\/la\" \/>\n\t<meta name=\"twitter:data1\" content=\"Boris\" \/>\n\t<meta name=\"twitter:label2\" content=\"Procijenjeno vrijeme \u010ditanja\" \/>\n\t<meta name=\"twitter:data2\" content=\"1 minuta\" \/>\n<script type=\"application\/ld+json\" class=\"yoast-schema-graph\">{\"@context\":\"https:\/\/schema.org\",\"@graph\":[{\"@type\":\"WebPage\",\"@id\":\"https:\/\/www.vegaintro-projekti.com\/pilar-stari\/2025\/07\/znanstvenica-emerita-dr-sc-jadranka-svarc-na-5-forumu-medunarodnog-socioloskog-udruzenja-rabat-5-11-7-2025\/\",\"url\":\"https:\/\/www.vegaintro-projekti.com\/pilar-stari\/2025\/07\/znanstvenica-emerita-dr-sc-jadranka-svarc-na-5-forumu-medunarodnog-socioloskog-udruzenja-rabat-5-11-7-2025\/\",\"name\":\"Znanstvenica emerita dr. sc. Jadranka \u0160varc na 5. forumu Me\u0111unarodnog sociolo\u0161kog udru\u017eenja; Rabat, 5.-11. 7. 2025. - Institut dru&scaron;tvenih znanosti Ivo Pilar\",\"isPartOf\":{\"@id\":\"https:\/\/www.vegaintro-projekti.com\/pilar-stari\/#website\"},\"datePublished\":\"2025-07-24T14:32:56+00:00\",\"dateModified\":\"2025-07-24T15:52:48+00:00\",\"author\":{\"@id\":\"https:\/\/www.vegaintro-projekti.com\/pilar-stari\/#\/schema\/person\/ddd404c9f1e15e4ffef5986ac6a5d28b\"},\"breadcrumb\":{\"@id\":\"https:\/\/www.vegaintro-projekti.com\/pilar-stari\/2025\/07\/znanstvenica-emerita-dr-sc-jadranka-svarc-na-5-forumu-medunarodnog-socioloskog-udruzenja-rabat-5-11-7-2025\/#breadcrumb\"},\"inLanguage\":\"hr\",\"potentialAction\":[{\"@type\":\"ReadAction\",\"target\":[\"https:\/\/www.vegaintro-projekti.com\/pilar-stari\/2025\/07\/znanstvenica-emerita-dr-sc-jadranka-svarc-na-5-forumu-medunarodnog-socioloskog-udruzenja-rabat-5-11-7-2025\/\"]}]},{\"@type\":\"BreadcrumbList\",\"@id\":\"https:\/\/www.vegaintro-projekti.com\/pilar-stari\/2025\/07\/znanstvenica-emerita-dr-sc-jadranka-svarc-na-5-forumu-medunarodnog-socioloskog-udruzenja-rabat-5-11-7-2025\/#breadcrumb\",\"itemListElement\":[{\"@type\":\"ListItem\",\"position\":1,\"name\":\"Home\",\"item\":\"https:\/\/www.vegaintro-projekti.com\/pilar-stari\/\"},{\"@type\":\"ListItem\",\"position\":2,\"name\":\"Znanstvenica emerita dr. sc. Jadranka \u0160varc na 5. forumu Me\u0111unarodnog sociolo\u0161kog udru\u017eenja; Rabat, 5.-11. 7. 2025.\"}]},{\"@type\":\"WebSite\",\"@id\":\"https:\/\/www.vegaintro-projekti.com\/pilar-stari\/#website\",\"url\":\"https:\/\/www.vegaintro-projekti.com\/pilar-stari\/\",\"name\":\"Institut dru&scaron;tvenih znanosti Ivo Pilar\",\"description\":\"Pilar\",\"potentialAction\":[{\"@type\":\"SearchAction\",\"target\":{\"@type\":\"EntryPoint\",\"urlTemplate\":\"https:\/\/www.vegaintro-projekti.com\/pilar-stari\/?s={search_term_string}\"},\"query-input\":\"required name=search_term_string\"}],\"inLanguage\":\"hr\"},{\"@type\":\"Person\",\"@id\":\"https:\/\/www.vegaintro-projekti.com\/pilar-stari\/#\/schema\/person\/ddd404c9f1e15e4ffef5986ac6a5d28b\",\"name\":\"Boris\",\"image\":{\"@type\":\"ImageObject\",\"inLanguage\":\"hr\",\"@id\":\"https:\/\/www.vegaintro-projekti.com\/pilar-stari\/#\/schema\/person\/image\/\",\"url\":\"https:\/\/secure.gravatar.com\/avatar\/29557b161a6ce6ab86ac1503164f1e90?s=96&d=mm&r=g\",\"contentUrl\":\"https:\/\/secure.gravatar.com\/avatar\/29557b161a6ce6ab86ac1503164f1e90?s=96&d=mm&r=g\",\"caption\":\"Boris\"},\"url\":\"https:\/\/www.vegaintro-projekti.com\/pilar-stari\/author\/boris\/\"}]}<\/script>\n<!-- \/ Yoast SEO plugin. -->","yoast_head_json":{"title":"Znanstvenica emerita dr. sc. Jadranka \u0160varc na 5. forumu Me\u0111unarodnog sociolo\u0161kog udru\u017eenja; Rabat, 5.-11. 7. 2025. - Institut dru&scaron;tvenih znanosti Ivo Pilar","robots":{"index":"noindex","follow":"follow","max-snippet":"max-snippet:-1","max-image-preview":"max-image-preview:large","max-video-preview":"max-video-preview:-1"},"og_locale":"hr_HR","og_type":"article","og_title":"Znanstvenica emerita dr. sc. Jadranka \u0160varc na 5. forumu Me\u0111unarodnog sociolo\u0161kog udru\u017eenja; Rabat, 5.-11. 7. 2025. - Institut dru&scaron;tvenih znanosti Ivo Pilar","og_description":"Od 5. do 11. srpnja 2025. godine odr\u017ean je u Rabatu, Maroko, 5. forum Me\u0111unarodnog sociolo\u0161kog udru\u017eenja koji je okupio gotovo 5000 sociologa i znanstvenika iz dru\u0161tvenih znanosti iz vi\u0161e od 100 zemalja (5th ISA Forum). Dr. sc. Jadranka \u0160varc, znanstvenica emerita Instituta Pilar, na forumu je predstavila rad pod naslovom \u201eSociology of innovation in&hellip; Pro\u010ditaj vi\u0161e o Znanstvenica emerita dr. sc. Jadranka \u0160varc na 5. forumu Me\u0111unarodnog sociolo\u0161kog udru\u017eenja; Rabat, 5.-11. 7. 2025.","og_url":"https:\/\/www.vegaintro-projekti.com\/pilar-stari\/2025\/07\/znanstvenica-emerita-dr-sc-jadranka-svarc-na-5-forumu-medunarodnog-socioloskog-udruzenja-rabat-5-11-7-2025\/","og_site_name":"Institut dru&scaron;tvenih znanosti Ivo Pilar","article_published_time":"2025-07-24T14:32:56+00:00","article_modified_time":"2025-07-24T15:52:48+00:00","og_image":[{"width":500,"height":221,"url":"https:\/\/www.vegaintro-projekti.com\/pilar-stari\/wp-content\/uploads\/2025\/07\/Rabat_1fi.jpg","type":"image\/jpeg"}],"author":"Boris","twitter_card":"summary_large_image","twitter_misc":{"Napisao\/la":"Boris","Procijenjeno vrijeme \u010ditanja":"1 minuta"},"schema":{"@context":"https:\/\/schema.org","@graph":[{"@type":"WebPage","@id":"https:\/\/www.vegaintro-projekti.com\/pilar-stari\/2025\/07\/znanstvenica-emerita-dr-sc-jadranka-svarc-na-5-forumu-medunarodnog-socioloskog-udruzenja-rabat-5-11-7-2025\/","url":"https:\/\/www.vegaintro-projekti.com\/pilar-stari\/2025\/07\/znanstvenica-emerita-dr-sc-jadranka-svarc-na-5-forumu-medunarodnog-socioloskog-udruzenja-rabat-5-11-7-2025\/","name":"Znanstvenica emerita dr. sc. Jadranka \u0160varc na 5. forumu Me\u0111unarodnog sociolo\u0161kog udru\u017eenja; Rabat, 5.-11. 7. 2025. - Institut dru&scaron;tvenih znanosti Ivo Pilar","isPartOf":{"@id":"https:\/\/www.vegaintro-projekti.com\/pilar-stari\/#website"},"datePublished":"2025-07-24T14:32:56+00:00","dateModified":"2025-07-24T15:52:48+00:00","author":{"@id":"https:\/\/www.vegaintro-projekti.com\/pilar-stari\/#\/schema\/person\/ddd404c9f1e15e4ffef5986ac6a5d28b"},"breadcrumb":{"@id":"https:\/\/www.vegaintro-projekti.com\/pilar-stari\/2025\/07\/znanstvenica-emerita-dr-sc-jadranka-svarc-na-5-forumu-medunarodnog-socioloskog-udruzenja-rabat-5-11-7-2025\/#breadcrumb"},"inLanguage":"hr","potentialAction":[{"@type":"ReadAction","target":["https:\/\/www.vegaintro-projekti.com\/pilar-stari\/2025\/07\/znanstvenica-emerita-dr-sc-jadranka-svarc-na-5-forumu-medunarodnog-socioloskog-udruzenja-rabat-5-11-7-2025\/"]}]},{"@type":"BreadcrumbList","@id":"https:\/\/www.vegaintro-projekti.com\/pilar-stari\/2025\/07\/znanstvenica-emerita-dr-sc-jadranka-svarc-na-5-forumu-medunarodnog-socioloskog-udruzenja-rabat-5-11-7-2025\/#breadcrumb","itemListElement":[{"@type":"ListItem","position":1,"name":"Home","item":"https:\/\/www.vegaintro-projekti.com\/pilar-stari\/"},{"@type":"ListItem","position":2,"name":"Znanstvenica emerita dr. sc. Jadranka \u0160varc na 5. forumu Me\u0111unarodnog sociolo\u0161kog udru\u017eenja; Rabat, 5.-11. 7. 2025."}]},{"@type":"WebSite","@id":"https:\/\/www.vegaintro-projekti.com\/pilar-stari\/#website","url":"https:\/\/www.vegaintro-projekti.com\/pilar-stari\/","name":"Institut dru&scaron;tvenih znanosti Ivo Pilar","description":"Pilar","potentialAction":[{"@type":"SearchAction","target":{"@type":"EntryPoint","urlTemplate":"https:\/\/www.vegaintro-projekti.com\/pilar-stari\/?s={search_term_string}"},"query-input":"required name=search_term_string"}],"inLanguage":"hr"},{"@type":"Person","@id":"https:\/\/www.vegaintro-projekti.com\/pilar-stari\/#\/schema\/person\/ddd404c9f1e15e4ffef5986ac6a5d28b","name":"Boris","image":{"@type":"ImageObject","inLanguage":"hr","@id":"https:\/\/www.vegaintro-projekti.com\/pilar-stari\/#\/schema\/person\/image\/","url":"https:\/\/secure.gravatar.com\/avatar\/29557b161a6ce6ab86ac1503164f1e90?s=96&d=mm&r=g","contentUrl":"https:\/\/secure.gravatar.com\/avatar\/29557b161a6ce6ab86ac1503164f1e90?s=96&d=mm&r=g","caption":"Boris"},"url":"https:\/\/www.vegaintro-projekti.com\/pilar-stari\/author\/boris\/"}]}},"_links":{"self":[{"href":"https:\/\/www.vegaintro-projekti.com\/pilar-stari\/wp-json\/wp\/v2\/posts\/35085"}],"collection":[{"href":"https:\/\/www.vegaintro-projekti.com\/pilar-stari\/wp-json\/wp\/v2\/posts"}],"about":[{"href":"https:\/\/www.vegaintro-projekti.com\/pilar-stari\/wp-json\/wp\/v2\/types\/post"}],"author":[{"embeddable":true,"href":"https:\/\/www.vegaintro-projekti.com\/pilar-stari\/wp-json\/wp\/v2\/users\/7"}],"replies":[{"embeddable":true,"href":"https:\/\/www.vegaintro-projekti.com\/pilar-stari\/wp-json\/wp\/v2\/comments?post=35085"}],"version-history":[{"count":4,"href":"https:\/\/www.vegaintro-projekti.com\/pilar-stari\/wp-json\/wp\/v2\/posts\/35085\/revisions"}],"predecessor-version":[{"id":35090,"href":"https:\/\/www.vegaintro-projekti.com\/pilar-stari\/wp-json\/wp\/v2\/posts\/35085\/revisions\/35090"}],"wp:featuredmedia":[{"embeddable":true,"href":"https:\/\/www.vegaintro-projekti.com\/pilar-stari\/wp-json\/wp\/v2\/media\/35083"}],"wp:attachment":[{"href":"https:\/\/www.vegaintro-projekti.com\/pilar-stari\/wp-json\/wp\/v2\/media?parent=35085"}],"wp:term":[{"taxonomy":"category","embeddable":true,"href":"https:\/\/www.vegaintro-projekti.com\/pilar-stari\/wp-json\/wp\/v2\/categories?post=35085"},{"taxonomy":"post_tag","embeddable":true,"href":"https:\/\/www.vegaintro-projekti.com\/pilar-stari\/wp-json\/wp\/v2\/tags?post=35085"}],"curies":[{"name":"wp","href":"https:\/\/api.w.org\/{rel}","templated":true}]}}