{"id":35096,"date":"2025-07-26T20:18:42","date_gmt":"2025-07-26T20:18:42","guid":{"rendered":"https:\/\/www.vegaintro-projekti.com\/pilar-stari\/?p=35096"},"modified":"2025-08-09T21:17:10","modified_gmt":"2025-08-09T21:17:10","slug":"doktorand-aysberg-samil-onlu-u-podrucnom-centru-u-vukovaru-pod-mentorstvom-dr-sc-sandre-cvikic-23-6-30-7-2025","status":"publish","type":"post","link":"https:\/\/www.vegaintro-projekti.com\/pilar-stari\/2025\/07\/doktorand-aysberg-samil-onlu-u-podrucnom-centru-u-vukovaru-pod-mentorstvom-dr-sc-sandre-cvikic-23-6-30-7-2025\/","title":{"rendered":"Doktorand Aysberg \u015eamil \u00d6nl\u00fc u Podru\u010dnom centru u Vukovaru pod mentorstvom dr. sc. Sandre Cviki\u0107, 23. 6. &#8211; 30. 7. 2025."},"content":{"rendered":"<p><strong>U sklopu Erasus+ programa Student Mobility for Traineeship za akademsku godinu 2024.\/2025. Aysberg \u015eamil \u00d6nl\u00fc, doktorand na poslijediplomskom studiju na Sveu\u010dili\u0161tu u Ankari (Poslijediplomski program zdravstvenih znanosti) boravio je u Podru\u010dnom centru Vukovar od 23. lipnja do 30. srpnja 2025. godine<\/strong><\/p>\n<div class=\"wp-block-image\">\n<p><a href=\"https:\/\/www.vegaintro-projekti.com\/pilar-stari\/wp-content\/uploads\/2025\/07\/IMG_1-7-scaled.jpg\"><img decoding=\"async\" loading=\"lazy\" class=\"alignnone wp-image-35092 size-full\" src=\"https:\/\/www.vegaintro-projekti.com\/pilar-stari\/wp-content\/uploads\/2025\/07\/IMG_1s-7.jpg\" alt=\"i1\" width=\"620\" height=\"360\" srcset=\"https:\/\/www.vegaintro-projekti.com\/pilar-stari\/wp-content\/uploads\/2025\/07\/IMG_1s-7.jpg 620w, https:\/\/www.vegaintro-projekti.com\/pilar-stari\/wp-content\/uploads\/2025\/07\/IMG_1s-7-300x174.jpg 300w\" sizes=\"(max-width: 620px) 100vw, 620px\" \/><\/a><a href=\"https:\/\/www.vegaintro-projekti.com\/pilar-stari\/wp-content\/uploads\/2025\/07\/IMG_2-7.jpg\"><img decoding=\"async\" loading=\"lazy\" class=\"alignnone wp-image-35095 size-full\" src=\"https:\/\/www.vegaintro-projekti.com\/pilar-stari\/wp-content\/uploads\/2025\/07\/IMG_2s-7.jpg\" alt=\"i2\" width=\"620\" height=\"368\" srcset=\"https:\/\/www.vegaintro-projekti.com\/pilar-stari\/wp-content\/uploads\/2025\/07\/IMG_2s-7.jpg 620w, https:\/\/www.vegaintro-projekti.com\/pilar-stari\/wp-content\/uploads\/2025\/07\/IMG_2s-7-300x178.jpg 300w\" sizes=\"(max-width: 620px) 100vw, 620px\" \/><\/a><\/p>\n<\/div>\n<p><strong>Svrha boravka<\/strong> bila je usvojiti vje\u0161tine i kompetencije za planiranje i provedbu kvalitativnih znanstvenih istra\u017eivanja. Tijekom svog studijskog boravka pro\u0161ao je obuku i edukaciju vezanu za primjenu kvalitativnih znanstvenoistra\u017eiva\u010dkih metodologija u dru\u0161tvenim znanostima, s fokusom na izradu individualnog istra\u017eiva\u010dkog projektnog prijedloga. Kao rezultat njegova boravka a pod mentorstvom dr. sc. Sandre Cviki\u0107, Aysberg \u015eamil \u00d6nl\u00fc izradio je znanstvenoistra\u017eiva\u010dki projektni prijedlog pod naslovom \u201eTransgenderism in Sport \u2013 Biology vs. Ideology: A Case Study of Turkey\u201c.<\/p>\n<blockquote><p><a href=\"https:\/\/www.vegaintro-projekti.com\/pilar-stari\/2018\/04\/podruni-centar-vukovar-2\/\">Podru\u010dni centar Vukovar<\/a><\/p><\/blockquote>\n","protected":false},"excerpt":{"rendered":"<p>U sklopu Erasus+ programa Student Mobility for Traineeship za akademsku godinu 2024.\/2025. Aysberg \u015eamil \u00d6nl\u00fc, doktorand na poslijediplomskom studiju na Sveu\u010dili\u0161tu u Ankari (Poslijediplomski program zdravstvenih znanosti) boravio je u Podru\u010dnom centru Vukovar od 23. lipnja do 30. srpnja 2025. godine Svrha boravka bila je usvojiti vje\u0161tine i kompetencije za planiranje i provedbu kvalitativnih znanstvenih&hellip; <a class=\"continue\" href=\"https:\/\/www.vegaintro-projekti.com\/pilar-stari\/2025\/07\/doktorand-aysberg-samil-onlu-u-podrucnom-centru-u-vukovaru-pod-mentorstvom-dr-sc-sandre-cvikic-23-6-30-7-2025\/\">Pro\u010ditaj vi\u0161e o<span> Doktorand Aysberg \u015eamil \u00d6nl\u00fc u Podru\u010dnom centru u Vukovaru pod mentorstvom dr. sc. Sandre Cviki\u0107, 23. 6. &#8211; 30. 7. 2025.<\/span><\/a><\/p>\n","protected":false},"author":7,"featured_media":35094,"comment_status":"closed","ping_status":"closed","sticky":false,"template":"","format":"standard","meta":{"inline_featured_image":false,"ngg_post_thumbnail":0,"footnotes":""},"categories":[9],"tags":[],"yoast_head":"<!-- This site is optimized with the Yoast SEO plugin v21.2 - https:\/\/yoast.com\/wordpress\/plugins\/seo\/ -->\n<title>Doktorand Aysberg \u015eamil \u00d6nl\u00fc u Podru\u010dnom centru u Vukovaru pod mentorstvom dr. sc. Sandre Cviki\u0107, 23. 6. - 30. 7. 2025. - Institut dru&scaron;tvenih znanosti Ivo Pilar<\/title>\n<meta name=\"robots\" content=\"noindex, follow, max-snippet:-1, max-image-preview:large, max-video-preview:-1\" \/>\n<meta property=\"og:locale\" content=\"hr_HR\" \/>\n<meta property=\"og:type\" content=\"article\" \/>\n<meta property=\"og:title\" content=\"Doktorand Aysberg \u015eamil \u00d6nl\u00fc u Podru\u010dnom centru u Vukovaru pod mentorstvom dr. sc. Sandre Cviki\u0107, 23. 6. - 30. 7. 2025. - Institut dru&scaron;tvenih znanosti Ivo Pilar\" \/>\n<meta property=\"og:description\" content=\"U sklopu Erasus+ programa Student Mobility for Traineeship za akademsku godinu 2024.\/2025. Aysberg \u015eamil \u00d6nl\u00fc, doktorand na poslijediplomskom studiju na Sveu\u010dili\u0161tu u Ankari (Poslijediplomski program zdravstvenih znanosti) boravio je u Podru\u010dnom centru Vukovar od 23. lipnja do 30. srpnja 2025. godine Svrha boravka bila je usvojiti vje\u0161tine i kompetencije za planiranje i provedbu kvalitativnih znanstvenih&hellip; Pro\u010ditaj vi\u0161e o Doktorand Aysberg \u015eamil \u00d6nl\u00fc u Podru\u010dnom centru u Vukovaru pod mentorstvom dr. sc. Sandre Cviki\u0107, 23. 6. &#8211; 30. 7. 2025.\" \/>\n<meta property=\"og:url\" content=\"https:\/\/www.vegaintro-projekti.com\/pilar-stari\/2025\/07\/doktorand-aysberg-samil-onlu-u-podrucnom-centru-u-vukovaru-pod-mentorstvom-dr-sc-sandre-cvikic-23-6-30-7-2025\/\" \/>\n<meta property=\"og:site_name\" content=\"Institut dru&scaron;tvenih znanosti Ivo Pilar\" \/>\n<meta property=\"article:published_time\" content=\"2025-07-26T20:18:42+00:00\" \/>\n<meta property=\"article:modified_time\" content=\"2025-08-09T21:17:10+00:00\" \/>\n<meta property=\"og:image\" content=\"https:\/\/www.vegaintro-projekti.com\/pilar-stari\/wp-content\/uploads\/2025\/07\/IMG_2fi-1.jpg\" \/>\n\t<meta property=\"og:image:width\" content=\"500\" \/>\n\t<meta property=\"og:image:height\" content=\"221\" \/>\n\t<meta property=\"og:image:type\" content=\"image\/jpeg\" \/>\n<meta name=\"author\" content=\"Boris\" \/>\n<meta name=\"twitter:card\" content=\"summary_large_image\" \/>\n<meta name=\"twitter:label1\" content=\"Napisao\/la\" \/>\n\t<meta name=\"twitter:data1\" content=\"Boris\" \/>\n\t<meta name=\"twitter:label2\" content=\"Procijenjeno vrijeme \u010ditanja\" \/>\n\t<meta name=\"twitter:data2\" content=\"2 minute\" \/>\n<script type=\"application\/ld+json\" class=\"yoast-schema-graph\">{\"@context\":\"https:\/\/schema.org\",\"@graph\":[{\"@type\":\"WebPage\",\"@id\":\"https:\/\/www.vegaintro-projekti.com\/pilar-stari\/2025\/07\/doktorand-aysberg-samil-onlu-u-podrucnom-centru-u-vukovaru-pod-mentorstvom-dr-sc-sandre-cvikic-23-6-30-7-2025\/\",\"url\":\"https:\/\/www.vegaintro-projekti.com\/pilar-stari\/2025\/07\/doktorand-aysberg-samil-onlu-u-podrucnom-centru-u-vukovaru-pod-mentorstvom-dr-sc-sandre-cvikic-23-6-30-7-2025\/\",\"name\":\"Doktorand Aysberg \u015eamil \u00d6nl\u00fc u Podru\u010dnom centru u Vukovaru pod mentorstvom dr. sc. Sandre Cviki\u0107, 23. 6. - 30. 7. 2025. - Institut dru&scaron;tvenih znanosti Ivo Pilar\",\"isPartOf\":{\"@id\":\"https:\/\/www.vegaintro-projekti.com\/pilar-stari\/#website\"},\"datePublished\":\"2025-07-26T20:18:42+00:00\",\"dateModified\":\"2025-08-09T21:17:10+00:00\",\"author\":{\"@id\":\"https:\/\/www.vegaintro-projekti.com\/pilar-stari\/#\/schema\/person\/ddd404c9f1e15e4ffef5986ac6a5d28b\"},\"breadcrumb\":{\"@id\":\"https:\/\/www.vegaintro-projekti.com\/pilar-stari\/2025\/07\/doktorand-aysberg-samil-onlu-u-podrucnom-centru-u-vukovaru-pod-mentorstvom-dr-sc-sandre-cvikic-23-6-30-7-2025\/#breadcrumb\"},\"inLanguage\":\"hr\",\"potentialAction\":[{\"@type\":\"ReadAction\",\"target\":[\"https:\/\/www.vegaintro-projekti.com\/pilar-stari\/2025\/07\/doktorand-aysberg-samil-onlu-u-podrucnom-centru-u-vukovaru-pod-mentorstvom-dr-sc-sandre-cvikic-23-6-30-7-2025\/\"]}]},{\"@type\":\"BreadcrumbList\",\"@id\":\"https:\/\/www.vegaintro-projekti.com\/pilar-stari\/2025\/07\/doktorand-aysberg-samil-onlu-u-podrucnom-centru-u-vukovaru-pod-mentorstvom-dr-sc-sandre-cvikic-23-6-30-7-2025\/#breadcrumb\",\"itemListElement\":[{\"@type\":\"ListItem\",\"position\":1,\"name\":\"Home\",\"item\":\"https:\/\/www.vegaintro-projekti.com\/pilar-stari\/\"},{\"@type\":\"ListItem\",\"position\":2,\"name\":\"Doktorand Aysberg \u015eamil \u00d6nl\u00fc u Podru\u010dnom centru u Vukovaru pod mentorstvom dr. sc. Sandre Cviki\u0107, 23. 6. &#8211; 30. 7. 2025.\"}]},{\"@type\":\"WebSite\",\"@id\":\"https:\/\/www.vegaintro-projekti.com\/pilar-stari\/#website\",\"url\":\"https:\/\/www.vegaintro-projekti.com\/pilar-stari\/\",\"name\":\"Institut dru&scaron;tvenih znanosti Ivo Pilar\",\"description\":\"Pilar\",\"potentialAction\":[{\"@type\":\"SearchAction\",\"target\":{\"@type\":\"EntryPoint\",\"urlTemplate\":\"https:\/\/www.vegaintro-projekti.com\/pilar-stari\/?s={search_term_string}\"},\"query-input\":\"required name=search_term_string\"}],\"inLanguage\":\"hr\"},{\"@type\":\"Person\",\"@id\":\"https:\/\/www.vegaintro-projekti.com\/pilar-stari\/#\/schema\/person\/ddd404c9f1e15e4ffef5986ac6a5d28b\",\"name\":\"Boris\",\"image\":{\"@type\":\"ImageObject\",\"inLanguage\":\"hr\",\"@id\":\"https:\/\/www.vegaintro-projekti.com\/pilar-stari\/#\/schema\/person\/image\/\",\"url\":\"https:\/\/secure.gravatar.com\/avatar\/29557b161a6ce6ab86ac1503164f1e90?s=96&d=mm&r=g\",\"contentUrl\":\"https:\/\/secure.gravatar.com\/avatar\/29557b161a6ce6ab86ac1503164f1e90?s=96&d=mm&r=g\",\"caption\":\"Boris\"},\"url\":\"https:\/\/www.vegaintro-projekti.com\/pilar-stari\/author\/boris\/\"}]}<\/script>\n<!-- \/ Yoast SEO plugin. -->","yoast_head_json":{"title":"Doktorand Aysberg \u015eamil \u00d6nl\u00fc u Podru\u010dnom centru u Vukovaru pod mentorstvom dr. sc. Sandre Cviki\u0107, 23. 6. - 30. 7. 2025. - Institut dru&scaron;tvenih znanosti Ivo Pilar","robots":{"index":"noindex","follow":"follow","max-snippet":"max-snippet:-1","max-image-preview":"max-image-preview:large","max-video-preview":"max-video-preview:-1"},"og_locale":"hr_HR","og_type":"article","og_title":"Doktorand Aysberg \u015eamil \u00d6nl\u00fc u Podru\u010dnom centru u Vukovaru pod mentorstvom dr. sc. Sandre Cviki\u0107, 23. 6. - 30. 7. 2025. - Institut dru&scaron;tvenih znanosti Ivo Pilar","og_description":"U sklopu Erasus+ programa Student Mobility for Traineeship za akademsku godinu 2024.\/2025. Aysberg \u015eamil \u00d6nl\u00fc, doktorand na poslijediplomskom studiju na Sveu\u010dili\u0161tu u Ankari (Poslijediplomski program zdravstvenih znanosti) boravio je u Podru\u010dnom centru Vukovar od 23. lipnja do 30. srpnja 2025. godine Svrha boravka bila je usvojiti vje\u0161tine i kompetencije za planiranje i provedbu kvalitativnih znanstvenih&hellip; Pro\u010ditaj vi\u0161e o Doktorand Aysberg \u015eamil \u00d6nl\u00fc u Podru\u010dnom centru u Vukovaru pod mentorstvom dr. sc. Sandre Cviki\u0107, 23. 6. &#8211; 30. 7. 2025.","og_url":"https:\/\/www.vegaintro-projekti.com\/pilar-stari\/2025\/07\/doktorand-aysberg-samil-onlu-u-podrucnom-centru-u-vukovaru-pod-mentorstvom-dr-sc-sandre-cvikic-23-6-30-7-2025\/","og_site_name":"Institut dru&scaron;tvenih znanosti Ivo Pilar","article_published_time":"2025-07-26T20:18:42+00:00","article_modified_time":"2025-08-09T21:17:10+00:00","og_image":[{"width":500,"height":221,"url":"https:\/\/www.vegaintro-projekti.com\/pilar-stari\/wp-content\/uploads\/2025\/07\/IMG_2fi-1.jpg","type":"image\/jpeg"}],"author":"Boris","twitter_card":"summary_large_image","twitter_misc":{"Napisao\/la":"Boris","Procijenjeno vrijeme \u010ditanja":"2 minute"},"schema":{"@context":"https:\/\/schema.org","@graph":[{"@type":"WebPage","@id":"https:\/\/www.vegaintro-projekti.com\/pilar-stari\/2025\/07\/doktorand-aysberg-samil-onlu-u-podrucnom-centru-u-vukovaru-pod-mentorstvom-dr-sc-sandre-cvikic-23-6-30-7-2025\/","url":"https:\/\/www.vegaintro-projekti.com\/pilar-stari\/2025\/07\/doktorand-aysberg-samil-onlu-u-podrucnom-centru-u-vukovaru-pod-mentorstvom-dr-sc-sandre-cvikic-23-6-30-7-2025\/","name":"Doktorand Aysberg \u015eamil \u00d6nl\u00fc u Podru\u010dnom centru u Vukovaru pod mentorstvom dr. sc. Sandre Cviki\u0107, 23. 6. - 30. 7. 2025. - Institut dru&scaron;tvenih znanosti Ivo Pilar","isPartOf":{"@id":"https:\/\/www.vegaintro-projekti.com\/pilar-stari\/#website"},"datePublished":"2025-07-26T20:18:42+00:00","dateModified":"2025-08-09T21:17:10+00:00","author":{"@id":"https:\/\/www.vegaintro-projekti.com\/pilar-stari\/#\/schema\/person\/ddd404c9f1e15e4ffef5986ac6a5d28b"},"breadcrumb":{"@id":"https:\/\/www.vegaintro-projekti.com\/pilar-stari\/2025\/07\/doktorand-aysberg-samil-onlu-u-podrucnom-centru-u-vukovaru-pod-mentorstvom-dr-sc-sandre-cvikic-23-6-30-7-2025\/#breadcrumb"},"inLanguage":"hr","potentialAction":[{"@type":"ReadAction","target":["https:\/\/www.vegaintro-projekti.com\/pilar-stari\/2025\/07\/doktorand-aysberg-samil-onlu-u-podrucnom-centru-u-vukovaru-pod-mentorstvom-dr-sc-sandre-cvikic-23-6-30-7-2025\/"]}]},{"@type":"BreadcrumbList","@id":"https:\/\/www.vegaintro-projekti.com\/pilar-stari\/2025\/07\/doktorand-aysberg-samil-onlu-u-podrucnom-centru-u-vukovaru-pod-mentorstvom-dr-sc-sandre-cvikic-23-6-30-7-2025\/#breadcrumb","itemListElement":[{"@type":"ListItem","position":1,"name":"Home","item":"https:\/\/www.vegaintro-projekti.com\/pilar-stari\/"},{"@type":"ListItem","position":2,"name":"Doktorand Aysberg \u015eamil \u00d6nl\u00fc u Podru\u010dnom centru u Vukovaru pod mentorstvom dr. sc. Sandre Cviki\u0107, 23. 6. &#8211; 30. 7. 2025."}]},{"@type":"WebSite","@id":"https:\/\/www.vegaintro-projekti.com\/pilar-stari\/#website","url":"https:\/\/www.vegaintro-projekti.com\/pilar-stari\/","name":"Institut dru&scaron;tvenih znanosti Ivo Pilar","description":"Pilar","potentialAction":[{"@type":"SearchAction","target":{"@type":"EntryPoint","urlTemplate":"https:\/\/www.vegaintro-projekti.com\/pilar-stari\/?s={search_term_string}"},"query-input":"required name=search_term_string"}],"inLanguage":"hr"},{"@type":"Person","@id":"https:\/\/www.vegaintro-projekti.com\/pilar-stari\/#\/schema\/person\/ddd404c9f1e15e4ffef5986ac6a5d28b","name":"Boris","image":{"@type":"ImageObject","inLanguage":"hr","@id":"https:\/\/www.vegaintro-projekti.com\/pilar-stari\/#\/schema\/person\/image\/","url":"https:\/\/secure.gravatar.com\/avatar\/29557b161a6ce6ab86ac1503164f1e90?s=96&d=mm&r=g","contentUrl":"https:\/\/secure.gravatar.com\/avatar\/29557b161a6ce6ab86ac1503164f1e90?s=96&d=mm&r=g","caption":"Boris"},"url":"https:\/\/www.vegaintro-projekti.com\/pilar-stari\/author\/boris\/"}]}},"_links":{"self":[{"href":"https:\/\/www.vegaintro-projekti.com\/pilar-stari\/wp-json\/wp\/v2\/posts\/35096"}],"collection":[{"href":"https:\/\/www.vegaintro-projekti.com\/pilar-stari\/wp-json\/wp\/v2\/posts"}],"about":[{"href":"https:\/\/www.vegaintro-projekti.com\/pilar-stari\/wp-json\/wp\/v2\/types\/post"}],"author":[{"embeddable":true,"href":"https:\/\/www.vegaintro-projekti.com\/pilar-stari\/wp-json\/wp\/v2\/users\/7"}],"replies":[{"embeddable":true,"href":"https:\/\/www.vegaintro-projekti.com\/pilar-stari\/wp-json\/wp\/v2\/comments?post=35096"}],"version-history":[{"count":3,"href":"https:\/\/www.vegaintro-projekti.com\/pilar-stari\/wp-json\/wp\/v2\/posts\/35096\/revisions"}],"predecessor-version":[{"id":35099,"href":"https:\/\/www.vegaintro-projekti.com\/pilar-stari\/wp-json\/wp\/v2\/posts\/35096\/revisions\/35099"}],"wp:featuredmedia":[{"embeddable":true,"href":"https:\/\/www.vegaintro-projekti.com\/pilar-stari\/wp-json\/wp\/v2\/media\/35094"}],"wp:attachment":[{"href":"https:\/\/www.vegaintro-projekti.com\/pilar-stari\/wp-json\/wp\/v2\/media?parent=35096"}],"wp:term":[{"taxonomy":"category","embeddable":true,"href":"https:\/\/www.vegaintro-projekti.com\/pilar-stari\/wp-json\/wp\/v2\/categories?post=35096"},{"taxonomy":"post_tag","embeddable":true,"href":"https:\/\/www.vegaintro-projekti.com\/pilar-stari\/wp-json\/wp\/v2\/tags?post=35096"}],"curies":[{"name":"wp","href":"https:\/\/api.w.org\/{rel}","templated":true}]}}