{"id":35183,"date":"2025-08-25T17:09:07","date_gmt":"2025-08-25T17:09:07","guid":{"rendered":"https:\/\/www.vegaintro-projekti.com\/pilar-stari\/?p=35183"},"modified":"2025-08-25T17:21:05","modified_gmt":"2025-08-25T17:21:05","slug":"mr-sc-mirko-petric-na-studijskom-boravku-na-sveucilistu-u-grazu-7-7-5-8-2025","status":"publish","type":"post","link":"https:\/\/www.vegaintro-projekti.com\/pilar-stari\/2025\/08\/mr-sc-mirko-petric-na-studijskom-boravku-na-sveucilistu-u-grazu-7-7-5-8-2025\/","title":{"rendered":"Mr. sc. Mirko Petri\u0107 na studijskom boravku na Sveu\u010dili\u0161tu u Grazu, 7. 7. &#8211; 5. 8. 2025."},"content":{"rendered":"<p><strong>U razdoblju od 7. srpnja do 5. kolovoza 2025., mr. sc. Mirko Petri\u0107 bio je u studijskom posjetu Sveu\u010dili\u0161tu u Grazu, Austrija. Tro\u0161kovi boravka u Grazu pokriveni su freemover stipendijom Central European Exchange Program for University Studies (CEEPUS) a odvijao se u okviru aktivnosti predvi\u0111enih planom projekta \u201ePromjene rodnih odnosa u Hrvatskoj\u201c (NextGenderHR)<\/strong><\/p>\n<div class=\"wp-block-image\">\n<p><a href=\"https:\/\/www.vegaintro-projekti.com\/pilar-stari\/wp-content\/uploads\/2025\/08\/image_3.jpg\"><img decoding=\"async\" loading=\"lazy\" class=\"alignnone wp-image-35179 size-full\" src=\"https:\/\/www.vegaintro-projekti.com\/pilar-stari\/wp-content\/uploads\/2025\/08\/image_3s.jpg\" alt=\"i1\" width=\"620\" height=\"351\" srcset=\"https:\/\/www.vegaintro-projekti.com\/pilar-stari\/wp-content\/uploads\/2025\/08\/image_3s.jpg 620w, https:\/\/www.vegaintro-projekti.com\/pilar-stari\/wp-content\/uploads\/2025\/08\/image_3s-300x170.jpg 300w\" sizes=\"(max-width: 620px) 100vw, 620px\" \/><\/a><a href=\"https:\/\/www.vegaintro-projekti.com\/pilar-stari\/wp-content\/uploads\/2025\/08\/image_4.jpg\"><img decoding=\"async\" loading=\"lazy\" class=\"alignnone wp-image-35182 size-full\" src=\"https:\/\/www.vegaintro-projekti.com\/pilar-stari\/wp-content\/uploads\/2025\/08\/image_4s.jpg\" alt=\"i2\" width=\"620\" height=\"352\" srcset=\"https:\/\/www.vegaintro-projekti.com\/pilar-stari\/wp-content\/uploads\/2025\/08\/image_4s.jpg 620w, https:\/\/www.vegaintro-projekti.com\/pilar-stari\/wp-content\/uploads\/2025\/08\/image_4s-300x170.jpg 300w\" sizes=\"(max-width: 620px) 100vw, 620px\" \/><\/a><a href=\"https:\/\/www.vegaintro-projekti.com\/pilar-stari\/wp-content\/uploads\/2025\/08\/image_1.jpg\"><img decoding=\"async\" loading=\"lazy\" class=\"alignnone wp-image-35175 size-full\" src=\"https:\/\/www.vegaintro-projekti.com\/pilar-stari\/wp-content\/uploads\/2025\/08\/image_1s.jpg\" alt=\"i3\" width=\"620\" height=\"346\" srcset=\"https:\/\/www.vegaintro-projekti.com\/pilar-stari\/wp-content\/uploads\/2025\/08\/image_1s.jpg 620w, https:\/\/www.vegaintro-projekti.com\/pilar-stari\/wp-content\/uploads\/2025\/08\/image_1s-300x167.jpg 300w\" sizes=\"(max-width: 620px) 100vw, 620px\" \/><\/a><a href=\"https:\/\/www.vegaintro-projekti.com\/pilar-stari\/wp-content\/uploads\/2025\/08\/image_2.jpg\"><img decoding=\"async\" loading=\"lazy\" class=\"alignnone wp-image-35177 size-full\" src=\"https:\/\/www.vegaintro-projekti.com\/pilar-stari\/wp-content\/uploads\/2025\/08\/image_2s.jpg\" alt=\"i4\" width=\"620\" height=\"355\" srcset=\"https:\/\/www.vegaintro-projekti.com\/pilar-stari\/wp-content\/uploads\/2025\/08\/image_2s.jpg 620w, https:\/\/www.vegaintro-projekti.com\/pilar-stari\/wp-content\/uploads\/2025\/08\/image_2s-300x172.jpg 300w\" sizes=\"(max-width: 620px) 100vw, 620px\" \/><\/a><\/p>\n<\/div>\n<p><strong>U prvom dijelu<\/strong> studijskog posjeta (7.-19. srpnja 2025.), mr. sc. Mirko Petri\u0107 vodio je seminarski modul <em>Media and Society in a Post-Digital Age<\/em> (27 sati nastave), u okviru Graz International Summer School Seggau. U okviru iste ljetne \u0161kole, odr\u017eao je i plenarno predavanje <em>Media Systems: From Global Visions to Renationalized Conceptions?<\/em>.<\/p>\n<p><strong>U drugom dijelu<\/strong> boravka (19. srpnja \u2013 5. kolovoza 2025.), s doma\u0107inima boravka razmatrane su mogu\u0107nosti produbljenja suradnje s Institutom dru\u0161tvenih znanosti Ivo Pilar, koje se otvaraju pokretanjem Graz School of Interdisciplinary Transnational Studies. Tijekom drugog dijela boravka, mr. sc. Mirko Petri\u0107 radio je na pripremi prijave novog znanstvenog projekta u okviru poziva Obzor Europa, koriste\u0107i se pritom resursima Sveu\u010dili\u0161ta u Grazu. Odr\u017eao je tako\u0111er i niz konzultacija sa studentima\/cama te akademskim osobljem, u okviru kojih je diseminirao dosad dostupne rezultate NextGenerationEU projekata Instituta Pilar.<\/p>\n<p><strong>Studijski boravak<\/strong> (znanstvena mobilnost u trajanju od 30 dana) odvijao se u okviru aktivnosti predvi\u0111enih planom projekta \u201ePromjene rodnih odnosa u Hrvatskoj\u201c (NextGenderHR), (01\/08-73\/23-2519-9), financiranog iz sredstava programa NextGenerationEU.<\/p>\n<blockquote><p><a href=\"https:\/\/www.vegaintro-projekti.com\/pilar-stari\/2024\/04\/projekt-nextgenderhr-promjene-rodnih-odnosa-u-hrvatskoj\/\">Projekt NextGenderHR<\/a><\/p><\/blockquote>\n","protected":false},"excerpt":{"rendered":"<p>U razdoblju od 7. srpnja do 5. kolovoza 2025., mr. sc. Mirko Petri\u0107 bio je u studijskom posjetu Sveu\u010dili\u0161tu u Grazu, Austrija. Tro\u0161kovi boravka u Grazu pokriveni su freemover stipendijom Central European Exchange Program for University Studies (CEEPUS) a odvijao se u okviru aktivnosti predvi\u0111enih planom projekta \u201ePromjene rodnih odnosa u Hrvatskoj\u201c (NextGenderHR) U prvom&hellip; <a class=\"continue\" href=\"https:\/\/www.vegaintro-projekti.com\/pilar-stari\/2025\/08\/mr-sc-mirko-petric-na-studijskom-boravku-na-sveucilistu-u-grazu-7-7-5-8-2025\/\">Pro\u010ditaj vi\u0161e o<span> Mr. sc. Mirko Petri\u0107 na studijskom boravku na Sveu\u010dili\u0161tu u Grazu, 7. 7. &#8211; 5. 8. 2025.<\/span><\/a><\/p>\n","protected":false},"author":7,"featured_media":35182,"comment_status":"closed","ping_status":"closed","sticky":false,"template":"","format":"standard","meta":{"inline_featured_image":false,"ngg_post_thumbnail":0,"footnotes":""},"categories":[48,29],"tags":[],"yoast_head":"<!-- This site is optimized with the Yoast SEO plugin v21.2 - https:\/\/yoast.com\/wordpress\/plugins\/seo\/ -->\n<title>Mr. sc. Mirko Petri\u0107 na studijskom boravku na Sveu\u010dili\u0161tu u Grazu, 7. 7. - 5. 8. 2025. - Institut dru&scaron;tvenih znanosti Ivo Pilar<\/title>\n<meta name=\"robots\" content=\"noindex, follow, max-snippet:-1, max-image-preview:large, max-video-preview:-1\" \/>\n<meta property=\"og:locale\" content=\"hr_HR\" \/>\n<meta property=\"og:type\" content=\"article\" \/>\n<meta property=\"og:title\" content=\"Mr. sc. Mirko Petri\u0107 na studijskom boravku na Sveu\u010dili\u0161tu u Grazu, 7. 7. - 5. 8. 2025. - Institut dru&scaron;tvenih znanosti Ivo Pilar\" \/>\n<meta property=\"og:description\" content=\"U razdoblju od 7. srpnja do 5. kolovoza 2025., mr. sc. Mirko Petri\u0107 bio je u studijskom posjetu Sveu\u010dili\u0161tu u Grazu, Austrija. Tro\u0161kovi boravka u Grazu pokriveni su freemover stipendijom Central European Exchange Program for University Studies (CEEPUS) a odvijao se u okviru aktivnosti predvi\u0111enih planom projekta \u201ePromjene rodnih odnosa u Hrvatskoj\u201c (NextGenderHR) U prvom&hellip; Pro\u010ditaj vi\u0161e o Mr. sc. Mirko Petri\u0107 na studijskom boravku na Sveu\u010dili\u0161tu u Grazu, 7. 7. &#8211; 5. 8. 2025.\" \/>\n<meta property=\"og:url\" content=\"https:\/\/www.vegaintro-projekti.com\/pilar-stari\/2025\/08\/mr-sc-mirko-petric-na-studijskom-boravku-na-sveucilistu-u-grazu-7-7-5-8-2025\/\" \/>\n<meta property=\"og:site_name\" content=\"Institut dru&scaron;tvenih znanosti Ivo Pilar\" \/>\n<meta property=\"article:published_time\" content=\"2025-08-25T17:09:07+00:00\" \/>\n<meta property=\"article:modified_time\" content=\"2025-08-25T17:21:05+00:00\" \/>\n<meta property=\"og:image\" content=\"https:\/\/www.vegaintro-projekti.com\/pilar-stari\/wp-content\/uploads\/2025\/08\/image_4s.jpg\" \/>\n\t<meta property=\"og:image:width\" content=\"620\" \/>\n\t<meta property=\"og:image:height\" content=\"352\" \/>\n\t<meta property=\"og:image:type\" content=\"image\/jpeg\" \/>\n<meta name=\"author\" content=\"Boris\" \/>\n<meta name=\"twitter:card\" content=\"summary_large_image\" \/>\n<meta name=\"twitter:label1\" content=\"Napisao\/la\" \/>\n\t<meta name=\"twitter:data1\" content=\"Boris\" \/>\n\t<meta name=\"twitter:label2\" content=\"Procijenjeno vrijeme \u010ditanja\" \/>\n\t<meta name=\"twitter:data2\" content=\"2 minute\" \/>\n<script type=\"application\/ld+json\" class=\"yoast-schema-graph\">{\"@context\":\"https:\/\/schema.org\",\"@graph\":[{\"@type\":\"WebPage\",\"@id\":\"https:\/\/www.vegaintro-projekti.com\/pilar-stari\/2025\/08\/mr-sc-mirko-petric-na-studijskom-boravku-na-sveucilistu-u-grazu-7-7-5-8-2025\/\",\"url\":\"https:\/\/www.vegaintro-projekti.com\/pilar-stari\/2025\/08\/mr-sc-mirko-petric-na-studijskom-boravku-na-sveucilistu-u-grazu-7-7-5-8-2025\/\",\"name\":\"Mr. sc. Mirko Petri\u0107 na studijskom boravku na Sveu\u010dili\u0161tu u Grazu, 7. 7. - 5. 8. 2025. - Institut dru&scaron;tvenih znanosti Ivo Pilar\",\"isPartOf\":{\"@id\":\"https:\/\/www.vegaintro-projekti.com\/pilar-stari\/#website\"},\"datePublished\":\"2025-08-25T17:09:07+00:00\",\"dateModified\":\"2025-08-25T17:21:05+00:00\",\"author\":{\"@id\":\"https:\/\/www.vegaintro-projekti.com\/pilar-stari\/#\/schema\/person\/ddd404c9f1e15e4ffef5986ac6a5d28b\"},\"breadcrumb\":{\"@id\":\"https:\/\/www.vegaintro-projekti.com\/pilar-stari\/2025\/08\/mr-sc-mirko-petric-na-studijskom-boravku-na-sveucilistu-u-grazu-7-7-5-8-2025\/#breadcrumb\"},\"inLanguage\":\"hr\",\"potentialAction\":[{\"@type\":\"ReadAction\",\"target\":[\"https:\/\/www.vegaintro-projekti.com\/pilar-stari\/2025\/08\/mr-sc-mirko-petric-na-studijskom-boravku-na-sveucilistu-u-grazu-7-7-5-8-2025\/\"]}]},{\"@type\":\"BreadcrumbList\",\"@id\":\"https:\/\/www.vegaintro-projekti.com\/pilar-stari\/2025\/08\/mr-sc-mirko-petric-na-studijskom-boravku-na-sveucilistu-u-grazu-7-7-5-8-2025\/#breadcrumb\",\"itemListElement\":[{\"@type\":\"ListItem\",\"position\":1,\"name\":\"Home\",\"item\":\"https:\/\/www.vegaintro-projekti.com\/pilar-stari\/\"},{\"@type\":\"ListItem\",\"position\":2,\"name\":\"Mr. sc. Mirko Petri\u0107 na studijskom boravku na Sveu\u010dili\u0161tu u Grazu, 7. 7. &#8211; 5. 8. 2025.\"}]},{\"@type\":\"WebSite\",\"@id\":\"https:\/\/www.vegaintro-projekti.com\/pilar-stari\/#website\",\"url\":\"https:\/\/www.vegaintro-projekti.com\/pilar-stari\/\",\"name\":\"Institut dru&scaron;tvenih znanosti Ivo Pilar\",\"description\":\"Pilar\",\"potentialAction\":[{\"@type\":\"SearchAction\",\"target\":{\"@type\":\"EntryPoint\",\"urlTemplate\":\"https:\/\/www.vegaintro-projekti.com\/pilar-stari\/?s={search_term_string}\"},\"query-input\":\"required name=search_term_string\"}],\"inLanguage\":\"hr\"},{\"@type\":\"Person\",\"@id\":\"https:\/\/www.vegaintro-projekti.com\/pilar-stari\/#\/schema\/person\/ddd404c9f1e15e4ffef5986ac6a5d28b\",\"name\":\"Boris\",\"image\":{\"@type\":\"ImageObject\",\"inLanguage\":\"hr\",\"@id\":\"https:\/\/www.vegaintro-projekti.com\/pilar-stari\/#\/schema\/person\/image\/\",\"url\":\"https:\/\/secure.gravatar.com\/avatar\/29557b161a6ce6ab86ac1503164f1e90?s=96&d=mm&r=g\",\"contentUrl\":\"https:\/\/secure.gravatar.com\/avatar\/29557b161a6ce6ab86ac1503164f1e90?s=96&d=mm&r=g\",\"caption\":\"Boris\"},\"url\":\"https:\/\/www.vegaintro-projekti.com\/pilar-stari\/author\/boris\/\"}]}<\/script>\n<!-- \/ Yoast SEO plugin. -->","yoast_head_json":{"title":"Mr. sc. Mirko Petri\u0107 na studijskom boravku na Sveu\u010dili\u0161tu u Grazu, 7. 7. - 5. 8. 2025. - Institut dru&scaron;tvenih znanosti Ivo Pilar","robots":{"index":"noindex","follow":"follow","max-snippet":"max-snippet:-1","max-image-preview":"max-image-preview:large","max-video-preview":"max-video-preview:-1"},"og_locale":"hr_HR","og_type":"article","og_title":"Mr. sc. Mirko Petri\u0107 na studijskom boravku na Sveu\u010dili\u0161tu u Grazu, 7. 7. - 5. 8. 2025. - Institut dru&scaron;tvenih znanosti Ivo Pilar","og_description":"U razdoblju od 7. srpnja do 5. kolovoza 2025., mr. sc. Mirko Petri\u0107 bio je u studijskom posjetu Sveu\u010dili\u0161tu u Grazu, Austrija. Tro\u0161kovi boravka u Grazu pokriveni su freemover stipendijom Central European Exchange Program for University Studies (CEEPUS) a odvijao se u okviru aktivnosti predvi\u0111enih planom projekta \u201ePromjene rodnih odnosa u Hrvatskoj\u201c (NextGenderHR) U prvom&hellip; Pro\u010ditaj vi\u0161e o Mr. sc. Mirko Petri\u0107 na studijskom boravku na Sveu\u010dili\u0161tu u Grazu, 7. 7. &#8211; 5. 8. 2025.","og_url":"https:\/\/www.vegaintro-projekti.com\/pilar-stari\/2025\/08\/mr-sc-mirko-petric-na-studijskom-boravku-na-sveucilistu-u-grazu-7-7-5-8-2025\/","og_site_name":"Institut dru&scaron;tvenih znanosti Ivo Pilar","article_published_time":"2025-08-25T17:09:07+00:00","article_modified_time":"2025-08-25T17:21:05+00:00","og_image":[{"width":620,"height":352,"url":"https:\/\/www.vegaintro-projekti.com\/pilar-stari\/wp-content\/uploads\/2025\/08\/image_4s.jpg","type":"image\/jpeg"}],"author":"Boris","twitter_card":"summary_large_image","twitter_misc":{"Napisao\/la":"Boris","Procijenjeno vrijeme \u010ditanja":"2 minute"},"schema":{"@context":"https:\/\/schema.org","@graph":[{"@type":"WebPage","@id":"https:\/\/www.vegaintro-projekti.com\/pilar-stari\/2025\/08\/mr-sc-mirko-petric-na-studijskom-boravku-na-sveucilistu-u-grazu-7-7-5-8-2025\/","url":"https:\/\/www.vegaintro-projekti.com\/pilar-stari\/2025\/08\/mr-sc-mirko-petric-na-studijskom-boravku-na-sveucilistu-u-grazu-7-7-5-8-2025\/","name":"Mr. sc. Mirko Petri\u0107 na studijskom boravku na Sveu\u010dili\u0161tu u Grazu, 7. 7. - 5. 8. 2025. - Institut dru&scaron;tvenih znanosti Ivo Pilar","isPartOf":{"@id":"https:\/\/www.vegaintro-projekti.com\/pilar-stari\/#website"},"datePublished":"2025-08-25T17:09:07+00:00","dateModified":"2025-08-25T17:21:05+00:00","author":{"@id":"https:\/\/www.vegaintro-projekti.com\/pilar-stari\/#\/schema\/person\/ddd404c9f1e15e4ffef5986ac6a5d28b"},"breadcrumb":{"@id":"https:\/\/www.vegaintro-projekti.com\/pilar-stari\/2025\/08\/mr-sc-mirko-petric-na-studijskom-boravku-na-sveucilistu-u-grazu-7-7-5-8-2025\/#breadcrumb"},"inLanguage":"hr","potentialAction":[{"@type":"ReadAction","target":["https:\/\/www.vegaintro-projekti.com\/pilar-stari\/2025\/08\/mr-sc-mirko-petric-na-studijskom-boravku-na-sveucilistu-u-grazu-7-7-5-8-2025\/"]}]},{"@type":"BreadcrumbList","@id":"https:\/\/www.vegaintro-projekti.com\/pilar-stari\/2025\/08\/mr-sc-mirko-petric-na-studijskom-boravku-na-sveucilistu-u-grazu-7-7-5-8-2025\/#breadcrumb","itemListElement":[{"@type":"ListItem","position":1,"name":"Home","item":"https:\/\/www.vegaintro-projekti.com\/pilar-stari\/"},{"@type":"ListItem","position":2,"name":"Mr. sc. Mirko Petri\u0107 na studijskom boravku na Sveu\u010dili\u0161tu u Grazu, 7. 7. &#8211; 5. 8. 2025."}]},{"@type":"WebSite","@id":"https:\/\/www.vegaintro-projekti.com\/pilar-stari\/#website","url":"https:\/\/www.vegaintro-projekti.com\/pilar-stari\/","name":"Institut dru&scaron;tvenih znanosti Ivo Pilar","description":"Pilar","potentialAction":[{"@type":"SearchAction","target":{"@type":"EntryPoint","urlTemplate":"https:\/\/www.vegaintro-projekti.com\/pilar-stari\/?s={search_term_string}"},"query-input":"required name=search_term_string"}],"inLanguage":"hr"},{"@type":"Person","@id":"https:\/\/www.vegaintro-projekti.com\/pilar-stari\/#\/schema\/person\/ddd404c9f1e15e4ffef5986ac6a5d28b","name":"Boris","image":{"@type":"ImageObject","inLanguage":"hr","@id":"https:\/\/www.vegaintro-projekti.com\/pilar-stari\/#\/schema\/person\/image\/","url":"https:\/\/secure.gravatar.com\/avatar\/29557b161a6ce6ab86ac1503164f1e90?s=96&d=mm&r=g","contentUrl":"https:\/\/secure.gravatar.com\/avatar\/29557b161a6ce6ab86ac1503164f1e90?s=96&d=mm&r=g","caption":"Boris"},"url":"https:\/\/www.vegaintro-projekti.com\/pilar-stari\/author\/boris\/"}]}},"_links":{"self":[{"href":"https:\/\/www.vegaintro-projekti.com\/pilar-stari\/wp-json\/wp\/v2\/posts\/35183"}],"collection":[{"href":"https:\/\/www.vegaintro-projekti.com\/pilar-stari\/wp-json\/wp\/v2\/posts"}],"about":[{"href":"https:\/\/www.vegaintro-projekti.com\/pilar-stari\/wp-json\/wp\/v2\/types\/post"}],"author":[{"embeddable":true,"href":"https:\/\/www.vegaintro-projekti.com\/pilar-stari\/wp-json\/wp\/v2\/users\/7"}],"replies":[{"embeddable":true,"href":"https:\/\/www.vegaintro-projekti.com\/pilar-stari\/wp-json\/wp\/v2\/comments?post=35183"}],"version-history":[{"count":6,"href":"https:\/\/www.vegaintro-projekti.com\/pilar-stari\/wp-json\/wp\/v2\/posts\/35183\/revisions"}],"predecessor-version":[{"id":35189,"href":"https:\/\/www.vegaintro-projekti.com\/pilar-stari\/wp-json\/wp\/v2\/posts\/35183\/revisions\/35189"}],"wp:featuredmedia":[{"embeddable":true,"href":"https:\/\/www.vegaintro-projekti.com\/pilar-stari\/wp-json\/wp\/v2\/media\/35182"}],"wp:attachment":[{"href":"https:\/\/www.vegaintro-projekti.com\/pilar-stari\/wp-json\/wp\/v2\/media?parent=35183"}],"wp:term":[{"taxonomy":"category","embeddable":true,"href":"https:\/\/www.vegaintro-projekti.com\/pilar-stari\/wp-json\/wp\/v2\/categories?post=35183"},{"taxonomy":"post_tag","embeddable":true,"href":"https:\/\/www.vegaintro-projekti.com\/pilar-stari\/wp-json\/wp\/v2\/tags?post=35183"}],"curies":[{"name":"wp","href":"https:\/\/api.w.org\/{rel}","templated":true}]}}