{"id":35234,"date":"2025-09-03T17:50:09","date_gmt":"2025-09-03T17:50:09","guid":{"rendered":"https:\/\/www.vegaintro-projekti.com\/pilar-stari\/?p=35234"},"modified":"2025-09-03T18:06:48","modified_gmt":"2025-09-03T18:06:48","slug":"znanstvenica-emerita-dr-sc-inga-tomic-koludrovic-i-mr-sc-mirko-petric-na-konferenciji-ersa-e-atena-26-29-8-2025","status":"publish","type":"post","link":"https:\/\/www.vegaintro-projekti.com\/pilar-stari\/2025\/09\/znanstvenica-emerita-dr-sc-inga-tomic-koludrovic-i-mr-sc-mirko-petric-na-konferenciji-ersa-e-atena-26-29-8-2025\/","title":{"rendered":"Znanstvenica emerita dr. sc. Inga Tomi\u0107-Koludrovi\u0107 i mr. sc. Mirko Petri\u0107 na konferenciji ERSA-e; Atena, 26.-29. 8. 2025."},"content":{"rendered":"<p><strong>Znanstvenica emerita dr. sc. Inga Tomi\u0107-Koludrovi\u0107 i mr. sc. Mirko Petri\u0107, u suautorstvu s dr. sc. Predragom Cveti\u010daninom, odr\u017eali su uvodno predavanje u tematskoj sesiji o digitalizaciji i nejednakostima u sklopu 64. konferencije Europske asocijacije za regionalne studije (ERSA), odr\u017eane u Ateni od 26. do 29. kolovoza 2025.<\/strong><\/p>\n<div class=\"wp-block-image\">\n<p><a href=\"https:\/\/www.vegaintro-projekti.com\/pilar-stari\/wp-content\/uploads\/2025\/09\/IMG_1.jpg\"><img decoding=\"async\" loading=\"lazy\" class=\"alignnone wp-image-35221 size-full\" src=\"https:\/\/www.vegaintro-projekti.com\/pilar-stari\/wp-content\/uploads\/2025\/09\/IMG_1.jpg\" alt=\"i1\" width=\"620\" height=\"176\" srcset=\"https:\/\/www.vegaintro-projekti.com\/pilar-stari\/wp-content\/uploads\/2025\/09\/IMG_1.jpg 620w, https:\/\/www.vegaintro-projekti.com\/pilar-stari\/wp-content\/uploads\/2025\/09\/IMG_1-300x85.jpg 300w\" sizes=\"(max-width: 620px) 100vw, 620px\" \/><\/a><a href=\"https:\/\/www.vegaintro-projekti.com\/pilar-stari\/wp-content\/uploads\/2025\/09\/IMG_2.jpg\"><img decoding=\"async\" loading=\"lazy\" class=\"alignnone wp-image-35224 size-full\" src=\"https:\/\/www.vegaintro-projekti.com\/pilar-stari\/wp-content\/uploads\/2025\/09\/IMG_2s.jpg\" alt=\"i2\" width=\"620\" height=\"388\" srcset=\"https:\/\/www.vegaintro-projekti.com\/pilar-stari\/wp-content\/uploads\/2025\/09\/IMG_2s.jpg 620w, https:\/\/www.vegaintro-projekti.com\/pilar-stari\/wp-content\/uploads\/2025\/09\/IMG_2s-300x188.jpg 300w\" sizes=\"(max-width: 620px) 100vw, 620px\" \/><\/a><a href=\"https:\/\/www.vegaintro-projekti.com\/pilar-stari\/wp-content\/uploads\/2025\/09\/IMG_3.jpg\"><img decoding=\"async\" loading=\"lazy\" class=\"alignnone wp-image-35225 \" src=\"https:\/\/www.vegaintro-projekti.com\/pilar-stari\/wp-content\/uploads\/2025\/09\/IMG_3.jpg\" alt=\"i3\" width=\"620\" height=\"328\" srcset=\"https:\/\/www.vegaintro-projekti.com\/pilar-stari\/wp-content\/uploads\/2025\/09\/IMG_3.jpg 605w, https:\/\/www.vegaintro-projekti.com\/pilar-stari\/wp-content\/uploads\/2025\/09\/IMG_3-300x159.jpg 300w, https:\/\/www.vegaintro-projekti.com\/pilar-stari\/wp-content\/uploads\/2025\/09\/IMG_3-310x165.jpg 310w\" sizes=\"(max-width: 620px) 100vw, 620px\" \/><\/a><\/p>\n<\/div>\n<p><strong>U izlaganju pod naslovom<\/strong> \u201eSocio-digitalne nejednakosti u kulturnom polju: prema sjedinjenom istra\u017eiva\u010dkom okviru u prou\u010davanju kulturne participacije\u201c prikazali su svoj model istra\u017eivanja koji koristi indikatore i iz offline i iz online praksi povezanih s umjetno\u0161\u0107u ali i svakodnevnim kulturnim praksama.<\/p>\n<p>U sklopu iste sesije mr. sc. Mirko Petri\u0107 bio je diskutant predavanju \u201eMo\u017ee li e-vlada unaprijediti percipiranu javnu vrijednost unato\u010d ekonomskim nejednakostima? Uvidi iz mediteranskih zemalja\u201c Benedettea Coluccia (p), Valentine Cattivelli i Roberte Barbieri s Pegaso Universit\u00e0 Telematica iz Napulja.<\/p>\n<div class=\"wp-block-image\">\n<p><a href=\"https:\/\/www.vegaintro-projekti.com\/pilar-stari\/wp-content\/uploads\/2025\/09\/IMG_4.jpg\"><img decoding=\"async\" loading=\"lazy\" class=\"alignnone wp-image-35227 size-full\" src=\"https:\/\/www.vegaintro-projekti.com\/pilar-stari\/wp-content\/uploads\/2025\/09\/IMG_4s.jpg\" alt=\"i4\" width=\"620\" height=\"374\" srcset=\"https:\/\/www.vegaintro-projekti.com\/pilar-stari\/wp-content\/uploads\/2025\/09\/IMG_4s.jpg 620w, https:\/\/www.vegaintro-projekti.com\/pilar-stari\/wp-content\/uploads\/2025\/09\/IMG_4s-300x181.jpg 300w\" sizes=\"(max-width: 620px) 100vw, 620px\" \/><\/a><a href=\"https:\/\/www.vegaintro-projekti.com\/pilar-stari\/wp-content\/uploads\/2025\/09\/IMG_5.jpg\"><img decoding=\"async\" loading=\"lazy\" class=\"alignnone wp-image-35229 size-full\" src=\"https:\/\/www.vegaintro-projekti.com\/pilar-stari\/wp-content\/uploads\/2025\/09\/IMG_5s.jpg\" alt=\"i5\" width=\"620\" height=\"356\" srcset=\"https:\/\/www.vegaintro-projekti.com\/pilar-stari\/wp-content\/uploads\/2025\/09\/IMG_5s.jpg 620w, https:\/\/www.vegaintro-projekti.com\/pilar-stari\/wp-content\/uploads\/2025\/09\/IMG_5s-300x172.jpg 300w\" sizes=\"(max-width: 620px) 100vw, 620px\" \/><\/a><a href=\"https:\/\/www.vegaintro-projekti.com\/pilar-stari\/wp-content\/uploads\/2025\/09\/IMG_6.jpg\"><img decoding=\"async\" loading=\"lazy\" class=\"alignnone wp-image-35231 size-full\" src=\"https:\/\/www.vegaintro-projekti.com\/pilar-stari\/wp-content\/uploads\/2025\/09\/IMG_6s.jpg\" alt=\"i6\" width=\"620\" height=\"339\" srcset=\"https:\/\/www.vegaintro-projekti.com\/pilar-stari\/wp-content\/uploads\/2025\/09\/IMG_6s.jpg 620w, https:\/\/www.vegaintro-projekti.com\/pilar-stari\/wp-content\/uploads\/2025\/09\/IMG_6s-300x164.jpg 300w\" sizes=\"(max-width: 620px) 100vw, 620px\" \/><\/a><\/p>\n<\/div>\n<p><strong>Dr. sc. Tomi\u0107-Koludrovi\u0107 i mr. sc. Petri\u0107<\/strong> sudjelovali su i u pretprogramu konferencije, u kojem je najzna\u010dajnija stavka bilo predavanje povjerenice EU-a za regionalnu i urbanu politiku Themis Christophidou o budu\u0107nosti kohezijskih fondova.<\/p>\n<p>Na istu temu odr\u017ean je i panel visoke grupe Europske komisije za kohezijsku politiku poslije 2027. godine, u sklopu kojega se raspravljalo o izazovima i dilemama prostorne i razvojne pravednosti.<\/p>\n<p><a href=\"https:\/\/www.vegaintro-projekti.com\/pilar-stari\/wp-content\/uploads\/2025\/09\/IMG_7.jpg\"><img decoding=\"async\" loading=\"lazy\" class=\"alignnone wp-image-35233 size-full\" src=\"https:\/\/www.vegaintro-projekti.com\/pilar-stari\/wp-content\/uploads\/2025\/09\/IMG_7s.jpg\" alt=\"i7\" width=\"620\" height=\"363\" srcset=\"https:\/\/www.vegaintro-projekti.com\/pilar-stari\/wp-content\/uploads\/2025\/09\/IMG_7s.jpg 620w, https:\/\/www.vegaintro-projekti.com\/pilar-stari\/wp-content\/uploads\/2025\/09\/IMG_7s-300x176.jpg 300w\" sizes=\"(max-width: 620px) 100vw, 620px\" \/><\/a><\/p>\n<blockquote><p><a href=\"https:\/\/www.vegaintro-projekti.com\/pilar-stari\/2020\/05\/invent-european-inventory-of-societal-values-of-culture-as-a-basis-for-inclusive-cultural-policies-in-the-globalizing-world\/\">Projekt INVENT<\/a><\/p>\n<p><a href=\"https:\/\/www.vegaintro-projekti.com\/pilar-stari\/2010\/07\/podruni-centar-split-2\/\">Podru\u010dni centar Split<\/a><\/p><\/blockquote>\n","protected":false},"excerpt":{"rendered":"<p>Znanstvenica emerita dr. sc. Inga Tomi\u0107-Koludrovi\u0107 i mr. sc. Mirko Petri\u0107, u suautorstvu s dr. sc. Predragom Cveti\u010daninom, odr\u017eali su uvodno predavanje u tematskoj sesiji o digitalizaciji i nejednakostima u sklopu 64. konferencije Europske asocijacije za regionalne studije (ERSA), odr\u017eane u Ateni od 26. do 29. kolovoza 2025. U izlaganju pod naslovom \u201eSocio-digitalne nejednakosti u&hellip; <a class=\"continue\" href=\"https:\/\/www.vegaintro-projekti.com\/pilar-stari\/2025\/09\/znanstvenica-emerita-dr-sc-inga-tomic-koludrovic-i-mr-sc-mirko-petric-na-konferenciji-ersa-e-atena-26-29-8-2025\/\">Pro\u010ditaj vi\u0161e o<span> Znanstvenica emerita dr. sc. Inga Tomi\u0107-Koludrovi\u0107 i mr. sc. Mirko Petri\u0107 na konferenciji ERSA-e; Atena, 26.-29. 8. 2025.<\/span><\/a><\/p>\n","protected":false},"author":7,"featured_media":35223,"comment_status":"closed","ping_status":"closed","sticky":false,"template":"","format":"standard","meta":{"inline_featured_image":false,"ngg_post_thumbnail":0,"footnotes":""},"categories":[48,11],"tags":[],"yoast_head":"<!-- This site is optimized with the Yoast SEO plugin v21.2 - https:\/\/yoast.com\/wordpress\/plugins\/seo\/ -->\n<title>Znanstvenica emerita dr. sc. Inga Tomi\u0107-Koludrovi\u0107 i mr. sc. Mirko Petri\u0107 na konferenciji ERSA-e; Atena, 26.-29. 8. 2025. - Institut dru&scaron;tvenih znanosti Ivo Pilar<\/title>\n<meta name=\"robots\" content=\"noindex, follow, max-snippet:-1, max-image-preview:large, max-video-preview:-1\" \/>\n<meta property=\"og:locale\" content=\"hr_HR\" \/>\n<meta property=\"og:type\" content=\"article\" \/>\n<meta property=\"og:title\" content=\"Znanstvenica emerita dr. sc. Inga Tomi\u0107-Koludrovi\u0107 i mr. sc. Mirko Petri\u0107 na konferenciji ERSA-e; Atena, 26.-29. 8. 2025. - Institut dru&scaron;tvenih znanosti Ivo Pilar\" \/>\n<meta property=\"og:description\" content=\"Znanstvenica emerita dr. sc. Inga Tomi\u0107-Koludrovi\u0107 i mr. sc. Mirko Petri\u0107, u suautorstvu s dr. sc. Predragom Cveti\u010daninom, odr\u017eali su uvodno predavanje u tematskoj sesiji o digitalizaciji i nejednakostima u sklopu 64. konferencije Europske asocijacije za regionalne studije (ERSA), odr\u017eane u Ateni od 26. do 29. kolovoza 2025. U izlaganju pod naslovom \u201eSocio-digitalne nejednakosti u&hellip; Pro\u010ditaj vi\u0161e o Znanstvenica emerita dr. sc. Inga Tomi\u0107-Koludrovi\u0107 i mr. sc. Mirko Petri\u0107 na konferenciji ERSA-e; Atena, 26.-29. 8. 2025.\" \/>\n<meta property=\"og:url\" content=\"https:\/\/www.vegaintro-projekti.com\/pilar-stari\/2025\/09\/znanstvenica-emerita-dr-sc-inga-tomic-koludrovic-i-mr-sc-mirko-petric-na-konferenciji-ersa-e-atena-26-29-8-2025\/\" \/>\n<meta property=\"og:site_name\" content=\"Institut dru&scaron;tvenih znanosti Ivo Pilar\" \/>\n<meta property=\"article:published_time\" content=\"2025-09-03T17:50:09+00:00\" \/>\n<meta property=\"article:modified_time\" content=\"2025-09-03T18:06:48+00:00\" \/>\n<meta property=\"og:image\" content=\"https:\/\/www.vegaintro-projekti.com\/pilar-stari\/wp-content\/uploads\/2025\/09\/IMG_2fi.jpg\" \/>\n\t<meta property=\"og:image:width\" content=\"499\" \/>\n\t<meta property=\"og:image:height\" content=\"221\" \/>\n\t<meta property=\"og:image:type\" content=\"image\/jpeg\" \/>\n<meta name=\"author\" content=\"Boris\" \/>\n<meta name=\"twitter:card\" content=\"summary_large_image\" \/>\n<meta name=\"twitter:label1\" content=\"Napisao\/la\" \/>\n\t<meta name=\"twitter:data1\" content=\"Boris\" \/>\n\t<meta name=\"twitter:label2\" content=\"Procijenjeno vrijeme \u010ditanja\" \/>\n\t<meta name=\"twitter:data2\" content=\"3 minute\" \/>\n<script type=\"application\/ld+json\" class=\"yoast-schema-graph\">{\"@context\":\"https:\/\/schema.org\",\"@graph\":[{\"@type\":\"WebPage\",\"@id\":\"https:\/\/www.vegaintro-projekti.com\/pilar-stari\/2025\/09\/znanstvenica-emerita-dr-sc-inga-tomic-koludrovic-i-mr-sc-mirko-petric-na-konferenciji-ersa-e-atena-26-29-8-2025\/\",\"url\":\"https:\/\/www.vegaintro-projekti.com\/pilar-stari\/2025\/09\/znanstvenica-emerita-dr-sc-inga-tomic-koludrovic-i-mr-sc-mirko-petric-na-konferenciji-ersa-e-atena-26-29-8-2025\/\",\"name\":\"Znanstvenica emerita dr. sc. Inga Tomi\u0107-Koludrovi\u0107 i mr. sc. Mirko Petri\u0107 na konferenciji ERSA-e; Atena, 26.-29. 8. 2025. - Institut dru&scaron;tvenih znanosti Ivo Pilar\",\"isPartOf\":{\"@id\":\"https:\/\/www.vegaintro-projekti.com\/pilar-stari\/#website\"},\"datePublished\":\"2025-09-03T17:50:09+00:00\",\"dateModified\":\"2025-09-03T18:06:48+00:00\",\"author\":{\"@id\":\"https:\/\/www.vegaintro-projekti.com\/pilar-stari\/#\/schema\/person\/ddd404c9f1e15e4ffef5986ac6a5d28b\"},\"breadcrumb\":{\"@id\":\"https:\/\/www.vegaintro-projekti.com\/pilar-stari\/2025\/09\/znanstvenica-emerita-dr-sc-inga-tomic-koludrovic-i-mr-sc-mirko-petric-na-konferenciji-ersa-e-atena-26-29-8-2025\/#breadcrumb\"},\"inLanguage\":\"hr\",\"potentialAction\":[{\"@type\":\"ReadAction\",\"target\":[\"https:\/\/www.vegaintro-projekti.com\/pilar-stari\/2025\/09\/znanstvenica-emerita-dr-sc-inga-tomic-koludrovic-i-mr-sc-mirko-petric-na-konferenciji-ersa-e-atena-26-29-8-2025\/\"]}]},{\"@type\":\"BreadcrumbList\",\"@id\":\"https:\/\/www.vegaintro-projekti.com\/pilar-stari\/2025\/09\/znanstvenica-emerita-dr-sc-inga-tomic-koludrovic-i-mr-sc-mirko-petric-na-konferenciji-ersa-e-atena-26-29-8-2025\/#breadcrumb\",\"itemListElement\":[{\"@type\":\"ListItem\",\"position\":1,\"name\":\"Home\",\"item\":\"https:\/\/www.vegaintro-projekti.com\/pilar-stari\/\"},{\"@type\":\"ListItem\",\"position\":2,\"name\":\"Znanstvenica emerita dr. sc. Inga Tomi\u0107-Koludrovi\u0107 i mr. sc. Mirko Petri\u0107 na konferenciji ERSA-e; Atena, 26.-29. 8. 2025.\"}]},{\"@type\":\"WebSite\",\"@id\":\"https:\/\/www.vegaintro-projekti.com\/pilar-stari\/#website\",\"url\":\"https:\/\/www.vegaintro-projekti.com\/pilar-stari\/\",\"name\":\"Institut dru&scaron;tvenih znanosti Ivo Pilar\",\"description\":\"Pilar\",\"potentialAction\":[{\"@type\":\"SearchAction\",\"target\":{\"@type\":\"EntryPoint\",\"urlTemplate\":\"https:\/\/www.vegaintro-projekti.com\/pilar-stari\/?s={search_term_string}\"},\"query-input\":\"required name=search_term_string\"}],\"inLanguage\":\"hr\"},{\"@type\":\"Person\",\"@id\":\"https:\/\/www.vegaintro-projekti.com\/pilar-stari\/#\/schema\/person\/ddd404c9f1e15e4ffef5986ac6a5d28b\",\"name\":\"Boris\",\"image\":{\"@type\":\"ImageObject\",\"inLanguage\":\"hr\",\"@id\":\"https:\/\/www.vegaintro-projekti.com\/pilar-stari\/#\/schema\/person\/image\/\",\"url\":\"https:\/\/secure.gravatar.com\/avatar\/29557b161a6ce6ab86ac1503164f1e90?s=96&d=mm&r=g\",\"contentUrl\":\"https:\/\/secure.gravatar.com\/avatar\/29557b161a6ce6ab86ac1503164f1e90?s=96&d=mm&r=g\",\"caption\":\"Boris\"},\"url\":\"https:\/\/www.vegaintro-projekti.com\/pilar-stari\/author\/boris\/\"}]}<\/script>\n<!-- \/ Yoast SEO plugin. -->","yoast_head_json":{"title":"Znanstvenica emerita dr. sc. Inga Tomi\u0107-Koludrovi\u0107 i mr. sc. Mirko Petri\u0107 na konferenciji ERSA-e; Atena, 26.-29. 8. 2025. - Institut dru&scaron;tvenih znanosti Ivo Pilar","robots":{"index":"noindex","follow":"follow","max-snippet":"max-snippet:-1","max-image-preview":"max-image-preview:large","max-video-preview":"max-video-preview:-1"},"og_locale":"hr_HR","og_type":"article","og_title":"Znanstvenica emerita dr. sc. Inga Tomi\u0107-Koludrovi\u0107 i mr. sc. Mirko Petri\u0107 na konferenciji ERSA-e; Atena, 26.-29. 8. 2025. - Institut dru&scaron;tvenih znanosti Ivo Pilar","og_description":"Znanstvenica emerita dr. sc. Inga Tomi\u0107-Koludrovi\u0107 i mr. sc. Mirko Petri\u0107, u suautorstvu s dr. sc. Predragom Cveti\u010daninom, odr\u017eali su uvodno predavanje u tematskoj sesiji o digitalizaciji i nejednakostima u sklopu 64. konferencije Europske asocijacije za regionalne studije (ERSA), odr\u017eane u Ateni od 26. do 29. kolovoza 2025. U izlaganju pod naslovom \u201eSocio-digitalne nejednakosti u&hellip; Pro\u010ditaj vi\u0161e o Znanstvenica emerita dr. sc. Inga Tomi\u0107-Koludrovi\u0107 i mr. sc. Mirko Petri\u0107 na konferenciji ERSA-e; Atena, 26.-29. 8. 2025.","og_url":"https:\/\/www.vegaintro-projekti.com\/pilar-stari\/2025\/09\/znanstvenica-emerita-dr-sc-inga-tomic-koludrovic-i-mr-sc-mirko-petric-na-konferenciji-ersa-e-atena-26-29-8-2025\/","og_site_name":"Institut dru&scaron;tvenih znanosti Ivo Pilar","article_published_time":"2025-09-03T17:50:09+00:00","article_modified_time":"2025-09-03T18:06:48+00:00","og_image":[{"width":499,"height":221,"url":"https:\/\/www.vegaintro-projekti.com\/pilar-stari\/wp-content\/uploads\/2025\/09\/IMG_2fi.jpg","type":"image\/jpeg"}],"author":"Boris","twitter_card":"summary_large_image","twitter_misc":{"Napisao\/la":"Boris","Procijenjeno vrijeme \u010ditanja":"3 minute"},"schema":{"@context":"https:\/\/schema.org","@graph":[{"@type":"WebPage","@id":"https:\/\/www.vegaintro-projekti.com\/pilar-stari\/2025\/09\/znanstvenica-emerita-dr-sc-inga-tomic-koludrovic-i-mr-sc-mirko-petric-na-konferenciji-ersa-e-atena-26-29-8-2025\/","url":"https:\/\/www.vegaintro-projekti.com\/pilar-stari\/2025\/09\/znanstvenica-emerita-dr-sc-inga-tomic-koludrovic-i-mr-sc-mirko-petric-na-konferenciji-ersa-e-atena-26-29-8-2025\/","name":"Znanstvenica emerita dr. sc. Inga Tomi\u0107-Koludrovi\u0107 i mr. sc. Mirko Petri\u0107 na konferenciji ERSA-e; Atena, 26.-29. 8. 2025. - Institut dru&scaron;tvenih znanosti Ivo Pilar","isPartOf":{"@id":"https:\/\/www.vegaintro-projekti.com\/pilar-stari\/#website"},"datePublished":"2025-09-03T17:50:09+00:00","dateModified":"2025-09-03T18:06:48+00:00","author":{"@id":"https:\/\/www.vegaintro-projekti.com\/pilar-stari\/#\/schema\/person\/ddd404c9f1e15e4ffef5986ac6a5d28b"},"breadcrumb":{"@id":"https:\/\/www.vegaintro-projekti.com\/pilar-stari\/2025\/09\/znanstvenica-emerita-dr-sc-inga-tomic-koludrovic-i-mr-sc-mirko-petric-na-konferenciji-ersa-e-atena-26-29-8-2025\/#breadcrumb"},"inLanguage":"hr","potentialAction":[{"@type":"ReadAction","target":["https:\/\/www.vegaintro-projekti.com\/pilar-stari\/2025\/09\/znanstvenica-emerita-dr-sc-inga-tomic-koludrovic-i-mr-sc-mirko-petric-na-konferenciji-ersa-e-atena-26-29-8-2025\/"]}]},{"@type":"BreadcrumbList","@id":"https:\/\/www.vegaintro-projekti.com\/pilar-stari\/2025\/09\/znanstvenica-emerita-dr-sc-inga-tomic-koludrovic-i-mr-sc-mirko-petric-na-konferenciji-ersa-e-atena-26-29-8-2025\/#breadcrumb","itemListElement":[{"@type":"ListItem","position":1,"name":"Home","item":"https:\/\/www.vegaintro-projekti.com\/pilar-stari\/"},{"@type":"ListItem","position":2,"name":"Znanstvenica emerita dr. sc. Inga Tomi\u0107-Koludrovi\u0107 i mr. sc. Mirko Petri\u0107 na konferenciji ERSA-e; Atena, 26.-29. 8. 2025."}]},{"@type":"WebSite","@id":"https:\/\/www.vegaintro-projekti.com\/pilar-stari\/#website","url":"https:\/\/www.vegaintro-projekti.com\/pilar-stari\/","name":"Institut dru&scaron;tvenih znanosti Ivo Pilar","description":"Pilar","potentialAction":[{"@type":"SearchAction","target":{"@type":"EntryPoint","urlTemplate":"https:\/\/www.vegaintro-projekti.com\/pilar-stari\/?s={search_term_string}"},"query-input":"required name=search_term_string"}],"inLanguage":"hr"},{"@type":"Person","@id":"https:\/\/www.vegaintro-projekti.com\/pilar-stari\/#\/schema\/person\/ddd404c9f1e15e4ffef5986ac6a5d28b","name":"Boris","image":{"@type":"ImageObject","inLanguage":"hr","@id":"https:\/\/www.vegaintro-projekti.com\/pilar-stari\/#\/schema\/person\/image\/","url":"https:\/\/secure.gravatar.com\/avatar\/29557b161a6ce6ab86ac1503164f1e90?s=96&d=mm&r=g","contentUrl":"https:\/\/secure.gravatar.com\/avatar\/29557b161a6ce6ab86ac1503164f1e90?s=96&d=mm&r=g","caption":"Boris"},"url":"https:\/\/www.vegaintro-projekti.com\/pilar-stari\/author\/boris\/"}]}},"_links":{"self":[{"href":"https:\/\/www.vegaintro-projekti.com\/pilar-stari\/wp-json\/wp\/v2\/posts\/35234"}],"collection":[{"href":"https:\/\/www.vegaintro-projekti.com\/pilar-stari\/wp-json\/wp\/v2\/posts"}],"about":[{"href":"https:\/\/www.vegaintro-projekti.com\/pilar-stari\/wp-json\/wp\/v2\/types\/post"}],"author":[{"embeddable":true,"href":"https:\/\/www.vegaintro-projekti.com\/pilar-stari\/wp-json\/wp\/v2\/users\/7"}],"replies":[{"embeddable":true,"href":"https:\/\/www.vegaintro-projekti.com\/pilar-stari\/wp-json\/wp\/v2\/comments?post=35234"}],"version-history":[{"count":6,"href":"https:\/\/www.vegaintro-projekti.com\/pilar-stari\/wp-json\/wp\/v2\/posts\/35234\/revisions"}],"predecessor-version":[{"id":35240,"href":"https:\/\/www.vegaintro-projekti.com\/pilar-stari\/wp-json\/wp\/v2\/posts\/35234\/revisions\/35240"}],"wp:featuredmedia":[{"embeddable":true,"href":"https:\/\/www.vegaintro-projekti.com\/pilar-stari\/wp-json\/wp\/v2\/media\/35223"}],"wp:attachment":[{"href":"https:\/\/www.vegaintro-projekti.com\/pilar-stari\/wp-json\/wp\/v2\/media?parent=35234"}],"wp:term":[{"taxonomy":"category","embeddable":true,"href":"https:\/\/www.vegaintro-projekti.com\/pilar-stari\/wp-json\/wp\/v2\/categories?post=35234"},{"taxonomy":"post_tag","embeddable":true,"href":"https:\/\/www.vegaintro-projekti.com\/pilar-stari\/wp-json\/wp\/v2\/tags?post=35234"}],"curies":[{"name":"wp","href":"https:\/\/api.w.org\/{rel}","templated":true}]}}