{"id":35619,"date":"2025-09-10T16:27:51","date_gmt":"2025-09-10T16:27:51","guid":{"rendered":"https:\/\/www.vegaintro-projekti.com\/pilar-stari\/?p=35619"},"modified":"2025-09-24T16:39:27","modified_gmt":"2025-09-24T16:39:27","slug":"dr-sc-danijel-vojak-ugostio-u-institutu-pilar-studijsku-grupu-edukatora-u-sklopu-seminara-europske-kulture-sjecanja-hrvatska-u-fokusu-zagreb-5-9-2025","status":"publish","type":"post","link":"https:\/\/www.vegaintro-projekti.com\/pilar-stari\/2025\/09\/dr-sc-danijel-vojak-ugostio-u-institutu-pilar-studijsku-grupu-edukatora-u-sklopu-seminara-europske-kulture-sjecanja-hrvatska-u-fokusu-zagreb-5-9-2025\/","title":{"rendered":"Dr. sc. Danijel Vojak ugostio u Institutu Pilar studijsku grupu edukatora u sklopu seminara Europske kulture sje\u0107anja: Hrvatska u fokusu; Zagreb, 5. 9. 2025."},"content":{"rendered":"<p><strong>Dana 5. rujna 2025. dr. sc. Danijel Vojak ugostio je u Institutu Pilar me\u0111unarodnu studijsku grupu edukatora u podru\u010dju \u0161kolskog i izvan\u0161kolskog obrazovanja (nastavnika povijesti, predava\u010da te predstavnika muzeja, instituta i udruga), njih ukupno 25 iz desetak europskih zemalja. Grupa boravi u Hrvatskoj u sklopu me\u0111unarodnog seminara Europske kulture sje\u0107anja: Hrvatska u fokusu, koji se odr\u017eava od 6. do 12. rujna u Zagrebu i Rijeci.<\/strong> &#8211; <a href=\"https:\/\/retrovizor.hr\/call-for-application-2\/\">O seminaru<\/a><\/p>\n<p><a href=\"https:\/\/www.vegaintro-projekti.com\/pilar-stari\/wp-content\/uploads\/2025\/09\/foto_1.jpg\"><img decoding=\"async\" loading=\"lazy\" class=\"alignnone wp-image-35616 size-full\" src=\"https:\/\/www.vegaintro-projekti.com\/pilar-stari\/wp-content\/uploads\/2025\/09\/foto_1s.jpg\" alt=\"i1\" width=\"620\" height=\"335\" srcset=\"https:\/\/www.vegaintro-projekti.com\/pilar-stari\/wp-content\/uploads\/2025\/09\/foto_1s.jpg 620w, https:\/\/www.vegaintro-projekti.com\/pilar-stari\/wp-content\/uploads\/2025\/09\/foto_1s-300x162.jpg 300w\" sizes=\"(max-width: 620px) 100vw, 620px\" \/><\/a><\/p>\n<p><strong>Stru\u010dne goste<\/strong> prije samog predavanja u Multimedijalnoj dvorani Instituta pozdravio je ravnatelj prof. dr. sc. \u017deljko Holjevac, koji je tom prigodom istaknuo usmjerenost Instituta na znanstvena istra\u017eivanja polo\u017eaja manjinskih zajednica.<\/p>\n<p>Tema izlaganja dr. sc. Vojaka bila je \u201cGenocidal suffering of the undesirables in the Independent State of Croatia \u2013 places of mass crimes\u201d, a odr\u017eano je u sklopu projekta Zaboravljena mjesta stradanja nepo\u0107udnih: Genocid nad Romima u Nezavisnoj Dr\u017eavi Hrvatskoj: istra\u017eivanje, memorijalizacija, edukacija \u2013 FORGOT-GENROMISC.<\/p>\n<blockquote><p><a href=\"https:\/\/www.vegaintro-projekti.com\/pilar-stari\/2024\/04\/projekt-forgot-genromisc-zaboravljena-mjesta-stradanja-nepocudnih-genocid-nad-romima-u-nezavisnoj-drzavi-hrvatskoj-istrazivanje-memorijalizacija-edukacija\/\">Projekt FORGOT-GENROMISC<\/a><\/p><\/blockquote>\n","protected":false},"excerpt":{"rendered":"<p>Dana 5. rujna 2025. dr. sc. Danijel Vojak ugostio je u Institutu Pilar me\u0111unarodnu studijsku grupu edukatora u podru\u010dju \u0161kolskog i izvan\u0161kolskog obrazovanja (nastavnika povijesti, predava\u010da te predstavnika muzeja, instituta i udruga), njih ukupno 25 iz desetak europskih zemalja. Grupa boravi u Hrvatskoj u sklopu me\u0111unarodnog seminara Europske kulture sje\u0107anja: Hrvatska u fokusu, koji se&hellip; <a class=\"continue\" href=\"https:\/\/www.vegaintro-projekti.com\/pilar-stari\/2025\/09\/dr-sc-danijel-vojak-ugostio-u-institutu-pilar-studijsku-grupu-edukatora-u-sklopu-seminara-europske-kulture-sjecanja-hrvatska-u-fokusu-zagreb-5-9-2025\/\">Pro\u010ditaj vi\u0161e o<span> Dr. sc. Danijel Vojak ugostio u Institutu Pilar studijsku grupu edukatora u sklopu seminara Europske kulture sje\u0107anja: Hrvatska u fokusu; Zagreb, 5. 9. 2025.<\/span><\/a><\/p>\n","protected":false},"author":7,"featured_media":35618,"comment_status":"closed","ping_status":"closed","sticky":false,"template":"","format":"standard","meta":{"inline_featured_image":false,"ngg_post_thumbnail":0,"footnotes":""},"categories":[11],"tags":[],"yoast_head":"<!-- This site is optimized with the Yoast SEO plugin v21.2 - https:\/\/yoast.com\/wordpress\/plugins\/seo\/ -->\n<title>Dr. sc. Danijel Vojak ugostio u Institutu Pilar studijsku grupu edukatora u sklopu seminara Europske kulture sje\u0107anja: Hrvatska u fokusu; Zagreb, 5. 9. 2025. - Institut dru&scaron;tvenih znanosti Ivo Pilar<\/title>\n<meta name=\"robots\" content=\"noindex, follow, max-snippet:-1, max-image-preview:large, max-video-preview:-1\" \/>\n<meta property=\"og:locale\" content=\"hr_HR\" \/>\n<meta property=\"og:type\" content=\"article\" \/>\n<meta property=\"og:title\" content=\"Dr. sc. Danijel Vojak ugostio u Institutu Pilar studijsku grupu edukatora u sklopu seminara Europske kulture sje\u0107anja: Hrvatska u fokusu; Zagreb, 5. 9. 2025. - Institut dru&scaron;tvenih znanosti Ivo Pilar\" \/>\n<meta property=\"og:description\" content=\"Dana 5. rujna 2025. dr. sc. Danijel Vojak ugostio je u Institutu Pilar me\u0111unarodnu studijsku grupu edukatora u podru\u010dju \u0161kolskog i izvan\u0161kolskog obrazovanja (nastavnika povijesti, predava\u010da te predstavnika muzeja, instituta i udruga), njih ukupno 25 iz desetak europskih zemalja. Grupa boravi u Hrvatskoj u sklopu me\u0111unarodnog seminara Europske kulture sje\u0107anja: Hrvatska u fokusu, koji se&hellip; Pro\u010ditaj vi\u0161e o Dr. sc. Danijel Vojak ugostio u Institutu Pilar studijsku grupu edukatora u sklopu seminara Europske kulture sje\u0107anja: Hrvatska u fokusu; Zagreb, 5. 9. 2025.\" \/>\n<meta property=\"og:url\" content=\"https:\/\/www.vegaintro-projekti.com\/pilar-stari\/2025\/09\/dr-sc-danijel-vojak-ugostio-u-institutu-pilar-studijsku-grupu-edukatora-u-sklopu-seminara-europske-kulture-sjecanja-hrvatska-u-fokusu-zagreb-5-9-2025\/\" \/>\n<meta property=\"og:site_name\" content=\"Institut dru&scaron;tvenih znanosti Ivo Pilar\" \/>\n<meta property=\"article:published_time\" content=\"2025-09-10T16:27:51+00:00\" \/>\n<meta property=\"article:modified_time\" content=\"2025-09-24T16:39:27+00:00\" \/>\n<meta property=\"og:image\" content=\"https:\/\/www.vegaintro-projekti.com\/pilar-stari\/wp-content\/uploads\/2025\/09\/foto_1fi.jpg\" \/>\n\t<meta property=\"og:image:width\" content=\"330\" \/>\n\t<meta property=\"og:image:height\" content=\"221\" \/>\n\t<meta property=\"og:image:type\" content=\"image\/jpeg\" \/>\n<meta name=\"author\" content=\"Boris\" \/>\n<meta name=\"twitter:card\" content=\"summary_large_image\" \/>\n<meta name=\"twitter:label1\" content=\"Napisao\/la\" \/>\n\t<meta name=\"twitter:data1\" content=\"Boris\" \/>\n\t<meta name=\"twitter:label2\" content=\"Procijenjeno vrijeme \u010ditanja\" \/>\n\t<meta name=\"twitter:data2\" content=\"1 minuta\" \/>\n<script type=\"application\/ld+json\" class=\"yoast-schema-graph\">{\"@context\":\"https:\/\/schema.org\",\"@graph\":[{\"@type\":\"WebPage\",\"@id\":\"https:\/\/www.vegaintro-projekti.com\/pilar-stari\/2025\/09\/dr-sc-danijel-vojak-ugostio-u-institutu-pilar-studijsku-grupu-edukatora-u-sklopu-seminara-europske-kulture-sjecanja-hrvatska-u-fokusu-zagreb-5-9-2025\/\",\"url\":\"https:\/\/www.vegaintro-projekti.com\/pilar-stari\/2025\/09\/dr-sc-danijel-vojak-ugostio-u-institutu-pilar-studijsku-grupu-edukatora-u-sklopu-seminara-europske-kulture-sjecanja-hrvatska-u-fokusu-zagreb-5-9-2025\/\",\"name\":\"Dr. sc. Danijel Vojak ugostio u Institutu Pilar studijsku grupu edukatora u sklopu seminara Europske kulture sje\u0107anja: Hrvatska u fokusu; Zagreb, 5. 9. 2025. - Institut dru&scaron;tvenih znanosti Ivo Pilar\",\"isPartOf\":{\"@id\":\"https:\/\/www.vegaintro-projekti.com\/pilar-stari\/#website\"},\"datePublished\":\"2025-09-10T16:27:51+00:00\",\"dateModified\":\"2025-09-24T16:39:27+00:00\",\"author\":{\"@id\":\"https:\/\/www.vegaintro-projekti.com\/pilar-stari\/#\/schema\/person\/ddd404c9f1e15e4ffef5986ac6a5d28b\"},\"breadcrumb\":{\"@id\":\"https:\/\/www.vegaintro-projekti.com\/pilar-stari\/2025\/09\/dr-sc-danijel-vojak-ugostio-u-institutu-pilar-studijsku-grupu-edukatora-u-sklopu-seminara-europske-kulture-sjecanja-hrvatska-u-fokusu-zagreb-5-9-2025\/#breadcrumb\"},\"inLanguage\":\"hr\",\"potentialAction\":[{\"@type\":\"ReadAction\",\"target\":[\"https:\/\/www.vegaintro-projekti.com\/pilar-stari\/2025\/09\/dr-sc-danijel-vojak-ugostio-u-institutu-pilar-studijsku-grupu-edukatora-u-sklopu-seminara-europske-kulture-sjecanja-hrvatska-u-fokusu-zagreb-5-9-2025\/\"]}]},{\"@type\":\"BreadcrumbList\",\"@id\":\"https:\/\/www.vegaintro-projekti.com\/pilar-stari\/2025\/09\/dr-sc-danijel-vojak-ugostio-u-institutu-pilar-studijsku-grupu-edukatora-u-sklopu-seminara-europske-kulture-sjecanja-hrvatska-u-fokusu-zagreb-5-9-2025\/#breadcrumb\",\"itemListElement\":[{\"@type\":\"ListItem\",\"position\":1,\"name\":\"Home\",\"item\":\"https:\/\/www.vegaintro-projekti.com\/pilar-stari\/\"},{\"@type\":\"ListItem\",\"position\":2,\"name\":\"Dr. sc. Danijel Vojak ugostio u Institutu Pilar studijsku grupu edukatora u sklopu seminara Europske kulture sje\u0107anja: Hrvatska u fokusu; Zagreb, 5. 9. 2025.\"}]},{\"@type\":\"WebSite\",\"@id\":\"https:\/\/www.vegaintro-projekti.com\/pilar-stari\/#website\",\"url\":\"https:\/\/www.vegaintro-projekti.com\/pilar-stari\/\",\"name\":\"Institut dru&scaron;tvenih znanosti Ivo Pilar\",\"description\":\"Pilar\",\"potentialAction\":[{\"@type\":\"SearchAction\",\"target\":{\"@type\":\"EntryPoint\",\"urlTemplate\":\"https:\/\/www.vegaintro-projekti.com\/pilar-stari\/?s={search_term_string}\"},\"query-input\":\"required name=search_term_string\"}],\"inLanguage\":\"hr\"},{\"@type\":\"Person\",\"@id\":\"https:\/\/www.vegaintro-projekti.com\/pilar-stari\/#\/schema\/person\/ddd404c9f1e15e4ffef5986ac6a5d28b\",\"name\":\"Boris\",\"image\":{\"@type\":\"ImageObject\",\"inLanguage\":\"hr\",\"@id\":\"https:\/\/www.vegaintro-projekti.com\/pilar-stari\/#\/schema\/person\/image\/\",\"url\":\"https:\/\/secure.gravatar.com\/avatar\/29557b161a6ce6ab86ac1503164f1e90?s=96&d=mm&r=g\",\"contentUrl\":\"https:\/\/secure.gravatar.com\/avatar\/29557b161a6ce6ab86ac1503164f1e90?s=96&d=mm&r=g\",\"caption\":\"Boris\"},\"url\":\"https:\/\/www.vegaintro-projekti.com\/pilar-stari\/author\/boris\/\"}]}<\/script>\n<!-- \/ Yoast SEO plugin. -->","yoast_head_json":{"title":"Dr. sc. Danijel Vojak ugostio u Institutu Pilar studijsku grupu edukatora u sklopu seminara Europske kulture sje\u0107anja: Hrvatska u fokusu; Zagreb, 5. 9. 2025. - Institut dru&scaron;tvenih znanosti Ivo Pilar","robots":{"index":"noindex","follow":"follow","max-snippet":"max-snippet:-1","max-image-preview":"max-image-preview:large","max-video-preview":"max-video-preview:-1"},"og_locale":"hr_HR","og_type":"article","og_title":"Dr. sc. Danijel Vojak ugostio u Institutu Pilar studijsku grupu edukatora u sklopu seminara Europske kulture sje\u0107anja: Hrvatska u fokusu; Zagreb, 5. 9. 2025. - Institut dru&scaron;tvenih znanosti Ivo Pilar","og_description":"Dana 5. rujna 2025. dr. sc. Danijel Vojak ugostio je u Institutu Pilar me\u0111unarodnu studijsku grupu edukatora u podru\u010dju \u0161kolskog i izvan\u0161kolskog obrazovanja (nastavnika povijesti, predava\u010da te predstavnika muzeja, instituta i udruga), njih ukupno 25 iz desetak europskih zemalja. Grupa boravi u Hrvatskoj u sklopu me\u0111unarodnog seminara Europske kulture sje\u0107anja: Hrvatska u fokusu, koji se&hellip; Pro\u010ditaj vi\u0161e o Dr. sc. Danijel Vojak ugostio u Institutu Pilar studijsku grupu edukatora u sklopu seminara Europske kulture sje\u0107anja: Hrvatska u fokusu; Zagreb, 5. 9. 2025.","og_url":"https:\/\/www.vegaintro-projekti.com\/pilar-stari\/2025\/09\/dr-sc-danijel-vojak-ugostio-u-institutu-pilar-studijsku-grupu-edukatora-u-sklopu-seminara-europske-kulture-sjecanja-hrvatska-u-fokusu-zagreb-5-9-2025\/","og_site_name":"Institut dru&scaron;tvenih znanosti Ivo Pilar","article_published_time":"2025-09-10T16:27:51+00:00","article_modified_time":"2025-09-24T16:39:27+00:00","og_image":[{"width":330,"height":221,"url":"https:\/\/www.vegaintro-projekti.com\/pilar-stari\/wp-content\/uploads\/2025\/09\/foto_1fi.jpg","type":"image\/jpeg"}],"author":"Boris","twitter_card":"summary_large_image","twitter_misc":{"Napisao\/la":"Boris","Procijenjeno vrijeme \u010ditanja":"1 minuta"},"schema":{"@context":"https:\/\/schema.org","@graph":[{"@type":"WebPage","@id":"https:\/\/www.vegaintro-projekti.com\/pilar-stari\/2025\/09\/dr-sc-danijel-vojak-ugostio-u-institutu-pilar-studijsku-grupu-edukatora-u-sklopu-seminara-europske-kulture-sjecanja-hrvatska-u-fokusu-zagreb-5-9-2025\/","url":"https:\/\/www.vegaintro-projekti.com\/pilar-stari\/2025\/09\/dr-sc-danijel-vojak-ugostio-u-institutu-pilar-studijsku-grupu-edukatora-u-sklopu-seminara-europske-kulture-sjecanja-hrvatska-u-fokusu-zagreb-5-9-2025\/","name":"Dr. sc. Danijel Vojak ugostio u Institutu Pilar studijsku grupu edukatora u sklopu seminara Europske kulture sje\u0107anja: Hrvatska u fokusu; Zagreb, 5. 9. 2025. - Institut dru&scaron;tvenih znanosti Ivo Pilar","isPartOf":{"@id":"https:\/\/www.vegaintro-projekti.com\/pilar-stari\/#website"},"datePublished":"2025-09-10T16:27:51+00:00","dateModified":"2025-09-24T16:39:27+00:00","author":{"@id":"https:\/\/www.vegaintro-projekti.com\/pilar-stari\/#\/schema\/person\/ddd404c9f1e15e4ffef5986ac6a5d28b"},"breadcrumb":{"@id":"https:\/\/www.vegaintro-projekti.com\/pilar-stari\/2025\/09\/dr-sc-danijel-vojak-ugostio-u-institutu-pilar-studijsku-grupu-edukatora-u-sklopu-seminara-europske-kulture-sjecanja-hrvatska-u-fokusu-zagreb-5-9-2025\/#breadcrumb"},"inLanguage":"hr","potentialAction":[{"@type":"ReadAction","target":["https:\/\/www.vegaintro-projekti.com\/pilar-stari\/2025\/09\/dr-sc-danijel-vojak-ugostio-u-institutu-pilar-studijsku-grupu-edukatora-u-sklopu-seminara-europske-kulture-sjecanja-hrvatska-u-fokusu-zagreb-5-9-2025\/"]}]},{"@type":"BreadcrumbList","@id":"https:\/\/www.vegaintro-projekti.com\/pilar-stari\/2025\/09\/dr-sc-danijel-vojak-ugostio-u-institutu-pilar-studijsku-grupu-edukatora-u-sklopu-seminara-europske-kulture-sjecanja-hrvatska-u-fokusu-zagreb-5-9-2025\/#breadcrumb","itemListElement":[{"@type":"ListItem","position":1,"name":"Home","item":"https:\/\/www.vegaintro-projekti.com\/pilar-stari\/"},{"@type":"ListItem","position":2,"name":"Dr. sc. Danijel Vojak ugostio u Institutu Pilar studijsku grupu edukatora u sklopu seminara Europske kulture sje\u0107anja: Hrvatska u fokusu; Zagreb, 5. 9. 2025."}]},{"@type":"WebSite","@id":"https:\/\/www.vegaintro-projekti.com\/pilar-stari\/#website","url":"https:\/\/www.vegaintro-projekti.com\/pilar-stari\/","name":"Institut dru&scaron;tvenih znanosti Ivo Pilar","description":"Pilar","potentialAction":[{"@type":"SearchAction","target":{"@type":"EntryPoint","urlTemplate":"https:\/\/www.vegaintro-projekti.com\/pilar-stari\/?s={search_term_string}"},"query-input":"required name=search_term_string"}],"inLanguage":"hr"},{"@type":"Person","@id":"https:\/\/www.vegaintro-projekti.com\/pilar-stari\/#\/schema\/person\/ddd404c9f1e15e4ffef5986ac6a5d28b","name":"Boris","image":{"@type":"ImageObject","inLanguage":"hr","@id":"https:\/\/www.vegaintro-projekti.com\/pilar-stari\/#\/schema\/person\/image\/","url":"https:\/\/secure.gravatar.com\/avatar\/29557b161a6ce6ab86ac1503164f1e90?s=96&d=mm&r=g","contentUrl":"https:\/\/secure.gravatar.com\/avatar\/29557b161a6ce6ab86ac1503164f1e90?s=96&d=mm&r=g","caption":"Boris"},"url":"https:\/\/www.vegaintro-projekti.com\/pilar-stari\/author\/boris\/"}]}},"_links":{"self":[{"href":"https:\/\/www.vegaintro-projekti.com\/pilar-stari\/wp-json\/wp\/v2\/posts\/35619"}],"collection":[{"href":"https:\/\/www.vegaintro-projekti.com\/pilar-stari\/wp-json\/wp\/v2\/posts"}],"about":[{"href":"https:\/\/www.vegaintro-projekti.com\/pilar-stari\/wp-json\/wp\/v2\/types\/post"}],"author":[{"embeddable":true,"href":"https:\/\/www.vegaintro-projekti.com\/pilar-stari\/wp-json\/wp\/v2\/users\/7"}],"replies":[{"embeddable":true,"href":"https:\/\/www.vegaintro-projekti.com\/pilar-stari\/wp-json\/wp\/v2\/comments?post=35619"}],"version-history":[{"count":2,"href":"https:\/\/www.vegaintro-projekti.com\/pilar-stari\/wp-json\/wp\/v2\/posts\/35619\/revisions"}],"predecessor-version":[{"id":35621,"href":"https:\/\/www.vegaintro-projekti.com\/pilar-stari\/wp-json\/wp\/v2\/posts\/35619\/revisions\/35621"}],"wp:featuredmedia":[{"embeddable":true,"href":"https:\/\/www.vegaintro-projekti.com\/pilar-stari\/wp-json\/wp\/v2\/media\/35618"}],"wp:attachment":[{"href":"https:\/\/www.vegaintro-projekti.com\/pilar-stari\/wp-json\/wp\/v2\/media?parent=35619"}],"wp:term":[{"taxonomy":"category","embeddable":true,"href":"https:\/\/www.vegaintro-projekti.com\/pilar-stari\/wp-json\/wp\/v2\/categories?post=35619"},{"taxonomy":"post_tag","embeddable":true,"href":"https:\/\/www.vegaintro-projekti.com\/pilar-stari\/wp-json\/wp\/v2\/tags?post=35619"}],"curies":[{"name":"wp","href":"https:\/\/api.w.org\/{rel}","templated":true}]}}