{"id":35652,"date":"2025-09-26T19:52:17","date_gmt":"2025-09-26T19:52:17","guid":{"rendered":"https:\/\/www.vegaintro-projekti.com\/pilar-stari\/?p=35652"},"modified":"2025-10-01T13:17:30","modified_gmt":"2025-10-01T13:17:30","slug":"asistent-vicko-cudina-na-konferenciji-psychology-in-transition-split-19-9-2025","status":"publish","type":"post","link":"https:\/\/www.vegaintro-projekti.com\/pilar-stari\/2025\/09\/asistent-vicko-cudina-na-konferenciji-psychology-in-transition-split-19-9-2025\/","title":{"rendered":"Asistent Vicko \u0106udina na konferenciji Psychology in transition; Split, 19. 9. 2025."},"content":{"rendered":"<p><strong>Suradnik na projektu PRISCLIM Vicko \u0106udina predstavio je preliminarne rezultate istra\u017eivanja na znanstvenoj konferenciji Psychology in transition: Adapting to rapidly changing world odr\u017eanoj u Splitu 19. rujna 2025.<\/strong> &#8211; <a href=\"https:\/\/unist.hr\/psychology-in-transition-adapting-to-rapidly-changing-world\/20275\">O konferenciji<\/a><\/p>\n<div class=\"wp-block-image\">\n<p><a href=\"https:\/\/www.vegaintro-projekti.com\/pilar-stari\/wp-content\/uploads\/2025\/09\/IMG_1-8.jpg\"><img decoding=\"async\" loading=\"lazy\" class=\"alignnone wp-image-35649 size-full\" src=\"https:\/\/www.vegaintro-projekti.com\/pilar-stari\/wp-content\/uploads\/2025\/09\/IMG_1s-7.jpg\" alt=\"i1\" width=\"620\" height=\"361\" srcset=\"https:\/\/www.vegaintro-projekti.com\/pilar-stari\/wp-content\/uploads\/2025\/09\/IMG_1s-7.jpg 620w, https:\/\/www.vegaintro-projekti.com\/pilar-stari\/wp-content\/uploads\/2025\/09\/IMG_1s-7-300x175.jpg 300w\" sizes=\"(max-width: 620px) 100vw, 620px\" \/><\/a><a href=\"https:\/\/www.vegaintro-projekti.com\/pilar-stari\/wp-content\/uploads\/2025\/09\/IMG_2-8.jpg\"><img decoding=\"async\" loading=\"lazy\" class=\"alignnone wp-image-35651 size-full\" src=\"https:\/\/www.vegaintro-projekti.com\/pilar-stari\/wp-content\/uploads\/2025\/09\/IMG_2s-7.jpg\" alt=\"i2\" width=\"620\" height=\"349\" srcset=\"https:\/\/www.vegaintro-projekti.com\/pilar-stari\/wp-content\/uploads\/2025\/09\/IMG_2s-7.jpg 620w, https:\/\/www.vegaintro-projekti.com\/pilar-stari\/wp-content\/uploads\/2025\/09\/IMG_2s-7-300x169.jpg 300w\" sizes=\"(max-width: 620px) 100vw, 620px\" \/><\/a><\/p>\n<div class=\"wp-block-image\"><strong>Konferencija<\/strong> je odr\u017eana u organizaciji Odsjeka za psihologiju Filozofskog fakulteta u Splitu, a na njoj su suradnici projekta PRISCLIM sudjelovali s izlaganjem \u201eWhat makes them tick? Exploring positive job motivation among correctional officers \u2013 preliminary results\u201c (Vicko \u0106udina, Ines Su\u010di\u0107, Katarina Soki\u0107). PRISCLIM je \u010detverogodi\u0161nji znanstveni projekt financiran sredstvima Europske unije \u2013 NextGenerationEU.<\/div>\n<div>&nbsp;<\/div>\n<\/div>\n<blockquote><p><a href=\"https:\/\/www.vegaintro-projekti.com\/pilar-stari\/2024\/05\/projekt-prisclim-psihosocijalna-klima-i-individualne-karakteristike-zatvorenika-i-sluzbenika-u-kaznenim-tijelima-republike-hrvatske-multimetodski-pristup\/\">Projekt PRISCLIM<\/a><\/p><\/blockquote>\n","protected":false},"excerpt":{"rendered":"<p>Suradnik na projektu PRISCLIM Vicko \u0106udina predstavio je preliminarne rezultate istra\u017eivanja na znanstvenoj konferenciji Psychology in transition: Adapting to rapidly changing world odr\u017eanoj u Splitu 19. rujna 2025. &#8211; O konferenciji Konferencija je odr\u017eana u organizaciji Odsjeka za psihologiju Filozofskog fakulteta u Splitu, a na njoj su suradnici projekta PRISCLIM sudjelovali s izlaganjem \u201eWhat makes&hellip; <a class=\"continue\" href=\"https:\/\/www.vegaintro-projekti.com\/pilar-stari\/2025\/09\/asistent-vicko-cudina-na-konferenciji-psychology-in-transition-split-19-9-2025\/\">Pro\u010ditaj vi\u0161e o<span> Asistent Vicko \u0106udina na konferenciji Psychology in transition; Split, 19. 9. 2025.<\/span><\/a><\/p>\n","protected":false},"author":7,"featured_media":35648,"comment_status":"closed","ping_status":"closed","sticky":false,"template":"","format":"standard","meta":{"inline_featured_image":false,"ngg_post_thumbnail":0,"footnotes":""},"categories":[29],"tags":[],"yoast_head":"<!-- This site is optimized with the Yoast SEO plugin v21.2 - https:\/\/yoast.com\/wordpress\/plugins\/seo\/ -->\n<title>Asistent Vicko \u0106udina na konferenciji Psychology in transition; Split, 19. 9. 2025. - Institut dru&scaron;tvenih znanosti Ivo Pilar<\/title>\n<meta name=\"robots\" content=\"noindex, follow, max-snippet:-1, max-image-preview:large, max-video-preview:-1\" \/>\n<meta property=\"og:locale\" content=\"hr_HR\" \/>\n<meta property=\"og:type\" content=\"article\" \/>\n<meta property=\"og:title\" content=\"Asistent Vicko \u0106udina na konferenciji Psychology in transition; Split, 19. 9. 2025. - Institut dru&scaron;tvenih znanosti Ivo Pilar\" \/>\n<meta property=\"og:description\" content=\"Suradnik na projektu PRISCLIM Vicko \u0106udina predstavio je preliminarne rezultate istra\u017eivanja na znanstvenoj konferenciji Psychology in transition: Adapting to rapidly changing world odr\u017eanoj u Splitu 19. rujna 2025. &#8211; O konferenciji Konferencija je odr\u017eana u organizaciji Odsjeka za psihologiju Filozofskog fakulteta u Splitu, a na njoj su suradnici projekta PRISCLIM sudjelovali s izlaganjem \u201eWhat makes&hellip; Pro\u010ditaj vi\u0161e o Asistent Vicko \u0106udina na konferenciji Psychology in transition; Split, 19. 9. 2025.\" \/>\n<meta property=\"og:url\" content=\"https:\/\/www.vegaintro-projekti.com\/pilar-stari\/2025\/09\/asistent-vicko-cudina-na-konferenciji-psychology-in-transition-split-19-9-2025\/\" \/>\n<meta property=\"og:site_name\" content=\"Institut dru&scaron;tvenih znanosti Ivo Pilar\" \/>\n<meta property=\"article:published_time\" content=\"2025-09-26T19:52:17+00:00\" \/>\n<meta property=\"article:modified_time\" content=\"2025-10-01T13:17:30+00:00\" \/>\n<meta property=\"og:image\" content=\"https:\/\/www.vegaintro-projekti.com\/pilar-stari\/wp-content\/uploads\/2025\/09\/IMG_1fi-4.jpg\" \/>\n\t<meta property=\"og:image:width\" content=\"500\" \/>\n\t<meta property=\"og:image:height\" content=\"220\" \/>\n\t<meta property=\"og:image:type\" content=\"image\/jpeg\" \/>\n<meta name=\"author\" content=\"Boris\" \/>\n<meta name=\"twitter:card\" content=\"summary_large_image\" \/>\n<meta name=\"twitter:label1\" content=\"Napisao\/la\" \/>\n\t<meta name=\"twitter:data1\" content=\"Boris\" \/>\n\t<meta name=\"twitter:label2\" content=\"Procijenjeno vrijeme \u010ditanja\" \/>\n\t<meta name=\"twitter:data2\" content=\"1 minuta\" \/>\n<script type=\"application\/ld+json\" class=\"yoast-schema-graph\">{\"@context\":\"https:\/\/schema.org\",\"@graph\":[{\"@type\":\"WebPage\",\"@id\":\"https:\/\/www.vegaintro-projekti.com\/pilar-stari\/2025\/09\/asistent-vicko-cudina-na-konferenciji-psychology-in-transition-split-19-9-2025\/\",\"url\":\"https:\/\/www.vegaintro-projekti.com\/pilar-stari\/2025\/09\/asistent-vicko-cudina-na-konferenciji-psychology-in-transition-split-19-9-2025\/\",\"name\":\"Asistent Vicko \u0106udina na konferenciji Psychology in transition; Split, 19. 9. 2025. - Institut dru&scaron;tvenih znanosti Ivo Pilar\",\"isPartOf\":{\"@id\":\"https:\/\/www.vegaintro-projekti.com\/pilar-stari\/#website\"},\"datePublished\":\"2025-09-26T19:52:17+00:00\",\"dateModified\":\"2025-10-01T13:17:30+00:00\",\"author\":{\"@id\":\"https:\/\/www.vegaintro-projekti.com\/pilar-stari\/#\/schema\/person\/ddd404c9f1e15e4ffef5986ac6a5d28b\"},\"breadcrumb\":{\"@id\":\"https:\/\/www.vegaintro-projekti.com\/pilar-stari\/2025\/09\/asistent-vicko-cudina-na-konferenciji-psychology-in-transition-split-19-9-2025\/#breadcrumb\"},\"inLanguage\":\"hr\",\"potentialAction\":[{\"@type\":\"ReadAction\",\"target\":[\"https:\/\/www.vegaintro-projekti.com\/pilar-stari\/2025\/09\/asistent-vicko-cudina-na-konferenciji-psychology-in-transition-split-19-9-2025\/\"]}]},{\"@type\":\"BreadcrumbList\",\"@id\":\"https:\/\/www.vegaintro-projekti.com\/pilar-stari\/2025\/09\/asistent-vicko-cudina-na-konferenciji-psychology-in-transition-split-19-9-2025\/#breadcrumb\",\"itemListElement\":[{\"@type\":\"ListItem\",\"position\":1,\"name\":\"Home\",\"item\":\"https:\/\/www.vegaintro-projekti.com\/pilar-stari\/\"},{\"@type\":\"ListItem\",\"position\":2,\"name\":\"Asistent Vicko \u0106udina na konferenciji Psychology in transition; Split, 19. 9. 2025.\"}]},{\"@type\":\"WebSite\",\"@id\":\"https:\/\/www.vegaintro-projekti.com\/pilar-stari\/#website\",\"url\":\"https:\/\/www.vegaintro-projekti.com\/pilar-stari\/\",\"name\":\"Institut dru&scaron;tvenih znanosti Ivo Pilar\",\"description\":\"Pilar\",\"potentialAction\":[{\"@type\":\"SearchAction\",\"target\":{\"@type\":\"EntryPoint\",\"urlTemplate\":\"https:\/\/www.vegaintro-projekti.com\/pilar-stari\/?s={search_term_string}\"},\"query-input\":\"required name=search_term_string\"}],\"inLanguage\":\"hr\"},{\"@type\":\"Person\",\"@id\":\"https:\/\/www.vegaintro-projekti.com\/pilar-stari\/#\/schema\/person\/ddd404c9f1e15e4ffef5986ac6a5d28b\",\"name\":\"Boris\",\"image\":{\"@type\":\"ImageObject\",\"inLanguage\":\"hr\",\"@id\":\"https:\/\/www.vegaintro-projekti.com\/pilar-stari\/#\/schema\/person\/image\/\",\"url\":\"https:\/\/secure.gravatar.com\/avatar\/29557b161a6ce6ab86ac1503164f1e90?s=96&d=mm&r=g\",\"contentUrl\":\"https:\/\/secure.gravatar.com\/avatar\/29557b161a6ce6ab86ac1503164f1e90?s=96&d=mm&r=g\",\"caption\":\"Boris\"},\"url\":\"https:\/\/www.vegaintro-projekti.com\/pilar-stari\/author\/boris\/\"}]}<\/script>\n<!-- \/ Yoast SEO plugin. -->","yoast_head_json":{"title":"Asistent Vicko \u0106udina na konferenciji Psychology in transition; Split, 19. 9. 2025. - Institut dru&scaron;tvenih znanosti Ivo Pilar","robots":{"index":"noindex","follow":"follow","max-snippet":"max-snippet:-1","max-image-preview":"max-image-preview:large","max-video-preview":"max-video-preview:-1"},"og_locale":"hr_HR","og_type":"article","og_title":"Asistent Vicko \u0106udina na konferenciji Psychology in transition; Split, 19. 9. 2025. - Institut dru&scaron;tvenih znanosti Ivo Pilar","og_description":"Suradnik na projektu PRISCLIM Vicko \u0106udina predstavio je preliminarne rezultate istra\u017eivanja na znanstvenoj konferenciji Psychology in transition: Adapting to rapidly changing world odr\u017eanoj u Splitu 19. rujna 2025. &#8211; O konferenciji Konferencija je odr\u017eana u organizaciji Odsjeka za psihologiju Filozofskog fakulteta u Splitu, a na njoj su suradnici projekta PRISCLIM sudjelovali s izlaganjem \u201eWhat makes&hellip; Pro\u010ditaj vi\u0161e o Asistent Vicko \u0106udina na konferenciji Psychology in transition; Split, 19. 9. 2025.","og_url":"https:\/\/www.vegaintro-projekti.com\/pilar-stari\/2025\/09\/asistent-vicko-cudina-na-konferenciji-psychology-in-transition-split-19-9-2025\/","og_site_name":"Institut dru&scaron;tvenih znanosti Ivo Pilar","article_published_time":"2025-09-26T19:52:17+00:00","article_modified_time":"2025-10-01T13:17:30+00:00","og_image":[{"width":500,"height":220,"url":"https:\/\/www.vegaintro-projekti.com\/pilar-stari\/wp-content\/uploads\/2025\/09\/IMG_1fi-4.jpg","type":"image\/jpeg"}],"author":"Boris","twitter_card":"summary_large_image","twitter_misc":{"Napisao\/la":"Boris","Procijenjeno vrijeme \u010ditanja":"1 minuta"},"schema":{"@context":"https:\/\/schema.org","@graph":[{"@type":"WebPage","@id":"https:\/\/www.vegaintro-projekti.com\/pilar-stari\/2025\/09\/asistent-vicko-cudina-na-konferenciji-psychology-in-transition-split-19-9-2025\/","url":"https:\/\/www.vegaintro-projekti.com\/pilar-stari\/2025\/09\/asistent-vicko-cudina-na-konferenciji-psychology-in-transition-split-19-9-2025\/","name":"Asistent Vicko \u0106udina na konferenciji Psychology in transition; Split, 19. 9. 2025. - Institut dru&scaron;tvenih znanosti Ivo Pilar","isPartOf":{"@id":"https:\/\/www.vegaintro-projekti.com\/pilar-stari\/#website"},"datePublished":"2025-09-26T19:52:17+00:00","dateModified":"2025-10-01T13:17:30+00:00","author":{"@id":"https:\/\/www.vegaintro-projekti.com\/pilar-stari\/#\/schema\/person\/ddd404c9f1e15e4ffef5986ac6a5d28b"},"breadcrumb":{"@id":"https:\/\/www.vegaintro-projekti.com\/pilar-stari\/2025\/09\/asistent-vicko-cudina-na-konferenciji-psychology-in-transition-split-19-9-2025\/#breadcrumb"},"inLanguage":"hr","potentialAction":[{"@type":"ReadAction","target":["https:\/\/www.vegaintro-projekti.com\/pilar-stari\/2025\/09\/asistent-vicko-cudina-na-konferenciji-psychology-in-transition-split-19-9-2025\/"]}]},{"@type":"BreadcrumbList","@id":"https:\/\/www.vegaintro-projekti.com\/pilar-stari\/2025\/09\/asistent-vicko-cudina-na-konferenciji-psychology-in-transition-split-19-9-2025\/#breadcrumb","itemListElement":[{"@type":"ListItem","position":1,"name":"Home","item":"https:\/\/www.vegaintro-projekti.com\/pilar-stari\/"},{"@type":"ListItem","position":2,"name":"Asistent Vicko \u0106udina na konferenciji Psychology in transition; Split, 19. 9. 2025."}]},{"@type":"WebSite","@id":"https:\/\/www.vegaintro-projekti.com\/pilar-stari\/#website","url":"https:\/\/www.vegaintro-projekti.com\/pilar-stari\/","name":"Institut dru&scaron;tvenih znanosti Ivo Pilar","description":"Pilar","potentialAction":[{"@type":"SearchAction","target":{"@type":"EntryPoint","urlTemplate":"https:\/\/www.vegaintro-projekti.com\/pilar-stari\/?s={search_term_string}"},"query-input":"required name=search_term_string"}],"inLanguage":"hr"},{"@type":"Person","@id":"https:\/\/www.vegaintro-projekti.com\/pilar-stari\/#\/schema\/person\/ddd404c9f1e15e4ffef5986ac6a5d28b","name":"Boris","image":{"@type":"ImageObject","inLanguage":"hr","@id":"https:\/\/www.vegaintro-projekti.com\/pilar-stari\/#\/schema\/person\/image\/","url":"https:\/\/secure.gravatar.com\/avatar\/29557b161a6ce6ab86ac1503164f1e90?s=96&d=mm&r=g","contentUrl":"https:\/\/secure.gravatar.com\/avatar\/29557b161a6ce6ab86ac1503164f1e90?s=96&d=mm&r=g","caption":"Boris"},"url":"https:\/\/www.vegaintro-projekti.com\/pilar-stari\/author\/boris\/"}]}},"_links":{"self":[{"href":"https:\/\/www.vegaintro-projekti.com\/pilar-stari\/wp-json\/wp\/v2\/posts\/35652"}],"collection":[{"href":"https:\/\/www.vegaintro-projekti.com\/pilar-stari\/wp-json\/wp\/v2\/posts"}],"about":[{"href":"https:\/\/www.vegaintro-projekti.com\/pilar-stari\/wp-json\/wp\/v2\/types\/post"}],"author":[{"embeddable":true,"href":"https:\/\/www.vegaintro-projekti.com\/pilar-stari\/wp-json\/wp\/v2\/users\/7"}],"replies":[{"embeddable":true,"href":"https:\/\/www.vegaintro-projekti.com\/pilar-stari\/wp-json\/wp\/v2\/comments?post=35652"}],"version-history":[{"count":4,"href":"https:\/\/www.vegaintro-projekti.com\/pilar-stari\/wp-json\/wp\/v2\/posts\/35652\/revisions"}],"predecessor-version":[{"id":35656,"href":"https:\/\/www.vegaintro-projekti.com\/pilar-stari\/wp-json\/wp\/v2\/posts\/35652\/revisions\/35656"}],"wp:featuredmedia":[{"embeddable":true,"href":"https:\/\/www.vegaintro-projekti.com\/pilar-stari\/wp-json\/wp\/v2\/media\/35648"}],"wp:attachment":[{"href":"https:\/\/www.vegaintro-projekti.com\/pilar-stari\/wp-json\/wp\/v2\/media?parent=35652"}],"wp:term":[{"taxonomy":"category","embeddable":true,"href":"https:\/\/www.vegaintro-projekti.com\/pilar-stari\/wp-json\/wp\/v2\/categories?post=35652"},{"taxonomy":"post_tag","embeddable":true,"href":"https:\/\/www.vegaintro-projekti.com\/pilar-stari\/wp-json\/wp\/v2\/tags?post=35652"}],"curies":[{"name":"wp","href":"https:\/\/api.w.org\/{rel}","templated":true}]}}