{"id":35684,"date":"2025-09-28T13:44:23","date_gmt":"2025-09-28T13:44:23","guid":{"rendered":"https:\/\/www.vegaintro-projekti.com\/pilar-stari\/?p=35684"},"modified":"2025-09-28T14:05:28","modified_gmt":"2025-09-28T14:05:28","slug":"dr-sc-dr-sc-miljenku-brekalu-i-mr-sc-stjepanu-adanicu-dodijeljena-velika-zlatna-plaketa-za-najbolju-knjigu-s-tematikom-domovinskog-rata","status":"publish","type":"post","link":"https:\/\/www.vegaintro-projekti.com\/pilar-stari\/2025\/09\/dr-sc-dr-sc-miljenku-brekalu-i-mr-sc-stjepanu-adanicu-dodijeljena-velika-zlatna-plaketa-za-najbolju-knjigu-s-tematikom-domovinskog-rata\/","title":{"rendered":"Dr. sc., dr. sc. Miljenku Brekalu i mr. sc. Stjepanu Adani\u0107u dodijeljena Velika zlatna plaketa za najbolju knjigu s tematikom Domovinskog rata"},"content":{"rendered":"<p><strong>Pod pokroviteljstvom Ministarstva hrvatskih branitelja Republike Hrvatske i ove je godine tradicionalno dodijeljena Velika zlatna plaketa za najbolju knjigu s tematikom Domovinskoga rata. Navedeno priznanje od 2000. godine dodjeljuje Udruga hrvatskih branitelja Domovinskoga rata91. (UHBDR91). Ovogodi\u0161nji su laureati prof. dr. sc., dr. sc. Miljenko Brekalo i mr. sc. Stjepan Adani\u0107 za autorsku knjigu Vara\u017edinska kronika Domovinskoga rata. Prosudbeni sud jednoglasno je odlu\u010dio da je navedena knjiga najbolja u konkurenciji sedamnaest knjiga, od kojih je pet bilo iz susjedne BiH i jedna iz Njema\u010dke.<\/strong> &#8211; <a href=\"#med\">Iz medija<\/a><\/p>\n<div class=\"wp-block-image\">\n<p><a href=\"https:\/\/www.vegaintro-projekti.com\/pilar-stari\/wp-content\/uploads\/2025\/09\/IMG_1-10.jpg\"><img decoding=\"async\" loading=\"lazy\" class=\"alignnone wp-image-35670 size-full\" src=\"https:\/\/www.vegaintro-projekti.com\/pilar-stari\/wp-content\/uploads\/2025\/09\/IMG_1s-9.jpg\" alt=\"i1\" width=\"620\" height=\"348\" srcset=\"https:\/\/www.vegaintro-projekti.com\/pilar-stari\/wp-content\/uploads\/2025\/09\/IMG_1s-9.jpg 620w, https:\/\/www.vegaintro-projekti.com\/pilar-stari\/wp-content\/uploads\/2025\/09\/IMG_1s-9-300x168.jpg 300w\" sizes=\"(max-width: 620px) 100vw, 620px\" \/><\/a><a href=\"https:\/\/www.vegaintro-projekti.com\/pilar-stari\/wp-content\/uploads\/2025\/09\/IMG_5-1.jpg\"><img decoding=\"async\" loading=\"lazy\" class=\"alignnone wp-image-35679 size-full\" src=\"https:\/\/www.vegaintro-projekti.com\/pilar-stari\/wp-content\/uploads\/2025\/09\/IMG_5s-1.jpg\" alt=\"i2\" width=\"620\" height=\"351\" srcset=\"https:\/\/www.vegaintro-projekti.com\/pilar-stari\/wp-content\/uploads\/2025\/09\/IMG_5s-1.jpg 620w, https:\/\/www.vegaintro-projekti.com\/pilar-stari\/wp-content\/uploads\/2025\/09\/IMG_5s-1-300x170.jpg 300w\" sizes=\"(max-width: 620px) 100vw, 620px\" \/><\/a><a href=\"https:\/\/www.vegaintro-projekti.com\/pilar-stari\/wp-content\/uploads\/2025\/09\/IMG_2-10.jpg\"><img decoding=\"async\" loading=\"lazy\" class=\"alignnone wp-image-35672 size-full\" src=\"https:\/\/www.vegaintro-projekti.com\/pilar-stari\/wp-content\/uploads\/2025\/09\/IMG_2s-9.jpg\" alt=\"i3\" width=\"620\" height=\"350\" srcset=\"https:\/\/www.vegaintro-projekti.com\/pilar-stari\/wp-content\/uploads\/2025\/09\/IMG_2s-9.jpg 620w, https:\/\/www.vegaintro-projekti.com\/pilar-stari\/wp-content\/uploads\/2025\/09\/IMG_2s-9-300x169.jpg 300w\" sizes=\"(max-width: 620px) 100vw, 620px\" \/><\/a><a href=\"https:\/\/www.vegaintro-projekti.com\/pilar-stari\/wp-content\/uploads\/2025\/09\/IMG_3s-3.jpg\"><img decoding=\"async\" loading=\"lazy\" class=\"alignnone wp-image-35674 size-full\" src=\"https:\/\/www.vegaintro-projekti.com\/pilar-stari\/wp-content\/uploads\/2025\/09\/IMG_3s-3.jpg\" alt=\"i4\" width=\"620\" height=\"333\" srcset=\"https:\/\/www.vegaintro-projekti.com\/pilar-stari\/wp-content\/uploads\/2025\/09\/IMG_3s-3.jpg 620w, https:\/\/www.vegaintro-projekti.com\/pilar-stari\/wp-content\/uploads\/2025\/09\/IMG_3s-3-300x161.jpg 300w\" sizes=\"(max-width: 620px) 100vw, 620px\" \/><\/a><a href=\"https:\/\/www.vegaintro-projekti.com\/pilar-stari\/wp-content\/uploads\/2025\/09\/IMG_6-1.jpg\"><img decoding=\"async\" loading=\"lazy\" class=\"alignnone wp-image-35681 size-full\" src=\"https:\/\/www.vegaintro-projekti.com\/pilar-stari\/wp-content\/uploads\/2025\/09\/IMG_6s-1.jpg\" alt=\"i5\" width=\"620\" height=\"364\" srcset=\"https:\/\/www.vegaintro-projekti.com\/pilar-stari\/wp-content\/uploads\/2025\/09\/IMG_6s-1.jpg 620w, https:\/\/www.vegaintro-projekti.com\/pilar-stari\/wp-content\/uploads\/2025\/09\/IMG_6s-1-300x176.jpg 300w\" sizes=\"(max-width: 620px) 100vw, 620px\" \/><\/a><a href=\"https:\/\/www.vegaintro-projekti.com\/pilar-stari\/wp-content\/uploads\/2025\/09\/IMG_7-1.jpg\"><img decoding=\"async\" loading=\"lazy\" class=\"alignnone wp-image-35683 \" src=\"https:\/\/www.vegaintro-projekti.com\/pilar-stari\/wp-content\/uploads\/2025\/09\/IMG_7s-1.jpg\" alt=\"i6\" width=\"620\" height=\"361\" srcset=\"https:\/\/www.vegaintro-projekti.com\/pilar-stari\/wp-content\/uploads\/2025\/09\/IMG_7s-1.jpg 615w, https:\/\/www.vegaintro-projekti.com\/pilar-stari\/wp-content\/uploads\/2025\/09\/IMG_7s-1-300x175.jpg 300w\" sizes=\"(max-width: 620px) 100vw, 620px\" \/><\/a><a href=\"https:\/\/www.vegaintro-projekti.com\/pilar-stari\/wp-content\/uploads\/2025\/09\/IMG_4-2.jpg\"><img decoding=\"async\" loading=\"lazy\" class=\"alignnone wp-image-35676 size-full\" src=\"https:\/\/www.vegaintro-projekti.com\/pilar-stari\/wp-content\/uploads\/2025\/09\/IMG_4s-2.jpg\" alt=\"i7\" width=\"620\" height=\"372\" srcset=\"https:\/\/www.vegaintro-projekti.com\/pilar-stari\/wp-content\/uploads\/2025\/09\/IMG_4s-2.jpg 620w, https:\/\/www.vegaintro-projekti.com\/pilar-stari\/wp-content\/uploads\/2025\/09\/IMG_4s-2-300x180.jpg 300w\" sizes=\"(max-width: 620px) 100vw, 620px\" \/><\/a><\/p>\n<\/div>\n<p>&#8211; <a href=\"https:\/\/www.vegaintro-projekti.com\/pilar-stari\/2025\/02\/objavljena-varazdinska-kronika-domovinskoga-rata\/\">O knjizi VARA\u017dDINSKA KRONIKA DOMOVINSKOGA RATA<\/a><\/p>\n<p><strong>Dodjela priznanja<\/strong> odr\u017eana je u Zagrebu 23. rujna 2025. u velikoj sve\u010danoj dvorani Hrvatskoga dr\u017eavnog arhiva u Zagrebu. Sve\u010danosti su nazo\u010dili brojni kulturni i znanstveni djelatnici i izaslanici nekoliko ministarstava. Nazo\u010dnima su se obratili dr\u017eavni tajnik Darko Neki\u0107 uime predsjednika Vlade RH mr. sc. Andreja Plenkovi\u0107a i potpredsjednika Vlade RH i ministra branitelja Tome Medveda; g\u0111a Zdravka Bu\u0161i\u0107 nazo\u010dne je pozdravila kao predstavnica predsjednika Hrvatskoga sabora Gordana Jandrokovi\u0107a, a izaslanik ministra vanjskih poslova Gordana Grli\u0107a Radmana bio je dr. sc. Domagoj Kne\u017eevi\u0107. U pisanoj formi nazo\u010dne su pozdravili: potpredsjednik Vlade i ministar obrane Ivan Anu\u0161i\u0107, potpredsjednik Vlade i ministar unutarnjih poslova dr. sc. Davorin Bo\u017einovi\u0107, ministar znanosti, obrazovanja i mladih prof. dr. sc. Radovan Fuchs, ministar turizma Ton\u010di Glavina, predsjednik HAZU-a akademik Velimir Neidhardt, ravnateljica NSK-a prof. dr. sc. Ivanka Stri\u010devi\u0107, \u017eupanica Osje\u010dko-baranjske \u017eupanije Nata\u0161a Trami\u0161ak, gradona\u010delnik Osijeka Ivan Radi\u0107, gradona\u010delnik Zagreba Tomislav Toma\u0161evi\u0107, predsjednik Skup\u0161tine grada Zagreba Matej Mi\u0161i\u0107i i drugi brojni uglednici. Knjigu i autore predstavili su: predsjednik UHBDR-a91 Mladen Pavkovi\u0107, ravnatelj Hrvatskoga dr\u017eavnog arhiva dr. sc. Dinko \u010cutura, ravnatelj Instituta dru\u0161tvenih znanosti Ivo Pilar prof. dr. sc. \u017deljko Holjevac i predsjednik Upravnog vije\u0107a Instituta Pilar i recenzent knjige prof. dr. sc. Nevio \u0160eti\u0107. Na kraju sve\u010danosti nazo\u010dnima su se obratili autori knjige. Sve\u010danost dodjele uveli\u010dali su renomirani hrvatski glazbenici Mirko \u0160venda i Ante Gelo, a moderator je bio novinar Radija Marija Ivan Zaradi\u0107.<\/p>\n<p><a id=\"med\"><\/a><span style=\"font-size: 14pt;\">Iz medija<\/span><\/p>\n<p><strong>&#8211; Vara\u017edinske vijesti:<\/strong> <a href=\"https:\/\/www.varazdinske-vijesti.hr\/drustvo\/priznanje-za-varazdinsku-kroniku-domovinskoga-rata-u-hrvatskom-drzavnom-arhivu-96952\">Adani\u0107u i Brekalu priznanje za \u201eVara\u017edinsku kroniku Domovinskoga rata\u201c, 24. 9. 2025.<\/a><br \/>\n<strong>&#8211; Cronika.hr:<\/strong> <a href=\"https:\/\/cronika.hr\/istaknuto\/2025\/znanstvena-kronika-pobjede-brekalo-i-adanic-nagradeni-za-najbolju-knjigu-o-domovinskom-ratu\/\">Znanstvena kronika pobjede: Brekalo i Adani\u0107 nagra\u0111eni za najbolju knjigu o Domovinskom ratu, 25. 9. 2025.<\/a><br \/>\n<strong>&#8211; Dnevno.hr:<\/strong> <a href=\"https:\/\/www.dnevno.hr\/domovina\/izabrana-najbolja-knjiga-o-domovinskom-ratu-u-njoj-je-poruka-laznim-braniteljima-3068794\/\">Izabrana najbolja knjiga o Domovinskom ratu: &#8216;U njoj je poruka la\u017enim braniteljima&#8217;, 24. 9. 2025.<\/a><br \/>\n<strong>&#8211; Fenix magazin:<\/strong> <a href=\"https:\/\/fenix-magazin.de\/varazdinska-kronika-knjiga-koja-brani-istinu-domovinskog-rata-dobila-visoko-priznanje\/\">\u201eVARA\u017dDINSKA KRONIKA\u201c: Knjiga koja brani istinu Domovinskog rata dobila visoko priznanje, 24. 9. 2025.<\/a><br \/>\n<strong>&#8211; Hia.com.hr:<\/strong> <a href=\"https:\/\/www.hia.com.hr\/izdvojeno\/dogadanja\/item\/46764-za-knjigu-varazdinska-kronika-domovinskoga-rata-svecano-uruceno-priznanje-za-najbolju-knjigu\">Za knjigu \u201eVara\u017edinska kronika Domovinskoga rata\u201c sve\u010dano uru\u010deno priznanje za najbolju knjigu, 24. 9. 2025.<\/a><\/p>\n<blockquote><p><a href=\"https:\/\/www.vegaintro-projekti.com\/pilar-stari\/2010\/07\/podruni-centar-osijek-2\/\">Podru\u010dni centar Osijek<\/a><\/p><\/blockquote>\n","protected":false},"excerpt":{"rendered":"<p>Pod pokroviteljstvom Ministarstva hrvatskih branitelja Republike Hrvatske i ove je godine tradicionalno dodijeljena Velika zlatna plaketa za najbolju knjigu s tematikom Domovinskoga rata. Navedeno priznanje od 2000. godine dodjeljuje Udruga hrvatskih branitelja Domovinskoga rata91. (UHBDR91). Ovogodi\u0161nji su laureati prof. dr. sc., dr. sc. Miljenko Brekalo i mr. sc. Stjepan Adani\u0107 za autorsku knjigu Vara\u017edinska kronika&hellip; <a class=\"continue\" href=\"https:\/\/www.vegaintro-projekti.com\/pilar-stari\/2025\/09\/dr-sc-dr-sc-miljenku-brekalu-i-mr-sc-stjepanu-adanicu-dodijeljena-velika-zlatna-plaketa-za-najbolju-knjigu-s-tematikom-domovinskog-rata\/\">Pro\u010ditaj vi\u0161e o<span> Dr. sc., dr. sc. Miljenku Brekalu i mr. sc. Stjepanu Adani\u0107u dodijeljena Velika zlatna plaketa za najbolju knjigu s tematikom Domovinskog rata<\/span><\/a><\/p>\n","protected":false},"author":7,"featured_media":35678,"comment_status":"closed","ping_status":"closed","sticky":false,"template":"","format":"standard","meta":{"inline_featured_image":false,"ngg_post_thumbnail":0,"footnotes":""},"categories":[48,11],"tags":[],"yoast_head":"<!-- This site is optimized with the Yoast SEO plugin v21.2 - https:\/\/yoast.com\/wordpress\/plugins\/seo\/ -->\n<title>Dr. sc., dr. sc. Miljenku Brekalu i mr. sc. Stjepanu Adani\u0107u dodijeljena Velika zlatna plaketa za najbolju knjigu s tematikom Domovinskog rata - Institut dru&scaron;tvenih znanosti Ivo Pilar<\/title>\n<meta name=\"robots\" content=\"noindex, follow, max-snippet:-1, max-image-preview:large, max-video-preview:-1\" \/>\n<meta property=\"og:locale\" content=\"hr_HR\" \/>\n<meta property=\"og:type\" content=\"article\" \/>\n<meta property=\"og:title\" content=\"Dr. sc., dr. sc. Miljenku Brekalu i mr. sc. Stjepanu Adani\u0107u dodijeljena Velika zlatna plaketa za najbolju knjigu s tematikom Domovinskog rata - Institut dru&scaron;tvenih znanosti Ivo Pilar\" \/>\n<meta property=\"og:description\" content=\"Pod pokroviteljstvom Ministarstva hrvatskih branitelja Republike Hrvatske i ove je godine tradicionalno dodijeljena Velika zlatna plaketa za najbolju knjigu s tematikom Domovinskoga rata. Navedeno priznanje od 2000. godine dodjeljuje Udruga hrvatskih branitelja Domovinskoga rata91. (UHBDR91). Ovogodi\u0161nji su laureati prof. dr. sc., dr. sc. Miljenko Brekalo i mr. sc. Stjepan Adani\u0107 za autorsku knjigu Vara\u017edinska kronika&hellip; Pro\u010ditaj vi\u0161e o Dr. sc., dr. sc. Miljenku Brekalu i mr. sc. Stjepanu Adani\u0107u dodijeljena Velika zlatna plaketa za najbolju knjigu s tematikom Domovinskog rata\" \/>\n<meta property=\"og:url\" content=\"https:\/\/www.vegaintro-projekti.com\/pilar-stari\/2025\/09\/dr-sc-dr-sc-miljenku-brekalu-i-mr-sc-stjepanu-adanicu-dodijeljena-velika-zlatna-plaketa-za-najbolju-knjigu-s-tematikom-domovinskog-rata\/\" \/>\n<meta property=\"og:site_name\" content=\"Institut dru&scaron;tvenih znanosti Ivo Pilar\" \/>\n<meta property=\"article:published_time\" content=\"2025-09-28T13:44:23+00:00\" \/>\n<meta property=\"article:modified_time\" content=\"2025-09-28T14:05:28+00:00\" \/>\n<meta property=\"og:image\" content=\"https:\/\/www.vegaintro-projekti.com\/pilar-stari\/wp-content\/uploads\/2025\/09\/IMG_5fi.jpg\" \/>\n\t<meta property=\"og:image:width\" content=\"500\" \/>\n\t<meta property=\"og:image:height\" content=\"222\" \/>\n\t<meta property=\"og:image:type\" content=\"image\/jpeg\" \/>\n<meta name=\"author\" content=\"Boris\" \/>\n<meta name=\"twitter:card\" content=\"summary_large_image\" \/>\n<meta name=\"twitter:label1\" content=\"Napisao\/la\" \/>\n\t<meta name=\"twitter:data1\" content=\"Boris\" \/>\n\t<meta name=\"twitter:label2\" content=\"Procijenjeno vrijeme \u010ditanja\" \/>\n\t<meta name=\"twitter:data2\" content=\"4 minute\" \/>\n<script type=\"application\/ld+json\" class=\"yoast-schema-graph\">{\"@context\":\"https:\/\/schema.org\",\"@graph\":[{\"@type\":\"WebPage\",\"@id\":\"https:\/\/www.vegaintro-projekti.com\/pilar-stari\/2025\/09\/dr-sc-dr-sc-miljenku-brekalu-i-mr-sc-stjepanu-adanicu-dodijeljena-velika-zlatna-plaketa-za-najbolju-knjigu-s-tematikom-domovinskog-rata\/\",\"url\":\"https:\/\/www.vegaintro-projekti.com\/pilar-stari\/2025\/09\/dr-sc-dr-sc-miljenku-brekalu-i-mr-sc-stjepanu-adanicu-dodijeljena-velika-zlatna-plaketa-za-najbolju-knjigu-s-tematikom-domovinskog-rata\/\",\"name\":\"Dr. sc., dr. sc. Miljenku Brekalu i mr. sc. Stjepanu Adani\u0107u dodijeljena Velika zlatna plaketa za najbolju knjigu s tematikom Domovinskog rata - Institut dru&scaron;tvenih znanosti Ivo Pilar\",\"isPartOf\":{\"@id\":\"https:\/\/www.vegaintro-projekti.com\/pilar-stari\/#website\"},\"datePublished\":\"2025-09-28T13:44:23+00:00\",\"dateModified\":\"2025-09-28T14:05:28+00:00\",\"author\":{\"@id\":\"https:\/\/www.vegaintro-projekti.com\/pilar-stari\/#\/schema\/person\/ddd404c9f1e15e4ffef5986ac6a5d28b\"},\"breadcrumb\":{\"@id\":\"https:\/\/www.vegaintro-projekti.com\/pilar-stari\/2025\/09\/dr-sc-dr-sc-miljenku-brekalu-i-mr-sc-stjepanu-adanicu-dodijeljena-velika-zlatna-plaketa-za-najbolju-knjigu-s-tematikom-domovinskog-rata\/#breadcrumb\"},\"inLanguage\":\"hr\",\"potentialAction\":[{\"@type\":\"ReadAction\",\"target\":[\"https:\/\/www.vegaintro-projekti.com\/pilar-stari\/2025\/09\/dr-sc-dr-sc-miljenku-brekalu-i-mr-sc-stjepanu-adanicu-dodijeljena-velika-zlatna-plaketa-za-najbolju-knjigu-s-tematikom-domovinskog-rata\/\"]}]},{\"@type\":\"BreadcrumbList\",\"@id\":\"https:\/\/www.vegaintro-projekti.com\/pilar-stari\/2025\/09\/dr-sc-dr-sc-miljenku-brekalu-i-mr-sc-stjepanu-adanicu-dodijeljena-velika-zlatna-plaketa-za-najbolju-knjigu-s-tematikom-domovinskog-rata\/#breadcrumb\",\"itemListElement\":[{\"@type\":\"ListItem\",\"position\":1,\"name\":\"Home\",\"item\":\"https:\/\/www.vegaintro-projekti.com\/pilar-stari\/\"},{\"@type\":\"ListItem\",\"position\":2,\"name\":\"Dr. sc., dr. sc. Miljenku Brekalu i mr. sc. Stjepanu Adani\u0107u dodijeljena Velika zlatna plaketa za najbolju knjigu s tematikom Domovinskog rata\"}]},{\"@type\":\"WebSite\",\"@id\":\"https:\/\/www.vegaintro-projekti.com\/pilar-stari\/#website\",\"url\":\"https:\/\/www.vegaintro-projekti.com\/pilar-stari\/\",\"name\":\"Institut dru&scaron;tvenih znanosti Ivo Pilar\",\"description\":\"Pilar\",\"potentialAction\":[{\"@type\":\"SearchAction\",\"target\":{\"@type\":\"EntryPoint\",\"urlTemplate\":\"https:\/\/www.vegaintro-projekti.com\/pilar-stari\/?s={search_term_string}\"},\"query-input\":\"required name=search_term_string\"}],\"inLanguage\":\"hr\"},{\"@type\":\"Person\",\"@id\":\"https:\/\/www.vegaintro-projekti.com\/pilar-stari\/#\/schema\/person\/ddd404c9f1e15e4ffef5986ac6a5d28b\",\"name\":\"Boris\",\"image\":{\"@type\":\"ImageObject\",\"inLanguage\":\"hr\",\"@id\":\"https:\/\/www.vegaintro-projekti.com\/pilar-stari\/#\/schema\/person\/image\/\",\"url\":\"https:\/\/secure.gravatar.com\/avatar\/29557b161a6ce6ab86ac1503164f1e90?s=96&d=mm&r=g\",\"contentUrl\":\"https:\/\/secure.gravatar.com\/avatar\/29557b161a6ce6ab86ac1503164f1e90?s=96&d=mm&r=g\",\"caption\":\"Boris\"},\"url\":\"https:\/\/www.vegaintro-projekti.com\/pilar-stari\/author\/boris\/\"}]}<\/script>\n<!-- \/ Yoast SEO plugin. -->","yoast_head_json":{"title":"Dr. sc., dr. sc. Miljenku Brekalu i mr. sc. Stjepanu Adani\u0107u dodijeljena Velika zlatna plaketa za najbolju knjigu s tematikom Domovinskog rata - Institut dru&scaron;tvenih znanosti Ivo Pilar","robots":{"index":"noindex","follow":"follow","max-snippet":"max-snippet:-1","max-image-preview":"max-image-preview:large","max-video-preview":"max-video-preview:-1"},"og_locale":"hr_HR","og_type":"article","og_title":"Dr. sc., dr. sc. Miljenku Brekalu i mr. sc. Stjepanu Adani\u0107u dodijeljena Velika zlatna plaketa za najbolju knjigu s tematikom Domovinskog rata - Institut dru&scaron;tvenih znanosti Ivo Pilar","og_description":"Pod pokroviteljstvom Ministarstva hrvatskih branitelja Republike Hrvatske i ove je godine tradicionalno dodijeljena Velika zlatna plaketa za najbolju knjigu s tematikom Domovinskoga rata. Navedeno priznanje od 2000. godine dodjeljuje Udruga hrvatskih branitelja Domovinskoga rata91. (UHBDR91). Ovogodi\u0161nji su laureati prof. dr. sc., dr. sc. Miljenko Brekalo i mr. sc. Stjepan Adani\u0107 za autorsku knjigu Vara\u017edinska kronika&hellip; Pro\u010ditaj vi\u0161e o Dr. sc., dr. sc. Miljenku Brekalu i mr. sc. Stjepanu Adani\u0107u dodijeljena Velika zlatna plaketa za najbolju knjigu s tematikom Domovinskog rata","og_url":"https:\/\/www.vegaintro-projekti.com\/pilar-stari\/2025\/09\/dr-sc-dr-sc-miljenku-brekalu-i-mr-sc-stjepanu-adanicu-dodijeljena-velika-zlatna-plaketa-za-najbolju-knjigu-s-tematikom-domovinskog-rata\/","og_site_name":"Institut dru&scaron;tvenih znanosti Ivo Pilar","article_published_time":"2025-09-28T13:44:23+00:00","article_modified_time":"2025-09-28T14:05:28+00:00","og_image":[{"width":500,"height":222,"url":"https:\/\/www.vegaintro-projekti.com\/pilar-stari\/wp-content\/uploads\/2025\/09\/IMG_5fi.jpg","type":"image\/jpeg"}],"author":"Boris","twitter_card":"summary_large_image","twitter_misc":{"Napisao\/la":"Boris","Procijenjeno vrijeme \u010ditanja":"4 minute"},"schema":{"@context":"https:\/\/schema.org","@graph":[{"@type":"WebPage","@id":"https:\/\/www.vegaintro-projekti.com\/pilar-stari\/2025\/09\/dr-sc-dr-sc-miljenku-brekalu-i-mr-sc-stjepanu-adanicu-dodijeljena-velika-zlatna-plaketa-za-najbolju-knjigu-s-tematikom-domovinskog-rata\/","url":"https:\/\/www.vegaintro-projekti.com\/pilar-stari\/2025\/09\/dr-sc-dr-sc-miljenku-brekalu-i-mr-sc-stjepanu-adanicu-dodijeljena-velika-zlatna-plaketa-za-najbolju-knjigu-s-tematikom-domovinskog-rata\/","name":"Dr. sc., dr. sc. Miljenku Brekalu i mr. sc. Stjepanu Adani\u0107u dodijeljena Velika zlatna plaketa za najbolju knjigu s tematikom Domovinskog rata - Institut dru&scaron;tvenih znanosti Ivo Pilar","isPartOf":{"@id":"https:\/\/www.vegaintro-projekti.com\/pilar-stari\/#website"},"datePublished":"2025-09-28T13:44:23+00:00","dateModified":"2025-09-28T14:05:28+00:00","author":{"@id":"https:\/\/www.vegaintro-projekti.com\/pilar-stari\/#\/schema\/person\/ddd404c9f1e15e4ffef5986ac6a5d28b"},"breadcrumb":{"@id":"https:\/\/www.vegaintro-projekti.com\/pilar-stari\/2025\/09\/dr-sc-dr-sc-miljenku-brekalu-i-mr-sc-stjepanu-adanicu-dodijeljena-velika-zlatna-plaketa-za-najbolju-knjigu-s-tematikom-domovinskog-rata\/#breadcrumb"},"inLanguage":"hr","potentialAction":[{"@type":"ReadAction","target":["https:\/\/www.vegaintro-projekti.com\/pilar-stari\/2025\/09\/dr-sc-dr-sc-miljenku-brekalu-i-mr-sc-stjepanu-adanicu-dodijeljena-velika-zlatna-plaketa-za-najbolju-knjigu-s-tematikom-domovinskog-rata\/"]}]},{"@type":"BreadcrumbList","@id":"https:\/\/www.vegaintro-projekti.com\/pilar-stari\/2025\/09\/dr-sc-dr-sc-miljenku-brekalu-i-mr-sc-stjepanu-adanicu-dodijeljena-velika-zlatna-plaketa-za-najbolju-knjigu-s-tematikom-domovinskog-rata\/#breadcrumb","itemListElement":[{"@type":"ListItem","position":1,"name":"Home","item":"https:\/\/www.vegaintro-projekti.com\/pilar-stari\/"},{"@type":"ListItem","position":2,"name":"Dr. sc., dr. sc. Miljenku Brekalu i mr. sc. Stjepanu Adani\u0107u dodijeljena Velika zlatna plaketa za najbolju knjigu s tematikom Domovinskog rata"}]},{"@type":"WebSite","@id":"https:\/\/www.vegaintro-projekti.com\/pilar-stari\/#website","url":"https:\/\/www.vegaintro-projekti.com\/pilar-stari\/","name":"Institut dru&scaron;tvenih znanosti Ivo Pilar","description":"Pilar","potentialAction":[{"@type":"SearchAction","target":{"@type":"EntryPoint","urlTemplate":"https:\/\/www.vegaintro-projekti.com\/pilar-stari\/?s={search_term_string}"},"query-input":"required name=search_term_string"}],"inLanguage":"hr"},{"@type":"Person","@id":"https:\/\/www.vegaintro-projekti.com\/pilar-stari\/#\/schema\/person\/ddd404c9f1e15e4ffef5986ac6a5d28b","name":"Boris","image":{"@type":"ImageObject","inLanguage":"hr","@id":"https:\/\/www.vegaintro-projekti.com\/pilar-stari\/#\/schema\/person\/image\/","url":"https:\/\/secure.gravatar.com\/avatar\/29557b161a6ce6ab86ac1503164f1e90?s=96&d=mm&r=g","contentUrl":"https:\/\/secure.gravatar.com\/avatar\/29557b161a6ce6ab86ac1503164f1e90?s=96&d=mm&r=g","caption":"Boris"},"url":"https:\/\/www.vegaintro-projekti.com\/pilar-stari\/author\/boris\/"}]}},"_links":{"self":[{"href":"https:\/\/www.vegaintro-projekti.com\/pilar-stari\/wp-json\/wp\/v2\/posts\/35684"}],"collection":[{"href":"https:\/\/www.vegaintro-projekti.com\/pilar-stari\/wp-json\/wp\/v2\/posts"}],"about":[{"href":"https:\/\/www.vegaintro-projekti.com\/pilar-stari\/wp-json\/wp\/v2\/types\/post"}],"author":[{"embeddable":true,"href":"https:\/\/www.vegaintro-projekti.com\/pilar-stari\/wp-json\/wp\/v2\/users\/7"}],"replies":[{"embeddable":true,"href":"https:\/\/www.vegaintro-projekti.com\/pilar-stari\/wp-json\/wp\/v2\/comments?post=35684"}],"version-history":[{"count":6,"href":"https:\/\/www.vegaintro-projekti.com\/pilar-stari\/wp-json\/wp\/v2\/posts\/35684\/revisions"}],"predecessor-version":[{"id":35690,"href":"https:\/\/www.vegaintro-projekti.com\/pilar-stari\/wp-json\/wp\/v2\/posts\/35684\/revisions\/35690"}],"wp:featuredmedia":[{"embeddable":true,"href":"https:\/\/www.vegaintro-projekti.com\/pilar-stari\/wp-json\/wp\/v2\/media\/35678"}],"wp:attachment":[{"href":"https:\/\/www.vegaintro-projekti.com\/pilar-stari\/wp-json\/wp\/v2\/media?parent=35684"}],"wp:term":[{"taxonomy":"category","embeddable":true,"href":"https:\/\/www.vegaintro-projekti.com\/pilar-stari\/wp-json\/wp\/v2\/categories?post=35684"},{"taxonomy":"post_tag","embeddable":true,"href":"https:\/\/www.vegaintro-projekti.com\/pilar-stari\/wp-json\/wp\/v2\/tags?post=35684"}],"curies":[{"name":"wp","href":"https:\/\/api.w.org\/{rel}","templated":true}]}}