{"id":36029,"date":"2025-10-15T20:02:06","date_gmt":"2025-10-15T20:02:06","guid":{"rendered":"https:\/\/www.vegaintro-projekti.com\/pilar-stari\/?p=36029"},"modified":"2025-10-15T20:19:21","modified_gmt":"2025-10-15T20:19:21","slug":"dr-sc-vine-mihaljevic-i-dr-sc-ivana-zebec-silj-na-predstavljanju-knjiga-dr-sc-vine-mihaljevica-livno-24-9-2025","status":"publish","type":"post","link":"https:\/\/www.vegaintro-projekti.com\/pilar-stari\/2025\/10\/dr-sc-vine-mihaljevic-i-dr-sc-ivana-zebec-silj-na-predstavljanju-knjiga-dr-sc-vine-mihaljevica-livno-24-9-2025\/","title":{"rendered":"Dr. sc. Vine Mihaljevi\u0107 i dr. sc. Ivana \u017debec \u0160ilj na predstavljanju knjiga dr. sc. Vine Mihaljevi\u0107a; Livno, 24. 9. 2025."},"content":{"rendered":"<p><strong>U sklopu proslave Dana grada Livna, 24. rujna 2025. u Franjeva\u010dkom muzeju i galeriji Gorica Livno odr\u017eana je promocija knjiga <em>Fra Mato (Matija\/e) Divkovi\u0107 \u2013 iz mleta\u010dke perspektive<\/em> i <em>Lije\u010dnik i kirurg fra Mihovil Su\u010di\u0107 (1820. \u2013 1865.) \u2013 iz padovanske perspektive autora dr. sc. Vine Mihaljevi\u0107a<\/em>.<\/strong> &#8211; <a href=\"#knj\">O knjigama<\/a> | <a href=\"#med\">Iz medija<\/a><\/p>\n<div class=\"wp-block-image\">\n<p><a href=\"https:\/\/www.vegaintro-projekti.com\/pilar-stari\/wp-content\/uploads\/2025\/10\/IMG_1-5.jpg\"><img decoding=\"async\" loading=\"lazy\" class=\"alignnone wp-image-36018 size-full\" src=\"https:\/\/www.vegaintro-projekti.com\/pilar-stari\/wp-content\/uploads\/2025\/10\/IMG_1s-5.jpg\" alt=\"i1\" width=\"620\" height=\"331\" srcset=\"https:\/\/www.vegaintro-projekti.com\/pilar-stari\/wp-content\/uploads\/2025\/10\/IMG_1s-5.jpg 620w, https:\/\/www.vegaintro-projekti.com\/pilar-stari\/wp-content\/uploads\/2025\/10\/IMG_1s-5-300x160.jpg 300w, https:\/\/www.vegaintro-projekti.com\/pilar-stari\/wp-content\/uploads\/2025\/10\/IMG_1s-5-310x165.jpg 310w\" sizes=\"(max-width: 620px) 100vw, 620px\" \/><\/a><a href=\"https:\/\/www.vegaintro-projekti.com\/pilar-stari\/wp-content\/uploads\/2025\/10\/IMG_0-scaled.jpg\"><img decoding=\"async\" loading=\"lazy\" class=\"alignnone wp-image-36015 size-full\" src=\"https:\/\/www.vegaintro-projekti.com\/pilar-stari\/wp-content\/uploads\/2025\/10\/IMG_0s.jpg\" alt=\"i2\" width=\"620\" height=\"310\" srcset=\"https:\/\/www.vegaintro-projekti.com\/pilar-stari\/wp-content\/uploads\/2025\/10\/IMG_0s.jpg 620w, https:\/\/www.vegaintro-projekti.com\/pilar-stari\/wp-content\/uploads\/2025\/10\/IMG_0s-300x150.jpg 300w\" sizes=\"(max-width: 620px) 100vw, 620px\" \/><\/a><\/p>\n<\/div>\n<p>O knjizi <em>Fra Mato (Matija\/e) Divkovi\u0107 \u2013 iz mleta\u010dke perspektive<\/em> govorila je <strong>dr. sc. Ivana \u017debec \u0160ilj<\/strong> istaknuv\u0161i zna\u010daj Divkovi\u0107evih djela za o\u010duvanje vjere i hrvatskog identiteta katoli\u010dkog stanovni\u0161tva u BiH.<\/p>\n<div class=\"wp-block-image\">\n<p><a href=\"https:\/\/www.vegaintro-projekti.com\/pilar-stari\/wp-content\/uploads\/2025\/10\/IMG_2-6.jpg\"><img decoding=\"async\" loading=\"lazy\" class=\"alignnone wp-image-36020 size-full\" src=\"https:\/\/www.vegaintro-projekti.com\/pilar-stari\/wp-content\/uploads\/2025\/10\/IMG_2s-6.jpg\" alt=\"i3\" width=\"620\" height=\"347\" srcset=\"https:\/\/www.vegaintro-projekti.com\/pilar-stari\/wp-content\/uploads\/2025\/10\/IMG_2s-6.jpg 620w, https:\/\/www.vegaintro-projekti.com\/pilar-stari\/wp-content\/uploads\/2025\/10\/IMG_2s-6-300x168.jpg 300w\" sizes=\"(max-width: 620px) 100vw, 620px\" \/><\/a><a href=\"https:\/\/www.vegaintro-projekti.com\/pilar-stari\/wp-content\/uploads\/2025\/10\/IMG_4-1.jpg\"><img decoding=\"async\" loading=\"lazy\" class=\"alignnone wp-image-36024 size-full\" src=\"https:\/\/www.vegaintro-projekti.com\/pilar-stari\/wp-content\/uploads\/2025\/10\/IMG_4s-1.jpg\" alt=\"i4\" width=\"620\" height=\"345\" srcset=\"https:\/\/www.vegaintro-projekti.com\/pilar-stari\/wp-content\/uploads\/2025\/10\/IMG_4s-1.jpg 620w, https:\/\/www.vegaintro-projekti.com\/pilar-stari\/wp-content\/uploads\/2025\/10\/IMG_4s-1-300x167.jpg 300w\" sizes=\"(max-width: 620px) 100vw, 620px\" \/><\/a><\/p>\n<\/div>\n<p><strong>Dr. sc. fra Robert Joli\u0107<\/strong> predstavio je knjigu <em>Lije\u010dnik i kirurg fra Mihovil Su\u010di\u0107 (1820. \u2013 1865.) \u2013 iz padovanske perspektive<\/em> daju\u0107i svojevrstan odgovor svima onima koji i danas hvale \u201edobrobiti\u201c koje su u Bosni i Hercegovini donijeli Osmanlije po okupaciji tih podru\u010dja sredinom 15. stolje\u0107a. Ne samo da u toj zemlji kroz 400 godina osmanske vladavine nije osnovano nijedno sveu\u010dili\u0161te, nego nije postojala ni jedna javna pu\u010dka \u0161kola. Stoga su, isti\u010de dr. fra Joli\u0107, zna\u010daj i doprinos fra Mihovila Su\u010di\u0107a, prvog \u0161kolovanog lije\u010dnika u osmanskoj Bosni i Hercegovini, neizmjerni dru\u0161tvu tada\u0161nje (19. stolje\u0107e) BiH.<\/p>\n<div class=\"wp-block-image\">\n<p><a href=\"https:\/\/www.vegaintro-projekti.com\/pilar-stari\/wp-content\/uploads\/2025\/10\/IMG_3-6.jpg\"><img decoding=\"async\" loading=\"lazy\" class=\"alignnone wp-image-36022 size-full\" src=\"https:\/\/www.vegaintro-projekti.com\/pilar-stari\/wp-content\/uploads\/2025\/10\/IMG_3s-6.jpg\" alt=\"i5\" width=\"620\" height=\"325\" srcset=\"https:\/\/www.vegaintro-projekti.com\/pilar-stari\/wp-content\/uploads\/2025\/10\/IMG_3s-6.jpg 620w, https:\/\/www.vegaintro-projekti.com\/pilar-stari\/wp-content\/uploads\/2025\/10\/IMG_3s-6-300x157.jpg 300w\" sizes=\"(max-width: 620px) 100vw, 620px\" \/><\/a><a href=\"https:\/\/www.vegaintro-projekti.com\/pilar-stari\/wp-content\/uploads\/2025\/10\/IMG_5-1.jpg\"><img decoding=\"async\" loading=\"lazy\" class=\"alignnone wp-image-36026 size-full\" src=\"https:\/\/www.vegaintro-projekti.com\/pilar-stari\/wp-content\/uploads\/2025\/10\/IMG_5s.jpg\" alt=\"i6\" width=\"620\" height=\"344\" srcset=\"https:\/\/www.vegaintro-projekti.com\/pilar-stari\/wp-content\/uploads\/2025\/10\/IMG_5s.jpg 620w, https:\/\/www.vegaintro-projekti.com\/pilar-stari\/wp-content\/uploads\/2025\/10\/IMG_5s-300x166.jpg 300w\" sizes=\"(max-width: 620px) 100vw, 620px\" \/><\/a><\/p>\n<\/div>\n<p><strong>Promociji su prisustvovali<\/strong> brojni zainteresirani za povijesnu i kulturnu ba\u0161tinu te crkvenu povijest franjeva\u0161tva u Bosni i Hercegovini, a me\u0111u njima valja istaknuti \u010dasne oce franjevce, \u010dasne sestre \u0161kolske franjevke iz samostana u Livnu, konzula RH u Livnu te gradona\u010delnika Livna.<\/p>\n<p><a href=\"https:\/\/www.vegaintro-projekti.com\/pilar-stari\/wp-content\/uploads\/2025\/10\/IMG_6.jpg\"><img decoding=\"async\" loading=\"lazy\" class=\"alignnone wp-image-36028 size-full\" src=\"https:\/\/www.vegaintro-projekti.com\/pilar-stari\/wp-content\/uploads\/2025\/10\/IMG_6s.jpg\" alt=\"i7\" width=\"620\" height=\"333\" srcset=\"https:\/\/www.vegaintro-projekti.com\/pilar-stari\/wp-content\/uploads\/2025\/10\/IMG_6s.jpg 620w, https:\/\/www.vegaintro-projekti.com\/pilar-stari\/wp-content\/uploads\/2025\/10\/IMG_6s-300x161.jpg 300w\" sizes=\"(max-width: 620px) 100vw, 620px\" \/><\/a><\/p>\n<p><a id=\"knj\"><\/a><span style=\"font-size: 14pt;\">O knjigama<\/span><\/p>\n<p>&#8211; <a href=\"https:\/\/www.vegaintro-projekti.com\/pilar-stari\/2025\/01\/objavljena-studija-vine-mihaljevica-fra-mato-matija-e-divkovic-iz-mletacke-perspektive\/\">Fra Mato (Matija\/e) Divkovi\u0107 \u2013 iz mleta\u010dke perspektive<\/a><br \/>\n&#8211; <a href=\"https:\/\/www.vegaintro-projekti.com\/pilar-stari\/2025\/05\/objavljena-studija-vine-mihaljevica-lijecnik-i-kirurg-fra-mihovil-sucic-1820-1865-iz-padovanske-perspektive\/\">Lije\u010dnik i kirurg fra Mihovil Su\u010di\u0107 (1820. \u2013 1865.) \u2013 iz padovanske perspektive<\/a><\/p>\n<p><a id=\"med\"><\/a><span style=\"font-size: 14pt;\">Iz medija<\/span><\/p>\n<p>&#8211; <a href=\"https:\/\/www.fmgg-livno.com\/event-item\/dr-sc-vine-mihaljevic-fra-mihovil-sucic-i-fra-matija-divkovic-u-spisima-mletackih-i-padovanskih-arhiva\/\">https:\/\/www.fmgg-livno.com\/event-item\/dr-sc-vine-mihaljevic-fra-mihovil-sucic-i-fra-matija-divkovic-u-spisima-mletackih-i-padovanskih-arhiva\/<\/a><br \/>\n&#8211; <a href=\"https:\/\/federalna.ba\/u-livnu-promovirane-knjige-o-mihovilu-sucicu-i-matiji-divkovicu-tvvyd\">https:\/\/federalna.ba\/u-livnu-promovirane-knjige-o-mihovilu-sucicu-i-matiji-divkovicu-tvvyd<\/a><br \/>\n&#8211; <a href=\"https:\/\/bosnainfo.ba\/kultura\/knjige-o-mihovilu-sucicu-i-matiji-divkovicu-predstavljene-u-franjevackom-muzeju-u-livnu\/\">https:\/\/bosnainfo.ba\/kultura\/knjige-o-mihovilu-sucicu-i-matiji-divkovicu-predstavljene-u-franjevackom-muzeju-u-livnu\/<\/a><br \/>\n&#8211; <a href=\"https:\/\/www.dnevnik.ba\/vijesti\/knjige-o-mihovilu-sucicu-i-matiji-divkovicu-predstavljene-u-franjevackom-muzeju-u-livnu\/\">https:\/\/www.dnevnik.ba\/vijesti\/knjige-o-mihovilu-sucicu-i-matiji-divkovicu-predstavljene-u-franjevackom-muzeju-u-livnu\/<\/a><br \/>\n&#8211; <a href=\"https:\/\/www.facebook.com\/moj.portal.net\/posts\/sino%C4%87-24-rujna-su-predstavljene-dvije-knjige-autora-dr-sc-vine-mihaljevi%C4%87a-fra-m\/122196703238323309\/\">https:\/\/www.facebook.com\/moj.portal.net\/posts\/sino%C4%87-24-rujna-su-predstavljene-dvije-knjige-autora-dr-sc-vine-mihaljevi%C4%87a-fra-m\/122196703238323309\/<\/a><br \/>\n&#8211; <a href=\"https:\/\/www.facebook.com\/100057252889492\/posts\/fra-mihovil-su%C4%8Di%C4%87-i-fra-matija-divkovi%C4%87-u-livnupredstavljanje-dviju-knjiga-dr-vi\/1306653327919751\/\">https:\/\/www.facebook.com\/100057252889492\/posts\/fra-mihovil-su%C4%8Di%C4%87-i-fra-matija-divkovi%C4%87-u-livnupredstavljanje-dviju-knjiga-dr-vi\/1306653327919751\/<\/a><br \/>\n&#8211; <a href=\"https:\/\/www.instagram.com\/pro_televizija\/p\/DO75vK_DKaF\/?hl=hr\">https:\/\/www.instagram.com\/pro_televizija\/p\/DO75vK_DKaF\/?hl=hr<\/a><br \/>\n&#8211; <a href=\"https:\/\/www.facebook.com\/moj.portal.net\/posts\/sino%C4%87-24-rujna-su-predstavljene-dvije-knjige-autora-dr-sc-vine-mihaljevi%C4%87a-fra-m\/122196703238323309\/\">https:\/\/www.facebook.com\/moj.portal.net\/posts\/sino%C4%87-24-rujna-su-predstavljene-dvije-knjige-autora-dr-sc-vine-mihaljevi%C4%87a-fra-m\/122196703238323309\/<\/a><\/p>\n","protected":false},"excerpt":{"rendered":"<p>U sklopu proslave Dana grada Livna, 24. rujna 2025. u Franjeva\u010dkom muzeju i galeriji Gorica Livno odr\u017eana je promocija knjiga Fra Mato (Matija\/e) Divkovi\u0107 \u2013 iz mleta\u010dke perspektive i Lije\u010dnik i kirurg fra Mihovil Su\u010di\u0107 (1820. \u2013 1865.) \u2013 iz padovanske perspektive autora dr. sc. Vine Mihaljevi\u0107a. &#8211; O knjigama | Iz medija O knjizi&hellip; <a class=\"continue\" href=\"https:\/\/www.vegaintro-projekti.com\/pilar-stari\/2025\/10\/dr-sc-vine-mihaljevic-i-dr-sc-ivana-zebec-silj-na-predstavljanju-knjiga-dr-sc-vine-mihaljevica-livno-24-9-2025\/\">Pro\u010ditaj vi\u0161e o<span> Dr. sc. Vine Mihaljevi\u0107 i dr. sc. Ivana \u017debec \u0160ilj na predstavljanju knjiga dr. sc. Vine Mihaljevi\u0107a; Livno, 24. 9. 2025.<\/span><\/a><\/p>\n","protected":false},"author":7,"featured_media":36017,"comment_status":"closed","ping_status":"closed","sticky":false,"template":"","format":"standard","meta":{"inline_featured_image":false,"ngg_post_thumbnail":0,"footnotes":""},"categories":[48,11],"tags":[],"yoast_head":"<!-- This site is optimized with the Yoast SEO plugin v21.2 - https:\/\/yoast.com\/wordpress\/plugins\/seo\/ -->\n<title>Dr. sc. Vine Mihaljevi\u0107 i dr. sc. Ivana \u017debec \u0160ilj na predstavljanju knjiga dr. sc. Vine Mihaljevi\u0107a; Livno, 24. 9. 2025. - Institut dru&scaron;tvenih znanosti Ivo Pilar<\/title>\n<meta name=\"robots\" content=\"noindex, follow, max-snippet:-1, max-image-preview:large, max-video-preview:-1\" \/>\n<meta property=\"og:locale\" content=\"hr_HR\" \/>\n<meta property=\"og:type\" content=\"article\" \/>\n<meta property=\"og:title\" content=\"Dr. sc. Vine Mihaljevi\u0107 i dr. sc. Ivana \u017debec \u0160ilj na predstavljanju knjiga dr. sc. Vine Mihaljevi\u0107a; Livno, 24. 9. 2025. - Institut dru&scaron;tvenih znanosti Ivo Pilar\" \/>\n<meta property=\"og:description\" content=\"U sklopu proslave Dana grada Livna, 24. rujna 2025. u Franjeva\u010dkom muzeju i galeriji Gorica Livno odr\u017eana je promocija knjiga Fra Mato (Matija\/e) Divkovi\u0107 \u2013 iz mleta\u010dke perspektive i Lije\u010dnik i kirurg fra Mihovil Su\u010di\u0107 (1820. \u2013 1865.) \u2013 iz padovanske perspektive autora dr. sc. Vine Mihaljevi\u0107a. &#8211; O knjigama | Iz medija O knjizi&hellip; Pro\u010ditaj vi\u0161e o Dr. sc. Vine Mihaljevi\u0107 i dr. sc. Ivana \u017debec \u0160ilj na predstavljanju knjiga dr. sc. Vine Mihaljevi\u0107a; Livno, 24. 9. 2025.\" \/>\n<meta property=\"og:url\" content=\"https:\/\/www.vegaintro-projekti.com\/pilar-stari\/2025\/10\/dr-sc-vine-mihaljevic-i-dr-sc-ivana-zebec-silj-na-predstavljanju-knjiga-dr-sc-vine-mihaljevica-livno-24-9-2025\/\" \/>\n<meta property=\"og:site_name\" content=\"Institut dru&scaron;tvenih znanosti Ivo Pilar\" \/>\n<meta property=\"article:published_time\" content=\"2025-10-15T20:02:06+00:00\" \/>\n<meta property=\"article:modified_time\" content=\"2025-10-15T20:19:21+00:00\" \/>\n<meta property=\"og:image\" content=\"https:\/\/www.vegaintro-projekti.com\/pilar-stari\/wp-content\/uploads\/2025\/10\/IMG_1fi-2.jpg\" \/>\n\t<meta property=\"og:image:width\" content=\"500\" \/>\n\t<meta property=\"og:image:height\" content=\"219\" \/>\n\t<meta property=\"og:image:type\" content=\"image\/jpeg\" \/>\n<meta name=\"author\" content=\"Boris\" \/>\n<meta name=\"twitter:card\" content=\"summary_large_image\" \/>\n<meta name=\"twitter:label1\" content=\"Napisao\/la\" \/>\n\t<meta name=\"twitter:data1\" content=\"Boris\" \/>\n\t<meta name=\"twitter:label2\" content=\"Procijenjeno vrijeme \u010ditanja\" \/>\n\t<meta name=\"twitter:data2\" content=\"3 minute\" \/>\n<script type=\"application\/ld+json\" class=\"yoast-schema-graph\">{\"@context\":\"https:\/\/schema.org\",\"@graph\":[{\"@type\":\"WebPage\",\"@id\":\"https:\/\/www.vegaintro-projekti.com\/pilar-stari\/2025\/10\/dr-sc-vine-mihaljevic-i-dr-sc-ivana-zebec-silj-na-predstavljanju-knjiga-dr-sc-vine-mihaljevica-livno-24-9-2025\/\",\"url\":\"https:\/\/www.vegaintro-projekti.com\/pilar-stari\/2025\/10\/dr-sc-vine-mihaljevic-i-dr-sc-ivana-zebec-silj-na-predstavljanju-knjiga-dr-sc-vine-mihaljevica-livno-24-9-2025\/\",\"name\":\"Dr. sc. Vine Mihaljevi\u0107 i dr. sc. Ivana \u017debec \u0160ilj na predstavljanju knjiga dr. sc. Vine Mihaljevi\u0107a; Livno, 24. 9. 2025. - Institut dru&scaron;tvenih znanosti Ivo Pilar\",\"isPartOf\":{\"@id\":\"https:\/\/www.vegaintro-projekti.com\/pilar-stari\/#website\"},\"datePublished\":\"2025-10-15T20:02:06+00:00\",\"dateModified\":\"2025-10-15T20:19:21+00:00\",\"author\":{\"@id\":\"https:\/\/www.vegaintro-projekti.com\/pilar-stari\/#\/schema\/person\/ddd404c9f1e15e4ffef5986ac6a5d28b\"},\"breadcrumb\":{\"@id\":\"https:\/\/www.vegaintro-projekti.com\/pilar-stari\/2025\/10\/dr-sc-vine-mihaljevic-i-dr-sc-ivana-zebec-silj-na-predstavljanju-knjiga-dr-sc-vine-mihaljevica-livno-24-9-2025\/#breadcrumb\"},\"inLanguage\":\"hr\",\"potentialAction\":[{\"@type\":\"ReadAction\",\"target\":[\"https:\/\/www.vegaintro-projekti.com\/pilar-stari\/2025\/10\/dr-sc-vine-mihaljevic-i-dr-sc-ivana-zebec-silj-na-predstavljanju-knjiga-dr-sc-vine-mihaljevica-livno-24-9-2025\/\"]}]},{\"@type\":\"BreadcrumbList\",\"@id\":\"https:\/\/www.vegaintro-projekti.com\/pilar-stari\/2025\/10\/dr-sc-vine-mihaljevic-i-dr-sc-ivana-zebec-silj-na-predstavljanju-knjiga-dr-sc-vine-mihaljevica-livno-24-9-2025\/#breadcrumb\",\"itemListElement\":[{\"@type\":\"ListItem\",\"position\":1,\"name\":\"Home\",\"item\":\"https:\/\/www.vegaintro-projekti.com\/pilar-stari\/\"},{\"@type\":\"ListItem\",\"position\":2,\"name\":\"Dr. sc. Vine Mihaljevi\u0107 i dr. sc. Ivana \u017debec \u0160ilj na predstavljanju knjiga dr. sc. Vine Mihaljevi\u0107a; Livno, 24. 9. 2025.\"}]},{\"@type\":\"WebSite\",\"@id\":\"https:\/\/www.vegaintro-projekti.com\/pilar-stari\/#website\",\"url\":\"https:\/\/www.vegaintro-projekti.com\/pilar-stari\/\",\"name\":\"Institut dru&scaron;tvenih znanosti Ivo Pilar\",\"description\":\"Pilar\",\"potentialAction\":[{\"@type\":\"SearchAction\",\"target\":{\"@type\":\"EntryPoint\",\"urlTemplate\":\"https:\/\/www.vegaintro-projekti.com\/pilar-stari\/?s={search_term_string}\"},\"query-input\":\"required name=search_term_string\"}],\"inLanguage\":\"hr\"},{\"@type\":\"Person\",\"@id\":\"https:\/\/www.vegaintro-projekti.com\/pilar-stari\/#\/schema\/person\/ddd404c9f1e15e4ffef5986ac6a5d28b\",\"name\":\"Boris\",\"image\":{\"@type\":\"ImageObject\",\"inLanguage\":\"hr\",\"@id\":\"https:\/\/www.vegaintro-projekti.com\/pilar-stari\/#\/schema\/person\/image\/\",\"url\":\"https:\/\/secure.gravatar.com\/avatar\/29557b161a6ce6ab86ac1503164f1e90?s=96&d=mm&r=g\",\"contentUrl\":\"https:\/\/secure.gravatar.com\/avatar\/29557b161a6ce6ab86ac1503164f1e90?s=96&d=mm&r=g\",\"caption\":\"Boris\"},\"url\":\"https:\/\/www.vegaintro-projekti.com\/pilar-stari\/author\/boris\/\"}]}<\/script>\n<!-- \/ Yoast SEO plugin. -->","yoast_head_json":{"title":"Dr. sc. Vine Mihaljevi\u0107 i dr. sc. Ivana \u017debec \u0160ilj na predstavljanju knjiga dr. sc. Vine Mihaljevi\u0107a; Livno, 24. 9. 2025. - Institut dru&scaron;tvenih znanosti Ivo Pilar","robots":{"index":"noindex","follow":"follow","max-snippet":"max-snippet:-1","max-image-preview":"max-image-preview:large","max-video-preview":"max-video-preview:-1"},"og_locale":"hr_HR","og_type":"article","og_title":"Dr. sc. Vine Mihaljevi\u0107 i dr. sc. Ivana \u017debec \u0160ilj na predstavljanju knjiga dr. sc. Vine Mihaljevi\u0107a; Livno, 24. 9. 2025. - Institut dru&scaron;tvenih znanosti Ivo Pilar","og_description":"U sklopu proslave Dana grada Livna, 24. rujna 2025. u Franjeva\u010dkom muzeju i galeriji Gorica Livno odr\u017eana je promocija knjiga Fra Mato (Matija\/e) Divkovi\u0107 \u2013 iz mleta\u010dke perspektive i Lije\u010dnik i kirurg fra Mihovil Su\u010di\u0107 (1820. \u2013 1865.) \u2013 iz padovanske perspektive autora dr. sc. Vine Mihaljevi\u0107a. &#8211; O knjigama | Iz medija O knjizi&hellip; Pro\u010ditaj vi\u0161e o Dr. sc. Vine Mihaljevi\u0107 i dr. sc. Ivana \u017debec \u0160ilj na predstavljanju knjiga dr. sc. Vine Mihaljevi\u0107a; Livno, 24. 9. 2025.","og_url":"https:\/\/www.vegaintro-projekti.com\/pilar-stari\/2025\/10\/dr-sc-vine-mihaljevic-i-dr-sc-ivana-zebec-silj-na-predstavljanju-knjiga-dr-sc-vine-mihaljevica-livno-24-9-2025\/","og_site_name":"Institut dru&scaron;tvenih znanosti Ivo Pilar","article_published_time":"2025-10-15T20:02:06+00:00","article_modified_time":"2025-10-15T20:19:21+00:00","og_image":[{"width":500,"height":219,"url":"https:\/\/www.vegaintro-projekti.com\/pilar-stari\/wp-content\/uploads\/2025\/10\/IMG_1fi-2.jpg","type":"image\/jpeg"}],"author":"Boris","twitter_card":"summary_large_image","twitter_misc":{"Napisao\/la":"Boris","Procijenjeno vrijeme \u010ditanja":"3 minute"},"schema":{"@context":"https:\/\/schema.org","@graph":[{"@type":"WebPage","@id":"https:\/\/www.vegaintro-projekti.com\/pilar-stari\/2025\/10\/dr-sc-vine-mihaljevic-i-dr-sc-ivana-zebec-silj-na-predstavljanju-knjiga-dr-sc-vine-mihaljevica-livno-24-9-2025\/","url":"https:\/\/www.vegaintro-projekti.com\/pilar-stari\/2025\/10\/dr-sc-vine-mihaljevic-i-dr-sc-ivana-zebec-silj-na-predstavljanju-knjiga-dr-sc-vine-mihaljevica-livno-24-9-2025\/","name":"Dr. sc. Vine Mihaljevi\u0107 i dr. sc. Ivana \u017debec \u0160ilj na predstavljanju knjiga dr. sc. Vine Mihaljevi\u0107a; Livno, 24. 9. 2025. - Institut dru&scaron;tvenih znanosti Ivo Pilar","isPartOf":{"@id":"https:\/\/www.vegaintro-projekti.com\/pilar-stari\/#website"},"datePublished":"2025-10-15T20:02:06+00:00","dateModified":"2025-10-15T20:19:21+00:00","author":{"@id":"https:\/\/www.vegaintro-projekti.com\/pilar-stari\/#\/schema\/person\/ddd404c9f1e15e4ffef5986ac6a5d28b"},"breadcrumb":{"@id":"https:\/\/www.vegaintro-projekti.com\/pilar-stari\/2025\/10\/dr-sc-vine-mihaljevic-i-dr-sc-ivana-zebec-silj-na-predstavljanju-knjiga-dr-sc-vine-mihaljevica-livno-24-9-2025\/#breadcrumb"},"inLanguage":"hr","potentialAction":[{"@type":"ReadAction","target":["https:\/\/www.vegaintro-projekti.com\/pilar-stari\/2025\/10\/dr-sc-vine-mihaljevic-i-dr-sc-ivana-zebec-silj-na-predstavljanju-knjiga-dr-sc-vine-mihaljevica-livno-24-9-2025\/"]}]},{"@type":"BreadcrumbList","@id":"https:\/\/www.vegaintro-projekti.com\/pilar-stari\/2025\/10\/dr-sc-vine-mihaljevic-i-dr-sc-ivana-zebec-silj-na-predstavljanju-knjiga-dr-sc-vine-mihaljevica-livno-24-9-2025\/#breadcrumb","itemListElement":[{"@type":"ListItem","position":1,"name":"Home","item":"https:\/\/www.vegaintro-projekti.com\/pilar-stari\/"},{"@type":"ListItem","position":2,"name":"Dr. sc. Vine Mihaljevi\u0107 i dr. sc. Ivana \u017debec \u0160ilj na predstavljanju knjiga dr. sc. Vine Mihaljevi\u0107a; Livno, 24. 9. 2025."}]},{"@type":"WebSite","@id":"https:\/\/www.vegaintro-projekti.com\/pilar-stari\/#website","url":"https:\/\/www.vegaintro-projekti.com\/pilar-stari\/","name":"Institut dru&scaron;tvenih znanosti Ivo Pilar","description":"Pilar","potentialAction":[{"@type":"SearchAction","target":{"@type":"EntryPoint","urlTemplate":"https:\/\/www.vegaintro-projekti.com\/pilar-stari\/?s={search_term_string}"},"query-input":"required name=search_term_string"}],"inLanguage":"hr"},{"@type":"Person","@id":"https:\/\/www.vegaintro-projekti.com\/pilar-stari\/#\/schema\/person\/ddd404c9f1e15e4ffef5986ac6a5d28b","name":"Boris","image":{"@type":"ImageObject","inLanguage":"hr","@id":"https:\/\/www.vegaintro-projekti.com\/pilar-stari\/#\/schema\/person\/image\/","url":"https:\/\/secure.gravatar.com\/avatar\/29557b161a6ce6ab86ac1503164f1e90?s=96&d=mm&r=g","contentUrl":"https:\/\/secure.gravatar.com\/avatar\/29557b161a6ce6ab86ac1503164f1e90?s=96&d=mm&r=g","caption":"Boris"},"url":"https:\/\/www.vegaintro-projekti.com\/pilar-stari\/author\/boris\/"}]}},"_links":{"self":[{"href":"https:\/\/www.vegaintro-projekti.com\/pilar-stari\/wp-json\/wp\/v2\/posts\/36029"}],"collection":[{"href":"https:\/\/www.vegaintro-projekti.com\/pilar-stari\/wp-json\/wp\/v2\/posts"}],"about":[{"href":"https:\/\/www.vegaintro-projekti.com\/pilar-stari\/wp-json\/wp\/v2\/types\/post"}],"author":[{"embeddable":true,"href":"https:\/\/www.vegaintro-projekti.com\/pilar-stari\/wp-json\/wp\/v2\/users\/7"}],"replies":[{"embeddable":true,"href":"https:\/\/www.vegaintro-projekti.com\/pilar-stari\/wp-json\/wp\/v2\/comments?post=36029"}],"version-history":[{"count":4,"href":"https:\/\/www.vegaintro-projekti.com\/pilar-stari\/wp-json\/wp\/v2\/posts\/36029\/revisions"}],"predecessor-version":[{"id":36033,"href":"https:\/\/www.vegaintro-projekti.com\/pilar-stari\/wp-json\/wp\/v2\/posts\/36029\/revisions\/36033"}],"wp:featuredmedia":[{"embeddable":true,"href":"https:\/\/www.vegaintro-projekti.com\/pilar-stari\/wp-json\/wp\/v2\/media\/36017"}],"wp:attachment":[{"href":"https:\/\/www.vegaintro-projekti.com\/pilar-stari\/wp-json\/wp\/v2\/media?parent=36029"}],"wp:term":[{"taxonomy":"category","embeddable":true,"href":"https:\/\/www.vegaintro-projekti.com\/pilar-stari\/wp-json\/wp\/v2\/categories?post=36029"},{"taxonomy":"post_tag","embeddable":true,"href":"https:\/\/www.vegaintro-projekti.com\/pilar-stari\/wp-json\/wp\/v2\/tags?post=36029"}],"curies":[{"name":"wp","href":"https:\/\/api.w.org\/{rel}","templated":true}]}}