{"id":36149,"date":"2025-10-22T08:45:03","date_gmt":"2025-10-22T08:45:03","guid":{"rendered":"https:\/\/www.vegaintro-projekti.com\/pilar-stari\/?p=36149"},"modified":"2025-10-22T08:57:07","modified_gmt":"2025-10-22T08:57:07","slug":"istrazivaci-projekta-types-na-esa-rn30-mid-term-conference-youth-and-young-adults-in-a-radically-changing-world-varazdin-15-18-10-2025","status":"publish","type":"post","link":"https:\/\/www.vegaintro-projekti.com\/pilar-stari\/2025\/10\/istrazivaci-projekta-types-na-esa-rn30-mid-term-conference-youth-and-young-adults-in-a-radically-changing-world-varazdin-15-18-10-2025\/","title":{"rendered":"Istra\u017eiva\u010di projekta TYPeS na ESA RN30 Mid-term Conference Youth and Young Adults in a Radically Changing World; Vara\u017edin, 15.-18. 10. 2025."},"content":{"rendered":"<p><strong>Istra\u017eiva\u010di NextGenerationEU projekta TyPES sudjelovali su na konferenciji ESA RN30 Mid-term Conference Youth and Young Adults in a Radically Changing World: Stagnation, Continuation and New Beginnings odr\u017eanoj u Vara\u017edinu od 15. do 18. listopada 2025.<\/strong><\/p>\n<div class=\"wp-block-image\">\n<p><a href=\"https:\/\/www.vegaintro-projekti.com\/pilar-stari\/wp-content\/uploads\/2025\/10\/IMG_1-8.jpg\"><img decoding=\"async\" loading=\"lazy\" class=\"alignnone wp-image-36142 size-full\" src=\"https:\/\/www.vegaintro-projekti.com\/pilar-stari\/wp-content\/uploads\/2025\/10\/IMG_1s-8.jpg\" alt=\"i1\" width=\"620\" height=\"324\" srcset=\"https:\/\/www.vegaintro-projekti.com\/pilar-stari\/wp-content\/uploads\/2025\/10\/IMG_1s-8.jpg 620w, https:\/\/www.vegaintro-projekti.com\/pilar-stari\/wp-content\/uploads\/2025\/10\/IMG_1s-8-300x157.jpg 300w\" sizes=\"(max-width: 620px) 100vw, 620px\" \/><\/a><a href=\"https:\/\/www.vegaintro-projekti.com\/pilar-stari\/wp-content\/uploads\/2025\/10\/IMG_3-9.jpg\"><img decoding=\"async\" loading=\"lazy\" class=\"alignnone wp-image-36146 size-full\" src=\"https:\/\/www.vegaintro-projekti.com\/pilar-stari\/wp-content\/uploads\/2025\/10\/IMG_3s-10.jpg\" alt=\"i2\" width=\"620\" height=\"346\" srcset=\"https:\/\/www.vegaintro-projekti.com\/pilar-stari\/wp-content\/uploads\/2025\/10\/IMG_3s-10.jpg 620w, https:\/\/www.vegaintro-projekti.com\/pilar-stari\/wp-content\/uploads\/2025\/10\/IMG_3s-10-300x167.jpg 300w\" sizes=\"(max-width: 620px) 100vw, 620px\" \/><\/a><a href=\"https:\/\/www.vegaintro-projekti.com\/pilar-stari\/wp-content\/uploads\/2025\/10\/IMG_4-2.jpg\"><img decoding=\"async\" loading=\"lazy\" class=\"alignnone wp-image-36148 size-full\" src=\"https:\/\/www.vegaintro-projekti.com\/pilar-stari\/wp-content\/uploads\/2025\/10\/IMG_4s-3.jpg\" alt=\"i3\" width=\"620\" height=\"358\" srcset=\"https:\/\/www.vegaintro-projekti.com\/pilar-stari\/wp-content\/uploads\/2025\/10\/IMG_4s-3.jpg 620w, https:\/\/www.vegaintro-projekti.com\/pilar-stari\/wp-content\/uploads\/2025\/10\/IMG_4s-3-300x173.jpg 300w\" sizes=\"(max-width: 620px) 100vw, 620px\" \/><\/a><a href=\"https:\/\/www.vegaintro-projekti.com\/pilar-stari\/wp-content\/uploads\/2025\/10\/IMG_2-9.jpg\"><img decoding=\"async\" loading=\"lazy\" class=\"alignnone wp-image-36144 size-full\" src=\"https:\/\/www.vegaintro-projekti.com\/pilar-stari\/wp-content\/uploads\/2025\/10\/IMG_2s-10.jpg\" alt=\"i4\" width=\"620\" height=\"339\" srcset=\"https:\/\/www.vegaintro-projekti.com\/pilar-stari\/wp-content\/uploads\/2025\/10\/IMG_2s-10.jpg 620w, https:\/\/www.vegaintro-projekti.com\/pilar-stari\/wp-content\/uploads\/2025\/10\/IMG_2s-10-300x164.jpg 300w\" sizes=\"(max-width: 620px) 100vw, 620px\" \/><\/a><\/p>\n<\/div>\n<p><strong>Konferencija je okupila<\/strong> brojne istra\u017eiva\u010de i stru\u010dnjake koji se bave prou\u010davanjem mladih, njihovih dru\u0161tvenih polo\u017eaja, identiteta i politi\u010dkih orijentacija u suvremenom svijetu obilje\u017eenom brzim dru\u0161tvenim promjenama.<\/p>\n<p>U sklopu konferencijskog programa <strong>dr. sc. Benjamin Perasovi\u0107<\/strong> sudjelovao je kao keynote speaker izlaganjem pod naslovom &#8220;Young generations and old questions: Personal view on four decades of research on youth&#8221;.<\/p>\n<p><strong>Prof. Hillary Pilkington<\/strong> odr\u017eala je izlaganje &#8220;\u2018Every other country looks after their own, but our&#8217;s don&#8217;t\u2019: Explaining support for the populist radical right among the young working class&#8221; u kojem je analizirala razloge potpore populisti\u010dkoj radikalnoj desnici me\u0111u mladima radni\u010dke klase.<\/p>\n<p><strong>Dr. sc. Dino Vuku\u0161i\u0107<\/strong> predstavio je istra\u017eivanje &#8220;The role of style in shaping identity among (post)subcultural youth groups in Zagreb&#8221;, koje se bavi odnosom stila i identiteta unutar (post)subkulturnih skupina mladih u Zagrebu.<\/p>\n<blockquote><p><a href=\"https:\/\/www.vegaintro-projekti.com\/pilar-stari\/2024\/01\/projekt-types-of-youth-participation-in-croatian-society-types\/\">Projekt TYPeS<\/a><\/p><\/blockquote>\n","protected":false},"excerpt":{"rendered":"<p>Istra\u017eiva\u010di NextGenerationEU projekta TyPES sudjelovali su na konferenciji ESA RN30 Mid-term Conference Youth and Young Adults in a Radically Changing World: Stagnation, Continuation and New Beginnings odr\u017eanoj u Vara\u017edinu od 15. do 18. listopada 2025. Konferencija je okupila brojne istra\u017eiva\u010de i stru\u010dnjake koji se bave prou\u010davanjem mladih, njihovih dru\u0161tvenih polo\u017eaja, identiteta i politi\u010dkih orijentacija u&hellip; <a class=\"continue\" href=\"https:\/\/www.vegaintro-projekti.com\/pilar-stari\/2025\/10\/istrazivaci-projekta-types-na-esa-rn30-mid-term-conference-youth-and-young-adults-in-a-radically-changing-world-varazdin-15-18-10-2025\/\">Pro\u010ditaj vi\u0161e o<span> Istra\u017eiva\u010di projekta TYPeS na ESA RN30 Mid-term Conference Youth and Young Adults in a Radically Changing World; Vara\u017edin, 15.-18. 10. 2025.<\/span><\/a><\/p>\n","protected":false},"author":7,"featured_media":36141,"comment_status":"closed","ping_status":"closed","sticky":false,"template":"","format":"standard","meta":{"inline_featured_image":false,"ngg_post_thumbnail":0,"footnotes":""},"categories":[48,11],"tags":[],"yoast_head":"<!-- This site is optimized with the Yoast SEO plugin v21.2 - https:\/\/yoast.com\/wordpress\/plugins\/seo\/ -->\n<title>Istra\u017eiva\u010di projekta TYPeS na ESA RN30 Mid-term Conference Youth and Young Adults in a Radically Changing World; Vara\u017edin, 15.-18. 10. 2025. - Institut dru&scaron;tvenih znanosti Ivo Pilar<\/title>\n<meta name=\"robots\" content=\"noindex, follow, max-snippet:-1, max-image-preview:large, max-video-preview:-1\" \/>\n<meta property=\"og:locale\" content=\"hr_HR\" \/>\n<meta property=\"og:type\" content=\"article\" \/>\n<meta property=\"og:title\" content=\"Istra\u017eiva\u010di projekta TYPeS na ESA RN30 Mid-term Conference Youth and Young Adults in a Radically Changing World; Vara\u017edin, 15.-18. 10. 2025. - Institut dru&scaron;tvenih znanosti Ivo Pilar\" \/>\n<meta property=\"og:description\" content=\"Istra\u017eiva\u010di NextGenerationEU projekta TyPES sudjelovali su na konferenciji ESA RN30 Mid-term Conference Youth and Young Adults in a Radically Changing World: Stagnation, Continuation and New Beginnings odr\u017eanoj u Vara\u017edinu od 15. do 18. listopada 2025. Konferencija je okupila brojne istra\u017eiva\u010de i stru\u010dnjake koji se bave prou\u010davanjem mladih, njihovih dru\u0161tvenih polo\u017eaja, identiteta i politi\u010dkih orijentacija u&hellip; Pro\u010ditaj vi\u0161e o Istra\u017eiva\u010di projekta TYPeS na ESA RN30 Mid-term Conference Youth and Young Adults in a Radically Changing World; Vara\u017edin, 15.-18. 10. 2025.\" \/>\n<meta property=\"og:url\" content=\"https:\/\/www.vegaintro-projekti.com\/pilar-stari\/2025\/10\/istrazivaci-projekta-types-na-esa-rn30-mid-term-conference-youth-and-young-adults-in-a-radically-changing-world-varazdin-15-18-10-2025\/\" \/>\n<meta property=\"og:site_name\" content=\"Institut dru&scaron;tvenih znanosti Ivo Pilar\" \/>\n<meta property=\"article:published_time\" content=\"2025-10-22T08:45:03+00:00\" \/>\n<meta property=\"article:modified_time\" content=\"2025-10-22T08:57:07+00:00\" \/>\n<meta property=\"og:image\" content=\"https:\/\/www.vegaintro-projekti.com\/pilar-stari\/wp-content\/uploads\/2025\/10\/IMG_1fi-3.jpg\" \/>\n\t<meta property=\"og:image:width\" content=\"500\" \/>\n\t<meta property=\"og:image:height\" content=\"221\" \/>\n\t<meta property=\"og:image:type\" content=\"image\/jpeg\" \/>\n<meta name=\"author\" content=\"Boris\" \/>\n<meta name=\"twitter:card\" content=\"summary_large_image\" \/>\n<meta name=\"twitter:label1\" content=\"Napisao\/la\" \/>\n\t<meta name=\"twitter:data1\" content=\"Boris\" \/>\n\t<meta name=\"twitter:label2\" content=\"Procijenjeno vrijeme \u010ditanja\" \/>\n\t<meta name=\"twitter:data2\" content=\"2 minute\" \/>\n<script type=\"application\/ld+json\" class=\"yoast-schema-graph\">{\"@context\":\"https:\/\/schema.org\",\"@graph\":[{\"@type\":\"WebPage\",\"@id\":\"https:\/\/www.vegaintro-projekti.com\/pilar-stari\/2025\/10\/istrazivaci-projekta-types-na-esa-rn30-mid-term-conference-youth-and-young-adults-in-a-radically-changing-world-varazdin-15-18-10-2025\/\",\"url\":\"https:\/\/www.vegaintro-projekti.com\/pilar-stari\/2025\/10\/istrazivaci-projekta-types-na-esa-rn30-mid-term-conference-youth-and-young-adults-in-a-radically-changing-world-varazdin-15-18-10-2025\/\",\"name\":\"Istra\u017eiva\u010di projekta TYPeS na ESA RN30 Mid-term Conference Youth and Young Adults in a Radically Changing World; Vara\u017edin, 15.-18. 10. 2025. - Institut dru&scaron;tvenih znanosti Ivo Pilar\",\"isPartOf\":{\"@id\":\"https:\/\/www.vegaintro-projekti.com\/pilar-stari\/#website\"},\"datePublished\":\"2025-10-22T08:45:03+00:00\",\"dateModified\":\"2025-10-22T08:57:07+00:00\",\"author\":{\"@id\":\"https:\/\/www.vegaintro-projekti.com\/pilar-stari\/#\/schema\/person\/ddd404c9f1e15e4ffef5986ac6a5d28b\"},\"breadcrumb\":{\"@id\":\"https:\/\/www.vegaintro-projekti.com\/pilar-stari\/2025\/10\/istrazivaci-projekta-types-na-esa-rn30-mid-term-conference-youth-and-young-adults-in-a-radically-changing-world-varazdin-15-18-10-2025\/#breadcrumb\"},\"inLanguage\":\"hr\",\"potentialAction\":[{\"@type\":\"ReadAction\",\"target\":[\"https:\/\/www.vegaintro-projekti.com\/pilar-stari\/2025\/10\/istrazivaci-projekta-types-na-esa-rn30-mid-term-conference-youth-and-young-adults-in-a-radically-changing-world-varazdin-15-18-10-2025\/\"]}]},{\"@type\":\"BreadcrumbList\",\"@id\":\"https:\/\/www.vegaintro-projekti.com\/pilar-stari\/2025\/10\/istrazivaci-projekta-types-na-esa-rn30-mid-term-conference-youth-and-young-adults-in-a-radically-changing-world-varazdin-15-18-10-2025\/#breadcrumb\",\"itemListElement\":[{\"@type\":\"ListItem\",\"position\":1,\"name\":\"Home\",\"item\":\"https:\/\/www.vegaintro-projekti.com\/pilar-stari\/\"},{\"@type\":\"ListItem\",\"position\":2,\"name\":\"Istra\u017eiva\u010di projekta TYPeS na ESA RN30 Mid-term Conference Youth and Young Adults in a Radically Changing World; Vara\u017edin, 15.-18. 10. 2025.\"}]},{\"@type\":\"WebSite\",\"@id\":\"https:\/\/www.vegaintro-projekti.com\/pilar-stari\/#website\",\"url\":\"https:\/\/www.vegaintro-projekti.com\/pilar-stari\/\",\"name\":\"Institut dru&scaron;tvenih znanosti Ivo Pilar\",\"description\":\"Pilar\",\"potentialAction\":[{\"@type\":\"SearchAction\",\"target\":{\"@type\":\"EntryPoint\",\"urlTemplate\":\"https:\/\/www.vegaintro-projekti.com\/pilar-stari\/?s={search_term_string}\"},\"query-input\":\"required name=search_term_string\"}],\"inLanguage\":\"hr\"},{\"@type\":\"Person\",\"@id\":\"https:\/\/www.vegaintro-projekti.com\/pilar-stari\/#\/schema\/person\/ddd404c9f1e15e4ffef5986ac6a5d28b\",\"name\":\"Boris\",\"image\":{\"@type\":\"ImageObject\",\"inLanguage\":\"hr\",\"@id\":\"https:\/\/www.vegaintro-projekti.com\/pilar-stari\/#\/schema\/person\/image\/\",\"url\":\"https:\/\/secure.gravatar.com\/avatar\/29557b161a6ce6ab86ac1503164f1e90?s=96&d=mm&r=g\",\"contentUrl\":\"https:\/\/secure.gravatar.com\/avatar\/29557b161a6ce6ab86ac1503164f1e90?s=96&d=mm&r=g\",\"caption\":\"Boris\"},\"url\":\"https:\/\/www.vegaintro-projekti.com\/pilar-stari\/author\/boris\/\"}]}<\/script>\n<!-- \/ Yoast SEO plugin. -->","yoast_head_json":{"title":"Istra\u017eiva\u010di projekta TYPeS na ESA RN30 Mid-term Conference Youth and Young Adults in a Radically Changing World; Vara\u017edin, 15.-18. 10. 2025. - Institut dru&scaron;tvenih znanosti Ivo Pilar","robots":{"index":"noindex","follow":"follow","max-snippet":"max-snippet:-1","max-image-preview":"max-image-preview:large","max-video-preview":"max-video-preview:-1"},"og_locale":"hr_HR","og_type":"article","og_title":"Istra\u017eiva\u010di projekta TYPeS na ESA RN30 Mid-term Conference Youth and Young Adults in a Radically Changing World; Vara\u017edin, 15.-18. 10. 2025. - Institut dru&scaron;tvenih znanosti Ivo Pilar","og_description":"Istra\u017eiva\u010di NextGenerationEU projekta TyPES sudjelovali su na konferenciji ESA RN30 Mid-term Conference Youth and Young Adults in a Radically Changing World: Stagnation, Continuation and New Beginnings odr\u017eanoj u Vara\u017edinu od 15. do 18. listopada 2025. Konferencija je okupila brojne istra\u017eiva\u010de i stru\u010dnjake koji se bave prou\u010davanjem mladih, njihovih dru\u0161tvenih polo\u017eaja, identiteta i politi\u010dkih orijentacija u&hellip; Pro\u010ditaj vi\u0161e o Istra\u017eiva\u010di projekta TYPeS na ESA RN30 Mid-term Conference Youth and Young Adults in a Radically Changing World; Vara\u017edin, 15.-18. 10. 2025.","og_url":"https:\/\/www.vegaintro-projekti.com\/pilar-stari\/2025\/10\/istrazivaci-projekta-types-na-esa-rn30-mid-term-conference-youth-and-young-adults-in-a-radically-changing-world-varazdin-15-18-10-2025\/","og_site_name":"Institut dru&scaron;tvenih znanosti Ivo Pilar","article_published_time":"2025-10-22T08:45:03+00:00","article_modified_time":"2025-10-22T08:57:07+00:00","og_image":[{"width":500,"height":221,"url":"https:\/\/www.vegaintro-projekti.com\/pilar-stari\/wp-content\/uploads\/2025\/10\/IMG_1fi-3.jpg","type":"image\/jpeg"}],"author":"Boris","twitter_card":"summary_large_image","twitter_misc":{"Napisao\/la":"Boris","Procijenjeno vrijeme \u010ditanja":"2 minute"},"schema":{"@context":"https:\/\/schema.org","@graph":[{"@type":"WebPage","@id":"https:\/\/www.vegaintro-projekti.com\/pilar-stari\/2025\/10\/istrazivaci-projekta-types-na-esa-rn30-mid-term-conference-youth-and-young-adults-in-a-radically-changing-world-varazdin-15-18-10-2025\/","url":"https:\/\/www.vegaintro-projekti.com\/pilar-stari\/2025\/10\/istrazivaci-projekta-types-na-esa-rn30-mid-term-conference-youth-and-young-adults-in-a-radically-changing-world-varazdin-15-18-10-2025\/","name":"Istra\u017eiva\u010di projekta TYPeS na ESA RN30 Mid-term Conference Youth and Young Adults in a Radically Changing World; Vara\u017edin, 15.-18. 10. 2025. - Institut dru&scaron;tvenih znanosti Ivo Pilar","isPartOf":{"@id":"https:\/\/www.vegaintro-projekti.com\/pilar-stari\/#website"},"datePublished":"2025-10-22T08:45:03+00:00","dateModified":"2025-10-22T08:57:07+00:00","author":{"@id":"https:\/\/www.vegaintro-projekti.com\/pilar-stari\/#\/schema\/person\/ddd404c9f1e15e4ffef5986ac6a5d28b"},"breadcrumb":{"@id":"https:\/\/www.vegaintro-projekti.com\/pilar-stari\/2025\/10\/istrazivaci-projekta-types-na-esa-rn30-mid-term-conference-youth-and-young-adults-in-a-radically-changing-world-varazdin-15-18-10-2025\/#breadcrumb"},"inLanguage":"hr","potentialAction":[{"@type":"ReadAction","target":["https:\/\/www.vegaintro-projekti.com\/pilar-stari\/2025\/10\/istrazivaci-projekta-types-na-esa-rn30-mid-term-conference-youth-and-young-adults-in-a-radically-changing-world-varazdin-15-18-10-2025\/"]}]},{"@type":"BreadcrumbList","@id":"https:\/\/www.vegaintro-projekti.com\/pilar-stari\/2025\/10\/istrazivaci-projekta-types-na-esa-rn30-mid-term-conference-youth-and-young-adults-in-a-radically-changing-world-varazdin-15-18-10-2025\/#breadcrumb","itemListElement":[{"@type":"ListItem","position":1,"name":"Home","item":"https:\/\/www.vegaintro-projekti.com\/pilar-stari\/"},{"@type":"ListItem","position":2,"name":"Istra\u017eiva\u010di projekta TYPeS na ESA RN30 Mid-term Conference Youth and Young Adults in a Radically Changing World; Vara\u017edin, 15.-18. 10. 2025."}]},{"@type":"WebSite","@id":"https:\/\/www.vegaintro-projekti.com\/pilar-stari\/#website","url":"https:\/\/www.vegaintro-projekti.com\/pilar-stari\/","name":"Institut dru&scaron;tvenih znanosti Ivo Pilar","description":"Pilar","potentialAction":[{"@type":"SearchAction","target":{"@type":"EntryPoint","urlTemplate":"https:\/\/www.vegaintro-projekti.com\/pilar-stari\/?s={search_term_string}"},"query-input":"required name=search_term_string"}],"inLanguage":"hr"},{"@type":"Person","@id":"https:\/\/www.vegaintro-projekti.com\/pilar-stari\/#\/schema\/person\/ddd404c9f1e15e4ffef5986ac6a5d28b","name":"Boris","image":{"@type":"ImageObject","inLanguage":"hr","@id":"https:\/\/www.vegaintro-projekti.com\/pilar-stari\/#\/schema\/person\/image\/","url":"https:\/\/secure.gravatar.com\/avatar\/29557b161a6ce6ab86ac1503164f1e90?s=96&d=mm&r=g","contentUrl":"https:\/\/secure.gravatar.com\/avatar\/29557b161a6ce6ab86ac1503164f1e90?s=96&d=mm&r=g","caption":"Boris"},"url":"https:\/\/www.vegaintro-projekti.com\/pilar-stari\/author\/boris\/"}]}},"_links":{"self":[{"href":"https:\/\/www.vegaintro-projekti.com\/pilar-stari\/wp-json\/wp\/v2\/posts\/36149"}],"collection":[{"href":"https:\/\/www.vegaintro-projekti.com\/pilar-stari\/wp-json\/wp\/v2\/posts"}],"about":[{"href":"https:\/\/www.vegaintro-projekti.com\/pilar-stari\/wp-json\/wp\/v2\/types\/post"}],"author":[{"embeddable":true,"href":"https:\/\/www.vegaintro-projekti.com\/pilar-stari\/wp-json\/wp\/v2\/users\/7"}],"replies":[{"embeddable":true,"href":"https:\/\/www.vegaintro-projekti.com\/pilar-stari\/wp-json\/wp\/v2\/comments?post=36149"}],"version-history":[{"count":4,"href":"https:\/\/www.vegaintro-projekti.com\/pilar-stari\/wp-json\/wp\/v2\/posts\/36149\/revisions"}],"predecessor-version":[{"id":36153,"href":"https:\/\/www.vegaintro-projekti.com\/pilar-stari\/wp-json\/wp\/v2\/posts\/36149\/revisions\/36153"}],"wp:featuredmedia":[{"embeddable":true,"href":"https:\/\/www.vegaintro-projekti.com\/pilar-stari\/wp-json\/wp\/v2\/media\/36141"}],"wp:attachment":[{"href":"https:\/\/www.vegaintro-projekti.com\/pilar-stari\/wp-json\/wp\/v2\/media?parent=36149"}],"wp:term":[{"taxonomy":"category","embeddable":true,"href":"https:\/\/www.vegaintro-projekti.com\/pilar-stari\/wp-json\/wp\/v2\/categories?post=36149"},{"taxonomy":"post_tag","embeddable":true,"href":"https:\/\/www.vegaintro-projekti.com\/pilar-stari\/wp-json\/wp\/v2\/tags?post=36149"}],"curies":[{"name":"wp","href":"https:\/\/api.w.org\/{rel}","templated":true}]}}