{"id":36209,"date":"2025-10-24T17:36:07","date_gmt":"2025-10-24T17:36:07","guid":{"rendered":"https:\/\/www.vegaintro-projekti.com\/pilar-stari\/?p=36209"},"modified":"2025-10-24T17:54:05","modified_gmt":"2025-10-24T17:54:05","slug":"projekt-nextgenderhr-na-medunarodnom-skupu-drustvene-klase-i-globalizacija-u-parizu-16-17-10-2025","status":"publish","type":"post","link":"https:\/\/www.vegaintro-projekti.com\/pilar-stari\/2025\/10\/projekt-nextgenderhr-na-medunarodnom-skupu-drustvene-klase-i-globalizacija-u-parizu-16-17-10-2025\/","title":{"rendered":"Projekt NextGenderHR na me\u0111unarodnom skupu \u201eDru\u0161tvene klase i globalizacija\u201c u Parizu, 16.-17. 10. 2025."},"content":{"rendered":"<p><strong>Inozemni suradnik projekta NextGenderHR, prof. dr. Predrag Cveti\u010danin (Univerzitet u Ni\u0161u) na me\u0111unarodnom je skupu \u201eDru\u0161tvene klase i globalizacija: dru\u0161tveni, simboli\u010dki i geografski prostori u svijetu u tranziciji\u201c (Social classes under globalization: social, symbolic and geographic spaces in a world in transition), koji se odvijao 16. i 17. listopada 2025. na \u00c9cole normale sup\u00e9rieure Paris-Saclay, odr\u017eao pozvano predavanje u kojem je predstavio odabrane rezultate projekta NextGenderHR<\/strong><\/p>\n<div class=\"wp-block-image\">\n<p><a href=\"https:\/\/www.vegaintro-projekti.com\/pilar-stari\/wp-content\/uploads\/2025\/10\/IMG_0a.jpg\"><img decoding=\"async\" loading=\"lazy\" class=\"alignnone wp-image-36200 size-full\" src=\"https:\/\/www.vegaintro-projekti.com\/pilar-stari\/wp-content\/uploads\/2025\/10\/IMG_0a.jpg\" alt=\"i1\" width=\"620\" height=\"114\" srcset=\"https:\/\/www.vegaintro-projekti.com\/pilar-stari\/wp-content\/uploads\/2025\/10\/IMG_0a.jpg 620w, https:\/\/www.vegaintro-projekti.com\/pilar-stari\/wp-content\/uploads\/2025\/10\/IMG_0a-300x55.jpg 300w\" sizes=\"(max-width: 620px) 100vw, 620px\" \/><\/a><a href=\"https:\/\/www.vegaintro-projekti.com\/pilar-stari\/wp-content\/uploads\/2025\/10\/IMG_1-10.jpg\"><img decoding=\"async\" loading=\"lazy\" class=\"alignnone wp-image-36202 size-full\" src=\"https:\/\/www.vegaintro-projekti.com\/pilar-stari\/wp-content\/uploads\/2025\/10\/IMG_1s-10.jpg\" alt=\"i2\" width=\"620\" height=\"387\" srcset=\"https:\/\/www.vegaintro-projekti.com\/pilar-stari\/wp-content\/uploads\/2025\/10\/IMG_1s-10.jpg 620w, https:\/\/www.vegaintro-projekti.com\/pilar-stari\/wp-content\/uploads\/2025\/10\/IMG_1s-10-300x187.jpg 300w\" sizes=\"(max-width: 620px) 100vw, 620px\" \/><\/a><a href=\"https:\/\/www.vegaintro-projekti.com\/pilar-stari\/wp-content\/uploads\/2025\/10\/IMG_4-4.jpg\"><img decoding=\"async\" loading=\"lazy\" class=\"alignnone wp-image-36207 size-full\" src=\"https:\/\/www.vegaintro-projekti.com\/pilar-stari\/wp-content\/uploads\/2025\/10\/IMG_4fi-pr.jpg\" alt=\"i3\" width=\"620\" height=\"328\" srcset=\"https:\/\/www.vegaintro-projekti.com\/pilar-stari\/wp-content\/uploads\/2025\/10\/IMG_4fi-pr.jpg 620w, https:\/\/www.vegaintro-projekti.com\/pilar-stari\/wp-content\/uploads\/2025\/10\/IMG_4fi-pr-300x159.jpg 300w, https:\/\/www.vegaintro-projekti.com\/pilar-stari\/wp-content\/uploads\/2025\/10\/IMG_4fi-pr-310x165.jpg 310w\" sizes=\"(max-width: 620px) 100vw, 620px\" \/><\/a><a href=\"https:\/\/www.vegaintro-projekti.com\/pilar-stari\/wp-content\/uploads\/2025\/10\/IMG_0-3.jpg\"><img decoding=\"async\" loading=\"lazy\" class=\"alignnone wp-image-36199 size-full\" src=\"https:\/\/www.vegaintro-projekti.com\/pilar-stari\/wp-content\/uploads\/2025\/10\/IMG_0-3.jpg\" alt=\"i4\" width=\"620\" height=\"130\" srcset=\"https:\/\/www.vegaintro-projekti.com\/pilar-stari\/wp-content\/uploads\/2025\/10\/IMG_0-3.jpg 620w, https:\/\/www.vegaintro-projekti.com\/pilar-stari\/wp-content\/uploads\/2025\/10\/IMG_0-3-300x63.jpg 300w\" sizes=\"(max-width: 620px) 100vw, 620px\" \/><\/a><\/p>\n<\/div>\n<p><strong>Priop\u0107enje s nazivom<\/strong> \u201eFinije razlike: klasa, generacija i rod u kulturnoj participaciji u Hrvatskoj\u201c (Finer distinctions: class, generation and gender in the cultural participation in Croatia), pripremljeno u suautorstvu s drugim inozemnim suradnikom projekta Adrianom Leguinom, Phd (Loughborough University) te znanstvenicom emeritom Ingom Tomi\u0107-Koludrovi\u0107 i mr. sc. Mirkom Petri\u0107em, odr\u017eano u je u sesiji posve\u0107enoj stanju u razli\u010ditim nacionalnim kontekstima (Hrvatska, Brazil, Portugal).<\/p>\n<p>Prof. dr. Cveti\u010danin u istoj je sesiji detaljno predstavio vi\u0161edimenzionalni model za istra\u017eivanje klase u hibridnim dru\u0161tvima, koji je razvio u suradnji s znanstvenicom emeritom Ingom Tomi\u0107-Koludrovi\u0107 i mr. sc. Mirkom Petri\u0107em.<\/p>\n<p>Skup na ENS Paris-Saclay, uz sudjelovanje po pozivu, okupio je neke od najistaknutijih istra\u017eiva\u010da\/ica klase u postbourdieuovskoj tradiciji. Program skupa mo\u017ee se vidjeti na adresi: <a href=\"https:\/\/classglob.sciencesconf.org\/\">https:\/\/classglob.sciencesconf.org\/<\/a><\/p>\n<blockquote><p><a href=\"https:\/\/www.vegaintro-projekti.com\/pilar-stari\/2024\/04\/projekt-nextgenderhr-promjene-rodnih-odnosa-u-hrvatskoj\/\">Projekt NextGenderHR<\/a><\/p>\n<p><a href=\"https:\/\/www.vegaintro-projekti.com\/pilar-stari\/2010\/07\/podruni-centar-split-2\/\">Podru\u010dni centar Split<\/a><\/p><\/blockquote>\n","protected":false},"excerpt":{"rendered":"<p>Inozemni suradnik projekta NextGenderHR, prof. dr. Predrag Cveti\u010danin (Univerzitet u Ni\u0161u) na me\u0111unarodnom je skupu \u201eDru\u0161tvene klase i globalizacija: dru\u0161tveni, simboli\u010dki i geografski prostori u svijetu u tranziciji\u201c (Social classes under globalization: social, symbolic and geographic spaces in a world in transition), koji se odvijao 16. i 17. listopada 2025. na \u00c9cole normale sup\u00e9rieure Paris-Saclay,&hellip; <a class=\"continue\" href=\"https:\/\/www.vegaintro-projekti.com\/pilar-stari\/2025\/10\/projekt-nextgenderhr-na-medunarodnom-skupu-drustvene-klase-i-globalizacija-u-parizu-16-17-10-2025\/\">Pro\u010ditaj vi\u0161e o<span> Projekt NextGenderHR na me\u0111unarodnom skupu \u201eDru\u0161tvene klase i globalizacija\u201c u Parizu, 16.-17. 10. 2025.<\/span><\/a><\/p>\n","protected":false},"author":7,"featured_media":36207,"comment_status":"closed","ping_status":"closed","sticky":false,"template":"","format":"standard","meta":{"inline_featured_image":false,"ngg_post_thumbnail":0,"footnotes":""},"categories":[48,29],"tags":[],"yoast_head":"<!-- This site is optimized with the Yoast SEO plugin v21.2 - https:\/\/yoast.com\/wordpress\/plugins\/seo\/ -->\n<title>Projekt NextGenderHR na me\u0111unarodnom skupu \u201eDru\u0161tvene klase i globalizacija\u201c u Parizu, 16.-17. 10. 2025. - Institut dru&scaron;tvenih znanosti Ivo Pilar<\/title>\n<meta name=\"robots\" content=\"noindex, follow, max-snippet:-1, max-image-preview:large, max-video-preview:-1\" \/>\n<meta property=\"og:locale\" content=\"hr_HR\" \/>\n<meta property=\"og:type\" content=\"article\" \/>\n<meta property=\"og:title\" content=\"Projekt NextGenderHR na me\u0111unarodnom skupu \u201eDru\u0161tvene klase i globalizacija\u201c u Parizu, 16.-17. 10. 2025. - Institut dru&scaron;tvenih znanosti Ivo Pilar\" \/>\n<meta property=\"og:description\" content=\"Inozemni suradnik projekta NextGenderHR, prof. dr. Predrag Cveti\u010danin (Univerzitet u Ni\u0161u) na me\u0111unarodnom je skupu \u201eDru\u0161tvene klase i globalizacija: dru\u0161tveni, simboli\u010dki i geografski prostori u svijetu u tranziciji\u201c (Social classes under globalization: social, symbolic and geographic spaces in a world in transition), koji se odvijao 16. i 17. listopada 2025. na \u00c9cole normale sup\u00e9rieure Paris-Saclay,&hellip; Pro\u010ditaj vi\u0161e o Projekt NextGenderHR na me\u0111unarodnom skupu \u201eDru\u0161tvene klase i globalizacija\u201c u Parizu, 16.-17. 10. 2025.\" \/>\n<meta property=\"og:url\" content=\"https:\/\/www.vegaintro-projekti.com\/pilar-stari\/2025\/10\/projekt-nextgenderhr-na-medunarodnom-skupu-drustvene-klase-i-globalizacija-u-parizu-16-17-10-2025\/\" \/>\n<meta property=\"og:site_name\" content=\"Institut dru&scaron;tvenih znanosti Ivo Pilar\" \/>\n<meta property=\"article:published_time\" content=\"2025-10-24T17:36:07+00:00\" \/>\n<meta property=\"article:modified_time\" content=\"2025-10-24T17:54:05+00:00\" \/>\n<meta property=\"og:image\" content=\"https:\/\/www.vegaintro-projekti.com\/pilar-stari\/wp-content\/uploads\/2025\/10\/IMG_4fi-pr.jpg\" \/>\n\t<meta property=\"og:image:width\" content=\"620\" \/>\n\t<meta property=\"og:image:height\" content=\"328\" \/>\n\t<meta property=\"og:image:type\" content=\"image\/jpeg\" \/>\n<meta name=\"author\" content=\"Boris\" \/>\n<meta name=\"twitter:card\" content=\"summary_large_image\" \/>\n<meta name=\"twitter:label1\" content=\"Napisao\/la\" \/>\n\t<meta name=\"twitter:data1\" content=\"Boris\" \/>\n\t<meta name=\"twitter:label2\" content=\"Procijenjeno vrijeme \u010ditanja\" \/>\n\t<meta name=\"twitter:data2\" content=\"2 minute\" \/>\n<script type=\"application\/ld+json\" class=\"yoast-schema-graph\">{\"@context\":\"https:\/\/schema.org\",\"@graph\":[{\"@type\":\"WebPage\",\"@id\":\"https:\/\/www.vegaintro-projekti.com\/pilar-stari\/2025\/10\/projekt-nextgenderhr-na-medunarodnom-skupu-drustvene-klase-i-globalizacija-u-parizu-16-17-10-2025\/\",\"url\":\"https:\/\/www.vegaintro-projekti.com\/pilar-stari\/2025\/10\/projekt-nextgenderhr-na-medunarodnom-skupu-drustvene-klase-i-globalizacija-u-parizu-16-17-10-2025\/\",\"name\":\"Projekt NextGenderHR na me\u0111unarodnom skupu \u201eDru\u0161tvene klase i globalizacija\u201c u Parizu, 16.-17. 10. 2025. - Institut dru&scaron;tvenih znanosti Ivo Pilar\",\"isPartOf\":{\"@id\":\"https:\/\/www.vegaintro-projekti.com\/pilar-stari\/#website\"},\"datePublished\":\"2025-10-24T17:36:07+00:00\",\"dateModified\":\"2025-10-24T17:54:05+00:00\",\"author\":{\"@id\":\"https:\/\/www.vegaintro-projekti.com\/pilar-stari\/#\/schema\/person\/ddd404c9f1e15e4ffef5986ac6a5d28b\"},\"breadcrumb\":{\"@id\":\"https:\/\/www.vegaintro-projekti.com\/pilar-stari\/2025\/10\/projekt-nextgenderhr-na-medunarodnom-skupu-drustvene-klase-i-globalizacija-u-parizu-16-17-10-2025\/#breadcrumb\"},\"inLanguage\":\"hr\",\"potentialAction\":[{\"@type\":\"ReadAction\",\"target\":[\"https:\/\/www.vegaintro-projekti.com\/pilar-stari\/2025\/10\/projekt-nextgenderhr-na-medunarodnom-skupu-drustvene-klase-i-globalizacija-u-parizu-16-17-10-2025\/\"]}]},{\"@type\":\"BreadcrumbList\",\"@id\":\"https:\/\/www.vegaintro-projekti.com\/pilar-stari\/2025\/10\/projekt-nextgenderhr-na-medunarodnom-skupu-drustvene-klase-i-globalizacija-u-parizu-16-17-10-2025\/#breadcrumb\",\"itemListElement\":[{\"@type\":\"ListItem\",\"position\":1,\"name\":\"Home\",\"item\":\"https:\/\/www.vegaintro-projekti.com\/pilar-stari\/\"},{\"@type\":\"ListItem\",\"position\":2,\"name\":\"Projekt NextGenderHR na me\u0111unarodnom skupu \u201eDru\u0161tvene klase i globalizacija\u201c u Parizu, 16.-17. 10. 2025.\"}]},{\"@type\":\"WebSite\",\"@id\":\"https:\/\/www.vegaintro-projekti.com\/pilar-stari\/#website\",\"url\":\"https:\/\/www.vegaintro-projekti.com\/pilar-stari\/\",\"name\":\"Institut dru&scaron;tvenih znanosti Ivo Pilar\",\"description\":\"Pilar\",\"potentialAction\":[{\"@type\":\"SearchAction\",\"target\":{\"@type\":\"EntryPoint\",\"urlTemplate\":\"https:\/\/www.vegaintro-projekti.com\/pilar-stari\/?s={search_term_string}\"},\"query-input\":\"required name=search_term_string\"}],\"inLanguage\":\"hr\"},{\"@type\":\"Person\",\"@id\":\"https:\/\/www.vegaintro-projekti.com\/pilar-stari\/#\/schema\/person\/ddd404c9f1e15e4ffef5986ac6a5d28b\",\"name\":\"Boris\",\"image\":{\"@type\":\"ImageObject\",\"inLanguage\":\"hr\",\"@id\":\"https:\/\/www.vegaintro-projekti.com\/pilar-stari\/#\/schema\/person\/image\/\",\"url\":\"https:\/\/secure.gravatar.com\/avatar\/29557b161a6ce6ab86ac1503164f1e90?s=96&d=mm&r=g\",\"contentUrl\":\"https:\/\/secure.gravatar.com\/avatar\/29557b161a6ce6ab86ac1503164f1e90?s=96&d=mm&r=g\",\"caption\":\"Boris\"},\"url\":\"https:\/\/www.vegaintro-projekti.com\/pilar-stari\/author\/boris\/\"}]}<\/script>\n<!-- \/ Yoast SEO plugin. -->","yoast_head_json":{"title":"Projekt NextGenderHR na me\u0111unarodnom skupu \u201eDru\u0161tvene klase i globalizacija\u201c u Parizu, 16.-17. 10. 2025. - Institut dru&scaron;tvenih znanosti Ivo Pilar","robots":{"index":"noindex","follow":"follow","max-snippet":"max-snippet:-1","max-image-preview":"max-image-preview:large","max-video-preview":"max-video-preview:-1"},"og_locale":"hr_HR","og_type":"article","og_title":"Projekt NextGenderHR na me\u0111unarodnom skupu \u201eDru\u0161tvene klase i globalizacija\u201c u Parizu, 16.-17. 10. 2025. - Institut dru&scaron;tvenih znanosti Ivo Pilar","og_description":"Inozemni suradnik projekta NextGenderHR, prof. dr. Predrag Cveti\u010danin (Univerzitet u Ni\u0161u) na me\u0111unarodnom je skupu \u201eDru\u0161tvene klase i globalizacija: dru\u0161tveni, simboli\u010dki i geografski prostori u svijetu u tranziciji\u201c (Social classes under globalization: social, symbolic and geographic spaces in a world in transition), koji se odvijao 16. i 17. listopada 2025. na \u00c9cole normale sup\u00e9rieure Paris-Saclay,&hellip; Pro\u010ditaj vi\u0161e o Projekt NextGenderHR na me\u0111unarodnom skupu \u201eDru\u0161tvene klase i globalizacija\u201c u Parizu, 16.-17. 10. 2025.","og_url":"https:\/\/www.vegaintro-projekti.com\/pilar-stari\/2025\/10\/projekt-nextgenderhr-na-medunarodnom-skupu-drustvene-klase-i-globalizacija-u-parizu-16-17-10-2025\/","og_site_name":"Institut dru&scaron;tvenih znanosti Ivo Pilar","article_published_time":"2025-10-24T17:36:07+00:00","article_modified_time":"2025-10-24T17:54:05+00:00","og_image":[{"width":620,"height":328,"url":"https:\/\/www.vegaintro-projekti.com\/pilar-stari\/wp-content\/uploads\/2025\/10\/IMG_4fi-pr.jpg","type":"image\/jpeg"}],"author":"Boris","twitter_card":"summary_large_image","twitter_misc":{"Napisao\/la":"Boris","Procijenjeno vrijeme \u010ditanja":"2 minute"},"schema":{"@context":"https:\/\/schema.org","@graph":[{"@type":"WebPage","@id":"https:\/\/www.vegaintro-projekti.com\/pilar-stari\/2025\/10\/projekt-nextgenderhr-na-medunarodnom-skupu-drustvene-klase-i-globalizacija-u-parizu-16-17-10-2025\/","url":"https:\/\/www.vegaintro-projekti.com\/pilar-stari\/2025\/10\/projekt-nextgenderhr-na-medunarodnom-skupu-drustvene-klase-i-globalizacija-u-parizu-16-17-10-2025\/","name":"Projekt NextGenderHR na me\u0111unarodnom skupu \u201eDru\u0161tvene klase i globalizacija\u201c u Parizu, 16.-17. 10. 2025. - Institut dru&scaron;tvenih znanosti Ivo Pilar","isPartOf":{"@id":"https:\/\/www.vegaintro-projekti.com\/pilar-stari\/#website"},"datePublished":"2025-10-24T17:36:07+00:00","dateModified":"2025-10-24T17:54:05+00:00","author":{"@id":"https:\/\/www.vegaintro-projekti.com\/pilar-stari\/#\/schema\/person\/ddd404c9f1e15e4ffef5986ac6a5d28b"},"breadcrumb":{"@id":"https:\/\/www.vegaintro-projekti.com\/pilar-stari\/2025\/10\/projekt-nextgenderhr-na-medunarodnom-skupu-drustvene-klase-i-globalizacija-u-parizu-16-17-10-2025\/#breadcrumb"},"inLanguage":"hr","potentialAction":[{"@type":"ReadAction","target":["https:\/\/www.vegaintro-projekti.com\/pilar-stari\/2025\/10\/projekt-nextgenderhr-na-medunarodnom-skupu-drustvene-klase-i-globalizacija-u-parizu-16-17-10-2025\/"]}]},{"@type":"BreadcrumbList","@id":"https:\/\/www.vegaintro-projekti.com\/pilar-stari\/2025\/10\/projekt-nextgenderhr-na-medunarodnom-skupu-drustvene-klase-i-globalizacija-u-parizu-16-17-10-2025\/#breadcrumb","itemListElement":[{"@type":"ListItem","position":1,"name":"Home","item":"https:\/\/www.vegaintro-projekti.com\/pilar-stari\/"},{"@type":"ListItem","position":2,"name":"Projekt NextGenderHR na me\u0111unarodnom skupu \u201eDru\u0161tvene klase i globalizacija\u201c u Parizu, 16.-17. 10. 2025."}]},{"@type":"WebSite","@id":"https:\/\/www.vegaintro-projekti.com\/pilar-stari\/#website","url":"https:\/\/www.vegaintro-projekti.com\/pilar-stari\/","name":"Institut dru&scaron;tvenih znanosti Ivo Pilar","description":"Pilar","potentialAction":[{"@type":"SearchAction","target":{"@type":"EntryPoint","urlTemplate":"https:\/\/www.vegaintro-projekti.com\/pilar-stari\/?s={search_term_string}"},"query-input":"required name=search_term_string"}],"inLanguage":"hr"},{"@type":"Person","@id":"https:\/\/www.vegaintro-projekti.com\/pilar-stari\/#\/schema\/person\/ddd404c9f1e15e4ffef5986ac6a5d28b","name":"Boris","image":{"@type":"ImageObject","inLanguage":"hr","@id":"https:\/\/www.vegaintro-projekti.com\/pilar-stari\/#\/schema\/person\/image\/","url":"https:\/\/secure.gravatar.com\/avatar\/29557b161a6ce6ab86ac1503164f1e90?s=96&d=mm&r=g","contentUrl":"https:\/\/secure.gravatar.com\/avatar\/29557b161a6ce6ab86ac1503164f1e90?s=96&d=mm&r=g","caption":"Boris"},"url":"https:\/\/www.vegaintro-projekti.com\/pilar-stari\/author\/boris\/"}]}},"_links":{"self":[{"href":"https:\/\/www.vegaintro-projekti.com\/pilar-stari\/wp-json\/wp\/v2\/posts\/36209"}],"collection":[{"href":"https:\/\/www.vegaintro-projekti.com\/pilar-stari\/wp-json\/wp\/v2\/posts"}],"about":[{"href":"https:\/\/www.vegaintro-projekti.com\/pilar-stari\/wp-json\/wp\/v2\/types\/post"}],"author":[{"embeddable":true,"href":"https:\/\/www.vegaintro-projekti.com\/pilar-stari\/wp-json\/wp\/v2\/users\/7"}],"replies":[{"embeddable":true,"href":"https:\/\/www.vegaintro-projekti.com\/pilar-stari\/wp-json\/wp\/v2\/comments?post=36209"}],"version-history":[{"count":4,"href":"https:\/\/www.vegaintro-projekti.com\/pilar-stari\/wp-json\/wp\/v2\/posts\/36209\/revisions"}],"predecessor-version":[{"id":36213,"href":"https:\/\/www.vegaintro-projekti.com\/pilar-stari\/wp-json\/wp\/v2\/posts\/36209\/revisions\/36213"}],"wp:featuredmedia":[{"embeddable":true,"href":"https:\/\/www.vegaintro-projekti.com\/pilar-stari\/wp-json\/wp\/v2\/media\/36207"}],"wp:attachment":[{"href":"https:\/\/www.vegaintro-projekti.com\/pilar-stari\/wp-json\/wp\/v2\/media?parent=36209"}],"wp:term":[{"taxonomy":"category","embeddable":true,"href":"https:\/\/www.vegaintro-projekti.com\/pilar-stari\/wp-json\/wp\/v2\/categories?post=36209"},{"taxonomy":"post_tag","embeddable":true,"href":"https:\/\/www.vegaintro-projekti.com\/pilar-stari\/wp-json\/wp\/v2\/tags?post=36209"}],"curies":[{"name":"wp","href":"https:\/\/api.w.org\/{rel}","templated":true}]}}