{"id":36246,"date":"2025-10-27T20:24:40","date_gmt":"2025-10-27T20:24:40","guid":{"rendered":"https:\/\/www.vegaintro-projekti.com\/pilar-stari\/?p=36246"},"modified":"2025-10-28T09:05:05","modified_gmt":"2025-10-28T09:05:05","slug":"u-institutu-pilar-odrzan-znanstveno-strucni-skup-1100-obljetnica-hrvatskoga-kraljevstva-zagreb-23-10-2025","status":"publish","type":"post","link":"https:\/\/www.vegaintro-projekti.com\/pilar-stari\/2025\/10\/u-institutu-pilar-odrzan-znanstveno-strucni-skup-1100-obljetnica-hrvatskoga-kraljevstva-zagreb-23-10-2025\/","title":{"rendered":"U Institutu Pilar odr\u017ean znanstveno-stru\u010dni skup 1100. obljetnica Hrvatskoga kraljevstva; Zagreb, 23. 10. 2025."},"content":{"rendered":"<p><strong>Cilj znanstveno-stru\u010dnog skupa 1100. obljetnica Hrvatskoga kraljevstva, odr\u017eanog 23. listopada 2025. u Institutu Pilar, bio je pridru\u017eiti se obilje\u017eavanju obljetnice Hrvatskoga kraljevstva budu\u0107i da je Hrvatski sabor 2025. godinu proglasio \u201eGodinom obilje\u017eavanja 1100. obljetnice Hrvatskoga Kraljevstva\u201c te dati doprinos raspravama povjesni\u010dara i drugih stru\u010dnjaka u povodu obilje\u017eavanja te okrugle obljetnice.<\/strong> &#8211; <a href=\"https:\/\/www.vegaintro-projekti.com\/pilar-stari\/wp-content\/uploads\/2025\/10\/HR1100_program.pdf\">Program skupa<\/a><\/p>\n<div class=\"wp-block-image\">\n<p><a href=\"https:\/\/www.vegaintro-projekti.com\/pilar-stari\/wp-content\/uploads\/2025\/10\/HR1100_program.pdf\"><img decoding=\"async\" loading=\"lazy\" class=\"alignnone wp-image-36245 size-full\" src=\"https:\/\/www.vegaintro-projekti.com\/pilar-stari\/wp-content\/uploads\/2025\/10\/IMG_pr.jpg\" alt=\"i1\" width=\"620\" height=\"379\" srcset=\"https:\/\/www.vegaintro-projekti.com\/pilar-stari\/wp-content\/uploads\/2025\/10\/IMG_pr.jpg 620w, https:\/\/www.vegaintro-projekti.com\/pilar-stari\/wp-content\/uploads\/2025\/10\/IMG_pr-300x183.jpg 300w\" sizes=\"(max-width: 620px) 100vw, 620px\" \/><\/a><a href=\"https:\/\/www.vegaintro-projekti.com\/pilar-stari\/wp-content\/uploads\/2025\/10\/IMG_4-5.jpg\"><img decoding=\"async\" loading=\"lazy\" class=\"alignnone wp-image-36240 size-full\" src=\"https:\/\/www.vegaintro-projekti.com\/pilar-stari\/wp-content\/uploads\/2025\/10\/IMG_4s-6.jpg\" alt=\"i2\" width=\"620\" height=\"318\" srcset=\"https:\/\/www.vegaintro-projekti.com\/pilar-stari\/wp-content\/uploads\/2025\/10\/IMG_4s-6.jpg 620w, https:\/\/www.vegaintro-projekti.com\/pilar-stari\/wp-content\/uploads\/2025\/10\/IMG_4s-6-300x154.jpg 300w\" sizes=\"(max-width: 620px) 100vw, 620px\" \/><\/a><a href=\"https:\/\/www.vegaintro-projekti.com\/pilar-stari\/wp-content\/uploads\/2025\/10\/IMG_1-11.jpg\"><img decoding=\"async\" loading=\"lazy\" class=\"alignnone wp-image-36233 size-full\" src=\"https:\/\/www.vegaintro-projekti.com\/pilar-stari\/wp-content\/uploads\/2025\/10\/IMG_1s-11.jpg\" alt=\"i3\" width=\"620\" height=\"362\" srcset=\"https:\/\/www.vegaintro-projekti.com\/pilar-stari\/wp-content\/uploads\/2025\/10\/IMG_1s-11.jpg 620w, https:\/\/www.vegaintro-projekti.com\/pilar-stari\/wp-content\/uploads\/2025\/10\/IMG_1s-11-300x175.jpg 300w\" sizes=\"(max-width: 620px) 100vw, 620px\" \/><\/a><\/p>\n<\/div>\n<p><strong>Znanstveno-stru\u010dni skup<\/strong> pripremio je Institut dru\u0161tvenih znanosti Ivo Pilar u suradnji s Hrvatskim institutom za povijest, Leksikografskim zavodom Miroslav Krle\u017ea, Odsjekom za povijest Filozofskog fakulteta Sveu\u010dili\u0161ta u Zagrebu, Zavodom za povijesne i dru\u0161tvene znanosti HAZU u Zagrebu, Hrvatskim nacionalnim odborom za povijesne znanosti i Dru\u0161tvom za hrvatsku povjesnicu.<\/p>\n<p><strong>U radu skupa sudjelovalo je 14 eksperata<\/strong> koji su govorili o knezu i kralju Tomislavu u njegovu vremenu i u historiografiji, hrvatskom mileniju kroz spomen-obilje\u017eja, liku kralja Tomislava u suvremenosti, glavnim prijeporima o hrvatskom dr\u017eavnopravnom polo\u017eaju od 1868. do 1990., ma\u0111arskom mileniju 1896. i hrvatskom mileniju 1925. u komparativnoj perspektivi, Gavri Manojlovi\u0107u kao predsjedniku Akademije u kontekstu proslave 1000. obljetnice Hrvatskoga kraljevstva, hrvatskim hodo\u010da\u0161\u0107ima u Rim 1925. godine, kralju Tomislavu u osnovno\u0161kolskim i srednjo\u0161kolskim ud\u017ebenicima, Duvanjskom polju izme\u0111u historiografije, mita i mjesta sje\u0107anja te kralju Tomislavu na novcu i u popularnoj kulturi.<\/p>\n<div class=\"wp-block-image\"><a href=\"https:\/\/www.vegaintro-projekti.com\/pilar-stari\/wp-content\/uploads\/2025\/10\/IMG_x.jpeg\"><img decoding=\"async\" loading=\"lazy\" class=\"alignnone wp-image-36259 size-full\" src=\"https:\/\/www.vegaintro-projekti.com\/pilar-stari\/wp-content\/uploads\/2025\/10\/IMG_xs.jpg\" alt=\"ix\" width=\"620\" height=\"359\" srcset=\"https:\/\/www.vegaintro-projekti.com\/pilar-stari\/wp-content\/uploads\/2025\/10\/IMG_xs.jpg 620w, https:\/\/www.vegaintro-projekti.com\/pilar-stari\/wp-content\/uploads\/2025\/10\/IMG_xs-300x174.jpg 300w\" sizes=\"(max-width: 620px) 100vw, 620px\" \/><\/a><\/div>\n<div class=\"wp-block-image\">\n<p><a href=\"https:\/\/www.vegaintro-projekti.com\/pilar-stari\/wp-content\/uploads\/2025\/10\/IMG_2-12.jpg\"><img decoding=\"async\" loading=\"lazy\" class=\"alignnone wp-image-36235 size-full\" src=\"https:\/\/www.vegaintro-projekti.com\/pilar-stari\/wp-content\/uploads\/2025\/10\/IMG_2s-14.jpg\" alt=\"i4\" width=\"620\" height=\"362\" srcset=\"https:\/\/www.vegaintro-projekti.com\/pilar-stari\/wp-content\/uploads\/2025\/10\/IMG_2s-14.jpg 620w, https:\/\/www.vegaintro-projekti.com\/pilar-stari\/wp-content\/uploads\/2025\/10\/IMG_2s-14-300x175.jpg 300w\" sizes=\"(max-width: 620px) 100vw, 620px\" \/><\/a><a href=\"https:\/\/www.vegaintro-projekti.com\/pilar-stari\/wp-content\/uploads\/2025\/10\/IMG_3-12.jpg\"><img decoding=\"async\" loading=\"lazy\" class=\"alignnone wp-image-36237 size-full\" src=\"https:\/\/www.vegaintro-projekti.com\/pilar-stari\/wp-content\/uploads\/2025\/10\/IMG_3s-14.jpg\" alt=\"i5\" width=\"620\" height=\"378\" srcset=\"https:\/\/www.vegaintro-projekti.com\/pilar-stari\/wp-content\/uploads\/2025\/10\/IMG_3s-14.jpg 620w, https:\/\/www.vegaintro-projekti.com\/pilar-stari\/wp-content\/uploads\/2025\/10\/IMG_3s-14-300x183.jpg 300w\" sizes=\"(max-width: 620px) 100vw, 620px\" \/><\/a><\/p>\n<\/div>\n<p><strong>Vi\u0161e od 1100 godina<\/strong> Hrvatska opstoji na raskri\u017eju kultura, brane\u0107i svoju ba\u0161tinu dok istovremeno prihva\u0107a napredak. Hrvatska dr\u017eavnost od ranih kne\u017eevina preko tisu\u0107godi\u0161njeg kraljevstva do suvremene republike koja je \u010dlanica Europske unije pokazatelj je otpornosti, identiteta i ljubavi prema slobodi. Hrvatski jezik, tradicije i nepokolebljivi duh vodili su nas kroz svaki izazov. Danas, dok po\u0161tujemo svoju pro\u0161lost, s povjerenjem gledamo u budu\u0107nost ukorijenjenu u vrijednostima koje su obilje\u017eile na\u0161e mjesto me\u0111u europskim narodima u pro\u0161losti i sada\u0161njosti.<\/p>\n<p><strong>\u0160irok raspon tema<\/strong> od kneza i kralja Tomislava u ranome srednjem vijeku preko milenijske proslave 1925. do na\u0161ih dana podsjetnik je da smo ba\u0161tinici izvanrednog naslije\u0111a u trajanju od vi\u0161e od tisu\u0107u godina koje nas poziva da njegujemo svoju povijest i gradimo budu\u0107nost koja \u0107e inspirirati budu\u0107e nara\u0161taje.<\/p>\n<p><a href=\"https:\/\/www.vegaintro-projekti.com\/pilar-stari\/wp-content\/uploads\/2025\/10\/HR1100_program.pdf\"><img decoding=\"async\" loading=\"lazy\" class=\"alignnone wp-image-36243 size-full\" src=\"https:\/\/www.vegaintro-projekti.com\/pilar-stari\/wp-content\/uploads\/2025\/10\/IMG_0-4.jpg\" alt=\"i6\" width=\"620\" height=\"875\" srcset=\"https:\/\/www.vegaintro-projekti.com\/pilar-stari\/wp-content\/uploads\/2025\/10\/IMG_0-4.jpg 620w, https:\/\/www.vegaintro-projekti.com\/pilar-stari\/wp-content\/uploads\/2025\/10\/IMG_0-4-213x300.jpg 213w\" sizes=\"(max-width: 620px) 100vw, 620px\" \/><\/a><\/p>\n<blockquote><p><a href=\"https:\/\/www.vegaintro-projekti.com\/pilar-stari\/wp-content\/uploads\/2025\/10\/HR1100_program.pdf\">Program znanstveno-stru\u010dnog skupa<\/a><\/p><\/blockquote>\n","protected":false},"excerpt":{"rendered":"<p>Cilj znanstveno-stru\u010dnog skupa 1100. obljetnica Hrvatskoga kraljevstva, odr\u017eanog 23. listopada 2025. u Institutu Pilar, bio je pridru\u017eiti se obilje\u017eavanju obljetnice Hrvatskoga kraljevstva budu\u0107i da je Hrvatski sabor 2025. godinu proglasio \u201eGodinom obilje\u017eavanja 1100. obljetnice Hrvatskoga Kraljevstva\u201c te dati doprinos raspravama povjesni\u010dara i drugih stru\u010dnjaka u povodu obilje\u017eavanja te okrugle obljetnice. &#8211; Program skupa Znanstveno-stru\u010dni skup&hellip; <a class=\"continue\" href=\"https:\/\/www.vegaintro-projekti.com\/pilar-stari\/2025\/10\/u-institutu-pilar-odrzan-znanstveno-strucni-skup-1100-obljetnica-hrvatskoga-kraljevstva-zagreb-23-10-2025\/\">Pro\u010ditaj vi\u0161e o<span> U Institutu Pilar odr\u017ean znanstveno-stru\u010dni skup 1100. obljetnica Hrvatskoga kraljevstva; Zagreb, 23. 10. 2025.<\/span><\/a><\/p>\n","protected":false},"author":7,"featured_media":36244,"comment_status":"closed","ping_status":"closed","sticky":false,"template":"","format":"standard","meta":{"inline_featured_image":false,"ngg_post_thumbnail":0,"footnotes":""},"categories":[48,11],"tags":[],"yoast_head":"<!-- This site is optimized with the Yoast SEO plugin v21.2 - https:\/\/yoast.com\/wordpress\/plugins\/seo\/ -->\n<title>U Institutu Pilar odr\u017ean znanstveno-stru\u010dni skup 1100. obljetnica Hrvatskoga kraljevstva; Zagreb, 23. 10. 2025. - Institut dru&scaron;tvenih znanosti Ivo Pilar<\/title>\n<meta name=\"robots\" content=\"noindex, follow, max-snippet:-1, max-image-preview:large, max-video-preview:-1\" \/>\n<meta property=\"og:locale\" content=\"hr_HR\" \/>\n<meta property=\"og:type\" content=\"article\" \/>\n<meta property=\"og:title\" content=\"U Institutu Pilar odr\u017ean znanstveno-stru\u010dni skup 1100. obljetnica Hrvatskoga kraljevstva; Zagreb, 23. 10. 2025. - Institut dru&scaron;tvenih znanosti Ivo Pilar\" \/>\n<meta property=\"og:description\" content=\"Cilj znanstveno-stru\u010dnog skupa 1100. obljetnica Hrvatskoga kraljevstva, odr\u017eanog 23. listopada 2025. u Institutu Pilar, bio je pridru\u017eiti se obilje\u017eavanju obljetnice Hrvatskoga kraljevstva budu\u0107i da je Hrvatski sabor 2025. godinu proglasio \u201eGodinom obilje\u017eavanja 1100. obljetnice Hrvatskoga Kraljevstva\u201c te dati doprinos raspravama povjesni\u010dara i drugih stru\u010dnjaka u povodu obilje\u017eavanja te okrugle obljetnice. &#8211; Program skupa Znanstveno-stru\u010dni skup&hellip; Pro\u010ditaj vi\u0161e o U Institutu Pilar odr\u017ean znanstveno-stru\u010dni skup 1100. obljetnica Hrvatskoga kraljevstva; Zagreb, 23. 10. 2025.\" \/>\n<meta property=\"og:url\" content=\"https:\/\/www.vegaintro-projekti.com\/pilar-stari\/2025\/10\/u-institutu-pilar-odrzan-znanstveno-strucni-skup-1100-obljetnica-hrvatskoga-kraljevstva-zagreb-23-10-2025\/\" \/>\n<meta property=\"og:site_name\" content=\"Institut dru&scaron;tvenih znanosti Ivo Pilar\" \/>\n<meta property=\"article:published_time\" content=\"2025-10-27T20:24:40+00:00\" \/>\n<meta property=\"article:modified_time\" content=\"2025-10-28T09:05:05+00:00\" \/>\n<meta property=\"og:image\" content=\"https:\/\/www.vegaintro-projekti.com\/pilar-stari\/wp-content\/uploads\/2025\/10\/IMG_fi-1.jpg\" \/>\n\t<meta property=\"og:image:width\" content=\"500\" \/>\n\t<meta property=\"og:image:height\" content=\"223\" \/>\n\t<meta property=\"og:image:type\" content=\"image\/jpeg\" \/>\n<meta name=\"author\" content=\"Boris\" \/>\n<meta name=\"twitter:card\" content=\"summary_large_image\" \/>\n<meta name=\"twitter:label1\" content=\"Napisao\/la\" \/>\n\t<meta name=\"twitter:data1\" content=\"Boris\" \/>\n\t<meta name=\"twitter:label2\" content=\"Procijenjeno vrijeme \u010ditanja\" \/>\n\t<meta name=\"twitter:data2\" content=\"4 minute\" \/>\n<script type=\"application\/ld+json\" class=\"yoast-schema-graph\">{\"@context\":\"https:\/\/schema.org\",\"@graph\":[{\"@type\":\"WebPage\",\"@id\":\"https:\/\/www.vegaintro-projekti.com\/pilar-stari\/2025\/10\/u-institutu-pilar-odrzan-znanstveno-strucni-skup-1100-obljetnica-hrvatskoga-kraljevstva-zagreb-23-10-2025\/\",\"url\":\"https:\/\/www.vegaintro-projekti.com\/pilar-stari\/2025\/10\/u-institutu-pilar-odrzan-znanstveno-strucni-skup-1100-obljetnica-hrvatskoga-kraljevstva-zagreb-23-10-2025\/\",\"name\":\"U Institutu Pilar odr\u017ean znanstveno-stru\u010dni skup 1100. obljetnica Hrvatskoga kraljevstva; Zagreb, 23. 10. 2025. - Institut dru&scaron;tvenih znanosti Ivo Pilar\",\"isPartOf\":{\"@id\":\"https:\/\/www.vegaintro-projekti.com\/pilar-stari\/#website\"},\"datePublished\":\"2025-10-27T20:24:40+00:00\",\"dateModified\":\"2025-10-28T09:05:05+00:00\",\"author\":{\"@id\":\"https:\/\/www.vegaintro-projekti.com\/pilar-stari\/#\/schema\/person\/ddd404c9f1e15e4ffef5986ac6a5d28b\"},\"breadcrumb\":{\"@id\":\"https:\/\/www.vegaintro-projekti.com\/pilar-stari\/2025\/10\/u-institutu-pilar-odrzan-znanstveno-strucni-skup-1100-obljetnica-hrvatskoga-kraljevstva-zagreb-23-10-2025\/#breadcrumb\"},\"inLanguage\":\"hr\",\"potentialAction\":[{\"@type\":\"ReadAction\",\"target\":[\"https:\/\/www.vegaintro-projekti.com\/pilar-stari\/2025\/10\/u-institutu-pilar-odrzan-znanstveno-strucni-skup-1100-obljetnica-hrvatskoga-kraljevstva-zagreb-23-10-2025\/\"]}]},{\"@type\":\"BreadcrumbList\",\"@id\":\"https:\/\/www.vegaintro-projekti.com\/pilar-stari\/2025\/10\/u-institutu-pilar-odrzan-znanstveno-strucni-skup-1100-obljetnica-hrvatskoga-kraljevstva-zagreb-23-10-2025\/#breadcrumb\",\"itemListElement\":[{\"@type\":\"ListItem\",\"position\":1,\"name\":\"Home\",\"item\":\"https:\/\/www.vegaintro-projekti.com\/pilar-stari\/\"},{\"@type\":\"ListItem\",\"position\":2,\"name\":\"U Institutu Pilar odr\u017ean znanstveno-stru\u010dni skup 1100. obljetnica Hrvatskoga kraljevstva; Zagreb, 23. 10. 2025.\"}]},{\"@type\":\"WebSite\",\"@id\":\"https:\/\/www.vegaintro-projekti.com\/pilar-stari\/#website\",\"url\":\"https:\/\/www.vegaintro-projekti.com\/pilar-stari\/\",\"name\":\"Institut dru&scaron;tvenih znanosti Ivo Pilar\",\"description\":\"Pilar\",\"potentialAction\":[{\"@type\":\"SearchAction\",\"target\":{\"@type\":\"EntryPoint\",\"urlTemplate\":\"https:\/\/www.vegaintro-projekti.com\/pilar-stari\/?s={search_term_string}\"},\"query-input\":\"required name=search_term_string\"}],\"inLanguage\":\"hr\"},{\"@type\":\"Person\",\"@id\":\"https:\/\/www.vegaintro-projekti.com\/pilar-stari\/#\/schema\/person\/ddd404c9f1e15e4ffef5986ac6a5d28b\",\"name\":\"Boris\",\"image\":{\"@type\":\"ImageObject\",\"inLanguage\":\"hr\",\"@id\":\"https:\/\/www.vegaintro-projekti.com\/pilar-stari\/#\/schema\/person\/image\/\",\"url\":\"https:\/\/secure.gravatar.com\/avatar\/29557b161a6ce6ab86ac1503164f1e90?s=96&d=mm&r=g\",\"contentUrl\":\"https:\/\/secure.gravatar.com\/avatar\/29557b161a6ce6ab86ac1503164f1e90?s=96&d=mm&r=g\",\"caption\":\"Boris\"},\"url\":\"https:\/\/www.vegaintro-projekti.com\/pilar-stari\/author\/boris\/\"}]}<\/script>\n<!-- \/ Yoast SEO plugin. -->","yoast_head_json":{"title":"U Institutu Pilar odr\u017ean znanstveno-stru\u010dni skup 1100. obljetnica Hrvatskoga kraljevstva; Zagreb, 23. 10. 2025. - Institut dru&scaron;tvenih znanosti Ivo Pilar","robots":{"index":"noindex","follow":"follow","max-snippet":"max-snippet:-1","max-image-preview":"max-image-preview:large","max-video-preview":"max-video-preview:-1"},"og_locale":"hr_HR","og_type":"article","og_title":"U Institutu Pilar odr\u017ean znanstveno-stru\u010dni skup 1100. obljetnica Hrvatskoga kraljevstva; Zagreb, 23. 10. 2025. - Institut dru&scaron;tvenih znanosti Ivo Pilar","og_description":"Cilj znanstveno-stru\u010dnog skupa 1100. obljetnica Hrvatskoga kraljevstva, odr\u017eanog 23. listopada 2025. u Institutu Pilar, bio je pridru\u017eiti se obilje\u017eavanju obljetnice Hrvatskoga kraljevstva budu\u0107i da je Hrvatski sabor 2025. godinu proglasio \u201eGodinom obilje\u017eavanja 1100. obljetnice Hrvatskoga Kraljevstva\u201c te dati doprinos raspravama povjesni\u010dara i drugih stru\u010dnjaka u povodu obilje\u017eavanja te okrugle obljetnice. &#8211; Program skupa Znanstveno-stru\u010dni skup&hellip; Pro\u010ditaj vi\u0161e o U Institutu Pilar odr\u017ean znanstveno-stru\u010dni skup 1100. obljetnica Hrvatskoga kraljevstva; Zagreb, 23. 10. 2025.","og_url":"https:\/\/www.vegaintro-projekti.com\/pilar-stari\/2025\/10\/u-institutu-pilar-odrzan-znanstveno-strucni-skup-1100-obljetnica-hrvatskoga-kraljevstva-zagreb-23-10-2025\/","og_site_name":"Institut dru&scaron;tvenih znanosti Ivo Pilar","article_published_time":"2025-10-27T20:24:40+00:00","article_modified_time":"2025-10-28T09:05:05+00:00","og_image":[{"width":500,"height":223,"url":"https:\/\/www.vegaintro-projekti.com\/pilar-stari\/wp-content\/uploads\/2025\/10\/IMG_fi-1.jpg","type":"image\/jpeg"}],"author":"Boris","twitter_card":"summary_large_image","twitter_misc":{"Napisao\/la":"Boris","Procijenjeno vrijeme \u010ditanja":"4 minute"},"schema":{"@context":"https:\/\/schema.org","@graph":[{"@type":"WebPage","@id":"https:\/\/www.vegaintro-projekti.com\/pilar-stari\/2025\/10\/u-institutu-pilar-odrzan-znanstveno-strucni-skup-1100-obljetnica-hrvatskoga-kraljevstva-zagreb-23-10-2025\/","url":"https:\/\/www.vegaintro-projekti.com\/pilar-stari\/2025\/10\/u-institutu-pilar-odrzan-znanstveno-strucni-skup-1100-obljetnica-hrvatskoga-kraljevstva-zagreb-23-10-2025\/","name":"U Institutu Pilar odr\u017ean znanstveno-stru\u010dni skup 1100. obljetnica Hrvatskoga kraljevstva; Zagreb, 23. 10. 2025. - Institut dru&scaron;tvenih znanosti Ivo Pilar","isPartOf":{"@id":"https:\/\/www.vegaintro-projekti.com\/pilar-stari\/#website"},"datePublished":"2025-10-27T20:24:40+00:00","dateModified":"2025-10-28T09:05:05+00:00","author":{"@id":"https:\/\/www.vegaintro-projekti.com\/pilar-stari\/#\/schema\/person\/ddd404c9f1e15e4ffef5986ac6a5d28b"},"breadcrumb":{"@id":"https:\/\/www.vegaintro-projekti.com\/pilar-stari\/2025\/10\/u-institutu-pilar-odrzan-znanstveno-strucni-skup-1100-obljetnica-hrvatskoga-kraljevstva-zagreb-23-10-2025\/#breadcrumb"},"inLanguage":"hr","potentialAction":[{"@type":"ReadAction","target":["https:\/\/www.vegaintro-projekti.com\/pilar-stari\/2025\/10\/u-institutu-pilar-odrzan-znanstveno-strucni-skup-1100-obljetnica-hrvatskoga-kraljevstva-zagreb-23-10-2025\/"]}]},{"@type":"BreadcrumbList","@id":"https:\/\/www.vegaintro-projekti.com\/pilar-stari\/2025\/10\/u-institutu-pilar-odrzan-znanstveno-strucni-skup-1100-obljetnica-hrvatskoga-kraljevstva-zagreb-23-10-2025\/#breadcrumb","itemListElement":[{"@type":"ListItem","position":1,"name":"Home","item":"https:\/\/www.vegaintro-projekti.com\/pilar-stari\/"},{"@type":"ListItem","position":2,"name":"U Institutu Pilar odr\u017ean znanstveno-stru\u010dni skup 1100. obljetnica Hrvatskoga kraljevstva; Zagreb, 23. 10. 2025."}]},{"@type":"WebSite","@id":"https:\/\/www.vegaintro-projekti.com\/pilar-stari\/#website","url":"https:\/\/www.vegaintro-projekti.com\/pilar-stari\/","name":"Institut dru&scaron;tvenih znanosti Ivo Pilar","description":"Pilar","potentialAction":[{"@type":"SearchAction","target":{"@type":"EntryPoint","urlTemplate":"https:\/\/www.vegaintro-projekti.com\/pilar-stari\/?s={search_term_string}"},"query-input":"required name=search_term_string"}],"inLanguage":"hr"},{"@type":"Person","@id":"https:\/\/www.vegaintro-projekti.com\/pilar-stari\/#\/schema\/person\/ddd404c9f1e15e4ffef5986ac6a5d28b","name":"Boris","image":{"@type":"ImageObject","inLanguage":"hr","@id":"https:\/\/www.vegaintro-projekti.com\/pilar-stari\/#\/schema\/person\/image\/","url":"https:\/\/secure.gravatar.com\/avatar\/29557b161a6ce6ab86ac1503164f1e90?s=96&d=mm&r=g","contentUrl":"https:\/\/secure.gravatar.com\/avatar\/29557b161a6ce6ab86ac1503164f1e90?s=96&d=mm&r=g","caption":"Boris"},"url":"https:\/\/www.vegaintro-projekti.com\/pilar-stari\/author\/boris\/"}]}},"_links":{"self":[{"href":"https:\/\/www.vegaintro-projekti.com\/pilar-stari\/wp-json\/wp\/v2\/posts\/36246"}],"collection":[{"href":"https:\/\/www.vegaintro-projekti.com\/pilar-stari\/wp-json\/wp\/v2\/posts"}],"about":[{"href":"https:\/\/www.vegaintro-projekti.com\/pilar-stari\/wp-json\/wp\/v2\/types\/post"}],"author":[{"embeddable":true,"href":"https:\/\/www.vegaintro-projekti.com\/pilar-stari\/wp-json\/wp\/v2\/users\/7"}],"replies":[{"embeddable":true,"href":"https:\/\/www.vegaintro-projekti.com\/pilar-stari\/wp-json\/wp\/v2\/comments?post=36246"}],"version-history":[{"count":6,"href":"https:\/\/www.vegaintro-projekti.com\/pilar-stari\/wp-json\/wp\/v2\/posts\/36246\/revisions"}],"predecessor-version":[{"id":36261,"href":"https:\/\/www.vegaintro-projekti.com\/pilar-stari\/wp-json\/wp\/v2\/posts\/36246\/revisions\/36261"}],"wp:featuredmedia":[{"embeddable":true,"href":"https:\/\/www.vegaintro-projekti.com\/pilar-stari\/wp-json\/wp\/v2\/media\/36244"}],"wp:attachment":[{"href":"https:\/\/www.vegaintro-projekti.com\/pilar-stari\/wp-json\/wp\/v2\/media?parent=36246"}],"wp:term":[{"taxonomy":"category","embeddable":true,"href":"https:\/\/www.vegaintro-projekti.com\/pilar-stari\/wp-json\/wp\/v2\/categories?post=36246"},{"taxonomy":"post_tag","embeddable":true,"href":"https:\/\/www.vegaintro-projekti.com\/pilar-stari\/wp-json\/wp\/v2\/tags?post=36246"}],"curies":[{"name":"wp","href":"https:\/\/api.w.org\/{rel}","templated":true}]}}