{"id":36355,"date":"2025-11-15T19:10:40","date_gmt":"2025-11-15T19:10:40","guid":{"rendered":"https:\/\/www.vegaintro-projekti.com\/pilar-stari\/?p=36355"},"modified":"2025-11-29T16:25:37","modified_gmt":"2025-11-29T16:25:37","slug":"znanstvena-tribina-koliko-se-jos-sjecamo-vukovara-91-vukovar-14-11-2025","status":"publish","type":"post","link":"https:\/\/www.vegaintro-projekti.com\/pilar-stari\/2025\/11\/znanstvena-tribina-koliko-se-jos-sjecamo-vukovara-91-vukovar-14-11-2025\/","title":{"rendered":"Znanstvena tribina: Koliko se jo\u0161 sje\u0107amo Vukovara &#8217;91.?; Vukovar, 14. 11. 2025."},"content":{"rendered":"<p><strong>U povodu obilje\u017eavanja 34. Dana sje\u0107anja na \u017ertvu Vukovara 1991.\u20132025. Podru\u010dni centar Instituta Pilar u Vukovaru organizirao je znanstvenu tribinu \u201eKoliko se jo\u0161 sje\u0107amo Vukovara \u201991.?\u201c Na tribini odr\u017eanoj 14. studenoga 2025. u knji\u017enici Podru\u010dnoga centra Vukovar, dr. sc. Dra\u017een \u017divi\u0107 odr\u017eao je predavanje na temu \u201eVukovar &#8217;91. u istra\u017eivanjima Instituta Pilar (ba\u0161tina, postignu\u0107a, odjeci)\u201c, a dr. sc. Sandra Cviki\u0107 govorila je o temi \u201eRat, ljudi i brojevi: primjer Vukovara\u201c<\/strong><\/p>\n<div class=\"wp-block-image\">\n<p><a href=\"https:\/\/www.vegaintro-projekti.com\/pilar-stari\/wp-content\/uploads\/2025\/11\/Slika2-1.jpg\"><img decoding=\"async\" loading=\"lazy\" class=\"alignnone wp-image-36594 size-full\" src=\"https:\/\/www.vegaintro-projekti.com\/pilar-stari\/wp-content\/uploads\/2025\/11\/Slika2s-1.jpg\" alt=\"i1\" width=\"620\" height=\"332\" srcset=\"https:\/\/www.vegaintro-projekti.com\/pilar-stari\/wp-content\/uploads\/2025\/11\/Slika2s-1.jpg 620w, https:\/\/www.vegaintro-projekti.com\/pilar-stari\/wp-content\/uploads\/2025\/11\/Slika2s-1-300x161.jpg 300w, https:\/\/www.vegaintro-projekti.com\/pilar-stari\/wp-content\/uploads\/2025\/11\/Slika2s-1-310x165.jpg 310w\" sizes=\"(max-width: 620px) 100vw, 620px\" \/><\/a><a href=\"https:\/\/www.vegaintro-projekti.com\/pilar-stari\/wp-content\/uploads\/2025\/11\/Slika5.jpg\"><img decoding=\"async\" loading=\"lazy\" class=\"alignnone wp-image-36600 size-full\" src=\"https:\/\/www.vegaintro-projekti.com\/pilar-stari\/wp-content\/uploads\/2025\/11\/Slika5s.jpg\" alt=\"i2\" width=\"620\" height=\"311\" srcset=\"https:\/\/www.vegaintro-projekti.com\/pilar-stari\/wp-content\/uploads\/2025\/11\/Slika5s.jpg 620w, https:\/\/www.vegaintro-projekti.com\/pilar-stari\/wp-content\/uploads\/2025\/11\/Slika5s-300x150.jpg 300w\" sizes=\"(max-width: 620px) 100vw, 620px\" \/><\/a><a href=\"https:\/\/www.vegaintro-projekti.com\/pilar-stari\/wp-content\/uploads\/2025\/11\/Slika1-1.jpg\"><img decoding=\"async\" loading=\"lazy\" class=\"alignnone wp-image-36592 size-full\" src=\"https:\/\/www.vegaintro-projekti.com\/pilar-stari\/wp-content\/uploads\/2025\/11\/Slika1s-1.jpg\" alt=\"i3\" width=\"620\" height=\"334\" srcset=\"https:\/\/www.vegaintro-projekti.com\/pilar-stari\/wp-content\/uploads\/2025\/11\/Slika1s-1.jpg 620w, https:\/\/www.vegaintro-projekti.com\/pilar-stari\/wp-content\/uploads\/2025\/11\/Slika1s-1-300x162.jpg 300w\" sizes=\"(max-width: 620px) 100vw, 620px\" \/><\/a><a href=\"https:\/\/www.vegaintro-projekti.com\/pilar-stari\/wp-content\/uploads\/2025\/11\/Slika3.jpg\"><img decoding=\"async\" loading=\"lazy\" class=\"alignnone wp-image-36596 size-full\" src=\"https:\/\/www.vegaintro-projekti.com\/pilar-stari\/wp-content\/uploads\/2025\/11\/Slika3s.jpg\" alt=\"i4\" width=\"620\" height=\"333\" srcset=\"https:\/\/www.vegaintro-projekti.com\/pilar-stari\/wp-content\/uploads\/2025\/11\/Slika3s.jpg 620w, https:\/\/www.vegaintro-projekti.com\/pilar-stari\/wp-content\/uploads\/2025\/11\/Slika3s-300x161.jpg 300w\" sizes=\"(max-width: 620px) 100vw, 620px\" \/><\/a><a href=\"https:\/\/www.vegaintro-projekti.com\/pilar-stari\/wp-content\/uploads\/2025\/11\/Slika4.jpg\"><img decoding=\"async\" loading=\"lazy\" class=\"alignnone wp-image-36598 size-full\" src=\"https:\/\/www.vegaintro-projekti.com\/pilar-stari\/wp-content\/uploads\/2025\/11\/Slika4s.jpg\" alt=\"i5\" width=\"620\" height=\"337\" srcset=\"https:\/\/www.vegaintro-projekti.com\/pilar-stari\/wp-content\/uploads\/2025\/11\/Slika4s.jpg 620w, https:\/\/www.vegaintro-projekti.com\/pilar-stari\/wp-content\/uploads\/2025\/11\/Slika4s-300x163.jpg 300w\" sizes=\"(max-width: 620px) 100vw, 620px\" \/><\/a><\/p>\n<\/div>\n<p><strong>Nazo\u010dnima su se prigodno obratili<\/strong> dr. sc. Ivana Bendra, voditeljica Podru\u010dnog centra Vukovar, gradona\u010delnik Grada Vukovara g. Marjan Pavli\u010dek i ravnatelj Instituta Pilar prof. dr. sc. \u017deljko Holjevac.<\/p>\n<p><strong>Odr\u017eavanjem tribine<\/strong> \u201eKoliko se jo\u0161 sje\u0107amo Vukovara \u201991.?\u201c prezentiran je dosada\u0161nji rad djelatnika Instituta Pilar kao i brojnih suradnika iz relevantnih znanstvenih, kulturnih, obrazovnih i drugih institucija te sudionika ratnih doga\u0111anja u otkrivanju \u010dinjenica o Vukovarskoj bitci i cjelokupnom Domovinskom ratu. On se ogleda u kontinuiranom odr\u017eavanju do sada ukupno 26 znanstveno-stru\u010dnih skupova posve\u0107enih Vukovaru &#8217;91. i Domovinskom ratu te objavljivanju ukupno 16 zbornika radova s gotovo 200 znanstvenih i stru\u010dnih radova te memoarskog gradiva svjedoka ratnih doga\u0111anja.<\/p>\n<p>&#8211; <a href=\"https:\/\/www.vegaintro-projekti.com\/pilar-stari\/wp-content\/uploads\/2025\/11\/VUK91_tribina.pdf\">Pozivnica za znanstvenu tribinu Koliko se jo\u0161 sje\u0107amo Vukovara &#8217;91.?; Vukovar, 14. 11. 2025.<\/a><\/p>\n<p><a href=\"https:\/\/www.vegaintro-projekti.com\/pilar-stari\/wp-content\/uploads\/2025\/11\/VUK91_tribina.pdf\"><img decoding=\"async\" loading=\"lazy\" class=\"alignnone wp-image-36351 size-full\" src=\"https:\/\/www.vegaintro-projekti.com\/pilar-stari\/wp-content\/uploads\/2025\/11\/IMG-1.jpg\" alt=\"i1\" width=\"620\" height=\"861\" srcset=\"https:\/\/www.vegaintro-projekti.com\/pilar-stari\/wp-content\/uploads\/2025\/11\/IMG-1.jpg 620w, https:\/\/www.vegaintro-projekti.com\/pilar-stari\/wp-content\/uploads\/2025\/11\/IMG-1-216x300.jpg 216w\" sizes=\"(max-width: 620px) 100vw, 620px\" \/><\/a><\/p>\n<blockquote><p><a href=\"https:\/\/www.vegaintro-projekti.com\/pilar-stari\/2018\/04\/podruni-centar-vukovar-2\/\">Podru\u010dni centar Vukovar<\/a><\/p><\/blockquote>\n","protected":false},"excerpt":{"rendered":"<p>U povodu obilje\u017eavanja 34. Dana sje\u0107anja na \u017ertvu Vukovara 1991.\u20132025. Podru\u010dni centar Instituta Pilar u Vukovaru organizirao je znanstvenu tribinu \u201eKoliko se jo\u0161 sje\u0107amo Vukovara \u201991.?\u201c Na tribini odr\u017eanoj 14. studenoga 2025. u knji\u017enici Podru\u010dnoga centra Vukovar, dr. sc. Dra\u017een \u017divi\u0107 odr\u017eao je predavanje na temu \u201eVukovar &#8217;91. u istra\u017eivanjima Instituta Pilar (ba\u0161tina, postignu\u0107a, odjeci)\u201c,&hellip; <a class=\"continue\" href=\"https:\/\/www.vegaintro-projekti.com\/pilar-stari\/2025\/11\/znanstvena-tribina-koliko-se-jos-sjecamo-vukovara-91-vukovar-14-11-2025\/\">Pro\u010ditaj vi\u0161e o<span> Znanstvena tribina: Koliko se jo\u0161 sje\u0107amo Vukovara &#8217;91.?; Vukovar, 14. 11. 2025.<\/span><\/a><\/p>\n","protected":false},"author":7,"featured_media":36352,"comment_status":"closed","ping_status":"closed","sticky":false,"template":"","format":"standard","meta":{"inline_featured_image":false,"ngg_post_thumbnail":0,"footnotes":""},"categories":[11],"tags":[],"yoast_head":"<!-- This site is optimized with the Yoast SEO plugin v21.2 - https:\/\/yoast.com\/wordpress\/plugins\/seo\/ -->\n<title>Znanstvena tribina: Koliko se jo\u0161 sje\u0107amo Vukovara &#039;91.?; Vukovar, 14. 11. 2025. - Institut dru&scaron;tvenih znanosti Ivo Pilar<\/title>\n<meta name=\"robots\" content=\"noindex, follow, max-snippet:-1, max-image-preview:large, max-video-preview:-1\" \/>\n<meta property=\"og:locale\" content=\"hr_HR\" \/>\n<meta property=\"og:type\" content=\"article\" \/>\n<meta property=\"og:title\" content=\"Znanstvena tribina: Koliko se jo\u0161 sje\u0107amo Vukovara &#039;91.?; Vukovar, 14. 11. 2025. - Institut dru&scaron;tvenih znanosti Ivo Pilar\" \/>\n<meta property=\"og:description\" content=\"U povodu obilje\u017eavanja 34. Dana sje\u0107anja na \u017ertvu Vukovara 1991.\u20132025. Podru\u010dni centar Instituta Pilar u Vukovaru organizirao je znanstvenu tribinu \u201eKoliko se jo\u0161 sje\u0107amo Vukovara \u201991.?\u201c Na tribini odr\u017eanoj 14. studenoga 2025. u knji\u017enici Podru\u010dnoga centra Vukovar, dr. sc. Dra\u017een \u017divi\u0107 odr\u017eao je predavanje na temu \u201eVukovar &#8217;91. u istra\u017eivanjima Instituta Pilar (ba\u0161tina, postignu\u0107a, odjeci)\u201c,&hellip; Pro\u010ditaj vi\u0161e o Znanstvena tribina: Koliko se jo\u0161 sje\u0107amo Vukovara &#8217;91.?; Vukovar, 14. 11. 2025.\" \/>\n<meta property=\"og:url\" content=\"https:\/\/www.vegaintro-projekti.com\/pilar-stari\/2025\/11\/znanstvena-tribina-koliko-se-jos-sjecamo-vukovara-91-vukovar-14-11-2025\/\" \/>\n<meta property=\"og:site_name\" content=\"Institut dru&scaron;tvenih znanosti Ivo Pilar\" \/>\n<meta property=\"article:published_time\" content=\"2025-11-15T19:10:40+00:00\" \/>\n<meta property=\"article:modified_time\" content=\"2025-11-29T16:25:37+00:00\" \/>\n<meta property=\"og:image\" content=\"https:\/\/www.vegaintro-projekti.com\/pilar-stari\/wp-content\/uploads\/2025\/11\/IMGfi-1.jpg\" \/>\n\t<meta property=\"og:image:width\" content=\"500\" \/>\n\t<meta property=\"og:image:height\" content=\"220\" \/>\n\t<meta property=\"og:image:type\" content=\"image\/jpeg\" \/>\n<meta name=\"author\" content=\"Boris\" \/>\n<meta name=\"twitter:card\" content=\"summary_large_image\" \/>\n<meta name=\"twitter:label1\" content=\"Napisao\/la\" \/>\n\t<meta name=\"twitter:data1\" content=\"Boris\" \/>\n\t<meta name=\"twitter:label2\" content=\"Procijenjeno vrijeme \u010ditanja\" \/>\n\t<meta name=\"twitter:data2\" content=\"3 minute\" \/>\n<script type=\"application\/ld+json\" class=\"yoast-schema-graph\">{\"@context\":\"https:\/\/schema.org\",\"@graph\":[{\"@type\":\"WebPage\",\"@id\":\"https:\/\/www.vegaintro-projekti.com\/pilar-stari\/2025\/11\/znanstvena-tribina-koliko-se-jos-sjecamo-vukovara-91-vukovar-14-11-2025\/\",\"url\":\"https:\/\/www.vegaintro-projekti.com\/pilar-stari\/2025\/11\/znanstvena-tribina-koliko-se-jos-sjecamo-vukovara-91-vukovar-14-11-2025\/\",\"name\":\"Znanstvena tribina: Koliko se jo\u0161 sje\u0107amo Vukovara '91.?; Vukovar, 14. 11. 2025. - Institut dru&scaron;tvenih znanosti Ivo Pilar\",\"isPartOf\":{\"@id\":\"https:\/\/www.vegaintro-projekti.com\/pilar-stari\/#website\"},\"datePublished\":\"2025-11-15T19:10:40+00:00\",\"dateModified\":\"2025-11-29T16:25:37+00:00\",\"author\":{\"@id\":\"https:\/\/www.vegaintro-projekti.com\/pilar-stari\/#\/schema\/person\/ddd404c9f1e15e4ffef5986ac6a5d28b\"},\"breadcrumb\":{\"@id\":\"https:\/\/www.vegaintro-projekti.com\/pilar-stari\/2025\/11\/znanstvena-tribina-koliko-se-jos-sjecamo-vukovara-91-vukovar-14-11-2025\/#breadcrumb\"},\"inLanguage\":\"hr\",\"potentialAction\":[{\"@type\":\"ReadAction\",\"target\":[\"https:\/\/www.vegaintro-projekti.com\/pilar-stari\/2025\/11\/znanstvena-tribina-koliko-se-jos-sjecamo-vukovara-91-vukovar-14-11-2025\/\"]}]},{\"@type\":\"BreadcrumbList\",\"@id\":\"https:\/\/www.vegaintro-projekti.com\/pilar-stari\/2025\/11\/znanstvena-tribina-koliko-se-jos-sjecamo-vukovara-91-vukovar-14-11-2025\/#breadcrumb\",\"itemListElement\":[{\"@type\":\"ListItem\",\"position\":1,\"name\":\"Home\",\"item\":\"https:\/\/www.vegaintro-projekti.com\/pilar-stari\/\"},{\"@type\":\"ListItem\",\"position\":2,\"name\":\"Znanstvena tribina: Koliko se jo\u0161 sje\u0107amo Vukovara &#8217;91.?; Vukovar, 14. 11. 2025.\"}]},{\"@type\":\"WebSite\",\"@id\":\"https:\/\/www.vegaintro-projekti.com\/pilar-stari\/#website\",\"url\":\"https:\/\/www.vegaintro-projekti.com\/pilar-stari\/\",\"name\":\"Institut dru&scaron;tvenih znanosti Ivo Pilar\",\"description\":\"Pilar\",\"potentialAction\":[{\"@type\":\"SearchAction\",\"target\":{\"@type\":\"EntryPoint\",\"urlTemplate\":\"https:\/\/www.vegaintro-projekti.com\/pilar-stari\/?s={search_term_string}\"},\"query-input\":\"required name=search_term_string\"}],\"inLanguage\":\"hr\"},{\"@type\":\"Person\",\"@id\":\"https:\/\/www.vegaintro-projekti.com\/pilar-stari\/#\/schema\/person\/ddd404c9f1e15e4ffef5986ac6a5d28b\",\"name\":\"Boris\",\"image\":{\"@type\":\"ImageObject\",\"inLanguage\":\"hr\",\"@id\":\"https:\/\/www.vegaintro-projekti.com\/pilar-stari\/#\/schema\/person\/image\/\",\"url\":\"https:\/\/secure.gravatar.com\/avatar\/29557b161a6ce6ab86ac1503164f1e90?s=96&d=mm&r=g\",\"contentUrl\":\"https:\/\/secure.gravatar.com\/avatar\/29557b161a6ce6ab86ac1503164f1e90?s=96&d=mm&r=g\",\"caption\":\"Boris\"},\"url\":\"https:\/\/www.vegaintro-projekti.com\/pilar-stari\/author\/boris\/\"}]}<\/script>\n<!-- \/ Yoast SEO plugin. -->","yoast_head_json":{"title":"Znanstvena tribina: Koliko se jo\u0161 sje\u0107amo Vukovara '91.?; Vukovar, 14. 11. 2025. - Institut dru&scaron;tvenih znanosti Ivo Pilar","robots":{"index":"noindex","follow":"follow","max-snippet":"max-snippet:-1","max-image-preview":"max-image-preview:large","max-video-preview":"max-video-preview:-1"},"og_locale":"hr_HR","og_type":"article","og_title":"Znanstvena tribina: Koliko se jo\u0161 sje\u0107amo Vukovara '91.?; Vukovar, 14. 11. 2025. - Institut dru&scaron;tvenih znanosti Ivo Pilar","og_description":"U povodu obilje\u017eavanja 34. Dana sje\u0107anja na \u017ertvu Vukovara 1991.\u20132025. Podru\u010dni centar Instituta Pilar u Vukovaru organizirao je znanstvenu tribinu \u201eKoliko se jo\u0161 sje\u0107amo Vukovara \u201991.?\u201c Na tribini odr\u017eanoj 14. studenoga 2025. u knji\u017enici Podru\u010dnoga centra Vukovar, dr. sc. Dra\u017een \u017divi\u0107 odr\u017eao je predavanje na temu \u201eVukovar &#8217;91. u istra\u017eivanjima Instituta Pilar (ba\u0161tina, postignu\u0107a, odjeci)\u201c,&hellip; Pro\u010ditaj vi\u0161e o Znanstvena tribina: Koliko se jo\u0161 sje\u0107amo Vukovara &#8217;91.?; Vukovar, 14. 11. 2025.","og_url":"https:\/\/www.vegaintro-projekti.com\/pilar-stari\/2025\/11\/znanstvena-tribina-koliko-se-jos-sjecamo-vukovara-91-vukovar-14-11-2025\/","og_site_name":"Institut dru&scaron;tvenih znanosti Ivo Pilar","article_published_time":"2025-11-15T19:10:40+00:00","article_modified_time":"2025-11-29T16:25:37+00:00","og_image":[{"width":500,"height":220,"url":"https:\/\/www.vegaintro-projekti.com\/pilar-stari\/wp-content\/uploads\/2025\/11\/IMGfi-1.jpg","type":"image\/jpeg"}],"author":"Boris","twitter_card":"summary_large_image","twitter_misc":{"Napisao\/la":"Boris","Procijenjeno vrijeme \u010ditanja":"3 minute"},"schema":{"@context":"https:\/\/schema.org","@graph":[{"@type":"WebPage","@id":"https:\/\/www.vegaintro-projekti.com\/pilar-stari\/2025\/11\/znanstvena-tribina-koliko-se-jos-sjecamo-vukovara-91-vukovar-14-11-2025\/","url":"https:\/\/www.vegaintro-projekti.com\/pilar-stari\/2025\/11\/znanstvena-tribina-koliko-se-jos-sjecamo-vukovara-91-vukovar-14-11-2025\/","name":"Znanstvena tribina: Koliko se jo\u0161 sje\u0107amo Vukovara '91.?; Vukovar, 14. 11. 2025. - Institut dru&scaron;tvenih znanosti Ivo Pilar","isPartOf":{"@id":"https:\/\/www.vegaintro-projekti.com\/pilar-stari\/#website"},"datePublished":"2025-11-15T19:10:40+00:00","dateModified":"2025-11-29T16:25:37+00:00","author":{"@id":"https:\/\/www.vegaintro-projekti.com\/pilar-stari\/#\/schema\/person\/ddd404c9f1e15e4ffef5986ac6a5d28b"},"breadcrumb":{"@id":"https:\/\/www.vegaintro-projekti.com\/pilar-stari\/2025\/11\/znanstvena-tribina-koliko-se-jos-sjecamo-vukovara-91-vukovar-14-11-2025\/#breadcrumb"},"inLanguage":"hr","potentialAction":[{"@type":"ReadAction","target":["https:\/\/www.vegaintro-projekti.com\/pilar-stari\/2025\/11\/znanstvena-tribina-koliko-se-jos-sjecamo-vukovara-91-vukovar-14-11-2025\/"]}]},{"@type":"BreadcrumbList","@id":"https:\/\/www.vegaintro-projekti.com\/pilar-stari\/2025\/11\/znanstvena-tribina-koliko-se-jos-sjecamo-vukovara-91-vukovar-14-11-2025\/#breadcrumb","itemListElement":[{"@type":"ListItem","position":1,"name":"Home","item":"https:\/\/www.vegaintro-projekti.com\/pilar-stari\/"},{"@type":"ListItem","position":2,"name":"Znanstvena tribina: Koliko se jo\u0161 sje\u0107amo Vukovara &#8217;91.?; Vukovar, 14. 11. 2025."}]},{"@type":"WebSite","@id":"https:\/\/www.vegaintro-projekti.com\/pilar-stari\/#website","url":"https:\/\/www.vegaintro-projekti.com\/pilar-stari\/","name":"Institut dru&scaron;tvenih znanosti Ivo Pilar","description":"Pilar","potentialAction":[{"@type":"SearchAction","target":{"@type":"EntryPoint","urlTemplate":"https:\/\/www.vegaintro-projekti.com\/pilar-stari\/?s={search_term_string}"},"query-input":"required name=search_term_string"}],"inLanguage":"hr"},{"@type":"Person","@id":"https:\/\/www.vegaintro-projekti.com\/pilar-stari\/#\/schema\/person\/ddd404c9f1e15e4ffef5986ac6a5d28b","name":"Boris","image":{"@type":"ImageObject","inLanguage":"hr","@id":"https:\/\/www.vegaintro-projekti.com\/pilar-stari\/#\/schema\/person\/image\/","url":"https:\/\/secure.gravatar.com\/avatar\/29557b161a6ce6ab86ac1503164f1e90?s=96&d=mm&r=g","contentUrl":"https:\/\/secure.gravatar.com\/avatar\/29557b161a6ce6ab86ac1503164f1e90?s=96&d=mm&r=g","caption":"Boris"},"url":"https:\/\/www.vegaintro-projekti.com\/pilar-stari\/author\/boris\/"}]}},"_links":{"self":[{"href":"https:\/\/www.vegaintro-projekti.com\/pilar-stari\/wp-json\/wp\/v2\/posts\/36355"}],"collection":[{"href":"https:\/\/www.vegaintro-projekti.com\/pilar-stari\/wp-json\/wp\/v2\/posts"}],"about":[{"href":"https:\/\/www.vegaintro-projekti.com\/pilar-stari\/wp-json\/wp\/v2\/types\/post"}],"author":[{"embeddable":true,"href":"https:\/\/www.vegaintro-projekti.com\/pilar-stari\/wp-json\/wp\/v2\/users\/7"}],"replies":[{"embeddable":true,"href":"https:\/\/www.vegaintro-projekti.com\/pilar-stari\/wp-json\/wp\/v2\/comments?post=36355"}],"version-history":[{"count":7,"href":"https:\/\/www.vegaintro-projekti.com\/pilar-stari\/wp-json\/wp\/v2\/posts\/36355\/revisions"}],"predecessor-version":[{"id":36604,"href":"https:\/\/www.vegaintro-projekti.com\/pilar-stari\/wp-json\/wp\/v2\/posts\/36355\/revisions\/36604"}],"wp:featuredmedia":[{"embeddable":true,"href":"https:\/\/www.vegaintro-projekti.com\/pilar-stari\/wp-json\/wp\/v2\/media\/36352"}],"wp:attachment":[{"href":"https:\/\/www.vegaintro-projekti.com\/pilar-stari\/wp-json\/wp\/v2\/media?parent=36355"}],"wp:term":[{"taxonomy":"category","embeddable":true,"href":"https:\/\/www.vegaintro-projekti.com\/pilar-stari\/wp-json\/wp\/v2\/categories?post=36355"},{"taxonomy":"post_tag","embeddable":true,"href":"https:\/\/www.vegaintro-projekti.com\/pilar-stari\/wp-json\/wp\/v2\/tags?post=36355"}],"curies":[{"name":"wp","href":"https:\/\/api.w.org\/{rel}","templated":true}]}}