{"id":365,"date":"2011-05-08T16:14:16","date_gmt":"2011-05-08T16:14:16","guid":{"rendered":"https:\/\/www.vegaintro-projekti.com\/pilar-stari\/2011\/05\/08\/predstavljena-monografija-crkva-i-vukovarski-franjevci\/"},"modified":"2017-12-07T13:33:56","modified_gmt":"2017-12-07T13:33:56","slug":"predstavljena-monografija-crkva-i-vukovarski-franjevci","status":"publish","type":"post","link":"https:\/\/www.vegaintro-projekti.com\/pilar-stari\/2011\/05\/predstavljena-monografija-crkva-i-vukovarski-franjevci\/","title":{"rendered":"Predstavljena monografija CRKVA I VUKOVARSKI FRANJEVCI"},"content":{"rendered":"<p><strong>U prepunom Pastoralnom centru sv. Bone Franjeva\u010dkog samostana u Vukovaru predstavljena je 2. svibnja 2011. godine knjiga fra Ivice Jagodi\u0107a, \u017eupnika \u017eupe sv. Filipa i Jakova apostola (Vukovar 1), naslovljena: &#8220;Crkva i vukovarski franjevci&#8221;. Rije\u010d je o monografiji koja slikom i rje\u010dju progovara o tri stolje\u0107a kontinuirane franjeva\u010dke prisutnosti u Vukovaru; od protjerivanja Osmanlija krajem 17. stolje\u0107a sve do dana\u0161njih dana<\/strong><\/p>\n<p><img decoding=\"async\" loading=\"lazy\" height=\"480\" width=\"640\" src=\"https:\/\/www.vegaintro-projekti.com\/pilar-stari\/wp-content\/images\/stories\/fotografije\/pc_vukovar\/vu_franjevci1.jpg\" alt=\"vu_franjevci1\" \/><\/p>\n<p><span style=\"font-size: 8pt;\"><strong>Autor fra Ivica Jagodi\u0107, recenzent prof. dr. sc. Vine Mihaljevi\u0107 i urednik prof. dr. sc. Dra\u017een \u017divi\u0107<\/strong><\/span><\/p>\n<p>&#8211; <a href=\"https:\/\/www.vegaintro-projekti.com\/pilar-stari\/2008\/10\/podruni-centar-vukovar\/\">Fotogalerija s predstavljanja monografije Crkva i vukovarski franjevci<\/a><\/p>\n<p>Knjigu su u prigodi 280. godi\u0161njice progla\u0161enja i 270. godi\u0161njice izgradnje vukovarskog samostana, zajedni\u010dki objavili Franjeva\u010dki samostan Vukovar i Institut dru\u0161tvenih znanosti Ivo Pilar &#8211; podru\u010dni centar Vukovar.<\/p>\n<p>Mno\u0161tvo uzvanika i gostiju, me\u0111u kojima su bili mons. Mile Bogovi\u0107, biskup gospi\u0107ko-senjski, Bo\u017eo Gali\u0107, \u017eupan vukovarsko-srijemski, \u017deljko Sabo, vukovarski gradona\u010delnik, Tomislav D\u017eanak, predsjednik vukovarskog Gradskog vije\u0107a te fra Zlatko \u0160pehar, biv\u0161i gvardijan vukovarskog samostana, uvodno su pozdravili: fra Gordan Propadalo, vukovarski gvardijan, dr. sc. Vlado \u0160aki\u0107, ravnatelj Instituta Pilar i fra \u017deljko \u017deleznjak, provincijalni ministar Hrvatske franjeva\u010dke provincije sv. \u0106irila i Metoda.<\/p>\n<p>Knjigu su predstavili njezin urednik, dr. sc. Dra\u017een \u017divi\u0107, recenzent, dr. sc. Vine Mihaljevi\u0107 i autor, fra Ivica Jagodi\u0107.U programu predstavljanja sudjelovali su i Mje\u0161oviti \u017eupski zbor &#8220;sv. Cecilija&#8221;, Dje\u010dje amatersko kazali\u0161te &#8220;Bonokaz&#8221;, glazbeni sastav &#8220;Susreti&#8221; i VIS &#8220;Damjan&#8221;.<\/p>\n<p>&#8211; <a href=\"https:\/\/www.vegaintro-projekti.com\/pilar-stari\/2011\/05\/objavljena-monografija-crkva-i-vukovarski-franjevci\/\">Objavljena monografija CRKVA I VUKOVARSKI FRANJEVCI<\/a><\/p>\n<p><strong>Odjeci predstavljanja<\/strong><\/p>\n<p>&#8211; Glas Slavonije: <a href=\"http:\/\/www.glas-slavonije.hr\/vijest.asp?rub=5&amp;ID_VIJESTI=140556\">Fra Jagodi\u0107 ukori\u010dio mnogostoljetnu povijest Vukovara i franjevaca<\/a><br \/>&#8211; \u0110akova\u010dko-osje\u010dka nadbiskupija: <span style=\"text-decoration: underline;\">Predstavljena foto-monografija &#8220;Crkva i vukovarski franjevci&#8221;<\/span><br \/>&#8211; Hrvatski radio Vukovar: <span style=\"text-decoration: underline;\">Fra Ivica Jagodi\u0107: Crkva i vukovarski franjevci<\/span><br \/>&#8211; Grad Vukovar: Predstavljena knjiga &#8220;Crkva i vukovarski franjevci&#8221;<br \/>&#8211; Hrvatska franjeva\u010dka provincija sv. \u0106irila i Metoda: <a href=\"http:\/\/www.ofm.hr\/index.php?option=com_content&amp;view=article&amp;id=1909:predstavljena-monografija-crkva-i-vukovarski-franjevci&amp;catid=62:dogodilo-se&amp;Itemid=274\">Predstavljena monografija Crkva i vukovarski franjevci<\/a><br \/>&#8211; Slavonija-info: <span style=\"text-decoration: underline;\">Predstavljena knjiga &#8220;Crkva i vukovarski franjevci&#8221;<\/span><br \/>&#8211; Braniteljski portal: Predstavljena knjiga &#8220;Crkva i vukovarski franjevci&#8221;<\/p>\n","protected":false},"excerpt":{"rendered":"<p>U prepunom Pastoralnom centru sv. Bone Franjeva\u010dkog samostana u Vukovaru predstavljena je 2. svibnja 2011. godine knjiga fra Ivice Jagodi\u0107a, \u017eupnika \u017eupe sv. Filipa i Jakova apostola (Vukovar 1), naslovljena: &#8220;Crkva i vukovarski franjevci&#8221;. Rije\u010d je o monografiji koja slikom i rje\u010dju progovara o tri stolje\u0107a kontinuirane franjeva\u010dke prisutnosti u Vukovaru; od protjerivanja Osmanlija krajem&hellip; <a class=\"continue\" href=\"https:\/\/www.vegaintro-projekti.com\/pilar-stari\/2011\/05\/predstavljena-monografija-crkva-i-vukovarski-franjevci\/\">Pro\u010ditaj vi\u0161e o<span> Predstavljena monografija CRKVA I VUKOVARSKI FRANJEVCI<\/span><\/a><\/p>\n","protected":false},"author":1,"featured_media":0,"comment_status":"open","ping_status":"open","sticky":false,"template":"","format":"standard","meta":{"inline_featured_image":false,"ngg_post_thumbnail":0,"footnotes":""},"categories":[9],"tags":[],"yoast_head":"<!-- This site is optimized with the Yoast SEO plugin v21.2 - https:\/\/yoast.com\/wordpress\/plugins\/seo\/ -->\n<title>Predstavljena monografija CRKVA I VUKOVARSKI FRANJEVCI - Institut dru&scaron;tvenih znanosti Ivo Pilar<\/title>\n<meta name=\"robots\" content=\"noindex, follow, max-snippet:-1, max-image-preview:large, max-video-preview:-1\" \/>\n<meta property=\"og:locale\" content=\"hr_HR\" \/>\n<meta property=\"og:type\" content=\"article\" \/>\n<meta property=\"og:title\" content=\"Predstavljena monografija CRKVA I VUKOVARSKI FRANJEVCI - Institut dru&scaron;tvenih znanosti Ivo Pilar\" \/>\n<meta property=\"og:description\" content=\"U prepunom Pastoralnom centru sv. Bone Franjeva\u010dkog samostana u Vukovaru predstavljena je 2. svibnja 2011. godine knjiga fra Ivice Jagodi\u0107a, \u017eupnika \u017eupe sv. Filipa i Jakova apostola (Vukovar 1), naslovljena: &#8220;Crkva i vukovarski franjevci&#8221;. Rije\u010d je o monografiji koja slikom i rje\u010dju progovara o tri stolje\u0107a kontinuirane franjeva\u010dke prisutnosti u Vukovaru; od protjerivanja Osmanlija krajem&hellip; Pro\u010ditaj vi\u0161e o Predstavljena monografija CRKVA I VUKOVARSKI FRANJEVCI\" \/>\n<meta property=\"og:url\" content=\"https:\/\/www.vegaintro-projekti.com\/pilar-stari\/2011\/05\/predstavljena-monografija-crkva-i-vukovarski-franjevci\/\" \/>\n<meta property=\"og:site_name\" content=\"Institut dru&scaron;tvenih znanosti Ivo Pilar\" \/>\n<meta property=\"article:published_time\" content=\"2011-05-08T16:14:16+00:00\" \/>\n<meta property=\"article:modified_time\" content=\"2017-12-07T13:33:56+00:00\" \/>\n<meta property=\"og:image\" content=\"https:\/\/www.vegaintro-projekti.com\/pilar-stari\/wp-content\/images\/stories\/fotografije\/pc_vukovar\/vu_franjevci1.jpg\" \/>\n<meta name=\"author\" content=\"pilar-admin\" \/>\n<meta name=\"twitter:card\" content=\"summary_large_image\" \/>\n<meta name=\"twitter:label1\" content=\"Napisao\/la\" \/>\n\t<meta name=\"twitter:data1\" content=\"pilar-admin\" \/>\n\t<meta name=\"twitter:label2\" content=\"Procijenjeno vrijeme \u010ditanja\" \/>\n\t<meta name=\"twitter:data2\" content=\"2 minute\" \/>\n<script type=\"application\/ld+json\" class=\"yoast-schema-graph\">{\"@context\":\"https:\/\/schema.org\",\"@graph\":[{\"@type\":\"WebPage\",\"@id\":\"https:\/\/www.vegaintro-projekti.com\/pilar-stari\/2011\/05\/predstavljena-monografija-crkva-i-vukovarski-franjevci\/\",\"url\":\"https:\/\/www.vegaintro-projekti.com\/pilar-stari\/2011\/05\/predstavljena-monografija-crkva-i-vukovarski-franjevci\/\",\"name\":\"Predstavljena monografija CRKVA I VUKOVARSKI FRANJEVCI - Institut dru&scaron;tvenih znanosti Ivo Pilar\",\"isPartOf\":{\"@id\":\"https:\/\/www.vegaintro-projekti.com\/pilar-stari\/#website\"},\"datePublished\":\"2011-05-08T16:14:16+00:00\",\"dateModified\":\"2017-12-07T13:33:56+00:00\",\"author\":{\"@id\":\"https:\/\/www.vegaintro-projekti.com\/pilar-stari\/#\/schema\/person\/c0db50ebd77c4409e19b18044bbf10c1\"},\"breadcrumb\":{\"@id\":\"https:\/\/www.vegaintro-projekti.com\/pilar-stari\/2011\/05\/predstavljena-monografija-crkva-i-vukovarski-franjevci\/#breadcrumb\"},\"inLanguage\":\"hr\",\"potentialAction\":[{\"@type\":\"ReadAction\",\"target\":[\"https:\/\/www.vegaintro-projekti.com\/pilar-stari\/2011\/05\/predstavljena-monografija-crkva-i-vukovarski-franjevci\/\"]}]},{\"@type\":\"BreadcrumbList\",\"@id\":\"https:\/\/www.vegaintro-projekti.com\/pilar-stari\/2011\/05\/predstavljena-monografija-crkva-i-vukovarski-franjevci\/#breadcrumb\",\"itemListElement\":[{\"@type\":\"ListItem\",\"position\":1,\"name\":\"Home\",\"item\":\"https:\/\/www.vegaintro-projekti.com\/pilar-stari\/\"},{\"@type\":\"ListItem\",\"position\":2,\"name\":\"Predstavljena monografija CRKVA I VUKOVARSKI FRANJEVCI\"}]},{\"@type\":\"WebSite\",\"@id\":\"https:\/\/www.vegaintro-projekti.com\/pilar-stari\/#website\",\"url\":\"https:\/\/www.vegaintro-projekti.com\/pilar-stari\/\",\"name\":\"Institut dru&scaron;tvenih znanosti Ivo Pilar\",\"description\":\"Pilar\",\"potentialAction\":[{\"@type\":\"SearchAction\",\"target\":{\"@type\":\"EntryPoint\",\"urlTemplate\":\"https:\/\/www.vegaintro-projekti.com\/pilar-stari\/?s={search_term_string}\"},\"query-input\":\"required name=search_term_string\"}],\"inLanguage\":\"hr\"},{\"@type\":\"Person\",\"@id\":\"https:\/\/www.vegaintro-projekti.com\/pilar-stari\/#\/schema\/person\/c0db50ebd77c4409e19b18044bbf10c1\",\"name\":\"pilar-admin\",\"image\":{\"@type\":\"ImageObject\",\"inLanguage\":\"hr\",\"@id\":\"https:\/\/www.vegaintro-projekti.com\/pilar-stari\/#\/schema\/person\/image\/\",\"url\":\"https:\/\/secure.gravatar.com\/avatar\/fac9e03c4db0011b9c1ad8b5e9c74b8c?s=96&d=mm&r=g\",\"contentUrl\":\"https:\/\/secure.gravatar.com\/avatar\/fac9e03c4db0011b9c1ad8b5e9c74b8c?s=96&d=mm&r=g\",\"caption\":\"pilar-admin\"},\"url\":\"https:\/\/www.vegaintro-projekti.com\/pilar-stari\/author\/pilar-admin\/\"}]}<\/script>\n<!-- \/ Yoast SEO plugin. -->","yoast_head_json":{"title":"Predstavljena monografija CRKVA I VUKOVARSKI FRANJEVCI - Institut dru&scaron;tvenih znanosti Ivo Pilar","robots":{"index":"noindex","follow":"follow","max-snippet":"max-snippet:-1","max-image-preview":"max-image-preview:large","max-video-preview":"max-video-preview:-1"},"og_locale":"hr_HR","og_type":"article","og_title":"Predstavljena monografija CRKVA I VUKOVARSKI FRANJEVCI - Institut dru&scaron;tvenih znanosti Ivo Pilar","og_description":"U prepunom Pastoralnom centru sv. Bone Franjeva\u010dkog samostana u Vukovaru predstavljena je 2. svibnja 2011. godine knjiga fra Ivice Jagodi\u0107a, \u017eupnika \u017eupe sv. Filipa i Jakova apostola (Vukovar 1), naslovljena: &#8220;Crkva i vukovarski franjevci&#8221;. Rije\u010d je o monografiji koja slikom i rje\u010dju progovara o tri stolje\u0107a kontinuirane franjeva\u010dke prisutnosti u Vukovaru; od protjerivanja Osmanlija krajem&hellip; Pro\u010ditaj vi\u0161e o Predstavljena monografija CRKVA I VUKOVARSKI FRANJEVCI","og_url":"https:\/\/www.vegaintro-projekti.com\/pilar-stari\/2011\/05\/predstavljena-monografija-crkva-i-vukovarski-franjevci\/","og_site_name":"Institut dru&scaron;tvenih znanosti Ivo Pilar","article_published_time":"2011-05-08T16:14:16+00:00","article_modified_time":"2017-12-07T13:33:56+00:00","og_image":[{"url":"https:\/\/www.vegaintro-projekti.com\/pilar-stari\/wp-content\/images\/stories\/fotografije\/pc_vukovar\/vu_franjevci1.jpg"}],"author":"pilar-admin","twitter_card":"summary_large_image","twitter_misc":{"Napisao\/la":"pilar-admin","Procijenjeno vrijeme \u010ditanja":"2 minute"},"schema":{"@context":"https:\/\/schema.org","@graph":[{"@type":"WebPage","@id":"https:\/\/www.vegaintro-projekti.com\/pilar-stari\/2011\/05\/predstavljena-monografija-crkva-i-vukovarski-franjevci\/","url":"https:\/\/www.vegaintro-projekti.com\/pilar-stari\/2011\/05\/predstavljena-monografija-crkva-i-vukovarski-franjevci\/","name":"Predstavljena monografija CRKVA I VUKOVARSKI FRANJEVCI - Institut dru&scaron;tvenih znanosti Ivo Pilar","isPartOf":{"@id":"https:\/\/www.vegaintro-projekti.com\/pilar-stari\/#website"},"datePublished":"2011-05-08T16:14:16+00:00","dateModified":"2017-12-07T13:33:56+00:00","author":{"@id":"https:\/\/www.vegaintro-projekti.com\/pilar-stari\/#\/schema\/person\/c0db50ebd77c4409e19b18044bbf10c1"},"breadcrumb":{"@id":"https:\/\/www.vegaintro-projekti.com\/pilar-stari\/2011\/05\/predstavljena-monografija-crkva-i-vukovarski-franjevci\/#breadcrumb"},"inLanguage":"hr","potentialAction":[{"@type":"ReadAction","target":["https:\/\/www.vegaintro-projekti.com\/pilar-stari\/2011\/05\/predstavljena-monografija-crkva-i-vukovarski-franjevci\/"]}]},{"@type":"BreadcrumbList","@id":"https:\/\/www.vegaintro-projekti.com\/pilar-stari\/2011\/05\/predstavljena-monografija-crkva-i-vukovarski-franjevci\/#breadcrumb","itemListElement":[{"@type":"ListItem","position":1,"name":"Home","item":"https:\/\/www.vegaintro-projekti.com\/pilar-stari\/"},{"@type":"ListItem","position":2,"name":"Predstavljena monografija CRKVA I VUKOVARSKI FRANJEVCI"}]},{"@type":"WebSite","@id":"https:\/\/www.vegaintro-projekti.com\/pilar-stari\/#website","url":"https:\/\/www.vegaintro-projekti.com\/pilar-stari\/","name":"Institut dru&scaron;tvenih znanosti Ivo Pilar","description":"Pilar","potentialAction":[{"@type":"SearchAction","target":{"@type":"EntryPoint","urlTemplate":"https:\/\/www.vegaintro-projekti.com\/pilar-stari\/?s={search_term_string}"},"query-input":"required name=search_term_string"}],"inLanguage":"hr"},{"@type":"Person","@id":"https:\/\/www.vegaintro-projekti.com\/pilar-stari\/#\/schema\/person\/c0db50ebd77c4409e19b18044bbf10c1","name":"pilar-admin","image":{"@type":"ImageObject","inLanguage":"hr","@id":"https:\/\/www.vegaintro-projekti.com\/pilar-stari\/#\/schema\/person\/image\/","url":"https:\/\/secure.gravatar.com\/avatar\/fac9e03c4db0011b9c1ad8b5e9c74b8c?s=96&d=mm&r=g","contentUrl":"https:\/\/secure.gravatar.com\/avatar\/fac9e03c4db0011b9c1ad8b5e9c74b8c?s=96&d=mm&r=g","caption":"pilar-admin"},"url":"https:\/\/www.vegaintro-projekti.com\/pilar-stari\/author\/pilar-admin\/"}]}},"_links":{"self":[{"href":"https:\/\/www.vegaintro-projekti.com\/pilar-stari\/wp-json\/wp\/v2\/posts\/365"}],"collection":[{"href":"https:\/\/www.vegaintro-projekti.com\/pilar-stari\/wp-json\/wp\/v2\/posts"}],"about":[{"href":"https:\/\/www.vegaintro-projekti.com\/pilar-stari\/wp-json\/wp\/v2\/types\/post"}],"author":[{"embeddable":true,"href":"https:\/\/www.vegaintro-projekti.com\/pilar-stari\/wp-json\/wp\/v2\/users\/1"}],"replies":[{"embeddable":true,"href":"https:\/\/www.vegaintro-projekti.com\/pilar-stari\/wp-json\/wp\/v2\/comments?post=365"}],"version-history":[{"count":8,"href":"https:\/\/www.vegaintro-projekti.com\/pilar-stari\/wp-json\/wp\/v2\/posts\/365\/revisions"}],"predecessor-version":[{"id":6929,"href":"https:\/\/www.vegaintro-projekti.com\/pilar-stari\/wp-json\/wp\/v2\/posts\/365\/revisions\/6929"}],"wp:attachment":[{"href":"https:\/\/www.vegaintro-projekti.com\/pilar-stari\/wp-json\/wp\/v2\/media?parent=365"}],"wp:term":[{"taxonomy":"category","embeddable":true,"href":"https:\/\/www.vegaintro-projekti.com\/pilar-stari\/wp-json\/wp\/v2\/categories?post=365"},{"taxonomy":"post_tag","embeddable":true,"href":"https:\/\/www.vegaintro-projekti.com\/pilar-stari\/wp-json\/wp\/v2\/tags?post=365"}],"curies":[{"name":"wp","href":"https:\/\/api.w.org\/{rel}","templated":true}]}}