{"id":36525,"date":"2025-11-15T16:43:30","date_gmt":"2025-11-15T16:43:30","guid":{"rendered":"https:\/\/www.vegaintro-projekti.com\/pilar-stari\/?p=36525"},"modified":"2025-11-15T16:55:43","modified_gmt":"2025-11-15T16:55:43","slug":"asistentica-nensi-tomac-predstavila-istrazivanje-projekta-vetfit-na-32-godisnjoj-konferenciji-hrvatskih-psihologa-split-5-8-11-2025","status":"publish","type":"post","link":"https:\/\/www.vegaintro-projekti.com\/pilar-stari\/2025\/11\/asistentica-nensi-tomac-predstavila-istrazivanje-projekta-vetfit-na-32-godisnjoj-konferenciji-hrvatskih-psihologa-split-5-8-11-2025\/","title":{"rendered":"Asistentica Nensi Tomac predstavila istra\u017eivanje projekta VETFIT na 32. godi\u0161njoj konferenciji hrvatskih psihologa; Split, 5.-8. 11. 2025."},"content":{"rendered":"<p><strong>U Splitu je od 5. do 8. studenoga 2025. odr\u017eana 32. godi\u0161nja konferencija hrvatskih psihologa: Psihologija i psiholozi u kriznim vremenima: ja\u010danje otpornosti pojedinca, obitelji i zajednice na kojoj je asistentica Nensi Tomac iz projekta Uskla\u0111enost interesa u\u010denika i strukovnih srednjo\u0161kolskih programa: Mjerenje, pra\u0107enje, uzroci i posljedice kongruencije (VETFIT) predstavila istra\u017eivanje o stavovima strukovnih nastavnika i mentora o novoj generaciji u\u010denika srednjih strukovnih \u0161kola<\/strong><\/p>\n<div class=\"wp-block-image\">\n<p><a href=\"https:\/\/www.vegaintro-projekti.com\/pilar-stari\/wp-content\/uploads\/2025\/11\/IMG_2-6.jpg\"><img decoding=\"async\" loading=\"lazy\" class=\"alignnone wp-image-36524 size-full\" src=\"https:\/\/www.vegaintro-projekti.com\/pilar-stari\/wp-content\/uploads\/2025\/11\/IMG_2s-7.jpg\" alt=\"i1\" width=\"620\" height=\"346\" srcset=\"https:\/\/www.vegaintro-projekti.com\/pilar-stari\/wp-content\/uploads\/2025\/11\/IMG_2s-7.jpg 620w, https:\/\/www.vegaintro-projekti.com\/pilar-stari\/wp-content\/uploads\/2025\/11\/IMG_2s-7-300x167.jpg 300w\" sizes=\"(max-width: 620px) 100vw, 620px\" \/><\/a><a href=\"https:\/\/www.vegaintro-projekti.com\/pilar-stari\/wp-content\/uploads\/2025\/11\/IMG_1-8.jpg\"><img decoding=\"async\" loading=\"lazy\" class=\"alignnone wp-image-36521 size-full\" src=\"https:\/\/www.vegaintro-projekti.com\/pilar-stari\/wp-content\/uploads\/2025\/11\/IMG_1s-7.jpg\" alt=\"i2\" width=\"620\" height=\"342\" srcset=\"https:\/\/www.vegaintro-projekti.com\/pilar-stari\/wp-content\/uploads\/2025\/11\/IMG_1s-7.jpg 620w, https:\/\/www.vegaintro-projekti.com\/pilar-stari\/wp-content\/uploads\/2025\/11\/IMG_1s-7-300x165.jpg 300w\" sizes=\"(max-width: 620px) 100vw, 620px\" \/><\/a><\/p>\n<\/div>\n<p><strong>Kroz istra\u017eivanje<\/strong> <em>Stavovi strukovnih nastavnika i mentora o novoj generaciji u\u010denika srednjih strukovnih \u0161kola<\/em> (autori: Nensi Tomac, dr. sc. Dora Popovi\u0107, dr. sc. Mirta Bla\u017eev, dr. sc. Toni Babarovi\u0107) mentori i strukovni nastavnici odgovorili su na sljede\u0107a pitanja:<\/p>\n<p>\u2022 Tko je novi u\u010denik srednje strukovne \u0161kole?<br \/>\n\u2022 Kako je raditi s tim u\u010denicima?<br \/>\n\u2022 Koliko su u\u010denici nakon zavr\u0161ene srednje strukovne \u0161kole spremni za svijet rada?<\/p>\n<p>Dodatne informacije o projektu VETFIT nalaze se na dru\u0161tvenim mre\u017eama:<\/p>\n<p><strong>&#8211; Facebook:<\/strong> <a href=\"https:\/\/www.facebook.com\/profile.php?id=61556727957448\">https:\/\/www.facebook.com\/profile.php?id=61556727957448<\/a><br \/>\n<strong>&#8211; LinkedIn:<\/strong> <a href=\"https:\/\/www.linkedin.com\/company\/projekt-vetfit\/\">https:\/\/www.linkedin.com\/company\/projekt-vetfit\/<\/a><\/p>\n<blockquote><p><a href=\"https:\/\/www.vegaintro-projekti.com\/pilar-stari\/2024\/05\/projekt-vetfit-uskladenost-interesa-ucenika-i-strukovnih-srednjoskolskih-programa-mjerenje-pracenje-uzroci-i-posljedice-kongruencije-2\/\">Projekt VETFIT<\/a><\/p><\/blockquote>\n","protected":false},"excerpt":{"rendered":"<p>U Splitu je od 5. do 8. studenoga 2025. odr\u017eana 32. godi\u0161nja konferencija hrvatskih psihologa: Psihologija i psiholozi u kriznim vremenima: ja\u010danje otpornosti pojedinca, obitelji i zajednice na kojoj je asistentica Nensi Tomac iz projekta Uskla\u0111enost interesa u\u010denika i strukovnih srednjo\u0161kolskih programa: Mjerenje, pra\u0107enje, uzroci i posljedice kongruencije (VETFIT) predstavila istra\u017eivanje o stavovima strukovnih nastavnika&hellip; <a class=\"continue\" href=\"https:\/\/www.vegaintro-projekti.com\/pilar-stari\/2025\/11\/asistentica-nensi-tomac-predstavila-istrazivanje-projekta-vetfit-na-32-godisnjoj-konferenciji-hrvatskih-psihologa-split-5-8-11-2025\/\">Pro\u010ditaj vi\u0161e o<span> Asistentica Nensi Tomac predstavila istra\u017eivanje projekta VETFIT na 32. godi\u0161njoj konferenciji hrvatskih psihologa; Split, 5.-8. 11. 2025.<\/span><\/a><\/p>\n","protected":false},"author":7,"featured_media":36523,"comment_status":"closed","ping_status":"closed","sticky":false,"template":"","format":"standard","meta":{"inline_featured_image":false,"ngg_post_thumbnail":0,"footnotes":""},"categories":[48,11],"tags":[],"yoast_head":"<!-- This site is optimized with the Yoast SEO plugin v21.2 - https:\/\/yoast.com\/wordpress\/plugins\/seo\/ -->\n<title>Asistentica Nensi Tomac predstavila istra\u017eivanje projekta VETFIT na 32. godi\u0161njoj konferenciji hrvatskih psihologa; Split, 5.-8. 11. 2025. - Institut dru&scaron;tvenih znanosti Ivo Pilar<\/title>\n<meta name=\"robots\" content=\"noindex, follow, max-snippet:-1, max-image-preview:large, max-video-preview:-1\" \/>\n<meta property=\"og:locale\" content=\"hr_HR\" \/>\n<meta property=\"og:type\" content=\"article\" \/>\n<meta property=\"og:title\" content=\"Asistentica Nensi Tomac predstavila istra\u017eivanje projekta VETFIT na 32. godi\u0161njoj konferenciji hrvatskih psihologa; Split, 5.-8. 11. 2025. - Institut dru&scaron;tvenih znanosti Ivo Pilar\" \/>\n<meta property=\"og:description\" content=\"U Splitu je od 5. do 8. studenoga 2025. odr\u017eana 32. godi\u0161nja konferencija hrvatskih psihologa: Psihologija i psiholozi u kriznim vremenima: ja\u010danje otpornosti pojedinca, obitelji i zajednice na kojoj je asistentica Nensi Tomac iz projekta Uskla\u0111enost interesa u\u010denika i strukovnih srednjo\u0161kolskih programa: Mjerenje, pra\u0107enje, uzroci i posljedice kongruencije (VETFIT) predstavila istra\u017eivanje o stavovima strukovnih nastavnika&hellip; Pro\u010ditaj vi\u0161e o Asistentica Nensi Tomac predstavila istra\u017eivanje projekta VETFIT na 32. godi\u0161njoj konferenciji hrvatskih psihologa; Split, 5.-8. 11. 2025.\" \/>\n<meta property=\"og:url\" content=\"https:\/\/www.vegaintro-projekti.com\/pilar-stari\/2025\/11\/asistentica-nensi-tomac-predstavila-istrazivanje-projekta-vetfit-na-32-godisnjoj-konferenciji-hrvatskih-psihologa-split-5-8-11-2025\/\" \/>\n<meta property=\"og:site_name\" content=\"Institut dru&scaron;tvenih znanosti Ivo Pilar\" \/>\n<meta property=\"article:published_time\" content=\"2025-11-15T16:43:30+00:00\" \/>\n<meta property=\"article:modified_time\" content=\"2025-11-15T16:55:43+00:00\" \/>\n<meta property=\"og:image\" content=\"https:\/\/www.vegaintro-projekti.com\/pilar-stari\/wp-content\/uploads\/2025\/11\/IMG_2fi-2.jpg\" \/>\n\t<meta property=\"og:image:width\" content=\"499\" \/>\n\t<meta property=\"og:image:height\" content=\"221\" \/>\n\t<meta property=\"og:image:type\" content=\"image\/jpeg\" \/>\n<meta name=\"author\" content=\"Boris\" \/>\n<meta name=\"twitter:card\" content=\"summary_large_image\" \/>\n<meta name=\"twitter:label1\" content=\"Napisao\/la\" \/>\n\t<meta name=\"twitter:data1\" content=\"Boris\" \/>\n\t<meta name=\"twitter:label2\" content=\"Procijenjeno vrijeme \u010ditanja\" \/>\n\t<meta name=\"twitter:data2\" content=\"2 minute\" \/>\n<script type=\"application\/ld+json\" class=\"yoast-schema-graph\">{\"@context\":\"https:\/\/schema.org\",\"@graph\":[{\"@type\":\"WebPage\",\"@id\":\"https:\/\/www.vegaintro-projekti.com\/pilar-stari\/2025\/11\/asistentica-nensi-tomac-predstavila-istrazivanje-projekta-vetfit-na-32-godisnjoj-konferenciji-hrvatskih-psihologa-split-5-8-11-2025\/\",\"url\":\"https:\/\/www.vegaintro-projekti.com\/pilar-stari\/2025\/11\/asistentica-nensi-tomac-predstavila-istrazivanje-projekta-vetfit-na-32-godisnjoj-konferenciji-hrvatskih-psihologa-split-5-8-11-2025\/\",\"name\":\"Asistentica Nensi Tomac predstavila istra\u017eivanje projekta VETFIT na 32. godi\u0161njoj konferenciji hrvatskih psihologa; Split, 5.-8. 11. 2025. - Institut dru&scaron;tvenih znanosti Ivo Pilar\",\"isPartOf\":{\"@id\":\"https:\/\/www.vegaintro-projekti.com\/pilar-stari\/#website\"},\"datePublished\":\"2025-11-15T16:43:30+00:00\",\"dateModified\":\"2025-11-15T16:55:43+00:00\",\"author\":{\"@id\":\"https:\/\/www.vegaintro-projekti.com\/pilar-stari\/#\/schema\/person\/ddd404c9f1e15e4ffef5986ac6a5d28b\"},\"breadcrumb\":{\"@id\":\"https:\/\/www.vegaintro-projekti.com\/pilar-stari\/2025\/11\/asistentica-nensi-tomac-predstavila-istrazivanje-projekta-vetfit-na-32-godisnjoj-konferenciji-hrvatskih-psihologa-split-5-8-11-2025\/#breadcrumb\"},\"inLanguage\":\"hr\",\"potentialAction\":[{\"@type\":\"ReadAction\",\"target\":[\"https:\/\/www.vegaintro-projekti.com\/pilar-stari\/2025\/11\/asistentica-nensi-tomac-predstavila-istrazivanje-projekta-vetfit-na-32-godisnjoj-konferenciji-hrvatskih-psihologa-split-5-8-11-2025\/\"]}]},{\"@type\":\"BreadcrumbList\",\"@id\":\"https:\/\/www.vegaintro-projekti.com\/pilar-stari\/2025\/11\/asistentica-nensi-tomac-predstavila-istrazivanje-projekta-vetfit-na-32-godisnjoj-konferenciji-hrvatskih-psihologa-split-5-8-11-2025\/#breadcrumb\",\"itemListElement\":[{\"@type\":\"ListItem\",\"position\":1,\"name\":\"Home\",\"item\":\"https:\/\/www.vegaintro-projekti.com\/pilar-stari\/\"},{\"@type\":\"ListItem\",\"position\":2,\"name\":\"Asistentica Nensi Tomac predstavila istra\u017eivanje projekta VETFIT na 32. godi\u0161njoj konferenciji hrvatskih psihologa; Split, 5.-8. 11. 2025.\"}]},{\"@type\":\"WebSite\",\"@id\":\"https:\/\/www.vegaintro-projekti.com\/pilar-stari\/#website\",\"url\":\"https:\/\/www.vegaintro-projekti.com\/pilar-stari\/\",\"name\":\"Institut dru&scaron;tvenih znanosti Ivo Pilar\",\"description\":\"Pilar\",\"potentialAction\":[{\"@type\":\"SearchAction\",\"target\":{\"@type\":\"EntryPoint\",\"urlTemplate\":\"https:\/\/www.vegaintro-projekti.com\/pilar-stari\/?s={search_term_string}\"},\"query-input\":\"required name=search_term_string\"}],\"inLanguage\":\"hr\"},{\"@type\":\"Person\",\"@id\":\"https:\/\/www.vegaintro-projekti.com\/pilar-stari\/#\/schema\/person\/ddd404c9f1e15e4ffef5986ac6a5d28b\",\"name\":\"Boris\",\"image\":{\"@type\":\"ImageObject\",\"inLanguage\":\"hr\",\"@id\":\"https:\/\/www.vegaintro-projekti.com\/pilar-stari\/#\/schema\/person\/image\/\",\"url\":\"https:\/\/secure.gravatar.com\/avatar\/29557b161a6ce6ab86ac1503164f1e90?s=96&d=mm&r=g\",\"contentUrl\":\"https:\/\/secure.gravatar.com\/avatar\/29557b161a6ce6ab86ac1503164f1e90?s=96&d=mm&r=g\",\"caption\":\"Boris\"},\"url\":\"https:\/\/www.vegaintro-projekti.com\/pilar-stari\/author\/boris\/\"}]}<\/script>\n<!-- \/ Yoast SEO plugin. -->","yoast_head_json":{"title":"Asistentica Nensi Tomac predstavila istra\u017eivanje projekta VETFIT na 32. godi\u0161njoj konferenciji hrvatskih psihologa; Split, 5.-8. 11. 2025. - Institut dru&scaron;tvenih znanosti Ivo Pilar","robots":{"index":"noindex","follow":"follow","max-snippet":"max-snippet:-1","max-image-preview":"max-image-preview:large","max-video-preview":"max-video-preview:-1"},"og_locale":"hr_HR","og_type":"article","og_title":"Asistentica Nensi Tomac predstavila istra\u017eivanje projekta VETFIT na 32. godi\u0161njoj konferenciji hrvatskih psihologa; Split, 5.-8. 11. 2025. - Institut dru&scaron;tvenih znanosti Ivo Pilar","og_description":"U Splitu je od 5. do 8. studenoga 2025. odr\u017eana 32. godi\u0161nja konferencija hrvatskih psihologa: Psihologija i psiholozi u kriznim vremenima: ja\u010danje otpornosti pojedinca, obitelji i zajednice na kojoj je asistentica Nensi Tomac iz projekta Uskla\u0111enost interesa u\u010denika i strukovnih srednjo\u0161kolskih programa: Mjerenje, pra\u0107enje, uzroci i posljedice kongruencije (VETFIT) predstavila istra\u017eivanje o stavovima strukovnih nastavnika&hellip; Pro\u010ditaj vi\u0161e o Asistentica Nensi Tomac predstavila istra\u017eivanje projekta VETFIT na 32. godi\u0161njoj konferenciji hrvatskih psihologa; Split, 5.-8. 11. 2025.","og_url":"https:\/\/www.vegaintro-projekti.com\/pilar-stari\/2025\/11\/asistentica-nensi-tomac-predstavila-istrazivanje-projekta-vetfit-na-32-godisnjoj-konferenciji-hrvatskih-psihologa-split-5-8-11-2025\/","og_site_name":"Institut dru&scaron;tvenih znanosti Ivo Pilar","article_published_time":"2025-11-15T16:43:30+00:00","article_modified_time":"2025-11-15T16:55:43+00:00","og_image":[{"width":499,"height":221,"url":"https:\/\/www.vegaintro-projekti.com\/pilar-stari\/wp-content\/uploads\/2025\/11\/IMG_2fi-2.jpg","type":"image\/jpeg"}],"author":"Boris","twitter_card":"summary_large_image","twitter_misc":{"Napisao\/la":"Boris","Procijenjeno vrijeme \u010ditanja":"2 minute"},"schema":{"@context":"https:\/\/schema.org","@graph":[{"@type":"WebPage","@id":"https:\/\/www.vegaintro-projekti.com\/pilar-stari\/2025\/11\/asistentica-nensi-tomac-predstavila-istrazivanje-projekta-vetfit-na-32-godisnjoj-konferenciji-hrvatskih-psihologa-split-5-8-11-2025\/","url":"https:\/\/www.vegaintro-projekti.com\/pilar-stari\/2025\/11\/asistentica-nensi-tomac-predstavila-istrazivanje-projekta-vetfit-na-32-godisnjoj-konferenciji-hrvatskih-psihologa-split-5-8-11-2025\/","name":"Asistentica Nensi Tomac predstavila istra\u017eivanje projekta VETFIT na 32. godi\u0161njoj konferenciji hrvatskih psihologa; Split, 5.-8. 11. 2025. - Institut dru&scaron;tvenih znanosti Ivo Pilar","isPartOf":{"@id":"https:\/\/www.vegaintro-projekti.com\/pilar-stari\/#website"},"datePublished":"2025-11-15T16:43:30+00:00","dateModified":"2025-11-15T16:55:43+00:00","author":{"@id":"https:\/\/www.vegaintro-projekti.com\/pilar-stari\/#\/schema\/person\/ddd404c9f1e15e4ffef5986ac6a5d28b"},"breadcrumb":{"@id":"https:\/\/www.vegaintro-projekti.com\/pilar-stari\/2025\/11\/asistentica-nensi-tomac-predstavila-istrazivanje-projekta-vetfit-na-32-godisnjoj-konferenciji-hrvatskih-psihologa-split-5-8-11-2025\/#breadcrumb"},"inLanguage":"hr","potentialAction":[{"@type":"ReadAction","target":["https:\/\/www.vegaintro-projekti.com\/pilar-stari\/2025\/11\/asistentica-nensi-tomac-predstavila-istrazivanje-projekta-vetfit-na-32-godisnjoj-konferenciji-hrvatskih-psihologa-split-5-8-11-2025\/"]}]},{"@type":"BreadcrumbList","@id":"https:\/\/www.vegaintro-projekti.com\/pilar-stari\/2025\/11\/asistentica-nensi-tomac-predstavila-istrazivanje-projekta-vetfit-na-32-godisnjoj-konferenciji-hrvatskih-psihologa-split-5-8-11-2025\/#breadcrumb","itemListElement":[{"@type":"ListItem","position":1,"name":"Home","item":"https:\/\/www.vegaintro-projekti.com\/pilar-stari\/"},{"@type":"ListItem","position":2,"name":"Asistentica Nensi Tomac predstavila istra\u017eivanje projekta VETFIT na 32. godi\u0161njoj konferenciji hrvatskih psihologa; Split, 5.-8. 11. 2025."}]},{"@type":"WebSite","@id":"https:\/\/www.vegaintro-projekti.com\/pilar-stari\/#website","url":"https:\/\/www.vegaintro-projekti.com\/pilar-stari\/","name":"Institut dru&scaron;tvenih znanosti Ivo Pilar","description":"Pilar","potentialAction":[{"@type":"SearchAction","target":{"@type":"EntryPoint","urlTemplate":"https:\/\/www.vegaintro-projekti.com\/pilar-stari\/?s={search_term_string}"},"query-input":"required name=search_term_string"}],"inLanguage":"hr"},{"@type":"Person","@id":"https:\/\/www.vegaintro-projekti.com\/pilar-stari\/#\/schema\/person\/ddd404c9f1e15e4ffef5986ac6a5d28b","name":"Boris","image":{"@type":"ImageObject","inLanguage":"hr","@id":"https:\/\/www.vegaintro-projekti.com\/pilar-stari\/#\/schema\/person\/image\/","url":"https:\/\/secure.gravatar.com\/avatar\/29557b161a6ce6ab86ac1503164f1e90?s=96&d=mm&r=g","contentUrl":"https:\/\/secure.gravatar.com\/avatar\/29557b161a6ce6ab86ac1503164f1e90?s=96&d=mm&r=g","caption":"Boris"},"url":"https:\/\/www.vegaintro-projekti.com\/pilar-stari\/author\/boris\/"}]}},"_links":{"self":[{"href":"https:\/\/www.vegaintro-projekti.com\/pilar-stari\/wp-json\/wp\/v2\/posts\/36525"}],"collection":[{"href":"https:\/\/www.vegaintro-projekti.com\/pilar-stari\/wp-json\/wp\/v2\/posts"}],"about":[{"href":"https:\/\/www.vegaintro-projekti.com\/pilar-stari\/wp-json\/wp\/v2\/types\/post"}],"author":[{"embeddable":true,"href":"https:\/\/www.vegaintro-projekti.com\/pilar-stari\/wp-json\/wp\/v2\/users\/7"}],"replies":[{"embeddable":true,"href":"https:\/\/www.vegaintro-projekti.com\/pilar-stari\/wp-json\/wp\/v2\/comments?post=36525"}],"version-history":[{"count":4,"href":"https:\/\/www.vegaintro-projekti.com\/pilar-stari\/wp-json\/wp\/v2\/posts\/36525\/revisions"}],"predecessor-version":[{"id":36529,"href":"https:\/\/www.vegaintro-projekti.com\/pilar-stari\/wp-json\/wp\/v2\/posts\/36525\/revisions\/36529"}],"wp:featuredmedia":[{"embeddable":true,"href":"https:\/\/www.vegaintro-projekti.com\/pilar-stari\/wp-json\/wp\/v2\/media\/36523"}],"wp:attachment":[{"href":"https:\/\/www.vegaintro-projekti.com\/pilar-stari\/wp-json\/wp\/v2\/media?parent=36525"}],"wp:term":[{"taxonomy":"category","embeddable":true,"href":"https:\/\/www.vegaintro-projekti.com\/pilar-stari\/wp-json\/wp\/v2\/categories?post=36525"},{"taxonomy":"post_tag","embeddable":true,"href":"https:\/\/www.vegaintro-projekti.com\/pilar-stari\/wp-json\/wp\/v2\/tags?post=36525"}],"curies":[{"name":"wp","href":"https:\/\/api.w.org\/{rel}","templated":true}]}}