{"id":36793,"date":"2025-11-30T20:26:38","date_gmt":"2025-11-30T20:26:38","guid":{"rendered":"https:\/\/www.vegaintro-projekti.com\/pilar-stari\/?p=36793"},"modified":"2025-11-30T20:50:17","modified_gmt":"2025-11-30T20:50:17","slug":"sudjelovanje-asistentice-iva-zunic-na-ljetnoj-skoli-i-radionicama-u-2025-godini","status":"publish","type":"post","link":"https:\/\/www.vegaintro-projekti.com\/pilar-stari\/2025\/11\/sudjelovanje-asistentice-iva-zunic-na-ljetnoj-skoli-i-radionicama-u-2025-godini\/","title":{"rendered":"Sudjelovanje asistentice Ive \u017duni\u0107 na ljetnoj \u0161koli i radionicama u 2025. godini"},"content":{"rendered":"<p><strong>Asistentica Iva \u017duni\u0107, suradnica na projektu Promjene rodnih odnosa u Hrvatskoj (NextGenderHR), boravila je od 18. do 22. kolovoza 2025. godine na Universit\u00e0 della Svizzera italiana u sklopu ljetne metodolo\u0161ke \u0161kole (Summer School in Social Sciences Methods), gdje je poha\u0111ala radionicu kreiranja grupa iz podataka, odnosno klasterske analize i analize latentnih klasa (LCA)<\/strong><\/p>\n<div class=\"wp-block-image\">\n<p><img decoding=\"async\" loading=\"lazy\" class=\"alignnone wp-image-36792 size-full\" src=\"https:\/\/www.vegaintro-projekti.com\/pilar-stari\/wp-content\/uploads\/2025\/11\/IMG_logo2.jpg\" alt=\"i1\" width=\"620\" height=\"127\" srcset=\"https:\/\/www.vegaintro-projekti.com\/pilar-stari\/wp-content\/uploads\/2025\/11\/IMG_logo2.jpg 620w, https:\/\/www.vegaintro-projekti.com\/pilar-stari\/wp-content\/uploads\/2025\/11\/IMG_logo2-300x61.jpg 300w\" sizes=\"(max-width: 620px) 100vw, 620px\" \/><img decoding=\"async\" loading=\"lazy\" class=\"alignnone wp-image-36788 size-full\" src=\"https:\/\/www.vegaintro-projekti.com\/pilar-stari\/wp-content\/uploads\/2025\/11\/IMG_1s-13.jpg\" alt=\"i2\" width=\"620\" height=\"371\" srcset=\"https:\/\/www.vegaintro-projekti.com\/pilar-stari\/wp-content\/uploads\/2025\/11\/IMG_1s-13.jpg 620w, https:\/\/www.vegaintro-projekti.com\/pilar-stari\/wp-content\/uploads\/2025\/11\/IMG_1s-13-300x180.jpg 300w\" sizes=\"(max-width: 620px) 100vw, 620px\" \/><\/p>\n<\/div>\n<p><strong>U sklopu radionice<\/strong> asistentica \u017duni\u0107 odr\u017eala je je usmeno izlaganje pod naslovom \u201ePrimjena analize latentnih klasa: podjela ku\u0107anskog rada u Hrvatskoj\u201c (Application of Latent Class Analysis: Division of household labour in Croatia), koje je potaknulo sudionike i predava\u010de na interaktivnu raspravu. Program radionice mo\u017ee se vidjeti na:<\/p>\n<p>&#8211; <a href=\"https:\/\/www.usi.ch\/en\/education\/lifelong-learning\/summer-winter-school\/ssm\/creating-groups-from-data\">https:\/\/www.usi.ch\/en\/education\/lifelong-learning\/summer-winter-school\/ssm\/creating-groups-from-data<\/a><\/p>\n<p><strong>Kao pripremu za radionicu<\/strong> zavr\u0161ila je online radionice odr\u017eane 3. kolovoza 2025. (Introduction to R\u2013 Data Camp) te 7. \u2013 8. kolovoza 2025. (Introduction to R and Rstudio).<\/p>\n<p><strong>Asistentica \u017duni\u0107 tako\u0111er<\/strong> je videokonferencijski sudjelovala na me\u0111unarodnoj radionici \u201eDru\u0161tvene klase i globalizacija: dru\u0161tveni, simboli\u010dki i geografski prostori u svijetu u tranziciji\u201c (Social classes under globalization: social, symbolic and geographic spaces in a world in transition), odr\u017eanoj 16. \u2013 17. listopada 2025. na \u00c9cole normale sup\u00e9rieure Paris-Saclay.<\/p>\n<div class=\"wp-block-image\">\n<p><img decoding=\"async\" loading=\"lazy\" class=\"alignnone wp-image-36791 size-full\" src=\"https:\/\/www.vegaintro-projekti.com\/pilar-stari\/wp-content\/uploads\/2025\/11\/IMG_logo1.jpg\" alt=\"i3\" width=\"620\" height=\"152\" srcset=\"https:\/\/www.vegaintro-projekti.com\/pilar-stari\/wp-content\/uploads\/2025\/11\/IMG_logo1.jpg 620w, https:\/\/www.vegaintro-projekti.com\/pilar-stari\/wp-content\/uploads\/2025\/11\/IMG_logo1-300x74.jpg 300w\" sizes=\"(max-width: 620px) 100vw, 620px\" \/><img decoding=\"async\" loading=\"lazy\" class=\"alignnone wp-image-36790 size-full\" src=\"https:\/\/www.vegaintro-projekti.com\/pilar-stari\/wp-content\/uploads\/2025\/11\/IMG_2s-13.jpg\" alt=\"i4\" width=\"620\" height=\"361\" srcset=\"https:\/\/www.vegaintro-projekti.com\/pilar-stari\/wp-content\/uploads\/2025\/11\/IMG_2s-13.jpg 620w, https:\/\/www.vegaintro-projekti.com\/pilar-stari\/wp-content\/uploads\/2025\/11\/IMG_2s-13-300x175.jpg 300w\" sizes=\"(max-width: 620px) 100vw, 620px\" \/><\/p>\n<\/div>\n<p><span style=\"font-size: 14pt;\">Assistant Iva \u017duni\u0107\u2019s summer school and workshop participation in 2025<\/span><\/p>\n<p><strong><em>Assistant Iva \u017duni\u0107, researcher on the project \u201cChanges in Gender Relations in Croatia\u201d (NextGenderHR), attended the Summer School in Social Science Methods at the Universit\u00e0 della Svizzera italiana (18\u201322 August 2025). She participated in the workshop \u201cCreating Groups from Data\u201d, where she presented her work \u201cApplication of latent class analysis: Division of household labour in Croatia\u201d<\/em><\/strong><\/p>\n<p><em>Her presentation was followed by a lively discussion among participants and instructors. More information on the workshop is available here:<\/em><\/p>\n<p>&#8211; <a href=\"https:\/\/www.usi.ch\/en\/education\/lifelong-learning\/summer-winter-school\/ssm\/creating-groups-from-data\">https:\/\/www.usi.ch\/en\/education\/lifelong-learning\/summer-winter-school\/ssm\/creating-groups-from-data<\/a><\/p>\n<p><em>As preparation for this workshop, \u017duni\u0107 completed two online courses: Introduction to R (DataCamp, 3 August 2025) and Introduction to R and RStudio (Summer School in Social Science Methods, 7\u20138 August 2025). She also participated online in the international workshop Social Classes under Globalization: Social, Symbolic and Geographic Spaces in a World in Transition, held at \u00c9cole normale sup\u00e9rieure Paris-Saclay from 16\u201317 October 2025.<\/em><\/p>\n<blockquote><p><a href=\"https:\/\/www.vegaintro-projekti.com\/pilar-stari\/2024\/04\/projekt-nextgenderhr-promjene-rodnih-odnosa-u-hrvatskoj\/\">Projekt NEXTGENDERHR<\/a><\/p>\n<p><a href=\"https:\/\/www.vegaintro-projekti.com\/pilar-stari\/2010\/07\/podruni-centar-split-2\/\">Podru\u010dni centar Split<\/a><\/p><\/blockquote>\n","protected":false},"excerpt":{"rendered":"<p>Asistentica Iva \u017duni\u0107, suradnica na projektu Promjene rodnih odnosa u Hrvatskoj (NextGenderHR), boravila je od 18. do 22. kolovoza 2025. godine na Universit\u00e0 della Svizzera italiana u sklopu ljetne metodolo\u0161ke \u0161kole (Summer School in Social Sciences Methods), gdje je poha\u0111ala radionicu kreiranja grupa iz podataka, odnosno klasterske analize i analize latentnih klasa (LCA) U sklopu&hellip; <a class=\"continue\" href=\"https:\/\/www.vegaintro-projekti.com\/pilar-stari\/2025\/11\/sudjelovanje-asistentice-iva-zunic-na-ljetnoj-skoli-i-radionicama-u-2025-godini\/\">Pro\u010ditaj vi\u0161e o<span> Sudjelovanje asistentice Ive \u017duni\u0107 na ljetnoj \u0161koli i radionicama u 2025. godini<\/span><\/a><\/p>\n","protected":false},"author":7,"featured_media":36788,"comment_status":"closed","ping_status":"closed","sticky":false,"template":"","format":"standard","meta":{"inline_featured_image":false,"ngg_post_thumbnail":0,"footnotes":""},"categories":[29],"tags":[],"yoast_head":"<!-- This site is optimized with the Yoast SEO plugin v21.2 - https:\/\/yoast.com\/wordpress\/plugins\/seo\/ -->\n<title>Sudjelovanje asistentice Ive \u017duni\u0107 na ljetnoj \u0161koli i radionicama u 2025. godini - Institut dru&scaron;tvenih znanosti Ivo Pilar<\/title>\n<meta name=\"robots\" content=\"noindex, follow, max-snippet:-1, max-image-preview:large, max-video-preview:-1\" \/>\n<meta property=\"og:locale\" content=\"hr_HR\" \/>\n<meta property=\"og:type\" content=\"article\" \/>\n<meta property=\"og:title\" content=\"Sudjelovanje asistentice Ive \u017duni\u0107 na ljetnoj \u0161koli i radionicama u 2025. godini - Institut dru&scaron;tvenih znanosti Ivo Pilar\" \/>\n<meta property=\"og:description\" content=\"Asistentica Iva \u017duni\u0107, suradnica na projektu Promjene rodnih odnosa u Hrvatskoj (NextGenderHR), boravila je od 18. do 22. kolovoza 2025. godine na Universit\u00e0 della Svizzera italiana u sklopu ljetne metodolo\u0161ke \u0161kole (Summer School in Social Sciences Methods), gdje je poha\u0111ala radionicu kreiranja grupa iz podataka, odnosno klasterske analize i analize latentnih klasa (LCA) U sklopu&hellip; Pro\u010ditaj vi\u0161e o Sudjelovanje asistentice Ive \u017duni\u0107 na ljetnoj \u0161koli i radionicama u 2025. godini\" \/>\n<meta property=\"og:url\" content=\"https:\/\/www.vegaintro-projekti.com\/pilar-stari\/2025\/11\/sudjelovanje-asistentice-iva-zunic-na-ljetnoj-skoli-i-radionicama-u-2025-godini\/\" \/>\n<meta property=\"og:site_name\" content=\"Institut dru&scaron;tvenih znanosti Ivo Pilar\" \/>\n<meta property=\"article:published_time\" content=\"2025-11-30T20:26:38+00:00\" \/>\n<meta property=\"article:modified_time\" content=\"2025-11-30T20:50:17+00:00\" \/>\n<meta property=\"og:image\" content=\"https:\/\/www.vegaintro-projekti.com\/pilar-stari\/wp-content\/uploads\/2025\/11\/IMG_1s-13.jpg\" \/>\n\t<meta property=\"og:image:width\" content=\"620\" \/>\n\t<meta property=\"og:image:height\" content=\"371\" \/>\n\t<meta property=\"og:image:type\" content=\"image\/jpeg\" \/>\n<meta name=\"author\" content=\"Boris\" \/>\n<meta name=\"twitter:card\" content=\"summary_large_image\" \/>\n<meta name=\"twitter:label1\" content=\"Napisao\/la\" \/>\n\t<meta name=\"twitter:data1\" content=\"Boris\" \/>\n\t<meta name=\"twitter:label2\" content=\"Procijenjeno vrijeme \u010ditanja\" \/>\n\t<meta name=\"twitter:data2\" content=\"3 minute\" \/>\n<script type=\"application\/ld+json\" class=\"yoast-schema-graph\">{\"@context\":\"https:\/\/schema.org\",\"@graph\":[{\"@type\":\"WebPage\",\"@id\":\"https:\/\/www.vegaintro-projekti.com\/pilar-stari\/2025\/11\/sudjelovanje-asistentice-iva-zunic-na-ljetnoj-skoli-i-radionicama-u-2025-godini\/\",\"url\":\"https:\/\/www.vegaintro-projekti.com\/pilar-stari\/2025\/11\/sudjelovanje-asistentice-iva-zunic-na-ljetnoj-skoli-i-radionicama-u-2025-godini\/\",\"name\":\"Sudjelovanje asistentice Ive \u017duni\u0107 na ljetnoj \u0161koli i radionicama u 2025. godini - Institut dru&scaron;tvenih znanosti Ivo Pilar\",\"isPartOf\":{\"@id\":\"https:\/\/www.vegaintro-projekti.com\/pilar-stari\/#website\"},\"datePublished\":\"2025-11-30T20:26:38+00:00\",\"dateModified\":\"2025-11-30T20:50:17+00:00\",\"author\":{\"@id\":\"https:\/\/www.vegaintro-projekti.com\/pilar-stari\/#\/schema\/person\/ddd404c9f1e15e4ffef5986ac6a5d28b\"},\"breadcrumb\":{\"@id\":\"https:\/\/www.vegaintro-projekti.com\/pilar-stari\/2025\/11\/sudjelovanje-asistentice-iva-zunic-na-ljetnoj-skoli-i-radionicama-u-2025-godini\/#breadcrumb\"},\"inLanguage\":\"hr\",\"potentialAction\":[{\"@type\":\"ReadAction\",\"target\":[\"https:\/\/www.vegaintro-projekti.com\/pilar-stari\/2025\/11\/sudjelovanje-asistentice-iva-zunic-na-ljetnoj-skoli-i-radionicama-u-2025-godini\/\"]}]},{\"@type\":\"BreadcrumbList\",\"@id\":\"https:\/\/www.vegaintro-projekti.com\/pilar-stari\/2025\/11\/sudjelovanje-asistentice-iva-zunic-na-ljetnoj-skoli-i-radionicama-u-2025-godini\/#breadcrumb\",\"itemListElement\":[{\"@type\":\"ListItem\",\"position\":1,\"name\":\"Home\",\"item\":\"https:\/\/www.vegaintro-projekti.com\/pilar-stari\/\"},{\"@type\":\"ListItem\",\"position\":2,\"name\":\"Sudjelovanje asistentice Ive \u017duni\u0107 na ljetnoj \u0161koli i radionicama u 2025. godini\"}]},{\"@type\":\"WebSite\",\"@id\":\"https:\/\/www.vegaintro-projekti.com\/pilar-stari\/#website\",\"url\":\"https:\/\/www.vegaintro-projekti.com\/pilar-stari\/\",\"name\":\"Institut dru&scaron;tvenih znanosti Ivo Pilar\",\"description\":\"Pilar\",\"potentialAction\":[{\"@type\":\"SearchAction\",\"target\":{\"@type\":\"EntryPoint\",\"urlTemplate\":\"https:\/\/www.vegaintro-projekti.com\/pilar-stari\/?s={search_term_string}\"},\"query-input\":\"required name=search_term_string\"}],\"inLanguage\":\"hr\"},{\"@type\":\"Person\",\"@id\":\"https:\/\/www.vegaintro-projekti.com\/pilar-stari\/#\/schema\/person\/ddd404c9f1e15e4ffef5986ac6a5d28b\",\"name\":\"Boris\",\"image\":{\"@type\":\"ImageObject\",\"inLanguage\":\"hr\",\"@id\":\"https:\/\/www.vegaintro-projekti.com\/pilar-stari\/#\/schema\/person\/image\/\",\"url\":\"https:\/\/secure.gravatar.com\/avatar\/29557b161a6ce6ab86ac1503164f1e90?s=96&d=mm&r=g\",\"contentUrl\":\"https:\/\/secure.gravatar.com\/avatar\/29557b161a6ce6ab86ac1503164f1e90?s=96&d=mm&r=g\",\"caption\":\"Boris\"},\"url\":\"https:\/\/www.vegaintro-projekti.com\/pilar-stari\/author\/boris\/\"}]}<\/script>\n<!-- \/ Yoast SEO plugin. -->","yoast_head_json":{"title":"Sudjelovanje asistentice Ive \u017duni\u0107 na ljetnoj \u0161koli i radionicama u 2025. godini - Institut dru&scaron;tvenih znanosti Ivo Pilar","robots":{"index":"noindex","follow":"follow","max-snippet":"max-snippet:-1","max-image-preview":"max-image-preview:large","max-video-preview":"max-video-preview:-1"},"og_locale":"hr_HR","og_type":"article","og_title":"Sudjelovanje asistentice Ive \u017duni\u0107 na ljetnoj \u0161koli i radionicama u 2025. godini - Institut dru&scaron;tvenih znanosti Ivo Pilar","og_description":"Asistentica Iva \u017duni\u0107, suradnica na projektu Promjene rodnih odnosa u Hrvatskoj (NextGenderHR), boravila je od 18. do 22. kolovoza 2025. godine na Universit\u00e0 della Svizzera italiana u sklopu ljetne metodolo\u0161ke \u0161kole (Summer School in Social Sciences Methods), gdje je poha\u0111ala radionicu kreiranja grupa iz podataka, odnosno klasterske analize i analize latentnih klasa (LCA) U sklopu&hellip; Pro\u010ditaj vi\u0161e o Sudjelovanje asistentice Ive \u017duni\u0107 na ljetnoj \u0161koli i radionicama u 2025. godini","og_url":"https:\/\/www.vegaintro-projekti.com\/pilar-stari\/2025\/11\/sudjelovanje-asistentice-iva-zunic-na-ljetnoj-skoli-i-radionicama-u-2025-godini\/","og_site_name":"Institut dru&scaron;tvenih znanosti Ivo Pilar","article_published_time":"2025-11-30T20:26:38+00:00","article_modified_time":"2025-11-30T20:50:17+00:00","og_image":[{"width":620,"height":371,"url":"https:\/\/www.vegaintro-projekti.com\/pilar-stari\/wp-content\/uploads\/2025\/11\/IMG_1s-13.jpg","type":"image\/jpeg"}],"author":"Boris","twitter_card":"summary_large_image","twitter_misc":{"Napisao\/la":"Boris","Procijenjeno vrijeme \u010ditanja":"3 minute"},"schema":{"@context":"https:\/\/schema.org","@graph":[{"@type":"WebPage","@id":"https:\/\/www.vegaintro-projekti.com\/pilar-stari\/2025\/11\/sudjelovanje-asistentice-iva-zunic-na-ljetnoj-skoli-i-radionicama-u-2025-godini\/","url":"https:\/\/www.vegaintro-projekti.com\/pilar-stari\/2025\/11\/sudjelovanje-asistentice-iva-zunic-na-ljetnoj-skoli-i-radionicama-u-2025-godini\/","name":"Sudjelovanje asistentice Ive \u017duni\u0107 na ljetnoj \u0161koli i radionicama u 2025. godini - Institut dru&scaron;tvenih znanosti Ivo Pilar","isPartOf":{"@id":"https:\/\/www.vegaintro-projekti.com\/pilar-stari\/#website"},"datePublished":"2025-11-30T20:26:38+00:00","dateModified":"2025-11-30T20:50:17+00:00","author":{"@id":"https:\/\/www.vegaintro-projekti.com\/pilar-stari\/#\/schema\/person\/ddd404c9f1e15e4ffef5986ac6a5d28b"},"breadcrumb":{"@id":"https:\/\/www.vegaintro-projekti.com\/pilar-stari\/2025\/11\/sudjelovanje-asistentice-iva-zunic-na-ljetnoj-skoli-i-radionicama-u-2025-godini\/#breadcrumb"},"inLanguage":"hr","potentialAction":[{"@type":"ReadAction","target":["https:\/\/www.vegaintro-projekti.com\/pilar-stari\/2025\/11\/sudjelovanje-asistentice-iva-zunic-na-ljetnoj-skoli-i-radionicama-u-2025-godini\/"]}]},{"@type":"BreadcrumbList","@id":"https:\/\/www.vegaintro-projekti.com\/pilar-stari\/2025\/11\/sudjelovanje-asistentice-iva-zunic-na-ljetnoj-skoli-i-radionicama-u-2025-godini\/#breadcrumb","itemListElement":[{"@type":"ListItem","position":1,"name":"Home","item":"https:\/\/www.vegaintro-projekti.com\/pilar-stari\/"},{"@type":"ListItem","position":2,"name":"Sudjelovanje asistentice Ive \u017duni\u0107 na ljetnoj \u0161koli i radionicama u 2025. godini"}]},{"@type":"WebSite","@id":"https:\/\/www.vegaintro-projekti.com\/pilar-stari\/#website","url":"https:\/\/www.vegaintro-projekti.com\/pilar-stari\/","name":"Institut dru&scaron;tvenih znanosti Ivo Pilar","description":"Pilar","potentialAction":[{"@type":"SearchAction","target":{"@type":"EntryPoint","urlTemplate":"https:\/\/www.vegaintro-projekti.com\/pilar-stari\/?s={search_term_string}"},"query-input":"required name=search_term_string"}],"inLanguage":"hr"},{"@type":"Person","@id":"https:\/\/www.vegaintro-projekti.com\/pilar-stari\/#\/schema\/person\/ddd404c9f1e15e4ffef5986ac6a5d28b","name":"Boris","image":{"@type":"ImageObject","inLanguage":"hr","@id":"https:\/\/www.vegaintro-projekti.com\/pilar-stari\/#\/schema\/person\/image\/","url":"https:\/\/secure.gravatar.com\/avatar\/29557b161a6ce6ab86ac1503164f1e90?s=96&d=mm&r=g","contentUrl":"https:\/\/secure.gravatar.com\/avatar\/29557b161a6ce6ab86ac1503164f1e90?s=96&d=mm&r=g","caption":"Boris"},"url":"https:\/\/www.vegaintro-projekti.com\/pilar-stari\/author\/boris\/"}]}},"_links":{"self":[{"href":"https:\/\/www.vegaintro-projekti.com\/pilar-stari\/wp-json\/wp\/v2\/posts\/36793"}],"collection":[{"href":"https:\/\/www.vegaintro-projekti.com\/pilar-stari\/wp-json\/wp\/v2\/posts"}],"about":[{"href":"https:\/\/www.vegaintro-projekti.com\/pilar-stari\/wp-json\/wp\/v2\/types\/post"}],"author":[{"embeddable":true,"href":"https:\/\/www.vegaintro-projekti.com\/pilar-stari\/wp-json\/wp\/v2\/users\/7"}],"replies":[{"embeddable":true,"href":"https:\/\/www.vegaintro-projekti.com\/pilar-stari\/wp-json\/wp\/v2\/comments?post=36793"}],"version-history":[{"count":5,"href":"https:\/\/www.vegaintro-projekti.com\/pilar-stari\/wp-json\/wp\/v2\/posts\/36793\/revisions"}],"predecessor-version":[{"id":36800,"href":"https:\/\/www.vegaintro-projekti.com\/pilar-stari\/wp-json\/wp\/v2\/posts\/36793\/revisions\/36800"}],"wp:featuredmedia":[{"embeddable":true,"href":"https:\/\/www.vegaintro-projekti.com\/pilar-stari\/wp-json\/wp\/v2\/media\/36788"}],"wp:attachment":[{"href":"https:\/\/www.vegaintro-projekti.com\/pilar-stari\/wp-json\/wp\/v2\/media?parent=36793"}],"wp:term":[{"taxonomy":"category","embeddable":true,"href":"https:\/\/www.vegaintro-projekti.com\/pilar-stari\/wp-json\/wp\/v2\/categories?post=36793"},{"taxonomy":"post_tag","embeddable":true,"href":"https:\/\/www.vegaintro-projekti.com\/pilar-stari\/wp-json\/wp\/v2\/tags?post=36793"}],"curies":[{"name":"wp","href":"https:\/\/api.w.org\/{rel}","templated":true}]}}