{"id":36922,"date":"2025-12-05T14:20:11","date_gmt":"2025-12-05T14:20:11","guid":{"rendered":"https:\/\/www.vegaintro-projekti.com\/pilar-stari\/?p=36922"},"modified":"2025-12-05T14:22:14","modified_gmt":"2025-12-05T14:22:14","slug":"dr-sc-ines-sucic-na-strucnom-skupu-dan-psihickog-zdravlja-u-zatvorskom-sustavu-i-probaciji-zagreb-27-11-2025","status":"publish","type":"post","link":"https:\/\/www.vegaintro-projekti.com\/pilar-stari\/2025\/12\/dr-sc-ines-sucic-na-strucnom-skupu-dan-psihickog-zdravlja-u-zatvorskom-sustavu-i-probaciji-zagreb-27-11-2025\/","title":{"rendered":"Dr. sc. Ines Su\u010di\u0107 na stru\u010dnom skupu Dan psihi\u010dkog zdravlja u zatvorskom sustavu i probaciji; Zagreb, 27. 11. 2025."},"content":{"rendered":"<p><strong>U povodu obilje\u017eavanja Dana psihi\u010dkog zdravlja u zatvorskom sustavu i probaciji u Ministarstvu pravosu\u0111a, uprave i digitalne transformacije u Zagrebu odr\u017ean je 27. studenoga 2025. stru\u010dni skup u organizaciji Odjela za psiholo\u0161ku potporu slu\u017ebenicima zatvorskog sustava i probacije Uprave za zatvorski sustav i probaciju<\/strong><\/p>\n<div class=\"wp-block-image\">\n<p><a href=\"https:\/\/www.vegaintro-projekti.com\/pilar-stari\/wp-content\/uploads\/2025\/12\/IMG_1-2.jpg\"><img decoding=\"async\" loading=\"lazy\" class=\"alignnone wp-image-36918 size-full\" src=\"https:\/\/www.vegaintro-projekti.com\/pilar-stari\/wp-content\/uploads\/2025\/12\/IMG_1-2.jpg\" alt=\"i1\" width=\"620\" height=\"340\" srcset=\"https:\/\/www.vegaintro-projekti.com\/pilar-stari\/wp-content\/uploads\/2025\/12\/IMG_1-2.jpg 620w, https:\/\/www.vegaintro-projekti.com\/pilar-stari\/wp-content\/uploads\/2025\/12\/IMG_1-2-300x165.jpg 300w\" sizes=\"(max-width: 620px) 100vw, 620px\" \/><\/a><a href=\"https:\/\/www.vegaintro-projekti.com\/pilar-stari\/wp-content\/uploads\/2025\/12\/IMG_3-2-e1764944286577.jpg\"><img decoding=\"async\" loading=\"lazy\" class=\"alignnone wp-image-36920 size-full\" src=\"https:\/\/www.vegaintro-projekti.com\/pilar-stari\/wp-content\/uploads\/2025\/12\/IMG_3-2-e1764944286577.jpg\" alt=\"i2\" width=\"620\" height=\"329\"><\/a><\/p>\n<\/div>\n<p><strong><span style=\"font-size: 8pt;\">Foto: Ministarstvo pravosu\u0111a, uprave i digitalne transformacije RH<\/span><\/strong><\/p>\n<p><strong>Stru\u010dni skup<\/strong> okupio je stru\u010dnjake aktivne u promicanju za\u0161tite psihi\u010dkog zdravlja, a moderirao ga je Zoran \u0160imi\u0107, voditelj Odjela za psiholo\u0161ku potporu slu\u017ebenicima zatvorskog sustava i probacije. Sudionicima su se obratili dr\u017eavna tajnica Vedrana \u0160imund\u017ea Nikoli\u0107, a izlagali su dr. sc. Ines Su\u010di\u0107, znanstvena savjetnica Instituta Pilar, Sini\u0161a Brlas, specijalist klini\u010dke psihologije, Zavod za javno zdravstvo &#8220;Sveti Rok&#8221; Viroviti\u010dko-podravske \u017eupanije, Jasminka Bertovi\u0107, voditeljica Slu\u017ebe za sustav besplatne pravne pomo\u0107i, Ministarstvo pravosu\u0111a, uprave i digitalne transformacije, Ksenija Bauer, vi\u0161a savjetnica, Ured pu\u010dke pravobraniteljice te Iva Prskalo, vi\u0161a savjetnica, Odjel za psiholo\u0161ku potporu slu\u017ebenicima zatvorskog sustava i probacije.<\/p>\n<p><a href=\"https:\/\/www.vegaintro-projekti.com\/pilar-stari\/wp-content\/uploads\/2025\/12\/IMG_2-2.jpg\"><img decoding=\"async\" loading=\"lazy\" class=\"alignnone wp-image-36919 size-full\" src=\"https:\/\/www.vegaintro-projekti.com\/pilar-stari\/wp-content\/uploads\/2025\/12\/IMG_2-2.jpg\" alt=\"i3\" width=\"620\" height=\"323\" srcset=\"https:\/\/www.vegaintro-projekti.com\/pilar-stari\/wp-content\/uploads\/2025\/12\/IMG_2-2.jpg 620w, https:\/\/www.vegaintro-projekti.com\/pilar-stari\/wp-content\/uploads\/2025\/12\/IMG_2-2-300x156.jpg 300w\" sizes=\"(max-width: 620px) 100vw, 620px\" \/><\/a><\/p>\n<p><strong>Dr. sc. Ines Su\u010di\u0107<\/strong>, voditeljica istra\u017eiva\u010dkog projekta PRISCLIM: Psihosocijalna klima i individualne karakteristike zatvorenika i slu\u017ebenika u kaznenim tijelima Republike Hrvatske: multimetodski pristup, govorila je o razini stresa i sagorijevanja na poslu kod slu\u017ebenika kaznenih tijela te njihovoj potrebi za psiholo\u0161kom pomo\u0107i, preferiranim oblicima psiholo\u0161ke pomo\u0107i te upoznatosti s mogu\u0107nostima koje su im dostupne unutar zatvorskog sustava. Istaknuta je va\u017enost podizanja svijesti o dostupnosti psiholo\u0161ke podr\u0161ke slu\u017ebenicima u kaznenim tijelima te promicanja podr\u0161ke slu\u017ebenicima u iskazivanju potrebe i realizaciji pru\u017eanja psiholo\u0161ke pomo\u0107i i potpore.<\/p>\n<p><strong>\u2013 Iz medija:<\/strong> <a href=\"https:\/\/mpudt.gov.hr\/vijesti-8\/treci-put-zaredom-obiljezen-dan-psihickog-zdravlja-u-zatvorskom-sustavu-i-probaciji\/30520\">https:\/\/mpudt.gov.hr\/vijesti-8\/treci-put-zaredom-obiljezen-dan-psihickog-zdravlja-u-zatvorskom-sustavu-i-probaciji\/30520<\/a><\/p>\n<blockquote><p><a href=\"https:\/\/www.vegaintro-projekti.com\/pilar-stari\/2024\/05\/projekt-prisclim-psihosocijalna-klima-i-individualne-karakteristike-zatvorenika-i-sluzbenika-u-kaznenim-tijelima-republike-hrvatske-multimetodski-pristup\/\">Projekt PRISCLIM<\/a><\/p><\/blockquote>\n","protected":false},"excerpt":{"rendered":"<p>U povodu obilje\u017eavanja Dana psihi\u010dkog zdravlja u zatvorskom sustavu i probaciji u Ministarstvu pravosu\u0111a, uprave i digitalne transformacije u Zagrebu odr\u017ean je 27. studenoga 2025. stru\u010dni skup u organizaciji Odjela za psiholo\u0161ku potporu slu\u017ebenicima zatvorskog sustava i probacije Uprave za zatvorski sustav i probaciju Foto: Ministarstvo pravosu\u0111a, uprave i digitalne transformacije RH Stru\u010dni skup okupio&hellip; <a class=\"continue\" href=\"https:\/\/www.vegaintro-projekti.com\/pilar-stari\/2025\/12\/dr-sc-ines-sucic-na-strucnom-skupu-dan-psihickog-zdravlja-u-zatvorskom-sustavu-i-probaciji-zagreb-27-11-2025\/\">Pro\u010ditaj vi\u0161e o<span> Dr. sc. Ines Su\u010di\u0107 na stru\u010dnom skupu Dan psihi\u010dkog zdravlja u zatvorskom sustavu i probaciji; Zagreb, 27. 11. 2025.<\/span><\/a><\/p>\n","protected":false},"author":7,"featured_media":36921,"comment_status":"closed","ping_status":"closed","sticky":false,"template":"","format":"standard","meta":{"inline_featured_image":false,"ngg_post_thumbnail":0,"footnotes":""},"categories":[48,11],"tags":[],"yoast_head":"<!-- This site is optimized with the Yoast SEO plugin v21.2 - https:\/\/yoast.com\/wordpress\/plugins\/seo\/ -->\n<title>Dr. sc. Ines Su\u010di\u0107 na stru\u010dnom skupu Dan psihi\u010dkog zdravlja u zatvorskom sustavu i probaciji; Zagreb, 27. 11. 2025. - Institut dru&scaron;tvenih znanosti Ivo Pilar<\/title>\n<meta name=\"robots\" content=\"noindex, follow, max-snippet:-1, max-image-preview:large, max-video-preview:-1\" \/>\n<meta property=\"og:locale\" content=\"hr_HR\" \/>\n<meta property=\"og:type\" content=\"article\" \/>\n<meta property=\"og:title\" content=\"Dr. sc. Ines Su\u010di\u0107 na stru\u010dnom skupu Dan psihi\u010dkog zdravlja u zatvorskom sustavu i probaciji; Zagreb, 27. 11. 2025. - Institut dru&scaron;tvenih znanosti Ivo Pilar\" \/>\n<meta property=\"og:description\" content=\"U povodu obilje\u017eavanja Dana psihi\u010dkog zdravlja u zatvorskom sustavu i probaciji u Ministarstvu pravosu\u0111a, uprave i digitalne transformacije u Zagrebu odr\u017ean je 27. studenoga 2025. stru\u010dni skup u organizaciji Odjela za psiholo\u0161ku potporu slu\u017ebenicima zatvorskog sustava i probacije Uprave za zatvorski sustav i probaciju Foto: Ministarstvo pravosu\u0111a, uprave i digitalne transformacije RH Stru\u010dni skup okupio&hellip; Pro\u010ditaj vi\u0161e o Dr. sc. Ines Su\u010di\u0107 na stru\u010dnom skupu Dan psihi\u010dkog zdravlja u zatvorskom sustavu i probaciji; Zagreb, 27. 11. 2025.\" \/>\n<meta property=\"og:url\" content=\"https:\/\/www.vegaintro-projekti.com\/pilar-stari\/2025\/12\/dr-sc-ines-sucic-na-strucnom-skupu-dan-psihickog-zdravlja-u-zatvorskom-sustavu-i-probaciji-zagreb-27-11-2025\/\" \/>\n<meta property=\"og:site_name\" content=\"Institut dru&scaron;tvenih znanosti Ivo Pilar\" \/>\n<meta property=\"article:published_time\" content=\"2025-12-05T14:20:11+00:00\" \/>\n<meta property=\"article:modified_time\" content=\"2025-12-05T14:22:14+00:00\" \/>\n<meta property=\"og:image\" content=\"https:\/\/www.vegaintro-projekti.com\/pilar-stari\/wp-content\/uploads\/2025\/12\/IMG_3fi-1.jpg\" \/>\n\t<meta property=\"og:image:width\" content=\"500\" \/>\n\t<meta property=\"og:image:height\" content=\"222\" \/>\n\t<meta property=\"og:image:type\" content=\"image\/jpeg\" \/>\n<meta name=\"author\" content=\"Boris\" \/>\n<meta name=\"twitter:card\" content=\"summary_large_image\" \/>\n<meta name=\"twitter:label1\" content=\"Napisao\/la\" \/>\n\t<meta name=\"twitter:data1\" content=\"Boris\" \/>\n\t<meta name=\"twitter:label2\" content=\"Procijenjeno vrijeme \u010ditanja\" \/>\n\t<meta name=\"twitter:data2\" content=\"2 minute\" \/>\n<script type=\"application\/ld+json\" class=\"yoast-schema-graph\">{\"@context\":\"https:\/\/schema.org\",\"@graph\":[{\"@type\":\"WebPage\",\"@id\":\"https:\/\/www.vegaintro-projekti.com\/pilar-stari\/2025\/12\/dr-sc-ines-sucic-na-strucnom-skupu-dan-psihickog-zdravlja-u-zatvorskom-sustavu-i-probaciji-zagreb-27-11-2025\/\",\"url\":\"https:\/\/www.vegaintro-projekti.com\/pilar-stari\/2025\/12\/dr-sc-ines-sucic-na-strucnom-skupu-dan-psihickog-zdravlja-u-zatvorskom-sustavu-i-probaciji-zagreb-27-11-2025\/\",\"name\":\"Dr. sc. Ines Su\u010di\u0107 na stru\u010dnom skupu Dan psihi\u010dkog zdravlja u zatvorskom sustavu i probaciji; Zagreb, 27. 11. 2025. - Institut dru&scaron;tvenih znanosti Ivo Pilar\",\"isPartOf\":{\"@id\":\"https:\/\/www.vegaintro-projekti.com\/pilar-stari\/#website\"},\"datePublished\":\"2025-12-05T14:20:11+00:00\",\"dateModified\":\"2025-12-05T14:22:14+00:00\",\"author\":{\"@id\":\"https:\/\/www.vegaintro-projekti.com\/pilar-stari\/#\/schema\/person\/ddd404c9f1e15e4ffef5986ac6a5d28b\"},\"breadcrumb\":{\"@id\":\"https:\/\/www.vegaintro-projekti.com\/pilar-stari\/2025\/12\/dr-sc-ines-sucic-na-strucnom-skupu-dan-psihickog-zdravlja-u-zatvorskom-sustavu-i-probaciji-zagreb-27-11-2025\/#breadcrumb\"},\"inLanguage\":\"hr\",\"potentialAction\":[{\"@type\":\"ReadAction\",\"target\":[\"https:\/\/www.vegaintro-projekti.com\/pilar-stari\/2025\/12\/dr-sc-ines-sucic-na-strucnom-skupu-dan-psihickog-zdravlja-u-zatvorskom-sustavu-i-probaciji-zagreb-27-11-2025\/\"]}]},{\"@type\":\"BreadcrumbList\",\"@id\":\"https:\/\/www.vegaintro-projekti.com\/pilar-stari\/2025\/12\/dr-sc-ines-sucic-na-strucnom-skupu-dan-psihickog-zdravlja-u-zatvorskom-sustavu-i-probaciji-zagreb-27-11-2025\/#breadcrumb\",\"itemListElement\":[{\"@type\":\"ListItem\",\"position\":1,\"name\":\"Home\",\"item\":\"https:\/\/www.vegaintro-projekti.com\/pilar-stari\/\"},{\"@type\":\"ListItem\",\"position\":2,\"name\":\"Dr. sc. Ines Su\u010di\u0107 na stru\u010dnom skupu Dan psihi\u010dkog zdravlja u zatvorskom sustavu i probaciji; Zagreb, 27. 11. 2025.\"}]},{\"@type\":\"WebSite\",\"@id\":\"https:\/\/www.vegaintro-projekti.com\/pilar-stari\/#website\",\"url\":\"https:\/\/www.vegaintro-projekti.com\/pilar-stari\/\",\"name\":\"Institut dru&scaron;tvenih znanosti Ivo Pilar\",\"description\":\"Pilar\",\"potentialAction\":[{\"@type\":\"SearchAction\",\"target\":{\"@type\":\"EntryPoint\",\"urlTemplate\":\"https:\/\/www.vegaintro-projekti.com\/pilar-stari\/?s={search_term_string}\"},\"query-input\":\"required name=search_term_string\"}],\"inLanguage\":\"hr\"},{\"@type\":\"Person\",\"@id\":\"https:\/\/www.vegaintro-projekti.com\/pilar-stari\/#\/schema\/person\/ddd404c9f1e15e4ffef5986ac6a5d28b\",\"name\":\"Boris\",\"image\":{\"@type\":\"ImageObject\",\"inLanguage\":\"hr\",\"@id\":\"https:\/\/www.vegaintro-projekti.com\/pilar-stari\/#\/schema\/person\/image\/\",\"url\":\"https:\/\/secure.gravatar.com\/avatar\/29557b161a6ce6ab86ac1503164f1e90?s=96&d=mm&r=g\",\"contentUrl\":\"https:\/\/secure.gravatar.com\/avatar\/29557b161a6ce6ab86ac1503164f1e90?s=96&d=mm&r=g\",\"caption\":\"Boris\"},\"url\":\"https:\/\/www.vegaintro-projekti.com\/pilar-stari\/author\/boris\/\"}]}<\/script>\n<!-- \/ Yoast SEO plugin. -->","yoast_head_json":{"title":"Dr. sc. Ines Su\u010di\u0107 na stru\u010dnom skupu Dan psihi\u010dkog zdravlja u zatvorskom sustavu i probaciji; Zagreb, 27. 11. 2025. - Institut dru&scaron;tvenih znanosti Ivo Pilar","robots":{"index":"noindex","follow":"follow","max-snippet":"max-snippet:-1","max-image-preview":"max-image-preview:large","max-video-preview":"max-video-preview:-1"},"og_locale":"hr_HR","og_type":"article","og_title":"Dr. sc. Ines Su\u010di\u0107 na stru\u010dnom skupu Dan psihi\u010dkog zdravlja u zatvorskom sustavu i probaciji; Zagreb, 27. 11. 2025. - Institut dru&scaron;tvenih znanosti Ivo Pilar","og_description":"U povodu obilje\u017eavanja Dana psihi\u010dkog zdravlja u zatvorskom sustavu i probaciji u Ministarstvu pravosu\u0111a, uprave i digitalne transformacije u Zagrebu odr\u017ean je 27. studenoga 2025. stru\u010dni skup u organizaciji Odjela za psiholo\u0161ku potporu slu\u017ebenicima zatvorskog sustava i probacije Uprave za zatvorski sustav i probaciju Foto: Ministarstvo pravosu\u0111a, uprave i digitalne transformacije RH Stru\u010dni skup okupio&hellip; Pro\u010ditaj vi\u0161e o Dr. sc. Ines Su\u010di\u0107 na stru\u010dnom skupu Dan psihi\u010dkog zdravlja u zatvorskom sustavu i probaciji; Zagreb, 27. 11. 2025.","og_url":"https:\/\/www.vegaintro-projekti.com\/pilar-stari\/2025\/12\/dr-sc-ines-sucic-na-strucnom-skupu-dan-psihickog-zdravlja-u-zatvorskom-sustavu-i-probaciji-zagreb-27-11-2025\/","og_site_name":"Institut dru&scaron;tvenih znanosti Ivo Pilar","article_published_time":"2025-12-05T14:20:11+00:00","article_modified_time":"2025-12-05T14:22:14+00:00","og_image":[{"width":500,"height":222,"url":"https:\/\/www.vegaintro-projekti.com\/pilar-stari\/wp-content\/uploads\/2025\/12\/IMG_3fi-1.jpg","type":"image\/jpeg"}],"author":"Boris","twitter_card":"summary_large_image","twitter_misc":{"Napisao\/la":"Boris","Procijenjeno vrijeme \u010ditanja":"2 minute"},"schema":{"@context":"https:\/\/schema.org","@graph":[{"@type":"WebPage","@id":"https:\/\/www.vegaintro-projekti.com\/pilar-stari\/2025\/12\/dr-sc-ines-sucic-na-strucnom-skupu-dan-psihickog-zdravlja-u-zatvorskom-sustavu-i-probaciji-zagreb-27-11-2025\/","url":"https:\/\/www.vegaintro-projekti.com\/pilar-stari\/2025\/12\/dr-sc-ines-sucic-na-strucnom-skupu-dan-psihickog-zdravlja-u-zatvorskom-sustavu-i-probaciji-zagreb-27-11-2025\/","name":"Dr. sc. Ines Su\u010di\u0107 na stru\u010dnom skupu Dan psihi\u010dkog zdravlja u zatvorskom sustavu i probaciji; Zagreb, 27. 11. 2025. - Institut dru&scaron;tvenih znanosti Ivo Pilar","isPartOf":{"@id":"https:\/\/www.vegaintro-projekti.com\/pilar-stari\/#website"},"datePublished":"2025-12-05T14:20:11+00:00","dateModified":"2025-12-05T14:22:14+00:00","author":{"@id":"https:\/\/www.vegaintro-projekti.com\/pilar-stari\/#\/schema\/person\/ddd404c9f1e15e4ffef5986ac6a5d28b"},"breadcrumb":{"@id":"https:\/\/www.vegaintro-projekti.com\/pilar-stari\/2025\/12\/dr-sc-ines-sucic-na-strucnom-skupu-dan-psihickog-zdravlja-u-zatvorskom-sustavu-i-probaciji-zagreb-27-11-2025\/#breadcrumb"},"inLanguage":"hr","potentialAction":[{"@type":"ReadAction","target":["https:\/\/www.vegaintro-projekti.com\/pilar-stari\/2025\/12\/dr-sc-ines-sucic-na-strucnom-skupu-dan-psihickog-zdravlja-u-zatvorskom-sustavu-i-probaciji-zagreb-27-11-2025\/"]}]},{"@type":"BreadcrumbList","@id":"https:\/\/www.vegaintro-projekti.com\/pilar-stari\/2025\/12\/dr-sc-ines-sucic-na-strucnom-skupu-dan-psihickog-zdravlja-u-zatvorskom-sustavu-i-probaciji-zagreb-27-11-2025\/#breadcrumb","itemListElement":[{"@type":"ListItem","position":1,"name":"Home","item":"https:\/\/www.vegaintro-projekti.com\/pilar-stari\/"},{"@type":"ListItem","position":2,"name":"Dr. sc. Ines Su\u010di\u0107 na stru\u010dnom skupu Dan psihi\u010dkog zdravlja u zatvorskom sustavu i probaciji; Zagreb, 27. 11. 2025."}]},{"@type":"WebSite","@id":"https:\/\/www.vegaintro-projekti.com\/pilar-stari\/#website","url":"https:\/\/www.vegaintro-projekti.com\/pilar-stari\/","name":"Institut dru&scaron;tvenih znanosti Ivo Pilar","description":"Pilar","potentialAction":[{"@type":"SearchAction","target":{"@type":"EntryPoint","urlTemplate":"https:\/\/www.vegaintro-projekti.com\/pilar-stari\/?s={search_term_string}"},"query-input":"required name=search_term_string"}],"inLanguage":"hr"},{"@type":"Person","@id":"https:\/\/www.vegaintro-projekti.com\/pilar-stari\/#\/schema\/person\/ddd404c9f1e15e4ffef5986ac6a5d28b","name":"Boris","image":{"@type":"ImageObject","inLanguage":"hr","@id":"https:\/\/www.vegaintro-projekti.com\/pilar-stari\/#\/schema\/person\/image\/","url":"https:\/\/secure.gravatar.com\/avatar\/29557b161a6ce6ab86ac1503164f1e90?s=96&d=mm&r=g","contentUrl":"https:\/\/secure.gravatar.com\/avatar\/29557b161a6ce6ab86ac1503164f1e90?s=96&d=mm&r=g","caption":"Boris"},"url":"https:\/\/www.vegaintro-projekti.com\/pilar-stari\/author\/boris\/"}]}},"_links":{"self":[{"href":"https:\/\/www.vegaintro-projekti.com\/pilar-stari\/wp-json\/wp\/v2\/posts\/36922"}],"collection":[{"href":"https:\/\/www.vegaintro-projekti.com\/pilar-stari\/wp-json\/wp\/v2\/posts"}],"about":[{"href":"https:\/\/www.vegaintro-projekti.com\/pilar-stari\/wp-json\/wp\/v2\/types\/post"}],"author":[{"embeddable":true,"href":"https:\/\/www.vegaintro-projekti.com\/pilar-stari\/wp-json\/wp\/v2\/users\/7"}],"replies":[{"embeddable":true,"href":"https:\/\/www.vegaintro-projekti.com\/pilar-stari\/wp-json\/wp\/v2\/comments?post=36922"}],"version-history":[{"count":4,"href":"https:\/\/www.vegaintro-projekti.com\/pilar-stari\/wp-json\/wp\/v2\/posts\/36922\/revisions"}],"predecessor-version":[{"id":36926,"href":"https:\/\/www.vegaintro-projekti.com\/pilar-stari\/wp-json\/wp\/v2\/posts\/36922\/revisions\/36926"}],"wp:featuredmedia":[{"embeddable":true,"href":"https:\/\/www.vegaintro-projekti.com\/pilar-stari\/wp-json\/wp\/v2\/media\/36921"}],"wp:attachment":[{"href":"https:\/\/www.vegaintro-projekti.com\/pilar-stari\/wp-json\/wp\/v2\/media?parent=36922"}],"wp:term":[{"taxonomy":"category","embeddable":true,"href":"https:\/\/www.vegaintro-projekti.com\/pilar-stari\/wp-json\/wp\/v2\/categories?post=36922"},{"taxonomy":"post_tag","embeddable":true,"href":"https:\/\/www.vegaintro-projekti.com\/pilar-stari\/wp-json\/wp\/v2\/tags?post=36922"}],"curies":[{"name":"wp","href":"https:\/\/api.w.org\/{rel}","templated":true}]}}