{"id":36993,"date":"2025-12-08T19:12:45","date_gmt":"2025-12-08T19:12:45","guid":{"rendered":"https:\/\/www.vegaintro-projekti.com\/pilar-stari\/?p=36993"},"modified":"2025-12-13T19:20:17","modified_gmt":"2025-12-13T19:20:17","slug":"dr-sc-igor-miklousic-odrzao-predavanje-u-institutu-za-etnologiju-i-socijalnu-antropologiju-slovacke-akademije-znanosti-bratislava-2-12-2025","status":"publish","type":"post","link":"https:\/\/www.vegaintro-projekti.com\/pilar-stari\/2025\/12\/dr-sc-igor-miklousic-odrzao-predavanje-u-institutu-za-etnologiju-i-socijalnu-antropologiju-slovacke-akademije-znanosti-bratislava-2-12-2025\/","title":{"rendered":"Dr. sc. Igor Miklou\u0161i\u0107 odr\u017eao predavanje u Institutu za etnologiju i socijalnu antropologiju Slova\u010dke akademije znanosti; Bratislava, 2. 12. 2025."},"content":{"rendered":"<p><strong>Tijekom studijskog boravka u Institutu za etnologiju i socijalnu antropologiju (\u00dastav etnol\u00f3gie a soci\u00e1lnej antropol\u00f3gie) Slova\u010dke akademije znanosti u Bratislavi dr. sc. Igor Miklou\u0161i\u0107 odr\u017eao je 2. prosinca 2025. godine u sklopu znanstvenog projekta PERSON predavanje u okviru stru\u010dnih seminara Instituta<\/strong><\/p>\n<div class=\"wp-block-image\">\n<p><a href=\"https:\/\/www.vegaintro-projekti.com\/pilar-stari\/wp-content\/uploads\/2025\/12\/IMG_4-2.jpg\"><img decoding=\"async\" loading=\"lazy\" class=\"alignnone wp-image-36992 size-full\" src=\"https:\/\/www.vegaintro-projekti.com\/pilar-stari\/wp-content\/uploads\/2025\/12\/IMG_4s-2.jpg\" alt=\"i1\" width=\"620\" height=\"353\" srcset=\"https:\/\/www.vegaintro-projekti.com\/pilar-stari\/wp-content\/uploads\/2025\/12\/IMG_4s-2.jpg 620w, https:\/\/www.vegaintro-projekti.com\/pilar-stari\/wp-content\/uploads\/2025\/12\/IMG_4s-2-300x171.jpg 300w\" sizes=\"(max-width: 620px) 100vw, 620px\" \/><\/a><a href=\"https:\/\/www.vegaintro-projekti.com\/pilar-stari\/wp-content\/uploads\/2025\/12\/IMG_2-5.jpg\"><img decoding=\"async\" loading=\"lazy\" class=\"alignnone wp-image-36987 size-full\" src=\"https:\/\/www.vegaintro-projekti.com\/pilar-stari\/wp-content\/uploads\/2025\/12\/IMG_2s-4.jpg\" alt=\"i2\" width=\"620\" height=\"353\" srcset=\"https:\/\/www.vegaintro-projekti.com\/pilar-stari\/wp-content\/uploads\/2025\/12\/IMG_2s-4.jpg 620w, https:\/\/www.vegaintro-projekti.com\/pilar-stari\/wp-content\/uploads\/2025\/12\/IMG_2s-4-300x171.jpg 300w\" sizes=\"(max-width: 620px) 100vw, 620px\" \/><\/a><a href=\"https:\/\/www.vegaintro-projekti.com\/pilar-stari\/wp-content\/uploads\/2025\/12\/IMG_1-5.jpg\"><img decoding=\"async\" loading=\"lazy\" class=\"alignnone wp-image-36985 size-full\" src=\"https:\/\/www.vegaintro-projekti.com\/pilar-stari\/wp-content\/uploads\/2025\/12\/IMG_1s-3.jpg\" alt=\"i3\" width=\"620\" height=\"362\" srcset=\"https:\/\/www.vegaintro-projekti.com\/pilar-stari\/wp-content\/uploads\/2025\/12\/IMG_1s-3.jpg 620w, https:\/\/www.vegaintro-projekti.com\/pilar-stari\/wp-content\/uploads\/2025\/12\/IMG_1s-3-300x175.jpg 300w\" sizes=\"(max-width: 620px) 100vw, 620px\" \/><\/a><a href=\"https:\/\/www.vegaintro-projekti.com\/pilar-stari\/wp-content\/uploads\/2025\/12\/IMG_3-5.jpg\"><img decoding=\"async\" loading=\"lazy\" class=\"alignnone wp-image-36990 size-full\" src=\"https:\/\/www.vegaintro-projekti.com\/pilar-stari\/wp-content\/uploads\/2025\/12\/IMG_3s-4.jpg\" alt=\"i3\" width=\"620\" height=\"362\" srcset=\"https:\/\/www.vegaintro-projekti.com\/pilar-stari\/wp-content\/uploads\/2025\/12\/IMG_3s-4.jpg 620w, https:\/\/www.vegaintro-projekti.com\/pilar-stari\/wp-content\/uploads\/2025\/12\/IMG_3s-4-300x175.jpg 300w\" sizes=\"(max-width: 620px) 100vw, 620px\" \/><\/a><\/p>\n<div class=\"wp-block-image\">\n<div class=\"wp-block-image\">\n<div class=\"wp-block-image\"><strong>U predavanju<\/strong> pod naslovom \u201eThreat, Identity, and the Invisible Bonds of Cohesion\u201c dr. sc. Miklou\u0161i\u0107 predstavio je rezultate vi\u0161e od deset godina istra\u017eivanja o braniteljima Domovinskoga rata. Na temelju opse\u017enih kvantitativnih podataka i bogate kvalitativne gra\u0111e predavanje je pokazalo kako su egzistencijalna prijetnja, ratni gubitci i izlo\u017eenost borbenim situacijama oblikovali iznimno sna\u017ena unutargrupna vezivanja me\u0111u hrvatskim braniteljima. Kroz analizu spontanih ratnih rituala, do\u017eivljene prijetnje i procese identifikacije izlo\u017eeni su nalazi o tome kako su ratna iskustva duboko utkana u osobni i kolektivni identitet te kako i danas djeluju na dobrobit i dru\u0161tvenu integraciju veterana. Projekt PERSON izravno se nadovezuje na taj raniji rad te u suvremenom kontekstu nastoji razumjeti strukturu razli\u010ditih tipova prijetnji i njihove u\u010dinke na dru\u0161tvene identitete i koheziju na nacionalnoj razini.<\/div>\n<div>&nbsp;<\/div>\n<div class=\"wp-block-image\"><strong>Studijski boravak<\/strong> dr. sc. Miklou\u0161i\u0107a u Slova\u010dkoj dio je \u0161ireg istra\u017eiva\u010dkog cilja projekta PERSON koji uklju\u010duje zajedni\u010dko planiranje budu\u0107ih istra\u017eivanja, izradu znanstvenih radova te zajedni\u010dku analizu i obradu podataka o prijetnjama, identitetu i dru\u0161tvenoj koheziji u europskom kontekstu.<\/div>\n<\/div>\n<\/div>\n<\/div>\n<p>Iz medija<\/p>\n<p><strong>&#8211; IESA SAS:<\/strong> <a href=\"https:\/\/uesa.sav.sk\/en\/news\/lecture-on-social-cohesion-in-the-context-of-croatian-war-veterans-of-the-1990s\/\">Lecture on Social Cohesion in the Context of Croatian War Veterans of the 1990s, 4. 12. 2025.<\/a><\/p>\n<blockquote><p><a href=\"https:\/\/www.vegaintro-projekti.com\/pilar-stari\/2024\/05\/projekt-person-percepcija-prijetnji-drustveni-identitet-i-drustvena-kohezija\/\">Projekt PERSON<\/a><\/p><\/blockquote>\n","protected":false},"excerpt":{"rendered":"<p>Tijekom studijskog boravka u Institutu za etnologiju i socijalnu antropologiju (\u00dastav etnol\u00f3gie a soci\u00e1lnej antropol\u00f3gie) Slova\u010dke akademije znanosti u Bratislavi dr. sc. Igor Miklou\u0161i\u0107 odr\u017eao je 2. prosinca 2025. godine u sklopu znanstvenog projekta PERSON predavanje u okviru stru\u010dnih seminara Instituta U predavanju pod naslovom \u201eThreat, Identity, and the Invisible Bonds of Cohesion\u201c dr. sc.&hellip; <a class=\"continue\" href=\"https:\/\/www.vegaintro-projekti.com\/pilar-stari\/2025\/12\/dr-sc-igor-miklousic-odrzao-predavanje-u-institutu-za-etnologiju-i-socijalnu-antropologiju-slovacke-akademije-znanosti-bratislava-2-12-2025\/\">Pro\u010ditaj vi\u0161e o<span> Dr. sc. Igor Miklou\u0161i\u0107 odr\u017eao predavanje u Institutu za etnologiju i socijalnu antropologiju Slova\u010dke akademije znanosti; Bratislava, 2. 12. 2025.<\/span><\/a><\/p>\n","protected":false},"author":7,"featured_media":36989,"comment_status":"closed","ping_status":"closed","sticky":false,"template":"","format":"standard","meta":{"inline_featured_image":false,"ngg_post_thumbnail":0,"footnotes":""},"categories":[48,29],"tags":[],"yoast_head":"<!-- This site is optimized with the Yoast SEO plugin v21.2 - https:\/\/yoast.com\/wordpress\/plugins\/seo\/ -->\n<title>Dr. sc. Igor Miklou\u0161i\u0107 odr\u017eao predavanje u Institutu za etnologiju i socijalnu antropologiju Slova\u010dke akademije znanosti; Bratislava, 2. 12. 2025. - Institut dru&scaron;tvenih znanosti Ivo Pilar<\/title>\n<meta name=\"robots\" content=\"noindex, follow, max-snippet:-1, max-image-preview:large, max-video-preview:-1\" \/>\n<meta property=\"og:locale\" content=\"hr_HR\" \/>\n<meta property=\"og:type\" content=\"article\" \/>\n<meta property=\"og:title\" content=\"Dr. sc. Igor Miklou\u0161i\u0107 odr\u017eao predavanje u Institutu za etnologiju i socijalnu antropologiju Slova\u010dke akademije znanosti; Bratislava, 2. 12. 2025. - Institut dru&scaron;tvenih znanosti Ivo Pilar\" \/>\n<meta property=\"og:description\" content=\"Tijekom studijskog boravka u Institutu za etnologiju i socijalnu antropologiju (\u00dastav etnol\u00f3gie a soci\u00e1lnej antropol\u00f3gie) Slova\u010dke akademije znanosti u Bratislavi dr. sc. Igor Miklou\u0161i\u0107 odr\u017eao je 2. prosinca 2025. godine u sklopu znanstvenog projekta PERSON predavanje u okviru stru\u010dnih seminara Instituta U predavanju pod naslovom \u201eThreat, Identity, and the Invisible Bonds of Cohesion\u201c dr. sc.&hellip; Pro\u010ditaj vi\u0161e o Dr. sc. Igor Miklou\u0161i\u0107 odr\u017eao predavanje u Institutu za etnologiju i socijalnu antropologiju Slova\u010dke akademije znanosti; Bratislava, 2. 12. 2025.\" \/>\n<meta property=\"og:url\" content=\"https:\/\/www.vegaintro-projekti.com\/pilar-stari\/2025\/12\/dr-sc-igor-miklousic-odrzao-predavanje-u-institutu-za-etnologiju-i-socijalnu-antropologiju-slovacke-akademije-znanosti-bratislava-2-12-2025\/\" \/>\n<meta property=\"og:site_name\" content=\"Institut dru&scaron;tvenih znanosti Ivo Pilar\" \/>\n<meta property=\"article:published_time\" content=\"2025-12-08T19:12:45+00:00\" \/>\n<meta property=\"article:modified_time\" content=\"2025-12-13T19:20:17+00:00\" \/>\n<meta property=\"og:image\" content=\"https:\/\/www.vegaintro-projekti.com\/pilar-stari\/wp-content\/uploads\/2025\/12\/IMG_3fi-4.jpg\" \/>\n\t<meta property=\"og:image:width\" content=\"499\" \/>\n\t<meta property=\"og:image:height\" content=\"221\" \/>\n\t<meta property=\"og:image:type\" content=\"image\/jpeg\" \/>\n<meta name=\"author\" content=\"Boris\" \/>\n<meta name=\"twitter:card\" content=\"summary_large_image\" \/>\n<meta name=\"twitter:label1\" content=\"Napisao\/la\" \/>\n\t<meta name=\"twitter:data1\" content=\"Boris\" \/>\n\t<meta name=\"twitter:label2\" content=\"Procijenjeno vrijeme \u010ditanja\" \/>\n\t<meta name=\"twitter:data2\" content=\"3 minute\" \/>\n<script type=\"application\/ld+json\" class=\"yoast-schema-graph\">{\"@context\":\"https:\/\/schema.org\",\"@graph\":[{\"@type\":\"WebPage\",\"@id\":\"https:\/\/www.vegaintro-projekti.com\/pilar-stari\/2025\/12\/dr-sc-igor-miklousic-odrzao-predavanje-u-institutu-za-etnologiju-i-socijalnu-antropologiju-slovacke-akademije-znanosti-bratislava-2-12-2025\/\",\"url\":\"https:\/\/www.vegaintro-projekti.com\/pilar-stari\/2025\/12\/dr-sc-igor-miklousic-odrzao-predavanje-u-institutu-za-etnologiju-i-socijalnu-antropologiju-slovacke-akademije-znanosti-bratislava-2-12-2025\/\",\"name\":\"Dr. sc. Igor Miklou\u0161i\u0107 odr\u017eao predavanje u Institutu za etnologiju i socijalnu antropologiju Slova\u010dke akademije znanosti; Bratislava, 2. 12. 2025. - Institut dru&scaron;tvenih znanosti Ivo Pilar\",\"isPartOf\":{\"@id\":\"https:\/\/www.vegaintro-projekti.com\/pilar-stari\/#website\"},\"datePublished\":\"2025-12-08T19:12:45+00:00\",\"dateModified\":\"2025-12-13T19:20:17+00:00\",\"author\":{\"@id\":\"https:\/\/www.vegaintro-projekti.com\/pilar-stari\/#\/schema\/person\/ddd404c9f1e15e4ffef5986ac6a5d28b\"},\"breadcrumb\":{\"@id\":\"https:\/\/www.vegaintro-projekti.com\/pilar-stari\/2025\/12\/dr-sc-igor-miklousic-odrzao-predavanje-u-institutu-za-etnologiju-i-socijalnu-antropologiju-slovacke-akademije-znanosti-bratislava-2-12-2025\/#breadcrumb\"},\"inLanguage\":\"hr\",\"potentialAction\":[{\"@type\":\"ReadAction\",\"target\":[\"https:\/\/www.vegaintro-projekti.com\/pilar-stari\/2025\/12\/dr-sc-igor-miklousic-odrzao-predavanje-u-institutu-za-etnologiju-i-socijalnu-antropologiju-slovacke-akademije-znanosti-bratislava-2-12-2025\/\"]}]},{\"@type\":\"BreadcrumbList\",\"@id\":\"https:\/\/www.vegaintro-projekti.com\/pilar-stari\/2025\/12\/dr-sc-igor-miklousic-odrzao-predavanje-u-institutu-za-etnologiju-i-socijalnu-antropologiju-slovacke-akademije-znanosti-bratislava-2-12-2025\/#breadcrumb\",\"itemListElement\":[{\"@type\":\"ListItem\",\"position\":1,\"name\":\"Home\",\"item\":\"https:\/\/www.vegaintro-projekti.com\/pilar-stari\/\"},{\"@type\":\"ListItem\",\"position\":2,\"name\":\"Dr. sc. Igor Miklou\u0161i\u0107 odr\u017eao predavanje u Institutu za etnologiju i socijalnu antropologiju Slova\u010dke akademije znanosti; Bratislava, 2. 12. 2025.\"}]},{\"@type\":\"WebSite\",\"@id\":\"https:\/\/www.vegaintro-projekti.com\/pilar-stari\/#website\",\"url\":\"https:\/\/www.vegaintro-projekti.com\/pilar-stari\/\",\"name\":\"Institut dru&scaron;tvenih znanosti Ivo Pilar\",\"description\":\"Pilar\",\"potentialAction\":[{\"@type\":\"SearchAction\",\"target\":{\"@type\":\"EntryPoint\",\"urlTemplate\":\"https:\/\/www.vegaintro-projekti.com\/pilar-stari\/?s={search_term_string}\"},\"query-input\":\"required name=search_term_string\"}],\"inLanguage\":\"hr\"},{\"@type\":\"Person\",\"@id\":\"https:\/\/www.vegaintro-projekti.com\/pilar-stari\/#\/schema\/person\/ddd404c9f1e15e4ffef5986ac6a5d28b\",\"name\":\"Boris\",\"image\":{\"@type\":\"ImageObject\",\"inLanguage\":\"hr\",\"@id\":\"https:\/\/www.vegaintro-projekti.com\/pilar-stari\/#\/schema\/person\/image\/\",\"url\":\"https:\/\/secure.gravatar.com\/avatar\/29557b161a6ce6ab86ac1503164f1e90?s=96&d=mm&r=g\",\"contentUrl\":\"https:\/\/secure.gravatar.com\/avatar\/29557b161a6ce6ab86ac1503164f1e90?s=96&d=mm&r=g\",\"caption\":\"Boris\"},\"url\":\"https:\/\/www.vegaintro-projekti.com\/pilar-stari\/author\/boris\/\"}]}<\/script>\n<!-- \/ Yoast SEO plugin. -->","yoast_head_json":{"title":"Dr. sc. Igor Miklou\u0161i\u0107 odr\u017eao predavanje u Institutu za etnologiju i socijalnu antropologiju Slova\u010dke akademije znanosti; Bratislava, 2. 12. 2025. - Institut dru&scaron;tvenih znanosti Ivo Pilar","robots":{"index":"noindex","follow":"follow","max-snippet":"max-snippet:-1","max-image-preview":"max-image-preview:large","max-video-preview":"max-video-preview:-1"},"og_locale":"hr_HR","og_type":"article","og_title":"Dr. sc. Igor Miklou\u0161i\u0107 odr\u017eao predavanje u Institutu za etnologiju i socijalnu antropologiju Slova\u010dke akademije znanosti; Bratislava, 2. 12. 2025. - Institut dru&scaron;tvenih znanosti Ivo Pilar","og_description":"Tijekom studijskog boravka u Institutu za etnologiju i socijalnu antropologiju (\u00dastav etnol\u00f3gie a soci\u00e1lnej antropol\u00f3gie) Slova\u010dke akademije znanosti u Bratislavi dr. sc. Igor Miklou\u0161i\u0107 odr\u017eao je 2. prosinca 2025. godine u sklopu znanstvenog projekta PERSON predavanje u okviru stru\u010dnih seminara Instituta U predavanju pod naslovom \u201eThreat, Identity, and the Invisible Bonds of Cohesion\u201c dr. sc.&hellip; Pro\u010ditaj vi\u0161e o Dr. sc. Igor Miklou\u0161i\u0107 odr\u017eao predavanje u Institutu za etnologiju i socijalnu antropologiju Slova\u010dke akademije znanosti; Bratislava, 2. 12. 2025.","og_url":"https:\/\/www.vegaintro-projekti.com\/pilar-stari\/2025\/12\/dr-sc-igor-miklousic-odrzao-predavanje-u-institutu-za-etnologiju-i-socijalnu-antropologiju-slovacke-akademije-znanosti-bratislava-2-12-2025\/","og_site_name":"Institut dru&scaron;tvenih znanosti Ivo Pilar","article_published_time":"2025-12-08T19:12:45+00:00","article_modified_time":"2025-12-13T19:20:17+00:00","og_image":[{"width":499,"height":221,"url":"https:\/\/www.vegaintro-projekti.com\/pilar-stari\/wp-content\/uploads\/2025\/12\/IMG_3fi-4.jpg","type":"image\/jpeg"}],"author":"Boris","twitter_card":"summary_large_image","twitter_misc":{"Napisao\/la":"Boris","Procijenjeno vrijeme \u010ditanja":"3 minute"},"schema":{"@context":"https:\/\/schema.org","@graph":[{"@type":"WebPage","@id":"https:\/\/www.vegaintro-projekti.com\/pilar-stari\/2025\/12\/dr-sc-igor-miklousic-odrzao-predavanje-u-institutu-za-etnologiju-i-socijalnu-antropologiju-slovacke-akademije-znanosti-bratislava-2-12-2025\/","url":"https:\/\/www.vegaintro-projekti.com\/pilar-stari\/2025\/12\/dr-sc-igor-miklousic-odrzao-predavanje-u-institutu-za-etnologiju-i-socijalnu-antropologiju-slovacke-akademije-znanosti-bratislava-2-12-2025\/","name":"Dr. sc. Igor Miklou\u0161i\u0107 odr\u017eao predavanje u Institutu za etnologiju i socijalnu antropologiju Slova\u010dke akademije znanosti; Bratislava, 2. 12. 2025. - Institut dru&scaron;tvenih znanosti Ivo Pilar","isPartOf":{"@id":"https:\/\/www.vegaintro-projekti.com\/pilar-stari\/#website"},"datePublished":"2025-12-08T19:12:45+00:00","dateModified":"2025-12-13T19:20:17+00:00","author":{"@id":"https:\/\/www.vegaintro-projekti.com\/pilar-stari\/#\/schema\/person\/ddd404c9f1e15e4ffef5986ac6a5d28b"},"breadcrumb":{"@id":"https:\/\/www.vegaintro-projekti.com\/pilar-stari\/2025\/12\/dr-sc-igor-miklousic-odrzao-predavanje-u-institutu-za-etnologiju-i-socijalnu-antropologiju-slovacke-akademije-znanosti-bratislava-2-12-2025\/#breadcrumb"},"inLanguage":"hr","potentialAction":[{"@type":"ReadAction","target":["https:\/\/www.vegaintro-projekti.com\/pilar-stari\/2025\/12\/dr-sc-igor-miklousic-odrzao-predavanje-u-institutu-za-etnologiju-i-socijalnu-antropologiju-slovacke-akademije-znanosti-bratislava-2-12-2025\/"]}]},{"@type":"BreadcrumbList","@id":"https:\/\/www.vegaintro-projekti.com\/pilar-stari\/2025\/12\/dr-sc-igor-miklousic-odrzao-predavanje-u-institutu-za-etnologiju-i-socijalnu-antropologiju-slovacke-akademije-znanosti-bratislava-2-12-2025\/#breadcrumb","itemListElement":[{"@type":"ListItem","position":1,"name":"Home","item":"https:\/\/www.vegaintro-projekti.com\/pilar-stari\/"},{"@type":"ListItem","position":2,"name":"Dr. sc. Igor Miklou\u0161i\u0107 odr\u017eao predavanje u Institutu za etnologiju i socijalnu antropologiju Slova\u010dke akademije znanosti; Bratislava, 2. 12. 2025."}]},{"@type":"WebSite","@id":"https:\/\/www.vegaintro-projekti.com\/pilar-stari\/#website","url":"https:\/\/www.vegaintro-projekti.com\/pilar-stari\/","name":"Institut dru&scaron;tvenih znanosti Ivo Pilar","description":"Pilar","potentialAction":[{"@type":"SearchAction","target":{"@type":"EntryPoint","urlTemplate":"https:\/\/www.vegaintro-projekti.com\/pilar-stari\/?s={search_term_string}"},"query-input":"required name=search_term_string"}],"inLanguage":"hr"},{"@type":"Person","@id":"https:\/\/www.vegaintro-projekti.com\/pilar-stari\/#\/schema\/person\/ddd404c9f1e15e4ffef5986ac6a5d28b","name":"Boris","image":{"@type":"ImageObject","inLanguage":"hr","@id":"https:\/\/www.vegaintro-projekti.com\/pilar-stari\/#\/schema\/person\/image\/","url":"https:\/\/secure.gravatar.com\/avatar\/29557b161a6ce6ab86ac1503164f1e90?s=96&d=mm&r=g","contentUrl":"https:\/\/secure.gravatar.com\/avatar\/29557b161a6ce6ab86ac1503164f1e90?s=96&d=mm&r=g","caption":"Boris"},"url":"https:\/\/www.vegaintro-projekti.com\/pilar-stari\/author\/boris\/"}]}},"_links":{"self":[{"href":"https:\/\/www.vegaintro-projekti.com\/pilar-stari\/wp-json\/wp\/v2\/posts\/36993"}],"collection":[{"href":"https:\/\/www.vegaintro-projekti.com\/pilar-stari\/wp-json\/wp\/v2\/posts"}],"about":[{"href":"https:\/\/www.vegaintro-projekti.com\/pilar-stari\/wp-json\/wp\/v2\/types\/post"}],"author":[{"embeddable":true,"href":"https:\/\/www.vegaintro-projekti.com\/pilar-stari\/wp-json\/wp\/v2\/users\/7"}],"replies":[{"embeddable":true,"href":"https:\/\/www.vegaintro-projekti.com\/pilar-stari\/wp-json\/wp\/v2\/comments?post=36993"}],"version-history":[{"count":5,"href":"https:\/\/www.vegaintro-projekti.com\/pilar-stari\/wp-json\/wp\/v2\/posts\/36993\/revisions"}],"predecessor-version":[{"id":36998,"href":"https:\/\/www.vegaintro-projekti.com\/pilar-stari\/wp-json\/wp\/v2\/posts\/36993\/revisions\/36998"}],"wp:featuredmedia":[{"embeddable":true,"href":"https:\/\/www.vegaintro-projekti.com\/pilar-stari\/wp-json\/wp\/v2\/media\/36989"}],"wp:attachment":[{"href":"https:\/\/www.vegaintro-projekti.com\/pilar-stari\/wp-json\/wp\/v2\/media?parent=36993"}],"wp:term":[{"taxonomy":"category","embeddable":true,"href":"https:\/\/www.vegaintro-projekti.com\/pilar-stari\/wp-json\/wp\/v2\/categories?post=36993"},{"taxonomy":"post_tag","embeddable":true,"href":"https:\/\/www.vegaintro-projekti.com\/pilar-stari\/wp-json\/wp\/v2\/tags?post=36993"}],"curies":[{"name":"wp","href":"https:\/\/api.w.org\/{rel}","templated":true}]}}