{"id":37012,"date":"2025-12-09T11:28:37","date_gmt":"2025-12-09T11:28:37","guid":{"rendered":"https:\/\/www.vegaintro-projekti.com\/pilar-stari\/?p=37012"},"modified":"2025-12-14T16:09:28","modified_gmt":"2025-12-14T16:09:28","slug":"dr-sc-jadranka-rebeka-anic-i-izv-prof-zilka-spahic-siljak-u-sklopu-projekta-nextgenderhr-izlagale-na-sveucilistu-u-innsbrucku-20-21-11-2025","status":"publish","type":"post","link":"https:\/\/www.vegaintro-projekti.com\/pilar-stari\/2025\/12\/dr-sc-jadranka-rebeka-anic-i-izv-prof-zilka-spahic-siljak-u-sklopu-projekta-nextgenderhr-izlagale-na-sveucilistu-u-innsbrucku-20-21-11-2025\/","title":{"rendered":"Dr. sc. Jadranka Rebeka Ani\u0107 i izv. prof. Zilka Spahi\u0107-\u0160iljak u sklopu projekta NextGenderHR izlagale na Sveu\u010dili\u0161tu u Innsbrucku,  20.\u201321. 11. 2025."},"content":{"rendered":"<p><strong>Voditeljica projekta NextGenderHR dr. sc. Jadranka Rebeka Ani\u0107 i vanjska suradnica na projektu izv. prof. Zilka Spahi\u0107-\u0160iljak odr\u017eale su 20. studenoga. 2025. godine pozvano javno predavanje \u201eWie die Naturalisierung von Geschlechterstereotypen zu deren Best\u00e4ndigkeit beitr\u00e4gt\u201c (\u201eKako naturalizacija rodnih stereotipa pridonosi njihovoj trajnosti\u201c) na Katoli\u010dkom teolo\u0161kom fakultetu Sveu\u010dili\u0161ta u Innsbrucku<\/strong><\/p>\n<div class=\"wp-block-image\">\n<p><a href=\"https:\/\/www.vegaintro-projekti.com\/pilar-stari\/wp-content\/uploads\/2025\/12\/IMG_1-6.jpg\"><img decoding=\"async\" loading=\"lazy\" class=\"alignnone wp-image-37007 size-full\" src=\"https:\/\/www.vegaintro-projekti.com\/pilar-stari\/wp-content\/uploads\/2025\/12\/IMG_1s-4.jpg\" alt=\"i1\" width=\"620\" height=\"349\" srcset=\"https:\/\/www.vegaintro-projekti.com\/pilar-stari\/wp-content\/uploads\/2025\/12\/IMG_1s-4.jpg 620w, https:\/\/www.vegaintro-projekti.com\/pilar-stari\/wp-content\/uploads\/2025\/12\/IMG_1s-4-300x169.jpg 300w\" sizes=\"(max-width: 620px) 100vw, 620px\" \/><\/a><a href=\"https:\/\/www.vegaintro-projekti.com\/pilar-stari\/wp-content\/uploads\/2025\/12\/IMG_2-6.jpg\"><img decoding=\"async\" loading=\"lazy\" class=\"alignnone wp-image-37010 size-full\" src=\"https:\/\/www.vegaintro-projekti.com\/pilar-stari\/wp-content\/uploads\/2025\/12\/IMG_2s-5.jpg\" alt=\"i2\" width=\"620\" height=\"342\" srcset=\"https:\/\/www.vegaintro-projekti.com\/pilar-stari\/wp-content\/uploads\/2025\/12\/IMG_2s-5.jpg 620w, https:\/\/www.vegaintro-projekti.com\/pilar-stari\/wp-content\/uploads\/2025\/12\/IMG_2s-5-300x165.jpg 300w\" sizes=\"(max-width: 620px) 100vw, 620px\" \/><\/a><\/p>\n<\/div>\n<p><strong>U sklopu radionice<\/strong> Zum Stand der Kontroversen um Gender in den Religionsgemeinschaften (O stanju kontroverzi oko roda u vjerskim zajednicama) odr\u017eale su 21. studenoga 2025. predavanje \u201e\u00dcberlegungen zum Thema anhand der Online-Schule f\u00fcr Feminismus und Religion (FER)\u201c (\u201eRazmatranja o toj temi na primjeru Online \u0161kole feminizma i religije (FER)\u201c).<\/p>\n<p><span style=\"font-size: 14pt;\">Invited public lecture and workshop presentation by NextGenderHR project leader Dr Jadranka Rebeka Ani\u0107 and external collaborator Assoc. Prof. Zilka Spahi\u0107-\u0160iljak at the University of Innsbruck (20\u201321 November 2025)<\/span><\/p>\n<p><strong><em>On 20 November 2025, NextGenderHR project leader Dr Jadranka Rebeka Ani\u0107 and external project collaborator Assoc. Prof. Zilka Spahi\u0107-\u0160iljak delivered an invited public lecture entitled \u201cWie die Naturalisierung von Geschlechterstereotypen zu deren Best\u00e4ndigkeit beitr\u00e4gt\u201d (\u201cHow the Naturalisation of Gender Stereotypes Contributes to Their Persistence\u201d) at the Faculty of Catholic Theology, University of Innsbruck<\/em><\/strong><\/p>\n<p><em>As part of the workshop Zum Stand der Kontroversen um Gender in den Religionsgemeinschaften (On the State of Controversies about Gender in Religious Communities), they gave a lecture on 21 November 2025 entitled \u201c\u00dcberlegungen zum Thema anhand der Online-Schule f\u00fcr Feminismus und Religion (FER)\u201d (\u201cReflections on the Topic Using the Example of the Online School for Feminism and Religion (FER)\u201d).<\/em><\/p>\n<p><a href=\"https:\/\/www.vegaintro-projekti.com\/pilar-stari\/wp-content\/uploads\/2025\/12\/Plakat.pdf\"><img decoding=\"async\" loading=\"lazy\" class=\"alignnone wp-image-37005 size-full\" src=\"https:\/\/www.vegaintro-projekti.com\/pilar-stari\/wp-content\/uploads\/2025\/12\/IMB_0.jpg\" alt=\"i3\" width=\"620\" height=\"875\" srcset=\"https:\/\/www.vegaintro-projekti.com\/pilar-stari\/wp-content\/uploads\/2025\/12\/IMB_0.jpg 620w, https:\/\/www.vegaintro-projekti.com\/pilar-stari\/wp-content\/uploads\/2025\/12\/IMB_0-213x300.jpg 213w\" sizes=\"(max-width: 620px) 100vw, 620px\" \/><\/a><\/p>\n<blockquote><p><a href=\"https:\/\/www.vegaintro-projekti.com\/pilar-stari\/2024\/04\/projekt-nextgenderhr-promjene-rodnih-odnosa-u-hrvatskoj\/\">Projekt NextGenderHR<\/a><\/p>\n<p><a href=\"https:\/\/www.vegaintro-projekti.com\/pilar-stari\/2010\/07\/podruni-centar-split-2\/\">Podru\u010dni centar Split<\/a><\/p><\/blockquote>\n","protected":false},"excerpt":{"rendered":"<p>Voditeljica projekta NextGenderHR dr. sc. Jadranka Rebeka Ani\u0107 i vanjska suradnica na projektu izv. prof. Zilka Spahi\u0107-\u0160iljak odr\u017eale su 20. studenoga. 2025. godine pozvano javno predavanje \u201eWie die Naturalisierung von Geschlechterstereotypen zu deren Best\u00e4ndigkeit beitr\u00e4gt\u201c (\u201eKako naturalizacija rodnih stereotipa pridonosi njihovoj trajnosti\u201c) na Katoli\u010dkom teolo\u0161kom fakultetu Sveu\u010dili\u0161ta u Innsbrucku U sklopu radionice Zum Stand der&hellip; <a class=\"continue\" href=\"https:\/\/www.vegaintro-projekti.com\/pilar-stari\/2025\/12\/dr-sc-jadranka-rebeka-anic-i-izv-prof-zilka-spahic-siljak-u-sklopu-projekta-nextgenderhr-izlagale-na-sveucilistu-u-innsbrucku-20-21-11-2025\/\">Pro\u010ditaj vi\u0161e o<span> Dr. sc. Jadranka Rebeka Ani\u0107 i izv. prof. Zilka Spahi\u0107-\u0160iljak u sklopu projekta NextGenderHR izlagale na Sveu\u010dili\u0161tu u Innsbrucku,  20.\u201321. 11. 2025.<\/span><\/a><\/p>\n","protected":false},"author":7,"featured_media":37009,"comment_status":"closed","ping_status":"closed","sticky":false,"template":"","format":"standard","meta":{"inline_featured_image":false,"ngg_post_thumbnail":0,"footnotes":""},"categories":[48,29],"tags":[],"yoast_head":"<!-- This site is optimized with the Yoast SEO plugin v21.2 - https:\/\/yoast.com\/wordpress\/plugins\/seo\/ -->\n<title>Dr. sc. Jadranka Rebeka Ani\u0107 i izv. prof. Zilka Spahi\u0107-\u0160iljak u sklopu projekta NextGenderHR izlagale na Sveu\u010dili\u0161tu u Innsbrucku, 20.\u201321. 11. 2025. - Institut dru&scaron;tvenih znanosti Ivo Pilar<\/title>\n<meta name=\"robots\" content=\"noindex, follow, max-snippet:-1, max-image-preview:large, max-video-preview:-1\" \/>\n<meta property=\"og:locale\" content=\"hr_HR\" \/>\n<meta property=\"og:type\" content=\"article\" \/>\n<meta property=\"og:title\" content=\"Dr. sc. Jadranka Rebeka Ani\u0107 i izv. prof. Zilka Spahi\u0107-\u0160iljak u sklopu projekta NextGenderHR izlagale na Sveu\u010dili\u0161tu u Innsbrucku, 20.\u201321. 11. 2025. - Institut dru&scaron;tvenih znanosti Ivo Pilar\" \/>\n<meta property=\"og:description\" content=\"Voditeljica projekta NextGenderHR dr. sc. Jadranka Rebeka Ani\u0107 i vanjska suradnica na projektu izv. prof. Zilka Spahi\u0107-\u0160iljak odr\u017eale su 20. studenoga. 2025. godine pozvano javno predavanje \u201eWie die Naturalisierung von Geschlechterstereotypen zu deren Best\u00e4ndigkeit beitr\u00e4gt\u201c (\u201eKako naturalizacija rodnih stereotipa pridonosi njihovoj trajnosti\u201c) na Katoli\u010dkom teolo\u0161kom fakultetu Sveu\u010dili\u0161ta u Innsbrucku U sklopu radionice Zum Stand der&hellip; Pro\u010ditaj vi\u0161e o Dr. sc. Jadranka Rebeka Ani\u0107 i izv. prof. Zilka Spahi\u0107-\u0160iljak u sklopu projekta NextGenderHR izlagale na Sveu\u010dili\u0161tu u Innsbrucku, 20.\u201321. 11. 2025.\" \/>\n<meta property=\"og:url\" content=\"https:\/\/www.vegaintro-projekti.com\/pilar-stari\/2025\/12\/dr-sc-jadranka-rebeka-anic-i-izv-prof-zilka-spahic-siljak-u-sklopu-projekta-nextgenderhr-izlagale-na-sveucilistu-u-innsbrucku-20-21-11-2025\/\" \/>\n<meta property=\"og:site_name\" content=\"Institut dru&scaron;tvenih znanosti Ivo Pilar\" \/>\n<meta property=\"article:published_time\" content=\"2025-12-09T11:28:37+00:00\" \/>\n<meta property=\"article:modified_time\" content=\"2025-12-14T16:09:28+00:00\" \/>\n<meta property=\"og:image\" content=\"https:\/\/www.vegaintro-projekti.com\/pilar-stari\/wp-content\/uploads\/2025\/12\/IMG_2fi.jpg\" \/>\n\t<meta property=\"og:image:width\" content=\"498\" \/>\n\t<meta property=\"og:image:height\" content=\"221\" \/>\n\t<meta property=\"og:image:type\" content=\"image\/jpeg\" \/>\n<meta name=\"author\" content=\"Boris\" \/>\n<meta name=\"twitter:card\" content=\"summary_large_image\" \/>\n<meta name=\"twitter:label1\" content=\"Napisao\/la\" \/>\n\t<meta name=\"twitter:data1\" content=\"Boris\" \/>\n\t<meta name=\"twitter:label2\" content=\"Procijenjeno vrijeme \u010ditanja\" \/>\n\t<meta name=\"twitter:data2\" content=\"2 minute\" \/>\n<script type=\"application\/ld+json\" class=\"yoast-schema-graph\">{\"@context\":\"https:\/\/schema.org\",\"@graph\":[{\"@type\":\"WebPage\",\"@id\":\"https:\/\/www.vegaintro-projekti.com\/pilar-stari\/2025\/12\/dr-sc-jadranka-rebeka-anic-i-izv-prof-zilka-spahic-siljak-u-sklopu-projekta-nextgenderhr-izlagale-na-sveucilistu-u-innsbrucku-20-21-11-2025\/\",\"url\":\"https:\/\/www.vegaintro-projekti.com\/pilar-stari\/2025\/12\/dr-sc-jadranka-rebeka-anic-i-izv-prof-zilka-spahic-siljak-u-sklopu-projekta-nextgenderhr-izlagale-na-sveucilistu-u-innsbrucku-20-21-11-2025\/\",\"name\":\"Dr. sc. Jadranka Rebeka Ani\u0107 i izv. prof. Zilka Spahi\u0107-\u0160iljak u sklopu projekta NextGenderHR izlagale na Sveu\u010dili\u0161tu u Innsbrucku, 20.\u201321. 11. 2025. - Institut dru&scaron;tvenih znanosti Ivo Pilar\",\"isPartOf\":{\"@id\":\"https:\/\/www.vegaintro-projekti.com\/pilar-stari\/#website\"},\"datePublished\":\"2025-12-09T11:28:37+00:00\",\"dateModified\":\"2025-12-14T16:09:28+00:00\",\"author\":{\"@id\":\"https:\/\/www.vegaintro-projekti.com\/pilar-stari\/#\/schema\/person\/ddd404c9f1e15e4ffef5986ac6a5d28b\"},\"breadcrumb\":{\"@id\":\"https:\/\/www.vegaintro-projekti.com\/pilar-stari\/2025\/12\/dr-sc-jadranka-rebeka-anic-i-izv-prof-zilka-spahic-siljak-u-sklopu-projekta-nextgenderhr-izlagale-na-sveucilistu-u-innsbrucku-20-21-11-2025\/#breadcrumb\"},\"inLanguage\":\"hr\",\"potentialAction\":[{\"@type\":\"ReadAction\",\"target\":[\"https:\/\/www.vegaintro-projekti.com\/pilar-stari\/2025\/12\/dr-sc-jadranka-rebeka-anic-i-izv-prof-zilka-spahic-siljak-u-sklopu-projekta-nextgenderhr-izlagale-na-sveucilistu-u-innsbrucku-20-21-11-2025\/\"]}]},{\"@type\":\"BreadcrumbList\",\"@id\":\"https:\/\/www.vegaintro-projekti.com\/pilar-stari\/2025\/12\/dr-sc-jadranka-rebeka-anic-i-izv-prof-zilka-spahic-siljak-u-sklopu-projekta-nextgenderhr-izlagale-na-sveucilistu-u-innsbrucku-20-21-11-2025\/#breadcrumb\",\"itemListElement\":[{\"@type\":\"ListItem\",\"position\":1,\"name\":\"Home\",\"item\":\"https:\/\/www.vegaintro-projekti.com\/pilar-stari\/\"},{\"@type\":\"ListItem\",\"position\":2,\"name\":\"Dr. sc. Jadranka Rebeka Ani\u0107 i izv. prof. Zilka Spahi\u0107-\u0160iljak u sklopu projekta NextGenderHR izlagale na Sveu\u010dili\u0161tu u Innsbrucku, 20.\u201321. 11. 2025.\"}]},{\"@type\":\"WebSite\",\"@id\":\"https:\/\/www.vegaintro-projekti.com\/pilar-stari\/#website\",\"url\":\"https:\/\/www.vegaintro-projekti.com\/pilar-stari\/\",\"name\":\"Institut dru&scaron;tvenih znanosti Ivo Pilar\",\"description\":\"Pilar\",\"potentialAction\":[{\"@type\":\"SearchAction\",\"target\":{\"@type\":\"EntryPoint\",\"urlTemplate\":\"https:\/\/www.vegaintro-projekti.com\/pilar-stari\/?s={search_term_string}\"},\"query-input\":\"required name=search_term_string\"}],\"inLanguage\":\"hr\"},{\"@type\":\"Person\",\"@id\":\"https:\/\/www.vegaintro-projekti.com\/pilar-stari\/#\/schema\/person\/ddd404c9f1e15e4ffef5986ac6a5d28b\",\"name\":\"Boris\",\"image\":{\"@type\":\"ImageObject\",\"inLanguage\":\"hr\",\"@id\":\"https:\/\/www.vegaintro-projekti.com\/pilar-stari\/#\/schema\/person\/image\/\",\"url\":\"https:\/\/secure.gravatar.com\/avatar\/29557b161a6ce6ab86ac1503164f1e90?s=96&d=mm&r=g\",\"contentUrl\":\"https:\/\/secure.gravatar.com\/avatar\/29557b161a6ce6ab86ac1503164f1e90?s=96&d=mm&r=g\",\"caption\":\"Boris\"},\"url\":\"https:\/\/www.vegaintro-projekti.com\/pilar-stari\/author\/boris\/\"}]}<\/script>\n<!-- \/ Yoast SEO plugin. -->","yoast_head_json":{"title":"Dr. sc. Jadranka Rebeka Ani\u0107 i izv. prof. Zilka Spahi\u0107-\u0160iljak u sklopu projekta NextGenderHR izlagale na Sveu\u010dili\u0161tu u Innsbrucku, 20.\u201321. 11. 2025. - Institut dru&scaron;tvenih znanosti Ivo Pilar","robots":{"index":"noindex","follow":"follow","max-snippet":"max-snippet:-1","max-image-preview":"max-image-preview:large","max-video-preview":"max-video-preview:-1"},"og_locale":"hr_HR","og_type":"article","og_title":"Dr. sc. Jadranka Rebeka Ani\u0107 i izv. prof. Zilka Spahi\u0107-\u0160iljak u sklopu projekta NextGenderHR izlagale na Sveu\u010dili\u0161tu u Innsbrucku, 20.\u201321. 11. 2025. - Institut dru&scaron;tvenih znanosti Ivo Pilar","og_description":"Voditeljica projekta NextGenderHR dr. sc. Jadranka Rebeka Ani\u0107 i vanjska suradnica na projektu izv. prof. Zilka Spahi\u0107-\u0160iljak odr\u017eale su 20. studenoga. 2025. godine pozvano javno predavanje \u201eWie die Naturalisierung von Geschlechterstereotypen zu deren Best\u00e4ndigkeit beitr\u00e4gt\u201c (\u201eKako naturalizacija rodnih stereotipa pridonosi njihovoj trajnosti\u201c) na Katoli\u010dkom teolo\u0161kom fakultetu Sveu\u010dili\u0161ta u Innsbrucku U sklopu radionice Zum Stand der&hellip; Pro\u010ditaj vi\u0161e o Dr. sc. Jadranka Rebeka Ani\u0107 i izv. prof. Zilka Spahi\u0107-\u0160iljak u sklopu projekta NextGenderHR izlagale na Sveu\u010dili\u0161tu u Innsbrucku, 20.\u201321. 11. 2025.","og_url":"https:\/\/www.vegaintro-projekti.com\/pilar-stari\/2025\/12\/dr-sc-jadranka-rebeka-anic-i-izv-prof-zilka-spahic-siljak-u-sklopu-projekta-nextgenderhr-izlagale-na-sveucilistu-u-innsbrucku-20-21-11-2025\/","og_site_name":"Institut dru&scaron;tvenih znanosti Ivo Pilar","article_published_time":"2025-12-09T11:28:37+00:00","article_modified_time":"2025-12-14T16:09:28+00:00","og_image":[{"width":498,"height":221,"url":"https:\/\/www.vegaintro-projekti.com\/pilar-stari\/wp-content\/uploads\/2025\/12\/IMG_2fi.jpg","type":"image\/jpeg"}],"author":"Boris","twitter_card":"summary_large_image","twitter_misc":{"Napisao\/la":"Boris","Procijenjeno vrijeme \u010ditanja":"2 minute"},"schema":{"@context":"https:\/\/schema.org","@graph":[{"@type":"WebPage","@id":"https:\/\/www.vegaintro-projekti.com\/pilar-stari\/2025\/12\/dr-sc-jadranka-rebeka-anic-i-izv-prof-zilka-spahic-siljak-u-sklopu-projekta-nextgenderhr-izlagale-na-sveucilistu-u-innsbrucku-20-21-11-2025\/","url":"https:\/\/www.vegaintro-projekti.com\/pilar-stari\/2025\/12\/dr-sc-jadranka-rebeka-anic-i-izv-prof-zilka-spahic-siljak-u-sklopu-projekta-nextgenderhr-izlagale-na-sveucilistu-u-innsbrucku-20-21-11-2025\/","name":"Dr. sc. Jadranka Rebeka Ani\u0107 i izv. prof. Zilka Spahi\u0107-\u0160iljak u sklopu projekta NextGenderHR izlagale na Sveu\u010dili\u0161tu u Innsbrucku, 20.\u201321. 11. 2025. - Institut dru&scaron;tvenih znanosti Ivo Pilar","isPartOf":{"@id":"https:\/\/www.vegaintro-projekti.com\/pilar-stari\/#website"},"datePublished":"2025-12-09T11:28:37+00:00","dateModified":"2025-12-14T16:09:28+00:00","author":{"@id":"https:\/\/www.vegaintro-projekti.com\/pilar-stari\/#\/schema\/person\/ddd404c9f1e15e4ffef5986ac6a5d28b"},"breadcrumb":{"@id":"https:\/\/www.vegaintro-projekti.com\/pilar-stari\/2025\/12\/dr-sc-jadranka-rebeka-anic-i-izv-prof-zilka-spahic-siljak-u-sklopu-projekta-nextgenderhr-izlagale-na-sveucilistu-u-innsbrucku-20-21-11-2025\/#breadcrumb"},"inLanguage":"hr","potentialAction":[{"@type":"ReadAction","target":["https:\/\/www.vegaintro-projekti.com\/pilar-stari\/2025\/12\/dr-sc-jadranka-rebeka-anic-i-izv-prof-zilka-spahic-siljak-u-sklopu-projekta-nextgenderhr-izlagale-na-sveucilistu-u-innsbrucku-20-21-11-2025\/"]}]},{"@type":"BreadcrumbList","@id":"https:\/\/www.vegaintro-projekti.com\/pilar-stari\/2025\/12\/dr-sc-jadranka-rebeka-anic-i-izv-prof-zilka-spahic-siljak-u-sklopu-projekta-nextgenderhr-izlagale-na-sveucilistu-u-innsbrucku-20-21-11-2025\/#breadcrumb","itemListElement":[{"@type":"ListItem","position":1,"name":"Home","item":"https:\/\/www.vegaintro-projekti.com\/pilar-stari\/"},{"@type":"ListItem","position":2,"name":"Dr. sc. Jadranka Rebeka Ani\u0107 i izv. prof. Zilka Spahi\u0107-\u0160iljak u sklopu projekta NextGenderHR izlagale na Sveu\u010dili\u0161tu u Innsbrucku, 20.\u201321. 11. 2025."}]},{"@type":"WebSite","@id":"https:\/\/www.vegaintro-projekti.com\/pilar-stari\/#website","url":"https:\/\/www.vegaintro-projekti.com\/pilar-stari\/","name":"Institut dru&scaron;tvenih znanosti Ivo Pilar","description":"Pilar","potentialAction":[{"@type":"SearchAction","target":{"@type":"EntryPoint","urlTemplate":"https:\/\/www.vegaintro-projekti.com\/pilar-stari\/?s={search_term_string}"},"query-input":"required name=search_term_string"}],"inLanguage":"hr"},{"@type":"Person","@id":"https:\/\/www.vegaintro-projekti.com\/pilar-stari\/#\/schema\/person\/ddd404c9f1e15e4ffef5986ac6a5d28b","name":"Boris","image":{"@type":"ImageObject","inLanguage":"hr","@id":"https:\/\/www.vegaintro-projekti.com\/pilar-stari\/#\/schema\/person\/image\/","url":"https:\/\/secure.gravatar.com\/avatar\/29557b161a6ce6ab86ac1503164f1e90?s=96&d=mm&r=g","contentUrl":"https:\/\/secure.gravatar.com\/avatar\/29557b161a6ce6ab86ac1503164f1e90?s=96&d=mm&r=g","caption":"Boris"},"url":"https:\/\/www.vegaintro-projekti.com\/pilar-stari\/author\/boris\/"}]}},"_links":{"self":[{"href":"https:\/\/www.vegaintro-projekti.com\/pilar-stari\/wp-json\/wp\/v2\/posts\/37012"}],"collection":[{"href":"https:\/\/www.vegaintro-projekti.com\/pilar-stari\/wp-json\/wp\/v2\/posts"}],"about":[{"href":"https:\/\/www.vegaintro-projekti.com\/pilar-stari\/wp-json\/wp\/v2\/types\/post"}],"author":[{"embeddable":true,"href":"https:\/\/www.vegaintro-projekti.com\/pilar-stari\/wp-json\/wp\/v2\/users\/7"}],"replies":[{"embeddable":true,"href":"https:\/\/www.vegaintro-projekti.com\/pilar-stari\/wp-json\/wp\/v2\/comments?post=37012"}],"version-history":[{"count":5,"href":"https:\/\/www.vegaintro-projekti.com\/pilar-stari\/wp-json\/wp\/v2\/posts\/37012\/revisions"}],"predecessor-version":[{"id":37017,"href":"https:\/\/www.vegaintro-projekti.com\/pilar-stari\/wp-json\/wp\/v2\/posts\/37012\/revisions\/37017"}],"wp:featuredmedia":[{"embeddable":true,"href":"https:\/\/www.vegaintro-projekti.com\/pilar-stari\/wp-json\/wp\/v2\/media\/37009"}],"wp:attachment":[{"href":"https:\/\/www.vegaintro-projekti.com\/pilar-stari\/wp-json\/wp\/v2\/media?parent=37012"}],"wp:term":[{"taxonomy":"category","embeddable":true,"href":"https:\/\/www.vegaintro-projekti.com\/pilar-stari\/wp-json\/wp\/v2\/categories?post=37012"},{"taxonomy":"post_tag","embeddable":true,"href":"https:\/\/www.vegaintro-projekti.com\/pilar-stari\/wp-json\/wp\/v2\/tags?post=37012"}],"curies":[{"name":"wp","href":"https:\/\/api.w.org\/{rel}","templated":true}]}}