{"id":375,"date":"2011-05-19T20:06:22","date_gmt":"2011-05-19T20:06:22","guid":{"rendered":"https:\/\/www.vegaintro-projekti.com\/pilar-stari\/2011\/05\/19\/prva-tribina-u-vukovaru-20-godina-istraivanja-instituta-pilar\/"},"modified":"2017-12-07T17:51:35","modified_gmt":"2017-12-07T17:51:35","slug":"prva-tribina-u-vukovaru-20-godina-istraivanja-instituta-pilar","status":"publish","type":"post","link":"https:\/\/www.vegaintro-projekti.com\/pilar-stari\/2011\/05\/prva-tribina-u-vukovaru-20-godina-istraivanja-instituta-pilar\/","title":{"rendered":"Prva tribina u Vukovaru: 20 GODINA ISTRA\u017dIVANJA INSTITUTA PILAR"},"content":{"rendered":"<p><strong>U Kongresnoj dvorani Ru\u017ei\u010dkine ku\u0107e u Vukovaru odr\u017eana je 13. svibnja 2011. godine prva tribina &#8220;Dvadeset godina istra\u017eivanja Instituta Pilar&#8221;, na kojoj su govorili: dr. sc. Zlatko Matijevi\u0107 i dr. sc. Zlatko Hasanbegovi\u0107 o temi: &#8220;Ivo Pilar i moderni europski identitet&#8221; te dr. sc. Vlado \u0160aki\u0107 o temi: &#8220;Hrvatski identitet u europskom kontekstu&#8221;<\/strong><br \/>\u00a0<\/p>\n<table border=\"0\">\n<tbody>\n<tr>\n<td>\n<p><img decoding=\"async\" loading=\"lazy\" height=\"235\" width=\"293\" src=\"https:\/\/www.vegaintro-projekti.com\/pilar-stari\/wp-content\/images\/stories\/fotografije\/pc_vukovar\/tribina1_0a.jpg\" alt=\"tribina1_0a\" \/><\/p>\n<\/td>\n<td valign=\"bottom\">\n<div><span><span><em>Kroz cijelu 2011., dijelom i kroz 2012. godinu, u svim podru\u010dnim centrima Instituta Pilar, znanstvenici iz Pilara govorit\u00a0\u0107e\u00a0o aktualnim dru\u0161tvenim, ekonomskim, demografskim, povijesnim, socio-psiholo\u0161kim, obiteljskim, razvojnim, odgojno-obrazovnim i drugim temama koje s u\u00a0proteklih dvadeset godina bile sastavnicom znanstveno-istra\u017eiva\u010dkih projekata Instituta<\/em><br \/><span style=\"font-size: 8pt;\"><br \/><\/span><\/span><\/span><\/div>\n<\/td>\n<\/tr>\n<\/tbody>\n<\/table>\n<p>\u00a0<span style=\"font-size: 8pt;\"><strong>Dr. sc. Vlado \u0160aki\u0107, ravnatelj Instituta Ivo Pilar u Vukovaru o hrvatskom identitetu u europskom kontekstu<\/strong><\/span><\/p>\n<table border=\"0\">\n<tbody>\n<tr>\n<td>\n<p><img decoding=\"async\" loading=\"lazy\" height=\"259\" width=\"194\" src=\"https:\/\/www.vegaintro-projekti.com\/pilar-stari\/wp-content\/images\/stories\/fotografije\/pc_vukovar\/tribina1_1a.jpg\" alt=\"tribina1_1a\" \/><\/p>\n<\/td>\n<td>\n<p><img decoding=\"async\" loading=\"lazy\" height=\"259\" width=\"194\" src=\"https:\/\/www.vegaintro-projekti.com\/pilar-stari\/wp-content\/images\/stories\/fotografije\/pc_vukovar\/tribina1_2a.jpg\" alt=\"tribina1_2a\" \/><\/p>\n<\/td>\n<td>\n<p><img decoding=\"async\" loading=\"lazy\" height=\"259\" width=\"194\" src=\"https:\/\/www.vegaintro-projekti.com\/pilar-stari\/wp-content\/images\/stories\/fotografije\/pc_vukovar\/tribina1_3a.jpg\" alt=\"tribina1_3a\" \/><\/p>\n<\/td>\n<\/tr>\n<\/tbody>\n<\/table>\n<p><strong><span style=\"font-size: 8pt;\">Dr. sc. Dra\u017een \u017divi\u0107, dr. sc. Zlatko Matijevi\u0107 i dr. sc. Zlatko Hasanbegovi\u0107 na tribini u povodu 20 godina Instituta Pilar<\/span><\/strong><\/p>\n<p>&#8211; <a href=\"https:\/\/www.vegaintro-projekti.com\/pilar-stari\/wp-content\/images\/stories\/fotografije\/pc_vukovar\/1.tribina_vu_program.jpg\">Program tribine<\/a><\/p>\n<p>Tribina je odr\u017eana u organizaciji Podru\u010dnoga centra Instituta Pilar u Vukovaru, a u suradnji s Hrvatskim pedago\u0161ko knji\u017eevnim zborom &#8211; ogranak u Vukovarsko-srijemskoj \u017eupaniji, Ogrankom Matice hrvatske Vukovar te Javnom ustanovom u kulturi Hrvatski dom Vukovar.<\/p>\n<p>Pozdravljaju\u0107i brojne nazo\u010dne voditelj vukovarskog podru\u010dnog centra Instituta Pilar dr. sc. Dra\u017een \u017divi\u0107, me\u0111u ostalim, je naglasio da \u0107e kroz cijelu 2011., dijelom i kroz 2012. godinu, u svim podru\u010dnim centrima Instituta Pilar, znanstvenici iz Pilara govoriti o aktualnim dru\u0161tvenim, ekonomskim, demografskim, povijesnim, socio-psiholo\u0161kim, obiteljskim, razvojnim, odgojno-obrazovnim i drugim temama koje su u proteklih dvadeset godina bile sastavnicom znanstveno-istra\u017eiva\u010dkih projekata Instituta. Zajedni\u010dka nam je \u017eelja da s ovim tribinama otvorimo jo\u0161 jedan &#8220;komunikacijski&#8221; kanal izme\u0111u Instituta Pilar i drugih institucija, ustanova, udruga i pojedinaca koje se u Gradu Vukovaru i Vukovarsko-srijemskoj \u017eupaniji bave dru\u0161tvenim temama u naj\u0161irem smislu te rije\u010di.<\/p>\n<p>Druga tribina je najavljena za 10. lipnja, a o tome za\u0161to je hrvatsko dru\u0161tvo zaostalo u razvoju govorit \u0107e dr. sc. Kre\u0161imir Pera\u010dkovi\u0107. &gt;&gt;&gt; <a href=\"https:\/\/www.vegaintro-projekti.com\/pilar-stari\/2011\/06\/2-tribina-u-vukovaru-zato-je-hrvatsko-drutvo-zaostalo-u-razvoju\/\">Druga tribina&#8230;<\/a><\/p>\n<p>&#8211; <a href=\"https:\/\/www.vegaintro-projekti.com\/pilar-stari\/2010\/07\/podruni-centar-vukovar-2\/\">Podru\u010dni centar Vukovar<\/a><\/p>\n<p>\u00a0<\/p>\n","protected":false},"excerpt":{"rendered":"<p>U Kongresnoj dvorani Ru\u017ei\u010dkine ku\u0107e u Vukovaru odr\u017eana je 13. svibnja 2011. godine prva tribina &#8220;Dvadeset godina istra\u017eivanja Instituta Pilar&#8221;, na kojoj su govorili: dr. sc. Zlatko Matijevi\u0107 i dr. sc. Zlatko Hasanbegovi\u0107 o temi: &#8220;Ivo Pilar i moderni europski identitet&#8221; te dr. sc. Vlado \u0160aki\u0107 o temi: &#8220;Hrvatski identitet u europskom kontekstu&#8221;\u00a0 Kroz cijelu&hellip; <a class=\"continue\" href=\"https:\/\/www.vegaintro-projekti.com\/pilar-stari\/2011\/05\/prva-tribina-u-vukovaru-20-godina-istraivanja-instituta-pilar\/\">Pro\u010ditaj vi\u0161e o<span> Prva tribina u Vukovaru: 20 GODINA ISTRA\u017dIVANJA INSTITUTA PILAR<\/span><\/a><\/p>\n","protected":false},"author":1,"featured_media":0,"comment_status":"open","ping_status":"open","sticky":false,"template":"","format":"standard","meta":{"inline_featured_image":false,"ngg_post_thumbnail":0,"footnotes":""},"categories":[11],"tags":[],"yoast_head":"<!-- This site is optimized with the Yoast SEO plugin v21.2 - https:\/\/yoast.com\/wordpress\/plugins\/seo\/ -->\n<title>Prva tribina u Vukovaru: 20 GODINA ISTRA\u017dIVANJA INSTITUTA PILAR - Institut dru&scaron;tvenih znanosti Ivo Pilar<\/title>\n<meta name=\"robots\" content=\"noindex, follow, max-snippet:-1, max-image-preview:large, max-video-preview:-1\" \/>\n<meta property=\"og:locale\" content=\"hr_HR\" \/>\n<meta property=\"og:type\" content=\"article\" \/>\n<meta property=\"og:title\" content=\"Prva tribina u Vukovaru: 20 GODINA ISTRA\u017dIVANJA INSTITUTA PILAR - Institut dru&scaron;tvenih znanosti Ivo Pilar\" \/>\n<meta property=\"og:description\" content=\"U Kongresnoj dvorani Ru\u017ei\u010dkine ku\u0107e u Vukovaru odr\u017eana je 13. svibnja 2011. godine prva tribina &#8220;Dvadeset godina istra\u017eivanja Instituta Pilar&#8221;, na kojoj su govorili: dr. sc. Zlatko Matijevi\u0107 i dr. sc. Zlatko Hasanbegovi\u0107 o temi: &#8220;Ivo Pilar i moderni europski identitet&#8221; te dr. sc. Vlado \u0160aki\u0107 o temi: &#8220;Hrvatski identitet u europskom kontekstu&#8221;\u00a0 Kroz cijelu&hellip; Pro\u010ditaj vi\u0161e o Prva tribina u Vukovaru: 20 GODINA ISTRA\u017dIVANJA INSTITUTA PILAR\" \/>\n<meta property=\"og:url\" content=\"https:\/\/www.vegaintro-projekti.com\/pilar-stari\/2011\/05\/prva-tribina-u-vukovaru-20-godina-istraivanja-instituta-pilar\/\" \/>\n<meta property=\"og:site_name\" content=\"Institut dru&scaron;tvenih znanosti Ivo Pilar\" \/>\n<meta property=\"article:published_time\" content=\"2011-05-19T20:06:22+00:00\" \/>\n<meta property=\"article:modified_time\" content=\"2017-12-07T17:51:35+00:00\" \/>\n<meta property=\"og:image\" content=\"https:\/\/www.vegaintro-projekti.com\/pilar-stari\/wp-content\/images\/stories\/fotografije\/pc_vukovar\/tribina1_0a.jpg\" \/>\n<meta name=\"author\" content=\"pilar-admin\" \/>\n<meta name=\"twitter:card\" content=\"summary_large_image\" \/>\n<meta name=\"twitter:label1\" content=\"Napisao\/la\" \/>\n\t<meta name=\"twitter:data1\" content=\"pilar-admin\" \/>\n\t<meta name=\"twitter:label2\" content=\"Procijenjeno vrijeme \u010ditanja\" \/>\n\t<meta name=\"twitter:data2\" content=\"2 minute\" \/>\n<script type=\"application\/ld+json\" class=\"yoast-schema-graph\">{\"@context\":\"https:\/\/schema.org\",\"@graph\":[{\"@type\":\"WebPage\",\"@id\":\"https:\/\/www.vegaintro-projekti.com\/pilar-stari\/2011\/05\/prva-tribina-u-vukovaru-20-godina-istraivanja-instituta-pilar\/\",\"url\":\"https:\/\/www.vegaintro-projekti.com\/pilar-stari\/2011\/05\/prva-tribina-u-vukovaru-20-godina-istraivanja-instituta-pilar\/\",\"name\":\"Prva tribina u Vukovaru: 20 GODINA ISTRA\u017dIVANJA INSTITUTA PILAR - Institut dru&scaron;tvenih znanosti Ivo Pilar\",\"isPartOf\":{\"@id\":\"https:\/\/www.vegaintro-projekti.com\/pilar-stari\/#website\"},\"datePublished\":\"2011-05-19T20:06:22+00:00\",\"dateModified\":\"2017-12-07T17:51:35+00:00\",\"author\":{\"@id\":\"https:\/\/www.vegaintro-projekti.com\/pilar-stari\/#\/schema\/person\/c0db50ebd77c4409e19b18044bbf10c1\"},\"breadcrumb\":{\"@id\":\"https:\/\/www.vegaintro-projekti.com\/pilar-stari\/2011\/05\/prva-tribina-u-vukovaru-20-godina-istraivanja-instituta-pilar\/#breadcrumb\"},\"inLanguage\":\"hr\",\"potentialAction\":[{\"@type\":\"ReadAction\",\"target\":[\"https:\/\/www.vegaintro-projekti.com\/pilar-stari\/2011\/05\/prva-tribina-u-vukovaru-20-godina-istraivanja-instituta-pilar\/\"]}]},{\"@type\":\"BreadcrumbList\",\"@id\":\"https:\/\/www.vegaintro-projekti.com\/pilar-stari\/2011\/05\/prva-tribina-u-vukovaru-20-godina-istraivanja-instituta-pilar\/#breadcrumb\",\"itemListElement\":[{\"@type\":\"ListItem\",\"position\":1,\"name\":\"Home\",\"item\":\"https:\/\/www.vegaintro-projekti.com\/pilar-stari\/\"},{\"@type\":\"ListItem\",\"position\":2,\"name\":\"Prva tribina u Vukovaru: 20 GODINA ISTRA\u017dIVANJA INSTITUTA PILAR\"}]},{\"@type\":\"WebSite\",\"@id\":\"https:\/\/www.vegaintro-projekti.com\/pilar-stari\/#website\",\"url\":\"https:\/\/www.vegaintro-projekti.com\/pilar-stari\/\",\"name\":\"Institut dru&scaron;tvenih znanosti Ivo Pilar\",\"description\":\"Pilar\",\"potentialAction\":[{\"@type\":\"SearchAction\",\"target\":{\"@type\":\"EntryPoint\",\"urlTemplate\":\"https:\/\/www.vegaintro-projekti.com\/pilar-stari\/?s={search_term_string}\"},\"query-input\":\"required name=search_term_string\"}],\"inLanguage\":\"hr\"},{\"@type\":\"Person\",\"@id\":\"https:\/\/www.vegaintro-projekti.com\/pilar-stari\/#\/schema\/person\/c0db50ebd77c4409e19b18044bbf10c1\",\"name\":\"pilar-admin\",\"image\":{\"@type\":\"ImageObject\",\"inLanguage\":\"hr\",\"@id\":\"https:\/\/www.vegaintro-projekti.com\/pilar-stari\/#\/schema\/person\/image\/\",\"url\":\"https:\/\/secure.gravatar.com\/avatar\/fac9e03c4db0011b9c1ad8b5e9c74b8c?s=96&d=mm&r=g\",\"contentUrl\":\"https:\/\/secure.gravatar.com\/avatar\/fac9e03c4db0011b9c1ad8b5e9c74b8c?s=96&d=mm&r=g\",\"caption\":\"pilar-admin\"},\"url\":\"https:\/\/www.vegaintro-projekti.com\/pilar-stari\/author\/pilar-admin\/\"}]}<\/script>\n<!-- \/ Yoast SEO plugin. -->","yoast_head_json":{"title":"Prva tribina u Vukovaru: 20 GODINA ISTRA\u017dIVANJA INSTITUTA PILAR - Institut dru&scaron;tvenih znanosti Ivo Pilar","robots":{"index":"noindex","follow":"follow","max-snippet":"max-snippet:-1","max-image-preview":"max-image-preview:large","max-video-preview":"max-video-preview:-1"},"og_locale":"hr_HR","og_type":"article","og_title":"Prva tribina u Vukovaru: 20 GODINA ISTRA\u017dIVANJA INSTITUTA PILAR - Institut dru&scaron;tvenih znanosti Ivo Pilar","og_description":"U Kongresnoj dvorani Ru\u017ei\u010dkine ku\u0107e u Vukovaru odr\u017eana je 13. svibnja 2011. godine prva tribina &#8220;Dvadeset godina istra\u017eivanja Instituta Pilar&#8221;, na kojoj su govorili: dr. sc. Zlatko Matijevi\u0107 i dr. sc. Zlatko Hasanbegovi\u0107 o temi: &#8220;Ivo Pilar i moderni europski identitet&#8221; te dr. sc. Vlado \u0160aki\u0107 o temi: &#8220;Hrvatski identitet u europskom kontekstu&#8221;\u00a0 Kroz cijelu&hellip; Pro\u010ditaj vi\u0161e o Prva tribina u Vukovaru: 20 GODINA ISTRA\u017dIVANJA INSTITUTA PILAR","og_url":"https:\/\/www.vegaintro-projekti.com\/pilar-stari\/2011\/05\/prva-tribina-u-vukovaru-20-godina-istraivanja-instituta-pilar\/","og_site_name":"Institut dru&scaron;tvenih znanosti Ivo Pilar","article_published_time":"2011-05-19T20:06:22+00:00","article_modified_time":"2017-12-07T17:51:35+00:00","og_image":[{"url":"https:\/\/www.vegaintro-projekti.com\/pilar-stari\/wp-content\/images\/stories\/fotografije\/pc_vukovar\/tribina1_0a.jpg"}],"author":"pilar-admin","twitter_card":"summary_large_image","twitter_misc":{"Napisao\/la":"pilar-admin","Procijenjeno vrijeme \u010ditanja":"2 minute"},"schema":{"@context":"https:\/\/schema.org","@graph":[{"@type":"WebPage","@id":"https:\/\/www.vegaintro-projekti.com\/pilar-stari\/2011\/05\/prva-tribina-u-vukovaru-20-godina-istraivanja-instituta-pilar\/","url":"https:\/\/www.vegaintro-projekti.com\/pilar-stari\/2011\/05\/prva-tribina-u-vukovaru-20-godina-istraivanja-instituta-pilar\/","name":"Prva tribina u Vukovaru: 20 GODINA ISTRA\u017dIVANJA INSTITUTA PILAR - Institut dru&scaron;tvenih znanosti Ivo Pilar","isPartOf":{"@id":"https:\/\/www.vegaintro-projekti.com\/pilar-stari\/#website"},"datePublished":"2011-05-19T20:06:22+00:00","dateModified":"2017-12-07T17:51:35+00:00","author":{"@id":"https:\/\/www.vegaintro-projekti.com\/pilar-stari\/#\/schema\/person\/c0db50ebd77c4409e19b18044bbf10c1"},"breadcrumb":{"@id":"https:\/\/www.vegaintro-projekti.com\/pilar-stari\/2011\/05\/prva-tribina-u-vukovaru-20-godina-istraivanja-instituta-pilar\/#breadcrumb"},"inLanguage":"hr","potentialAction":[{"@type":"ReadAction","target":["https:\/\/www.vegaintro-projekti.com\/pilar-stari\/2011\/05\/prva-tribina-u-vukovaru-20-godina-istraivanja-instituta-pilar\/"]}]},{"@type":"BreadcrumbList","@id":"https:\/\/www.vegaintro-projekti.com\/pilar-stari\/2011\/05\/prva-tribina-u-vukovaru-20-godina-istraivanja-instituta-pilar\/#breadcrumb","itemListElement":[{"@type":"ListItem","position":1,"name":"Home","item":"https:\/\/www.vegaintro-projekti.com\/pilar-stari\/"},{"@type":"ListItem","position":2,"name":"Prva tribina u Vukovaru: 20 GODINA ISTRA\u017dIVANJA INSTITUTA PILAR"}]},{"@type":"WebSite","@id":"https:\/\/www.vegaintro-projekti.com\/pilar-stari\/#website","url":"https:\/\/www.vegaintro-projekti.com\/pilar-stari\/","name":"Institut dru&scaron;tvenih znanosti Ivo Pilar","description":"Pilar","potentialAction":[{"@type":"SearchAction","target":{"@type":"EntryPoint","urlTemplate":"https:\/\/www.vegaintro-projekti.com\/pilar-stari\/?s={search_term_string}"},"query-input":"required name=search_term_string"}],"inLanguage":"hr"},{"@type":"Person","@id":"https:\/\/www.vegaintro-projekti.com\/pilar-stari\/#\/schema\/person\/c0db50ebd77c4409e19b18044bbf10c1","name":"pilar-admin","image":{"@type":"ImageObject","inLanguage":"hr","@id":"https:\/\/www.vegaintro-projekti.com\/pilar-stari\/#\/schema\/person\/image\/","url":"https:\/\/secure.gravatar.com\/avatar\/fac9e03c4db0011b9c1ad8b5e9c74b8c?s=96&d=mm&r=g","contentUrl":"https:\/\/secure.gravatar.com\/avatar\/fac9e03c4db0011b9c1ad8b5e9c74b8c?s=96&d=mm&r=g","caption":"pilar-admin"},"url":"https:\/\/www.vegaintro-projekti.com\/pilar-stari\/author\/pilar-admin\/"}]}},"_links":{"self":[{"href":"https:\/\/www.vegaintro-projekti.com\/pilar-stari\/wp-json\/wp\/v2\/posts\/375"}],"collection":[{"href":"https:\/\/www.vegaintro-projekti.com\/pilar-stari\/wp-json\/wp\/v2\/posts"}],"about":[{"href":"https:\/\/www.vegaintro-projekti.com\/pilar-stari\/wp-json\/wp\/v2\/types\/post"}],"author":[{"embeddable":true,"href":"https:\/\/www.vegaintro-projekti.com\/pilar-stari\/wp-json\/wp\/v2\/users\/1"}],"replies":[{"embeddable":true,"href":"https:\/\/www.vegaintro-projekti.com\/pilar-stari\/wp-json\/wp\/v2\/comments?post=375"}],"version-history":[{"count":8,"href":"https:\/\/www.vegaintro-projekti.com\/pilar-stari\/wp-json\/wp\/v2\/posts\/375\/revisions"}],"predecessor-version":[{"id":6994,"href":"https:\/\/www.vegaintro-projekti.com\/pilar-stari\/wp-json\/wp\/v2\/posts\/375\/revisions\/6994"}],"wp:attachment":[{"href":"https:\/\/www.vegaintro-projekti.com\/pilar-stari\/wp-json\/wp\/v2\/media?parent=375"}],"wp:term":[{"taxonomy":"category","embeddable":true,"href":"https:\/\/www.vegaintro-projekti.com\/pilar-stari\/wp-json\/wp\/v2\/categories?post=375"},{"taxonomy":"post_tag","embeddable":true,"href":"https:\/\/www.vegaintro-projekti.com\/pilar-stari\/wp-json\/wp\/v2\/tags?post=375"}],"curies":[{"name":"wp","href":"https:\/\/api.w.org\/{rel}","templated":true}]}}