{"id":381,"date":"2011-06-02T10:33:46","date_gmt":"2011-06-02T10:33:46","guid":{"rendered":"https:\/\/www.vegaintro-projekti.com\/pilar-stari\/2011\/06\/02\/2-tribina-u-vukovaru-zato-je-hrvatsko-drutvo-zaostalo-u-razvoju\/"},"modified":"2017-12-07T14:13:43","modified_gmt":"2017-12-07T14:13:43","slug":"2-tribina-u-vukovaru-zato-je-hrvatsko-drutvo-zaostalo-u-razvoju","status":"publish","type":"post","link":"https:\/\/www.vegaintro-projekti.com\/pilar-stari\/2011\/06\/2-tribina-u-vukovaru-zato-je-hrvatsko-drutvo-zaostalo-u-razvoju\/","title":{"rendered":"2. tribina u Vukovaru: Za\u0161to je hrvatsko dru\u0161tvo zaostalo u razvoju?"},"content":{"rendered":"<p><strong>U Podru\u010dnom centaru Vukovar Instituta Ivo Pilar 10. lipnja 2011. odr\u017eana je\u00a02. znanstvena tribina DVADESET GODINA ISTRA\u017dIVANJA INSTITUTA PILAR. Izlaganje pod naslovom <em>Za\u0161to je hrvatsko dru\u0161tvo zaostalo u razvoju?<\/em> odr\u017eao je\u00a0prof. dr. sc. Kre\u0161imir Pera\u010dkovi\u0107, vi\u0161i znanstveni suradnik Instituta<br \/>\u00a0<br \/><\/strong> <\/p>\n<table border=\"0\">\n<tbody>\n<tr>\n<td><img decoding=\"async\" loading=\"lazy\" height=\"235\" width=\"314\" src=\"https:\/\/www.vegaintro-projekti.com\/pilar-stari\/wp-content\/images\/stories\/fotografije\/podrucni\/vukovar\/2_vu_1.jpg\" alt=\"2_vu_1\" \/><\/td>\n<td><img decoding=\"async\" loading=\"lazy\" height=\"235\" width=\"314\" src=\"https:\/\/www.vegaintro-projekti.com\/pilar-stari\/wp-content\/images\/stories\/fotografije\/podrucni\/vukovar\/2_vu_3.jpg\" alt=\"2_vu_3\" \/><\/td>\n<\/tr>\n<tr>\n<td><img decoding=\"async\" loading=\"lazy\" height=\"235\" width=\"314\" src=\"https:\/\/www.vegaintro-projekti.com\/pilar-stari\/wp-content\/images\/stories\/fotografije\/podrucni\/vukovar\/2_vu_2.jpg\" alt=\"2_vu_2\" \/><\/td>\n<td valign=\"bottom\"><span style=\"font-size: 10pt;\"><span style=\"font-size: 12pt;\">Zaklju\u010dak prof. Pera\u010dkovi\u0107a je da dana\u0161nje stanje hrvatskog dru\u0161tva nije ireverzibilno te da\u00a0nam ostaje nada de \u0107e se znanstveni dosezi Instituta Ivo Pilar ubudu\u0107e \u010de\u0161\u0107e uzimati u obzir prilikom dono\u0161enja bitnih odluka za budu\u0107nost Republike Hrvatske<\/span><br \/><span style=\"font-size: 8pt;\"><br \/><\/span><\/span>&#8211; <span style=\"font-size: 10pt;\"><a href=\"https:\/\/www.vegaintro-projekti.com\/pilar-stari\/wp-content\/images\/stories\/dokumenti\/razno\/2.tribina_vu_pozivnica.pdf\">Pozivnica<\/a><br \/>&#8211; dr. sc. Kre\u0161imir Pera\u010dkovi\u0107<\/span><\/td>\n<\/tr>\n<\/tbody>\n<\/table>\n<p> <\/p>\n<p>Obuhvativ\u0161i u svom izlaganju cijelo 20. stolje\u0107e, njegove geopoliti\u010dke i povijesne aspekte, na jasan i razumljiv na\u010din prof. Pera\u010dkovi\u0107 je ukazao na glavne razloge zaostajanja hrvatskog dru\u0161tva. Dana\u0161nje stanje je zapravo rezultat vi\u0161edesetljetnog nepovoljnog politi\u010dkog ustroja (tri diktature od 1918. do 1991.), kao i triju ratova koji su bitno obilje\u017eili pro\u0161lo 20. stolje\u0107e (Prvi svjetski rat, Drugi svjetski rat, Domovinski rat).<\/p>\n<p>Zbrojiv\u0161i na znanstveno relevantan na\u010din sve elemente koje \u010dine jedno dru\u0161tvo funkcionalnim, zaklju\u010dak je prof. Pera\u010dkovi\u0107a da dana\u0161nje stanje hrvatskog dru\u0161tva nije ireverzibilno, te da nam ostaje nada da \u0107e se znanstveni dosezi Instituta Ivo Pilar, kojega je mali i va\u017ean dio prezentirao profesor Pera\u010dkovi\u0107, ubudu\u0107e \u010de\u0161\u0107e uzimati u obzir prilikom dono\u0161enja bitnih odluka za budu\u0107nost Republike Hrvatske.<\/p>\n<p>Va\u017enost i aktualnost ovoga predavanja samo je potkrijepila \u010dinjenica da je rasprava nakon predavanja trajala koliko i samo predavanje, te su se sudionici razi\u0161li u o\u010dekivanju i 3. tribine kojom \u0107e Podru\u010dni centar Vukovar nastaviti obilje\u017eavati\u00a0veliku obljetnicu Instituta.<\/p>\n<p><span style=\"font-size: 10pt;\">&#8211; <a href=\"https:\/\/www.vegaintro-projekti.com\/pilar-stari\/2010\/07\/podruni-centar-vukovar-2\/\">Podru\u010dni centar Vukovar<\/a><br \/><\/span><\/p>\n","protected":false},"excerpt":{"rendered":"<p>U Podru\u010dnom centaru Vukovar Instituta Ivo Pilar 10. lipnja 2011. odr\u017eana je\u00a02. znanstvena tribina DVADESET GODINA ISTRA\u017dIVANJA INSTITUTA PILAR. Izlaganje pod naslovom Za\u0161to je hrvatsko dru\u0161tvo zaostalo u razvoju? odr\u017eao je\u00a0prof. dr. sc. Kre\u0161imir Pera\u010dkovi\u0107, vi\u0161i znanstveni suradnik Instituta\u00a0 Zaklju\u010dak prof. Pera\u010dkovi\u0107a je da dana\u0161nje stanje hrvatskog dru\u0161tva nije ireverzibilno te da\u00a0nam ostaje nada de&hellip; <a class=\"continue\" href=\"https:\/\/www.vegaintro-projekti.com\/pilar-stari\/2011\/06\/2-tribina-u-vukovaru-zato-je-hrvatsko-drutvo-zaostalo-u-razvoju\/\">Pro\u010ditaj vi\u0161e o<span> 2. tribina u Vukovaru: Za\u0161to je hrvatsko dru\u0161tvo zaostalo u razvoju?<\/span><\/a><\/p>\n","protected":false},"author":1,"featured_media":0,"comment_status":"open","ping_status":"open","sticky":false,"template":"","format":"standard","meta":{"inline_featured_image":false,"ngg_post_thumbnail":0,"footnotes":""},"categories":[11],"tags":[],"yoast_head":"<!-- This site is optimized with the Yoast SEO plugin v21.2 - https:\/\/yoast.com\/wordpress\/plugins\/seo\/ -->\n<title>2. tribina u Vukovaru: Za\u0161to je hrvatsko dru\u0161tvo zaostalo u razvoju? - Institut dru&scaron;tvenih znanosti Ivo Pilar<\/title>\n<meta name=\"robots\" content=\"noindex, follow, max-snippet:-1, max-image-preview:large, max-video-preview:-1\" \/>\n<meta property=\"og:locale\" content=\"hr_HR\" \/>\n<meta property=\"og:type\" content=\"article\" \/>\n<meta property=\"og:title\" content=\"2. tribina u Vukovaru: Za\u0161to je hrvatsko dru\u0161tvo zaostalo u razvoju? - Institut dru&scaron;tvenih znanosti Ivo Pilar\" \/>\n<meta property=\"og:description\" content=\"U Podru\u010dnom centaru Vukovar Instituta Ivo Pilar 10. lipnja 2011. odr\u017eana je\u00a02. znanstvena tribina DVADESET GODINA ISTRA\u017dIVANJA INSTITUTA PILAR. Izlaganje pod naslovom Za\u0161to je hrvatsko dru\u0161tvo zaostalo u razvoju? odr\u017eao je\u00a0prof. dr. sc. Kre\u0161imir Pera\u010dkovi\u0107, vi\u0161i znanstveni suradnik Instituta\u00a0 Zaklju\u010dak prof. Pera\u010dkovi\u0107a je da dana\u0161nje stanje hrvatskog dru\u0161tva nije ireverzibilno te da\u00a0nam ostaje nada de&hellip; Pro\u010ditaj vi\u0161e o 2. tribina u Vukovaru: Za\u0161to je hrvatsko dru\u0161tvo zaostalo u razvoju?\" \/>\n<meta property=\"og:url\" content=\"https:\/\/www.vegaintro-projekti.com\/pilar-stari\/2011\/06\/2-tribina-u-vukovaru-zato-je-hrvatsko-drutvo-zaostalo-u-razvoju\/\" \/>\n<meta property=\"og:site_name\" content=\"Institut dru&scaron;tvenih znanosti Ivo Pilar\" \/>\n<meta property=\"article:published_time\" content=\"2011-06-02T10:33:46+00:00\" \/>\n<meta property=\"article:modified_time\" content=\"2017-12-07T14:13:43+00:00\" \/>\n<meta property=\"og:image\" content=\"https:\/\/www.vegaintro-projekti.com\/pilar-stari\/wp-content\/images\/stories\/fotografije\/podrucni\/vukovar\/2_vu_1.jpg\" \/>\n<meta name=\"author\" content=\"pilar-admin\" \/>\n<meta name=\"twitter:card\" content=\"summary_large_image\" \/>\n<meta name=\"twitter:label1\" content=\"Napisao\/la\" \/>\n\t<meta name=\"twitter:data1\" content=\"pilar-admin\" \/>\n\t<meta name=\"twitter:label2\" content=\"Procijenjeno vrijeme \u010ditanja\" \/>\n\t<meta name=\"twitter:data2\" content=\"1 minuta\" \/>\n<script type=\"application\/ld+json\" class=\"yoast-schema-graph\">{\"@context\":\"https:\/\/schema.org\",\"@graph\":[{\"@type\":\"WebPage\",\"@id\":\"https:\/\/www.vegaintro-projekti.com\/pilar-stari\/2011\/06\/2-tribina-u-vukovaru-zato-je-hrvatsko-drutvo-zaostalo-u-razvoju\/\",\"url\":\"https:\/\/www.vegaintro-projekti.com\/pilar-stari\/2011\/06\/2-tribina-u-vukovaru-zato-je-hrvatsko-drutvo-zaostalo-u-razvoju\/\",\"name\":\"2. tribina u Vukovaru: Za\u0161to je hrvatsko dru\u0161tvo zaostalo u razvoju? - Institut dru&scaron;tvenih znanosti Ivo Pilar\",\"isPartOf\":{\"@id\":\"https:\/\/www.vegaintro-projekti.com\/pilar-stari\/#website\"},\"datePublished\":\"2011-06-02T10:33:46+00:00\",\"dateModified\":\"2017-12-07T14:13:43+00:00\",\"author\":{\"@id\":\"https:\/\/www.vegaintro-projekti.com\/pilar-stari\/#\/schema\/person\/c0db50ebd77c4409e19b18044bbf10c1\"},\"breadcrumb\":{\"@id\":\"https:\/\/www.vegaintro-projekti.com\/pilar-stari\/2011\/06\/2-tribina-u-vukovaru-zato-je-hrvatsko-drutvo-zaostalo-u-razvoju\/#breadcrumb\"},\"inLanguage\":\"hr\",\"potentialAction\":[{\"@type\":\"ReadAction\",\"target\":[\"https:\/\/www.vegaintro-projekti.com\/pilar-stari\/2011\/06\/2-tribina-u-vukovaru-zato-je-hrvatsko-drutvo-zaostalo-u-razvoju\/\"]}]},{\"@type\":\"BreadcrumbList\",\"@id\":\"https:\/\/www.vegaintro-projekti.com\/pilar-stari\/2011\/06\/2-tribina-u-vukovaru-zato-je-hrvatsko-drutvo-zaostalo-u-razvoju\/#breadcrumb\",\"itemListElement\":[{\"@type\":\"ListItem\",\"position\":1,\"name\":\"Home\",\"item\":\"https:\/\/www.vegaintro-projekti.com\/pilar-stari\/\"},{\"@type\":\"ListItem\",\"position\":2,\"name\":\"2. tribina u Vukovaru: Za\u0161to je hrvatsko dru\u0161tvo zaostalo u razvoju?\"}]},{\"@type\":\"WebSite\",\"@id\":\"https:\/\/www.vegaintro-projekti.com\/pilar-stari\/#website\",\"url\":\"https:\/\/www.vegaintro-projekti.com\/pilar-stari\/\",\"name\":\"Institut dru&scaron;tvenih znanosti Ivo Pilar\",\"description\":\"Pilar\",\"potentialAction\":[{\"@type\":\"SearchAction\",\"target\":{\"@type\":\"EntryPoint\",\"urlTemplate\":\"https:\/\/www.vegaintro-projekti.com\/pilar-stari\/?s={search_term_string}\"},\"query-input\":\"required name=search_term_string\"}],\"inLanguage\":\"hr\"},{\"@type\":\"Person\",\"@id\":\"https:\/\/www.vegaintro-projekti.com\/pilar-stari\/#\/schema\/person\/c0db50ebd77c4409e19b18044bbf10c1\",\"name\":\"pilar-admin\",\"image\":{\"@type\":\"ImageObject\",\"inLanguage\":\"hr\",\"@id\":\"https:\/\/www.vegaintro-projekti.com\/pilar-stari\/#\/schema\/person\/image\/\",\"url\":\"https:\/\/secure.gravatar.com\/avatar\/fac9e03c4db0011b9c1ad8b5e9c74b8c?s=96&d=mm&r=g\",\"contentUrl\":\"https:\/\/secure.gravatar.com\/avatar\/fac9e03c4db0011b9c1ad8b5e9c74b8c?s=96&d=mm&r=g\",\"caption\":\"pilar-admin\"},\"url\":\"https:\/\/www.vegaintro-projekti.com\/pilar-stari\/author\/pilar-admin\/\"}]}<\/script>\n<!-- \/ Yoast SEO plugin. -->","yoast_head_json":{"title":"2. tribina u Vukovaru: Za\u0161to je hrvatsko dru\u0161tvo zaostalo u razvoju? - Institut dru&scaron;tvenih znanosti Ivo Pilar","robots":{"index":"noindex","follow":"follow","max-snippet":"max-snippet:-1","max-image-preview":"max-image-preview:large","max-video-preview":"max-video-preview:-1"},"og_locale":"hr_HR","og_type":"article","og_title":"2. tribina u Vukovaru: Za\u0161to je hrvatsko dru\u0161tvo zaostalo u razvoju? - Institut dru&scaron;tvenih znanosti Ivo Pilar","og_description":"U Podru\u010dnom centaru Vukovar Instituta Ivo Pilar 10. lipnja 2011. odr\u017eana je\u00a02. znanstvena tribina DVADESET GODINA ISTRA\u017dIVANJA INSTITUTA PILAR. Izlaganje pod naslovom Za\u0161to je hrvatsko dru\u0161tvo zaostalo u razvoju? odr\u017eao je\u00a0prof. dr. sc. Kre\u0161imir Pera\u010dkovi\u0107, vi\u0161i znanstveni suradnik Instituta\u00a0 Zaklju\u010dak prof. Pera\u010dkovi\u0107a je da dana\u0161nje stanje hrvatskog dru\u0161tva nije ireverzibilno te da\u00a0nam ostaje nada de&hellip; Pro\u010ditaj vi\u0161e o 2. tribina u Vukovaru: Za\u0161to je hrvatsko dru\u0161tvo zaostalo u razvoju?","og_url":"https:\/\/www.vegaintro-projekti.com\/pilar-stari\/2011\/06\/2-tribina-u-vukovaru-zato-je-hrvatsko-drutvo-zaostalo-u-razvoju\/","og_site_name":"Institut dru&scaron;tvenih znanosti Ivo Pilar","article_published_time":"2011-06-02T10:33:46+00:00","article_modified_time":"2017-12-07T14:13:43+00:00","og_image":[{"url":"https:\/\/www.vegaintro-projekti.com\/pilar-stari\/wp-content\/images\/stories\/fotografije\/podrucni\/vukovar\/2_vu_1.jpg"}],"author":"pilar-admin","twitter_card":"summary_large_image","twitter_misc":{"Napisao\/la":"pilar-admin","Procijenjeno vrijeme \u010ditanja":"1 minuta"},"schema":{"@context":"https:\/\/schema.org","@graph":[{"@type":"WebPage","@id":"https:\/\/www.vegaintro-projekti.com\/pilar-stari\/2011\/06\/2-tribina-u-vukovaru-zato-je-hrvatsko-drutvo-zaostalo-u-razvoju\/","url":"https:\/\/www.vegaintro-projekti.com\/pilar-stari\/2011\/06\/2-tribina-u-vukovaru-zato-je-hrvatsko-drutvo-zaostalo-u-razvoju\/","name":"2. tribina u Vukovaru: Za\u0161to je hrvatsko dru\u0161tvo zaostalo u razvoju? - Institut dru&scaron;tvenih znanosti Ivo Pilar","isPartOf":{"@id":"https:\/\/www.vegaintro-projekti.com\/pilar-stari\/#website"},"datePublished":"2011-06-02T10:33:46+00:00","dateModified":"2017-12-07T14:13:43+00:00","author":{"@id":"https:\/\/www.vegaintro-projekti.com\/pilar-stari\/#\/schema\/person\/c0db50ebd77c4409e19b18044bbf10c1"},"breadcrumb":{"@id":"https:\/\/www.vegaintro-projekti.com\/pilar-stari\/2011\/06\/2-tribina-u-vukovaru-zato-je-hrvatsko-drutvo-zaostalo-u-razvoju\/#breadcrumb"},"inLanguage":"hr","potentialAction":[{"@type":"ReadAction","target":["https:\/\/www.vegaintro-projekti.com\/pilar-stari\/2011\/06\/2-tribina-u-vukovaru-zato-je-hrvatsko-drutvo-zaostalo-u-razvoju\/"]}]},{"@type":"BreadcrumbList","@id":"https:\/\/www.vegaintro-projekti.com\/pilar-stari\/2011\/06\/2-tribina-u-vukovaru-zato-je-hrvatsko-drutvo-zaostalo-u-razvoju\/#breadcrumb","itemListElement":[{"@type":"ListItem","position":1,"name":"Home","item":"https:\/\/www.vegaintro-projekti.com\/pilar-stari\/"},{"@type":"ListItem","position":2,"name":"2. tribina u Vukovaru: Za\u0161to je hrvatsko dru\u0161tvo zaostalo u razvoju?"}]},{"@type":"WebSite","@id":"https:\/\/www.vegaintro-projekti.com\/pilar-stari\/#website","url":"https:\/\/www.vegaintro-projekti.com\/pilar-stari\/","name":"Institut dru&scaron;tvenih znanosti Ivo Pilar","description":"Pilar","potentialAction":[{"@type":"SearchAction","target":{"@type":"EntryPoint","urlTemplate":"https:\/\/www.vegaintro-projekti.com\/pilar-stari\/?s={search_term_string}"},"query-input":"required name=search_term_string"}],"inLanguage":"hr"},{"@type":"Person","@id":"https:\/\/www.vegaintro-projekti.com\/pilar-stari\/#\/schema\/person\/c0db50ebd77c4409e19b18044bbf10c1","name":"pilar-admin","image":{"@type":"ImageObject","inLanguage":"hr","@id":"https:\/\/www.vegaintro-projekti.com\/pilar-stari\/#\/schema\/person\/image\/","url":"https:\/\/secure.gravatar.com\/avatar\/fac9e03c4db0011b9c1ad8b5e9c74b8c?s=96&d=mm&r=g","contentUrl":"https:\/\/secure.gravatar.com\/avatar\/fac9e03c4db0011b9c1ad8b5e9c74b8c?s=96&d=mm&r=g","caption":"pilar-admin"},"url":"https:\/\/www.vegaintro-projekti.com\/pilar-stari\/author\/pilar-admin\/"}]}},"_links":{"self":[{"href":"https:\/\/www.vegaintro-projekti.com\/pilar-stari\/wp-json\/wp\/v2\/posts\/381"}],"collection":[{"href":"https:\/\/www.vegaintro-projekti.com\/pilar-stari\/wp-json\/wp\/v2\/posts"}],"about":[{"href":"https:\/\/www.vegaintro-projekti.com\/pilar-stari\/wp-json\/wp\/v2\/types\/post"}],"author":[{"embeddable":true,"href":"https:\/\/www.vegaintro-projekti.com\/pilar-stari\/wp-json\/wp\/v2\/users\/1"}],"replies":[{"embeddable":true,"href":"https:\/\/www.vegaintro-projekti.com\/pilar-stari\/wp-json\/wp\/v2\/comments?post=381"}],"version-history":[{"count":6,"href":"https:\/\/www.vegaintro-projekti.com\/pilar-stari\/wp-json\/wp\/v2\/posts\/381\/revisions"}],"predecessor-version":[{"id":7000,"href":"https:\/\/www.vegaintro-projekti.com\/pilar-stari\/wp-json\/wp\/v2\/posts\/381\/revisions\/7000"}],"wp:attachment":[{"href":"https:\/\/www.vegaintro-projekti.com\/pilar-stari\/wp-json\/wp\/v2\/media?parent=381"}],"wp:term":[{"taxonomy":"category","embeddable":true,"href":"https:\/\/www.vegaintro-projekti.com\/pilar-stari\/wp-json\/wp\/v2\/categories?post=381"},{"taxonomy":"post_tag","embeddable":true,"href":"https:\/\/www.vegaintro-projekti.com\/pilar-stari\/wp-json\/wp\/v2\/tags?post=381"}],"curies":[{"name":"wp","href":"https:\/\/api.w.org\/{rel}","templated":true}]}}