{"id":396,"date":"2011-09-07T21:29:58","date_gmt":"2011-09-07T21:29:58","guid":{"rendered":"https:\/\/www.vegaintro-projekti.com\/pilar-stari\/2011\/09\/07\/kako-razumjeti-rod\/"},"modified":"2017-12-07T14:12:44","modified_gmt":"2017-12-07T14:12:44","slug":"kako-razumjeti-rod","status":"publish","type":"post","link":"https:\/\/www.vegaintro-projekti.com\/pilar-stari\/2011\/09\/kako-razumjeti-rod\/","title":{"rendered":"KAKO RAZUMJETI ROD? &#8211; Nova knjiga Jadranke Rebeke Ani\u0107"},"content":{"rendered":"<p class=\"MsoNormal\" style=\"line-height: normal; margin: 0cm 0cm 0pt;\"><span style=\"font-family: 'Arial','sans-serif'; font-size: 10pt;\"><span style=\"color: #000000;\"><br \/><\/span><\/span><strong>Po\u010detkom rujna 2011. iz tiska je iza\u0161la knjiga dr. sc. Jadranke Rebeke Ani\u0107, znanstvene suradnice Instituta Ivo Pilar &#8211; Centar Split,&nbsp; pod naslovom KAKO RAZUMJETI ROD?&nbsp;<em>Povijest rasprave i razli\u010dita razumijevanja u Crkvi<\/em>. Objavljena je kao druga knjiga Biblioteke Centra za religijske studije Instituta Ivo Pilar<\/strong><span style=\"font-family: 'Arial','sans-serif'; font-size: 10pt;\"><span style=\"color: #000000;\"><br \/>&nbsp;<br \/><\/span><\/span><\/p>\n<table border=\"0\">\n<tbody>\n<tr>\n<td><img decoding=\"async\" loading=\"lazy\" src=\"https:\/\/www.vegaintro-projekti.com\/pilar-stari\/wp-content\/images\/stories\/fotografije\/publikacije\/rod_naslovnica.jpg\" alt=\"rod_naslovnica\" width=\"222\" height=\"314\" \/><\/td>\n<td valign=\"bottom\"><span style=\"color: #000000;\"><br \/><\/span><br \/><span style=\"font-size: 8pt;\"><span style=\"font-size: 12pt;\">Rije\u010d je o knjizi koja \u0107e &#8230; postati nezaobilazna literatura u svim budu\u0107im raspravama i kolegijima koji se ti\u010du dru\u0161tvene konstrukcije roda. &#8211; Iz recenzije prof. dr. sc. Inge Tomi\u0107-Koludrovi\u0107<\/span> <\/span> <\/p>\n<p style=\"line-height: normal; margin: 0cm 0cm 0pt;\"><span style=\"font-size: 8pt;\">&nbsp;<\/span><\/p>\n<p style=\"line-height: normal; margin: 0cm 0cm 0pt;\"><span style=\"font-size: 8pt;\">&nbsp;&nbsp;<\/span><\/p>\n<p class=\"MsoNormal\" style=\"line-height: normal; margin: 0cm 0cm 0pt;\">&nbsp;&nbsp;<\/p>\n<p class=\"MsoNormal\" style=\"line-height: normal; margin: 0cm 0cm 0pt;\">&nbsp;<\/p>\n<p style=\"line-height: normal; margin: 0cm 0cm 0pt;\"><span style=\"font-size: 8pt;\"><strong>Jadranka Rebeka Ani\u0107<br \/>KAKO RAZUMJETI ROD?<br \/>Povijest rasprave i razli\u010dita razumijevanja u Crkvi<br \/><\/strong><\/span><span style=\"font-size: 8pt;\"><strong>Biblioteka Centra za religijske studije &#8211; Knjiga 2.<br \/>Institut dru\u0161tvenih znanosti Ivo Pilar<br \/>Zagreb, 2011. &#8211; Str. 194. &#8211; ISBN 978-953-6666-79-9<\/strong><\/span><\/p>\n<p class=\"MsoNormal\" style=\"line-height: normal; margin: 0cm 0cm 0pt;\"><span style=\"font-family: 'Arial','sans-serif';\">&nbsp;<\/span><span style=\"font-family: 'Arial','sans-serif'; color: #000000; font-size: 10pt;\">&#8211; <a href=\"#sadrzaj\">Sadr\u017eaj<\/a> \/ <a href=\"#recenzije\">Iz recenzija<\/a> \/ <a href=\"#autorica\">O autorici<\/a><\/span><\/p>\n<\/td>\n<\/tr>\n<\/tbody>\n<\/table>\n<p class=\"MsoNormal\" style=\"line-height: normal; margin: 0cm 0cm 0pt;\">&nbsp;<\/p>\n<p style=\"line-height: normal; margin: 0cm 0cm 0pt;\"><span style=\"font-size: 10pt;\"><a name=\"sadrzaj\">&nbsp;<\/a><br \/><span style=\"font-size: 12pt;\">Sadr\u017eaj<\/span><\/span><\/p>\n<p class=\"MsoNormal\" style=\"line-height: normal; margin: 0cm 0cm 0pt;\">&nbsp;<\/p>\n<p style=\"line-height: normal; margin: 0cm 0cm 0pt;\">&#8211; <a href=\"https:\/\/www.vegaintro-projekti.com\/pilar-stari\/wp-content\/images\/stories\/dokumenti\/funkcionalni\/kako_razumjeti_rod\/rod-korice.pdf\">Omot<\/a> \/ <a href=\"https:\/\/www.vegaintro-projekti.com\/pilar-stari\/wp-content\/images\/stories\/dokumenti\/funkcionalni\/kako_razumjeti_rod\/rod_blok_001.pdf\">Impresum<\/a> \/ <a href=\"https:\/\/www.vegaintro-projekti.com\/pilar-stari\/wp-content\/images\/stories\/dokumenti\/funkcionalni\/kako_razumjeti_rod\/rod_blok_005.pdf\">Sadr\u017eaj<\/a>&nbsp;\/ <a href=\"https:\/\/www.vegaintro-projekti.com\/pilar-stari\/wp-content\/images\/stories\/dokumenti\/funkcionalni\/kako_razumjeti_rod\/kako_razumjeti_rod_knjiga.pdf\">Puni tekst knjige<\/a>&nbsp;<br \/><a href=\"https:\/\/www.vegaintro-projekti.com\/pilar-stari\/wp-content\/images\/stories\/dokumenti\/funkcionalni\/kako_razumjeti_rod\/rod_blok_007.pdf\">Predgovor (Slavica Jakeli\u0107)<\/a><br \/><a href=\"https:\/\/www.vegaintro-projekti.com\/pilar-stari\/wp-content\/images\/stories\/dokumenti\/funkcionalni\/kako_razumjeti_rod\/rod_blok_011.pdf\">Uvod<\/a><br \/><a href=\"https:\/\/www.vegaintro-projekti.com\/pilar-stari\/wp-content\/images\/stories\/dokumenti\/funkcionalni\/kako_razumjeti_rod\/rod_blok_015.pdf\">1. POLAZI\u0160TE RASPRAVE: STAJALI\u0160TA GABRIELE KUBY<\/a><br \/><a href=\"https:\/\/www.vegaintro-projekti.com\/pilar-stari\/wp-content\/images\/stories\/dokumenti\/funkcionalni\/kako_razumjeti_rod\/rod_blok_021.pdf\">2. ROD \u2013 ZNA\u010cENJE POJMA<\/a><br \/>2.1. Pojmovnik 100 words for equality<br \/>2.2. Dokument Njema\u010dke komisije Justitia et pax<br \/><a href=\"https:\/\/www.vegaintro-projekti.com\/pilar-stari\/wp-content\/images\/stories\/dokumenti\/funkcionalni\/kako_razumjeti_rod\/rod_blok_035.pdf\">3. POVIJEST POJMA ROD<\/a><br \/>3.1. Nastanak i klju\u010dne prekretnice<br \/>3.1.2. Razli\u010dita zna\u010denja<br \/>3.2. Rod u raspravama o homoseksualnim identitetima<br \/><a href=\"https:\/\/www.vegaintro-projekti.com\/pilar-stari\/wp-content\/images\/stories\/dokumenti\/funkcionalni\/kako_razumjeti_rod\/rod_blok_061.pdf\">4. STAJALI\u0160TA I IZJAVE SVETE STOLICE<\/a><br \/>4.1. \u010cetvrta me\u0111unarodna konferencija o \u017eenama u Pekingu<br \/>4.2. Rimska konferencija i Peking 5+<br \/>4.3. Novije izjave Svete Stolice<br \/><a href=\"https:\/\/www.vegaintro-projekti.com\/pilar-stari\/wp-content\/images\/stories\/dokumenti\/funkcionalni\/kako_razumjeti_rod\/rod_blok_069.pdf\">5. ROD \u2013 \u0160IFRA ZA HOMOSEKSUALNOST<\/a><br \/><a href=\"https:\/\/www.vegaintro-projekti.com\/pilar-stari\/wp-content\/images\/stories\/dokumenti\/funkcionalni\/kako_razumjeti_rod\/rod_blok_087.pdf\">6. ROD U CRKVENIM DOKUMENTIMA<\/a><br \/>6.1. Pismo biskupima Katoli\u010dke crkve o suradnji mu\u0161karca i \u017eene u Crkvi i svijetu<br \/>6.2. Dokument Brak, obitelj i &#8220;de-facto&#8221; bra\u010dne zajednice<br \/>6.3. Dokument Obitelj i ljudska prava<br \/>6.4. Izvor<br \/><a href=\"https:\/\/www.vegaintro-projekti.com\/pilar-stari\/wp-content\/images\/stories\/dokumenti\/funkcionalni\/kako_razumjeti_rod\/rod_blok_105.pdf\">7. ROD U TEOLOGIJI<\/a><br \/>7.1. Uporaba pojmova<br \/>7.2. Kriti\u010dari rodnih teorija<br \/>7.2.1. Leksikon dvosmislenih i prijepornih pojmova o obitelji, \u017eivotu i eti\u010dkim pitanjima<br \/>7.2.2. Stru\u010dno savjetovanje Njema\u010dke biskupske konferencije<br \/>7.3. Rod kao analiti\u010dka kategorija<br \/><a href=\"https:\/\/www.vegaintro-projekti.com\/pilar-stari\/wp-content\/images\/stories\/dokumenti\/funkcionalni\/kako_razumjeti_rod\/rod_blok_143.pdf\">ISHOD ISTRA\u017dIVANJA I ZAKLJU\u010cAK<\/a><br \/><a href=\"https:\/\/www.vegaintro-projekti.com\/pilar-stari\/wp-content\/images\/stories\/dokumenti\/funkcionalni\/kako_razumjeti_rod\/rod_blok_149.pdf\">Literatura<\/a><br \/><a href=\"https:\/\/www.vegaintro-projekti.com\/pilar-stari\/wp-content\/images\/stories\/dokumenti\/funkcionalni\/kako_razumjeti_rod\/rod_blok_165.pdf\">Imensko kazalo<\/a><br \/><a href=\"https:\/\/www.vegaintro-projekti.com\/pilar-stari\/wp-content\/images\/stories\/dokumenti\/funkcionalni\/kako_razumjeti_rod\/rod_blok_171.pdf\">Mali pojmovnik<\/a><br \/><a href=\"https:\/\/www.vegaintro-projekti.com\/pilar-stari\/wp-content\/images\/stories\/dokumenti\/funkcionalni\/kako_razumjeti_rod\/rod_blok_183.pdf\">Sa\u017eetak<\/a><br \/><a href=\"https:\/\/www.vegaintro-projekti.com\/pilar-stari\/wp-content\/images\/stories\/dokumenti\/funkcionalni\/kako_razumjeti_rod\/rod_blok_189.pdf\">Summary<\/a><br \/>&gt;&gt;&gt;&nbsp;<a href=\"https:\/\/www.vegaintro-projekti.com\/pilar-stari\/wp-content\/images\/stories\/dokumenti\/funkcionalni\/kako_razumjeti_rod\/kako_razumjeti_rod_knjiga.pdf\">Puni tekst knjige<\/a><\/p>\n<p><a name=\"recenzije\">&nbsp;<\/a><br \/><span style=\"font-size: 12pt;\">Iz recenzija<\/span><\/p>\n<p>Knjiga Jadranke Rebeke Ani\u0107 bavi se zamr\u0161enim pitanjima vezanim uz pojam roda. (&#8230;) Problemi se ti\u010du jezika, ideologija, hermeneutike, teologije, politike, crkvenog u\u010diteljstva, a nadasve slo\u017eenih pitanja ravnopravnosti mu\u0161karaca i \u017eena. (&#8230;) \u010cini se da je glavni interes autorice uno\u0161enje jasno\u0107e u jezik i njezina jaka volja da se umjesto stvaranja ideologijskih blokova otvori dijalog. (&#8230;) U hrvatski se javni prostor ovom knjigom unosi dijalo\u0161ki pristup koji se trudi prikazati genealogiju pojmova. No, iza jezi\u010dne problematike stoji cijeli svijet strahova, interesa i borbi. Svakako, ova knjiga olak\u0161ava njihovo razumijevanje. Valja zahvaliti autorici \u0161to je pro\u0161irila obzor rasprave, prikazala relevantne autore, pokazala gdje sama vidi potrebe dijaloga i dala naslutiti kako ona vidi mogu\u0107i dijalog Ijudi koji ne dijele iste \u017eivotne forme ni iste interese, ali dijele isti svijet. Knjiga \u0107e biti od koristi svima koji su zainteresirani za \u0161iri kontekst rasprava o rodnoj problematici, posebice za sada\u0161nje stanje crkveno-teolo\u0161koga dijaloga sa svijetom u nastojanjima oko ravnopravnosti mu\u0161karaca i \u017eena.<\/p>\n<p class=\"MsoNormal\" style=\"line-height: normal; margin: 0cm 0cm 0pt;\"><em>prof. dr. sc. Ante Vu\u010dkovi\u0107<\/em><\/p>\n<p>Rije\u010d je o respektabilnoj studiji koja \u0107e \u010ditateljicama i \u010ditateljima u Hrvatskoj ne samo (&#8230;) pru\u017eiti slo\u017eeniji pogled na pojam roda (&#8230;) nego ih i potaknuti na daljnje promi\u0161ljanje koliko neka nedovoljno sofisticirana i nedovoljno kriti\u010dna i kona\u010dno nedovoljno kontekstualizirana shva\u0107anja pojedinih pojmova mogu izazvati ne samo zabuna nego i ideolo\u0161kih nesuglasica. Stoga se sla\u017eem sa zaklju\u010dkom Jadranke Rebeke Ani\u0107 da primjeri teolo\u0161kog promi\u0161ljanja rodnih teorija koji se obja\u0161njavaju u ovoj knjizi \u201ekr\u0161\u0107ane u Hrvatskoj mogu ohrabriti da umjesto kri\u017earskog rata protiv pojma rod i rodnih teorija\u201c te pojmove \u201eshvate kao mjesto susreta sa suvremenim \u010dovjekom i s njegovom slo\u017eenom slikom o sebi, kao \u010dvori\u0161te interdisciplinarnih rasprava u kojima katoli\u010dka teologija mo\u017ee dati dragocjen doprinos primaju\u0107i ujedno poticaje za vlastiti razvoj\u201c. (&#8230;) Knjiga Jadranke Rebeke Ani\u0107 bogata je izvorima, obja\u0161njenjima i kontekstualizacijama koje daleko nadilaze knjige sli\u010dne vrste. Stoga mo\u017ee poslu\u017eiti i kao ud\u017ebenik ali i kao kriti\u010dki tekst za promi\u0161ljanje odnosa Katoli\u010dke crkve i suvremenosti na terenu koji je danas smatran indikatorom tolerancije prema drugom i druga\u010dijem. Rije\u010d je o knjizi koja \u0107e, mislim, postati nezaobilazna literatura u svim budu\u0107im raspravama i kolegijima koji se ti\u010du dru\u0161tvene konstrukcije roda.<\/p>\n<p style=\"line-height: normal; margin: 0cm 0cm 0pt;\"><em>prof. dr. sc. Inga Tomi\u0107-Koludrovi\u0107<\/em><\/p>\n<p class=\"MsoNormal\" style=\"line-height: normal; margin: 0cm 0cm 0pt;\"><a name=\"autorica\">&nbsp;<\/a><br \/><span style=\"font-size: 12pt;\">O autorici<\/span><\/p>\n<p>Jadranka Rebeka Ani\u0107 doktorirala je na Katoli\u010dkom teolo\u0161kom fakultetu Sveu\u010dili\u0161ta u Be\u010du. Kao znanstvena suradnica radi u Institutu dru\u0161tvenih znanosti Ivo Pilar &#8211; Podru\u010dni centar Split. Na Sveu\u010dili\u0161tu u Sarajevu predaje u sklopu predmeta Religija i rod magistarskog programa Religijskih studija i na Rodnim studijima. Kao vanjska suradnica Odjela za sociologiju Sveu\u010dili\u0161ta u Zadru predavala je kolegij \u017dene i Crkva. Na teolo\u0161kom fakultetu Matija Vla\u010di\u0107 Ilirik u Zagrebu predaje kolegij Nasilje nad \u017eenama u obitelji \u2013 pastoralno-teolo\u0161ki izazov. Autorica je niza radova s podru\u010dja feministi\u010dke teologije i dviju knjiga: Vi\u0161e od zadanoga. \u017dene u Crkvi u Hrvatskoj u 20. stolje\u0107u (2003.) i \u017dene u Crkvi i dru\u0161tvu (2010.). Koautorica je triju priru\u010dnika i suurednica nekoliko me\u0111unarodnih i doma\u0107ih zbornika. Sudjelovala je u nekoliko me\u0111unarodnih i doma\u0107ih projekata te vodila dva projekta Franjeva\u010dkog instituta za kulturu mira: Mu\u0161ko i \u017eensko, stvori ih. \u017dene i mu\u0161karci u \u017eivljenju i slu\u017ebi Bo\u017ejeg poslanja i Nasilje nad \u017eenama u obitelji \u2013 teolo\u0161ko-pastoralni izazov. \u010clanica je dviju me\u0111unarodnih i dviju doma\u0107ih udruga te predsjednica Hrvatske sekcije Europskog dru\u0161tva \u017eena u teolo\u0161kom istra\u017eivanju. Podru\u010dje interesa: teolo\u0161ka antropologija, feministi\u010dka teologija, pastoralna teologija. Izbor iz bibliografije: <a href=\"http:\/\/bib.irb.hr\/lista-radova?autor=277285\">http:\/\/bib.irb.hr\/lista-radova?autor=277285<\/a><br \/><span style=\"color: #000000;\"><span style=\"font-family: 'Arial','sans-serif'; font-size: 10pt;\"><\/p>\n<p>&gt;&gt;&gt; <a href=\"https:\/\/www.vegaintro-projekti.com\/pilar-stari\/2010\/06\/centar-za-religijske-studije\/\">Centar za religijske studije<\/a><br \/>&gt;&gt;&gt; <a href=\"https:\/\/www.vegaintro-projekti.com\/pilar-stari\/2010\/07\/podruni-centar-split-2\/\">Podru\u010dni centar Split<\/a><\/p>\n<p><\/span><\/span><\/p>\n","protected":false},"excerpt":{"rendered":"<p>Po\u010detkom rujna 2011. iz tiska je iza\u0161la knjiga dr. sc. Jadranke Rebeke Ani\u0107, znanstvene suradnice Instituta Ivo Pilar &#8211; Centar Split,&nbsp; pod naslovom KAKO RAZUMJETI ROD?&nbsp;Povijest rasprave i razli\u010dita razumijevanja u Crkvi. Objavljena je kao druga knjiga Biblioteke Centra za religijske studije Instituta Ivo Pilar&nbsp; Rije\u010d je o knjizi koja \u0107e &#8230; postati nezaobilazna literatura&hellip; <a class=\"continue\" href=\"https:\/\/www.vegaintro-projekti.com\/pilar-stari\/2011\/09\/kako-razumjeti-rod\/\">Pro\u010ditaj vi\u0161e o<span> KAKO RAZUMJETI ROD? &#8211; Nova knjiga Jadranke Rebeke Ani\u0107<\/span><\/a><\/p>\n","protected":false},"author":1,"featured_media":0,"comment_status":"open","ping_status":"open","sticky":false,"template":"","format":"standard","meta":{"inline_featured_image":false,"ngg_post_thumbnail":0,"footnotes":""},"categories":[21],"tags":[],"yoast_head":"<!-- This site is optimized with the Yoast SEO plugin v21.2 - https:\/\/yoast.com\/wordpress\/plugins\/seo\/ -->\n<title>KAKO RAZUMJETI ROD? - Nova knjiga Jadranke Rebeke Ani\u0107 - Institut dru&scaron;tvenih znanosti Ivo Pilar<\/title>\n<meta name=\"robots\" content=\"noindex, follow, max-snippet:-1, max-image-preview:large, max-video-preview:-1\" \/>\n<meta property=\"og:locale\" content=\"hr_HR\" \/>\n<meta property=\"og:type\" content=\"article\" \/>\n<meta property=\"og:title\" content=\"KAKO RAZUMJETI ROD? - Nova knjiga Jadranke Rebeke Ani\u0107 - Institut dru&scaron;tvenih znanosti Ivo Pilar\" \/>\n<meta property=\"og:description\" content=\"Po\u010detkom rujna 2011. iz tiska je iza\u0161la knjiga dr. sc. Jadranke Rebeke Ani\u0107, znanstvene suradnice Instituta Ivo Pilar &#8211; Centar Split,&nbsp; pod naslovom KAKO RAZUMJETI ROD?&nbsp;Povijest rasprave i razli\u010dita razumijevanja u Crkvi. Objavljena je kao druga knjiga Biblioteke Centra za religijske studije Instituta Ivo Pilar&nbsp; Rije\u010d je o knjizi koja \u0107e &#8230; postati nezaobilazna literatura&hellip; Pro\u010ditaj vi\u0161e o KAKO RAZUMJETI ROD? &#8211; Nova knjiga Jadranke Rebeke Ani\u0107\" \/>\n<meta property=\"og:url\" content=\"https:\/\/www.vegaintro-projekti.com\/pilar-stari\/2011\/09\/kako-razumjeti-rod\/\" \/>\n<meta property=\"og:site_name\" content=\"Institut dru&scaron;tvenih znanosti Ivo Pilar\" \/>\n<meta property=\"article:published_time\" content=\"2011-09-07T21:29:58+00:00\" \/>\n<meta property=\"article:modified_time\" content=\"2017-12-07T14:12:44+00:00\" \/>\n<meta property=\"og:image\" content=\"https:\/\/www.vegaintro-projekti.com\/pilar-stari\/wp-content\/images\/stories\/fotografije\/publikacije\/rod_naslovnica.jpg\" \/>\n<meta name=\"author\" content=\"pilar-admin\" \/>\n<meta name=\"twitter:card\" content=\"summary_large_image\" \/>\n<meta name=\"twitter:label1\" content=\"Napisao\/la\" \/>\n\t<meta name=\"twitter:data1\" content=\"pilar-admin\" \/>\n\t<meta name=\"twitter:label2\" content=\"Procijenjeno vrijeme \u010ditanja\" \/>\n\t<meta name=\"twitter:data2\" content=\"5 minuta\" \/>\n<script type=\"application\/ld+json\" class=\"yoast-schema-graph\">{\"@context\":\"https:\/\/schema.org\",\"@graph\":[{\"@type\":\"WebPage\",\"@id\":\"https:\/\/www.vegaintro-projekti.com\/pilar-stari\/2011\/09\/kako-razumjeti-rod\/\",\"url\":\"https:\/\/www.vegaintro-projekti.com\/pilar-stari\/2011\/09\/kako-razumjeti-rod\/\",\"name\":\"KAKO RAZUMJETI ROD? - Nova knjiga Jadranke Rebeke Ani\u0107 - Institut dru&scaron;tvenih znanosti Ivo Pilar\",\"isPartOf\":{\"@id\":\"https:\/\/www.vegaintro-projekti.com\/pilar-stari\/#website\"},\"datePublished\":\"2011-09-07T21:29:58+00:00\",\"dateModified\":\"2017-12-07T14:12:44+00:00\",\"author\":{\"@id\":\"https:\/\/www.vegaintro-projekti.com\/pilar-stari\/#\/schema\/person\/c0db50ebd77c4409e19b18044bbf10c1\"},\"breadcrumb\":{\"@id\":\"https:\/\/www.vegaintro-projekti.com\/pilar-stari\/2011\/09\/kako-razumjeti-rod\/#breadcrumb\"},\"inLanguage\":\"hr\",\"potentialAction\":[{\"@type\":\"ReadAction\",\"target\":[\"https:\/\/www.vegaintro-projekti.com\/pilar-stari\/2011\/09\/kako-razumjeti-rod\/\"]}]},{\"@type\":\"BreadcrumbList\",\"@id\":\"https:\/\/www.vegaintro-projekti.com\/pilar-stari\/2011\/09\/kako-razumjeti-rod\/#breadcrumb\",\"itemListElement\":[{\"@type\":\"ListItem\",\"position\":1,\"name\":\"Home\",\"item\":\"https:\/\/www.vegaintro-projekti.com\/pilar-stari\/\"},{\"@type\":\"ListItem\",\"position\":2,\"name\":\"KAKO RAZUMJETI ROD? &#8211; Nova knjiga Jadranke Rebeke Ani\u0107\"}]},{\"@type\":\"WebSite\",\"@id\":\"https:\/\/www.vegaintro-projekti.com\/pilar-stari\/#website\",\"url\":\"https:\/\/www.vegaintro-projekti.com\/pilar-stari\/\",\"name\":\"Institut dru&scaron;tvenih znanosti Ivo Pilar\",\"description\":\"Pilar\",\"potentialAction\":[{\"@type\":\"SearchAction\",\"target\":{\"@type\":\"EntryPoint\",\"urlTemplate\":\"https:\/\/www.vegaintro-projekti.com\/pilar-stari\/?s={search_term_string}\"},\"query-input\":\"required name=search_term_string\"}],\"inLanguage\":\"hr\"},{\"@type\":\"Person\",\"@id\":\"https:\/\/www.vegaintro-projekti.com\/pilar-stari\/#\/schema\/person\/c0db50ebd77c4409e19b18044bbf10c1\",\"name\":\"pilar-admin\",\"image\":{\"@type\":\"ImageObject\",\"inLanguage\":\"hr\",\"@id\":\"https:\/\/www.vegaintro-projekti.com\/pilar-stari\/#\/schema\/person\/image\/\",\"url\":\"https:\/\/secure.gravatar.com\/avatar\/fac9e03c4db0011b9c1ad8b5e9c74b8c?s=96&d=mm&r=g\",\"contentUrl\":\"https:\/\/secure.gravatar.com\/avatar\/fac9e03c4db0011b9c1ad8b5e9c74b8c?s=96&d=mm&r=g\",\"caption\":\"pilar-admin\"},\"url\":\"https:\/\/www.vegaintro-projekti.com\/pilar-stari\/author\/pilar-admin\/\"}]}<\/script>\n<!-- \/ Yoast SEO plugin. -->","yoast_head_json":{"title":"KAKO RAZUMJETI ROD? - Nova knjiga Jadranke Rebeke Ani\u0107 - Institut dru&scaron;tvenih znanosti Ivo Pilar","robots":{"index":"noindex","follow":"follow","max-snippet":"max-snippet:-1","max-image-preview":"max-image-preview:large","max-video-preview":"max-video-preview:-1"},"og_locale":"hr_HR","og_type":"article","og_title":"KAKO RAZUMJETI ROD? - Nova knjiga Jadranke Rebeke Ani\u0107 - Institut dru&scaron;tvenih znanosti Ivo Pilar","og_description":"Po\u010detkom rujna 2011. iz tiska je iza\u0161la knjiga dr. sc. Jadranke Rebeke Ani\u0107, znanstvene suradnice Instituta Ivo Pilar &#8211; Centar Split,&nbsp; pod naslovom KAKO RAZUMJETI ROD?&nbsp;Povijest rasprave i razli\u010dita razumijevanja u Crkvi. Objavljena je kao druga knjiga Biblioteke Centra za religijske studije Instituta Ivo Pilar&nbsp; Rije\u010d je o knjizi koja \u0107e &#8230; postati nezaobilazna literatura&hellip; Pro\u010ditaj vi\u0161e o KAKO RAZUMJETI ROD? &#8211; Nova knjiga Jadranke Rebeke Ani\u0107","og_url":"https:\/\/www.vegaintro-projekti.com\/pilar-stari\/2011\/09\/kako-razumjeti-rod\/","og_site_name":"Institut dru&scaron;tvenih znanosti Ivo Pilar","article_published_time":"2011-09-07T21:29:58+00:00","article_modified_time":"2017-12-07T14:12:44+00:00","og_image":[{"url":"https:\/\/www.vegaintro-projekti.com\/pilar-stari\/wp-content\/images\/stories\/fotografije\/publikacije\/rod_naslovnica.jpg"}],"author":"pilar-admin","twitter_card":"summary_large_image","twitter_misc":{"Napisao\/la":"pilar-admin","Procijenjeno vrijeme \u010ditanja":"5 minuta"},"schema":{"@context":"https:\/\/schema.org","@graph":[{"@type":"WebPage","@id":"https:\/\/www.vegaintro-projekti.com\/pilar-stari\/2011\/09\/kako-razumjeti-rod\/","url":"https:\/\/www.vegaintro-projekti.com\/pilar-stari\/2011\/09\/kako-razumjeti-rod\/","name":"KAKO RAZUMJETI ROD? - Nova knjiga Jadranke Rebeke Ani\u0107 - Institut dru&scaron;tvenih znanosti Ivo Pilar","isPartOf":{"@id":"https:\/\/www.vegaintro-projekti.com\/pilar-stari\/#website"},"datePublished":"2011-09-07T21:29:58+00:00","dateModified":"2017-12-07T14:12:44+00:00","author":{"@id":"https:\/\/www.vegaintro-projekti.com\/pilar-stari\/#\/schema\/person\/c0db50ebd77c4409e19b18044bbf10c1"},"breadcrumb":{"@id":"https:\/\/www.vegaintro-projekti.com\/pilar-stari\/2011\/09\/kako-razumjeti-rod\/#breadcrumb"},"inLanguage":"hr","potentialAction":[{"@type":"ReadAction","target":["https:\/\/www.vegaintro-projekti.com\/pilar-stari\/2011\/09\/kako-razumjeti-rod\/"]}]},{"@type":"BreadcrumbList","@id":"https:\/\/www.vegaintro-projekti.com\/pilar-stari\/2011\/09\/kako-razumjeti-rod\/#breadcrumb","itemListElement":[{"@type":"ListItem","position":1,"name":"Home","item":"https:\/\/www.vegaintro-projekti.com\/pilar-stari\/"},{"@type":"ListItem","position":2,"name":"KAKO RAZUMJETI ROD? &#8211; Nova knjiga Jadranke Rebeke Ani\u0107"}]},{"@type":"WebSite","@id":"https:\/\/www.vegaintro-projekti.com\/pilar-stari\/#website","url":"https:\/\/www.vegaintro-projekti.com\/pilar-stari\/","name":"Institut dru&scaron;tvenih znanosti Ivo Pilar","description":"Pilar","potentialAction":[{"@type":"SearchAction","target":{"@type":"EntryPoint","urlTemplate":"https:\/\/www.vegaintro-projekti.com\/pilar-stari\/?s={search_term_string}"},"query-input":"required name=search_term_string"}],"inLanguage":"hr"},{"@type":"Person","@id":"https:\/\/www.vegaintro-projekti.com\/pilar-stari\/#\/schema\/person\/c0db50ebd77c4409e19b18044bbf10c1","name":"pilar-admin","image":{"@type":"ImageObject","inLanguage":"hr","@id":"https:\/\/www.vegaintro-projekti.com\/pilar-stari\/#\/schema\/person\/image\/","url":"https:\/\/secure.gravatar.com\/avatar\/fac9e03c4db0011b9c1ad8b5e9c74b8c?s=96&d=mm&r=g","contentUrl":"https:\/\/secure.gravatar.com\/avatar\/fac9e03c4db0011b9c1ad8b5e9c74b8c?s=96&d=mm&r=g","caption":"pilar-admin"},"url":"https:\/\/www.vegaintro-projekti.com\/pilar-stari\/author\/pilar-admin\/"}]}},"_links":{"self":[{"href":"https:\/\/www.vegaintro-projekti.com\/pilar-stari\/wp-json\/wp\/v2\/posts\/396"}],"collection":[{"href":"https:\/\/www.vegaintro-projekti.com\/pilar-stari\/wp-json\/wp\/v2\/posts"}],"about":[{"href":"https:\/\/www.vegaintro-projekti.com\/pilar-stari\/wp-json\/wp\/v2\/types\/post"}],"author":[{"embeddable":true,"href":"https:\/\/www.vegaintro-projekti.com\/pilar-stari\/wp-json\/wp\/v2\/users\/1"}],"replies":[{"embeddable":true,"href":"https:\/\/www.vegaintro-projekti.com\/pilar-stari\/wp-json\/wp\/v2\/comments?post=396"}],"version-history":[{"count":4,"href":"https:\/\/www.vegaintro-projekti.com\/pilar-stari\/wp-json\/wp\/v2\/posts\/396\/revisions"}],"predecessor-version":[{"id":6983,"href":"https:\/\/www.vegaintro-projekti.com\/pilar-stari\/wp-json\/wp\/v2\/posts\/396\/revisions\/6983"}],"wp:attachment":[{"href":"https:\/\/www.vegaintro-projekti.com\/pilar-stari\/wp-json\/wp\/v2\/media?parent=396"}],"wp:term":[{"taxonomy":"category","embeddable":true,"href":"https:\/\/www.vegaintro-projekti.com\/pilar-stari\/wp-json\/wp\/v2\/categories?post=396"},{"taxonomy":"post_tag","embeddable":true,"href":"https:\/\/www.vegaintro-projekti.com\/pilar-stari\/wp-json\/wp\/v2\/tags?post=396"}],"curies":[{"name":"wp","href":"https:\/\/api.w.org\/{rel}","templated":true}]}}