{"id":3983,"date":"2017-03-18T18:59:33","date_gmt":"2017-03-18T18:59:33","guid":{"rendered":"https:\/\/www.vegaintro-projekti.com\/pilar-stari\/2017\/03\/objavljena-knjiga-zivjeti-s-invaliditetom-u-urbanoj-sredini\/"},"modified":"2017-12-08T17:10:40","modified_gmt":"2017-12-08T17:10:40","slug":"objavljena-knjiga-zivjeti-s-invaliditetom-u-urbanoj-sredini","status":"publish","type":"post","link":"https:\/\/www.vegaintro-projekti.com\/pilar-stari\/2017\/03\/objavljena-knjiga-zivjeti-s-invaliditetom-u-urbanoj-sredini\/","title":{"rendered":"Objavljena knjiga \u017dIVJETI S INVALIDITETOM U URBANOJ SREDINI"},"content":{"rendered":"<p><strong>Kao 30. knjiga Biblioteke Studije Instituta dru\u0161tvenih znanosti Ivo Pilar objavljena je knjiga Marka Marini\u0107a i Stanka Rihtara \u017dIVJETI S INVALIDITETOM U URBANOJ SREDINI. <em>Analiza kvalitete \u017eivota osoba s invaliditetom u Gradu Zagrebu<\/em>. \u2013 &#8220;Knjiga je nastala prvenstveno zahvaljuju\u0107i istra\u017eivanju kvalitete \u017eivota osoba s invaliditetom u Zagrebu. Svi potrebni rezultati dobiveni su u sklopu projekta &#8216;Empirijska analiza kvalitete \u017eivota osoba s invaliditetom u Gradu Zagrebu&#8217; koji je 2015.\/2016. godine realiziran u suradnji Ureda za socijalnu za\u0161titu i osobe s invaliditetom Grada Zagreba i Instituta dru\u0161tvenih znanosti Ivo Pilar.\u2026&#8221; \u2013 Iz Rije\u010di prije<\/strong><\/p>\n<table border=\"0\">\n<tbody>\n<tr>\n<td><img decoding=\"async\" loading=\"lazy\" src=\"https:\/\/www.vegaintro-projekti.com\/pilar-stari\/wp-content\/images\/stories\/fotografije\/publikacije\/naslovnice\/small\/Invalides_nasl.jpg\" alt=\"Invalides nasl\" width=\"218\" height=\"314\" \/><\/td>\n<td valign=\"bottom\">\n<p><span style=\"font-size: 12pt;\">Problemi s kojima se susre\u0107u, ali i op\u0107enito kvaliteta \u017eivota osoba s invaliditetom, postaje sve vi\u0161e i predmetom znanstvenih istra\u017eivanja, posebice u razvijenim zemljama\u2026 Rezultati takvih studija trebali bi dati svoj doprinos kvalitetnom strate\u0161kom planiranju i poduzimanju konkretnih aktivnosti dru\u0161tvene zajednice radi kona\u010dnog postizanja istih mogu\u0107nosti za sve gra\u0111ane\u2026<\/span><\/p>\n<p>&nbsp;<\/p>\n<p><span style=\"font-size: 8pt;\"><strong>Marko Marini\u0107, Stanko Rihtar<\/strong><\/span><br \/><span style=\"font-size: 8pt;\"><strong>\u017dIVJETI S INVALIDITETOM U URBANOJ SREDINI<\/strong><\/span><br \/><span style=\"font-size: 8pt;\"><strong>Analiza kvalitete \u017eivota osoba s invaliditetom u Gradu Zagrebu<\/strong><\/span><br \/><span style=\"font-size: 8pt;\"><strong>Biblioteka STUDIJE \u2013 Knjiga 30.<\/strong><\/span><br \/><span style=\"font-size: 8pt;\"><strong>Institut dru\u0161tvenih znanosti Ivo Pilar<\/strong><\/span><br \/><span style=\"font-size: 8pt;\"><strong>Zagreb, 2016. \u2013 Str. 142.<\/strong><\/span><br \/><span style=\"font-size: 8pt;\"><strong>ISBN 978-953-7964-47-4<\/strong><\/span><\/p>\n<p>\u2013 Omot | Impresum | <a href=\"#sadrzaj\">Sadr\u017eaj<\/a> | <a href=\"#sazetak\">Iz Sa\u017eetka<\/a><\/p>\n<\/td>\n<\/tr>\n<\/tbody>\n<\/table>\n<p><a name=\"sadrzaj\">&nbsp;<\/a><\/p>\n<p><span style=\"font-size: 12pt;\">Sadr\u017eaj<\/span><\/p>\n<p>\u2013 Omot | Impresum | Sadr\u017eaj<\/p>\n<p>Rije\u010d prije<\/p>\n<p>1. TEORIJSKI OKVIR<br \/>1.1. Problematika terminologije<br \/>1.2. Poku\u0161aj odre\u0111enja i definiranja pojmova<br \/>1.3. Zastupljenost osoba s invaliditetom u op\u0107oj populaciji<br \/>1.4. Izjedna\u010divanje mogu\u0107nosti<br \/>1.5. Osobe s invaliditetom u urbanoj sredini \u2013 primjer Grada Zagreba<br \/>1.6. O ovom istra\u017eivanju<\/p>\n<p>2. METODOLOGIJA<br \/>2.1. Termini i okolnosti istra\u017eivanja<br \/>2.2. Metoda: fokus-grupa<br \/>2.3. Metoda: anketa<\/p>\n<p>3. REZULTATI<br \/>3.1. Fokus-grupa<br \/>3.2. Anketa<br \/>Sociodemografska obilje\u017eja<br \/>Tjelesni status i potreba za pomo\u0107i<br \/>Upotreba usluga i pomo\u0107i<br \/>Samoprocjena zdravlja i no\u0161enje s o\u0161te\u0107enjima<br \/>Institucionalna skrb<br \/>Ocjena podru\u010dja obuhva\u0107enih Zagreba\u010dkom strategijom<br \/>Participacija i ocjena rada mati\u010dne udruge<br \/>Glavni problemi<br \/>Socijalni odnosi i podr\u0161ka<br \/>Diskriminacija i nasilje<br \/>Zadovoljstvo \u017eivotom<br \/>Slobodno vrijeme<br \/>Samopo\u0161tovanje i optimizam<br \/>Religioznost<br \/>(Bio)eti\u010dka pitanja<\/p>\n<p>Prilog: TABLI\u010cNI PREGLED ANKETNIH REZULTATA<\/p>\n<p>Sa\u017eetak<br \/>Summary<br \/>O autorima<\/p>\n<p>&gt;&gt;&gt; Puni tekst knjige<\/p>\n<p><a name=\"sazetak\">&nbsp;<\/a><\/p>\n<p><span style=\"font-size: 12pt;\">Iz Sa\u017eetka<\/span><\/p>\n<p>Problemi s kojima se susre\u0107u, ali i op\u0107enito kvaliteta \u017eivota osoba s invaliditetom, postaje sve vi\u0161e i predmetom znanstvenih istra\u017eivanja, posebice u razvijenim zemljama. Nastoje se utvrditi specifi\u010dnosti \u017eivota s invaliditetom, objektivni i subjektivni parametri kvalitete \u017eivota, a rezultati takvih studija trebali bi dati svoj doprinos kvalitetnom strate\u0161kom planiranju i poduzimanju konkretnih aktivnosti dru\u0161tvene zajednice radi kona\u010dnog postizanja istih mogu\u0107nosti za sve gra\u0111ane.<\/p>\n<p>U tom uvjerenju nastala je i ova knjiga koju bi sadr\u017eajno mogli podijeliti na dva dijela \u2013 teorijski i empirijski.<\/p>\n<p>U prvom, teorijskom dijelu govorimo op\u0107enito o osobama s invaliditetom, problematici terminologije koja se koristi pri govoru o toj populaciji, a onda nastojimo donijeti i svojevrsna &#8220;odre\u0111enja invaliditeta&#8221; \u2013 \u0161to invalidnost jest a \u0161to nije, odnosno \u0161to zna\u010di biti &#8220;osoba s invaliditetom&#8221;. Donosimo i statisti\u010dke podatke o udjelu osoba s invaliditetom u op\u0107oj populaciji, s posebnim osvrtom na Grad Zagreb te ukazujemo na niz slu\u017ebenih doma\u0107ih i me\u0111unarodnih dokumenata kojima se propisuju postupci i obaveze dru\u0161tvene zajednice radi izjedna\u010divanja mogu\u0107nosti. I pri tome se ponovno stavlja poseban naglasak na Grad Zagreb koji je, o\u010dito, poduzeo niz koraka (posebice u teorijsko\/zakonsko\/strate\u0161kom smislu) radi podizanja kvalitete \u017eivota i izjedna\u010divanja mogu\u0107nosti osoba s invaliditetom. Koliko je sve to doista za\u017eivjelo u praksi, odnosno koliko te korake doista osje\u0107aju oni na koje se odnose, predmet je drugog dijela rada.<\/p>\n<p>Empirijski dio zapo\u010dinjemo opisom metodologije terenskog istra\u017eivanja kvalitete \u017eivota osoba s invaliditetom u Gradu Zagrebu. Istra\u017eivanje je, u suradnji Instituta dru\u0161tvenih znanosti Ivo Pilar i Ureda za socijalnu za\u0161titu i osobe s invaliditetom Grada Zagreba, provedeno u drugoj polovici 2015. godine. Koristila se kombinacija kvalitativnih (fokus-grupa) i kvantitativnih (anketa) istra\u017eiva\u010dkih metoda. U fokus-grupi sudjelovali su predsjednici\/predstavnici raznih udruga osoba s invaliditetom u Zagrebu (Dru\u0161tvo distrofi\u010dara Zagreb, Dru\u0161tvo invalida cerebralne i dje\u010dje paralize Zagreb, Dru\u0161tvo multiple skleroze Grada Zagreba, Dru\u0161tvo tjelesnih invalida Zagreb, Savez gluhih i nagluhih Grada Zagreba, Spinalne ozljede Zagreb, Udruga slijepih Zagreb), a anketno ispitivanje provedeno je me\u0111u \u010dlanovima spomenutih udruga. Ukupno su ispitane 684 osobe s invaliditetom.<\/p>\n<p>Poglavlje &#8220;Rezultati&#8221; donosi cjelovit prikaz dobivenih rezultata\u2026 U pitanju otvorenoga tipa u kojemu su ispitanici mogli navesti do tri svoja najve\u0107a problema, naj\u010de\u0161\u0107e su bili spomenuti ote\u017eano funkcioniranje i nesamostalnost, manjak materijalnih prava i materijalni standard op\u0107enito, socijalni problemi, strah od budu\u0107nosti, neprilago\u0111enost fizi\u010dkog i komunikacijskog okoli\u0161a, zapo\u0161ljavanje te brojni drugi.<\/p>\n<p><em>Marko Marini\u0107 i Stanko Rihtar<\/em><\/p>\n<p>&nbsp;<\/p>\n<p>&nbsp;<\/p>\n<p>&nbsp;<\/p>\n","protected":false},"excerpt":{"rendered":"<p>Kao 30. knjiga Biblioteke Studije Instituta dru\u0161tvenih znanosti Ivo Pilar objavljena je knjiga Marka Marini\u0107a i Stanka Rihtara \u017dIVJETI S INVALIDITETOM U URBANOJ SREDINI. Analiza kvalitete \u017eivota osoba s invaliditetom u Gradu Zagrebu. \u2013 &#8220;Knjiga je nastala prvenstveno zahvaljuju\u0107i istra\u017eivanju kvalitete \u017eivota osoba s invaliditetom u Zagrebu. Svi potrebni rezultati dobiveni su u sklopu projekta&hellip; <a class=\"continue\" href=\"https:\/\/www.vegaintro-projekti.com\/pilar-stari\/2017\/03\/objavljena-knjiga-zivjeti-s-invaliditetom-u-urbanoj-sredini\/\">Pro\u010ditaj vi\u0161e o<span> Objavljena knjiga \u017dIVJETI S INVALIDITETOM U URBANOJ SREDINI<\/span><\/a><\/p>\n","protected":false},"author":1,"featured_media":4004,"comment_status":"open","ping_status":"open","sticky":false,"template":"","format":"standard","meta":{"inline_featured_image":false,"ngg_post_thumbnail":0,"footnotes":""},"categories":[48,21],"tags":[],"yoast_head":"<!-- This site is optimized with the Yoast SEO plugin v21.2 - https:\/\/yoast.com\/wordpress\/plugins\/seo\/ -->\n<title>Objavljena knjiga \u017dIVJETI S INVALIDITETOM U URBANOJ SREDINI - Institut dru&scaron;tvenih znanosti Ivo Pilar<\/title>\n<meta name=\"robots\" content=\"noindex, follow, max-snippet:-1, max-image-preview:large, max-video-preview:-1\" \/>\n<meta property=\"og:locale\" content=\"hr_HR\" \/>\n<meta property=\"og:type\" content=\"article\" \/>\n<meta property=\"og:title\" content=\"Objavljena knjiga \u017dIVJETI S INVALIDITETOM U URBANOJ SREDINI - Institut dru&scaron;tvenih znanosti Ivo Pilar\" \/>\n<meta property=\"og:description\" content=\"Kao 30. knjiga Biblioteke Studije Instituta dru\u0161tvenih znanosti Ivo Pilar objavljena je knjiga Marka Marini\u0107a i Stanka Rihtara \u017dIVJETI S INVALIDITETOM U URBANOJ SREDINI. Analiza kvalitete \u017eivota osoba s invaliditetom u Gradu Zagrebu. \u2013 &#8220;Knjiga je nastala prvenstveno zahvaljuju\u0107i istra\u017eivanju kvalitete \u017eivota osoba s invaliditetom u Zagrebu. Svi potrebni rezultati dobiveni su u sklopu projekta&hellip; Pro\u010ditaj vi\u0161e o Objavljena knjiga \u017dIVJETI S INVALIDITETOM U URBANOJ SREDINI\" \/>\n<meta property=\"og:url\" content=\"https:\/\/www.vegaintro-projekti.com\/pilar-stari\/2017\/03\/objavljena-knjiga-zivjeti-s-invaliditetom-u-urbanoj-sredini\/\" \/>\n<meta property=\"og:site_name\" content=\"Institut dru&scaron;tvenih znanosti Ivo Pilar\" \/>\n<meta property=\"article:published_time\" content=\"2017-03-18T18:59:33+00:00\" \/>\n<meta property=\"article:modified_time\" content=\"2017-12-08T17:10:40+00:00\" \/>\n<meta property=\"og:image\" content=\"https:\/\/www.vegaintro-projekti.com\/pilar-stari\/wp-content\/uploads\/2017\/03\/Invalides_nasl.jpg\" \/>\n\t<meta property=\"og:image:width\" content=\"218\" \/>\n\t<meta property=\"og:image:height\" content=\"314\" \/>\n\t<meta property=\"og:image:type\" content=\"image\/jpeg\" \/>\n<meta name=\"author\" content=\"pilar-admin\" \/>\n<meta name=\"twitter:card\" content=\"summary_large_image\" \/>\n<meta name=\"twitter:label1\" content=\"Napisao\/la\" \/>\n\t<meta name=\"twitter:data1\" content=\"pilar-admin\" \/>\n\t<meta name=\"twitter:label2\" content=\"Procijenjeno vrijeme \u010ditanja\" \/>\n\t<meta name=\"twitter:data2\" content=\"4 minute\" \/>\n<script type=\"application\/ld+json\" class=\"yoast-schema-graph\">{\"@context\":\"https:\/\/schema.org\",\"@graph\":[{\"@type\":\"WebPage\",\"@id\":\"https:\/\/www.vegaintro-projekti.com\/pilar-stari\/2017\/03\/objavljena-knjiga-zivjeti-s-invaliditetom-u-urbanoj-sredini\/\",\"url\":\"https:\/\/www.vegaintro-projekti.com\/pilar-stari\/2017\/03\/objavljena-knjiga-zivjeti-s-invaliditetom-u-urbanoj-sredini\/\",\"name\":\"Objavljena knjiga \u017dIVJETI S INVALIDITETOM U URBANOJ SREDINI - Institut dru&scaron;tvenih znanosti Ivo Pilar\",\"isPartOf\":{\"@id\":\"https:\/\/www.vegaintro-projekti.com\/pilar-stari\/#website\"},\"datePublished\":\"2017-03-18T18:59:33+00:00\",\"dateModified\":\"2017-12-08T17:10:40+00:00\",\"author\":{\"@id\":\"https:\/\/www.vegaintro-projekti.com\/pilar-stari\/#\/schema\/person\/c0db50ebd77c4409e19b18044bbf10c1\"},\"breadcrumb\":{\"@id\":\"https:\/\/www.vegaintro-projekti.com\/pilar-stari\/2017\/03\/objavljena-knjiga-zivjeti-s-invaliditetom-u-urbanoj-sredini\/#breadcrumb\"},\"inLanguage\":\"hr\",\"potentialAction\":[{\"@type\":\"ReadAction\",\"target\":[\"https:\/\/www.vegaintro-projekti.com\/pilar-stari\/2017\/03\/objavljena-knjiga-zivjeti-s-invaliditetom-u-urbanoj-sredini\/\"]}]},{\"@type\":\"BreadcrumbList\",\"@id\":\"https:\/\/www.vegaintro-projekti.com\/pilar-stari\/2017\/03\/objavljena-knjiga-zivjeti-s-invaliditetom-u-urbanoj-sredini\/#breadcrumb\",\"itemListElement\":[{\"@type\":\"ListItem\",\"position\":1,\"name\":\"Home\",\"item\":\"https:\/\/www.vegaintro-projekti.com\/pilar-stari\/\"},{\"@type\":\"ListItem\",\"position\":2,\"name\":\"Objavljena knjiga \u017dIVJETI S INVALIDITETOM U URBANOJ SREDINI\"}]},{\"@type\":\"WebSite\",\"@id\":\"https:\/\/www.vegaintro-projekti.com\/pilar-stari\/#website\",\"url\":\"https:\/\/www.vegaintro-projekti.com\/pilar-stari\/\",\"name\":\"Institut dru&scaron;tvenih znanosti Ivo Pilar\",\"description\":\"Pilar\",\"potentialAction\":[{\"@type\":\"SearchAction\",\"target\":{\"@type\":\"EntryPoint\",\"urlTemplate\":\"https:\/\/www.vegaintro-projekti.com\/pilar-stari\/?s={search_term_string}\"},\"query-input\":\"required name=search_term_string\"}],\"inLanguage\":\"hr\"},{\"@type\":\"Person\",\"@id\":\"https:\/\/www.vegaintro-projekti.com\/pilar-stari\/#\/schema\/person\/c0db50ebd77c4409e19b18044bbf10c1\",\"name\":\"pilar-admin\",\"image\":{\"@type\":\"ImageObject\",\"inLanguage\":\"hr\",\"@id\":\"https:\/\/www.vegaintro-projekti.com\/pilar-stari\/#\/schema\/person\/image\/\",\"url\":\"https:\/\/secure.gravatar.com\/avatar\/fac9e03c4db0011b9c1ad8b5e9c74b8c?s=96&d=mm&r=g\",\"contentUrl\":\"https:\/\/secure.gravatar.com\/avatar\/fac9e03c4db0011b9c1ad8b5e9c74b8c?s=96&d=mm&r=g\",\"caption\":\"pilar-admin\"},\"url\":\"https:\/\/www.vegaintro-projekti.com\/pilar-stari\/author\/pilar-admin\/\"}]}<\/script>\n<!-- \/ Yoast SEO plugin. -->","yoast_head_json":{"title":"Objavljena knjiga \u017dIVJETI S INVALIDITETOM U URBANOJ SREDINI - Institut dru&scaron;tvenih znanosti Ivo Pilar","robots":{"index":"noindex","follow":"follow","max-snippet":"max-snippet:-1","max-image-preview":"max-image-preview:large","max-video-preview":"max-video-preview:-1"},"og_locale":"hr_HR","og_type":"article","og_title":"Objavljena knjiga \u017dIVJETI S INVALIDITETOM U URBANOJ SREDINI - Institut dru&scaron;tvenih znanosti Ivo Pilar","og_description":"Kao 30. knjiga Biblioteke Studije Instituta dru\u0161tvenih znanosti Ivo Pilar objavljena je knjiga Marka Marini\u0107a i Stanka Rihtara \u017dIVJETI S INVALIDITETOM U URBANOJ SREDINI. Analiza kvalitete \u017eivota osoba s invaliditetom u Gradu Zagrebu. \u2013 &#8220;Knjiga je nastala prvenstveno zahvaljuju\u0107i istra\u017eivanju kvalitete \u017eivota osoba s invaliditetom u Zagrebu. Svi potrebni rezultati dobiveni su u sklopu projekta&hellip; Pro\u010ditaj vi\u0161e o Objavljena knjiga \u017dIVJETI S INVALIDITETOM U URBANOJ SREDINI","og_url":"https:\/\/www.vegaintro-projekti.com\/pilar-stari\/2017\/03\/objavljena-knjiga-zivjeti-s-invaliditetom-u-urbanoj-sredini\/","og_site_name":"Institut dru&scaron;tvenih znanosti Ivo Pilar","article_published_time":"2017-03-18T18:59:33+00:00","article_modified_time":"2017-12-08T17:10:40+00:00","og_image":[{"width":218,"height":314,"url":"https:\/\/www.vegaintro-projekti.com\/pilar-stari\/wp-content\/uploads\/2017\/03\/Invalides_nasl.jpg","type":"image\/jpeg"}],"author":"pilar-admin","twitter_card":"summary_large_image","twitter_misc":{"Napisao\/la":"pilar-admin","Procijenjeno vrijeme \u010ditanja":"4 minute"},"schema":{"@context":"https:\/\/schema.org","@graph":[{"@type":"WebPage","@id":"https:\/\/www.vegaintro-projekti.com\/pilar-stari\/2017\/03\/objavljena-knjiga-zivjeti-s-invaliditetom-u-urbanoj-sredini\/","url":"https:\/\/www.vegaintro-projekti.com\/pilar-stari\/2017\/03\/objavljena-knjiga-zivjeti-s-invaliditetom-u-urbanoj-sredini\/","name":"Objavljena knjiga \u017dIVJETI S INVALIDITETOM U URBANOJ SREDINI - Institut dru&scaron;tvenih znanosti Ivo Pilar","isPartOf":{"@id":"https:\/\/www.vegaintro-projekti.com\/pilar-stari\/#website"},"datePublished":"2017-03-18T18:59:33+00:00","dateModified":"2017-12-08T17:10:40+00:00","author":{"@id":"https:\/\/www.vegaintro-projekti.com\/pilar-stari\/#\/schema\/person\/c0db50ebd77c4409e19b18044bbf10c1"},"breadcrumb":{"@id":"https:\/\/www.vegaintro-projekti.com\/pilar-stari\/2017\/03\/objavljena-knjiga-zivjeti-s-invaliditetom-u-urbanoj-sredini\/#breadcrumb"},"inLanguage":"hr","potentialAction":[{"@type":"ReadAction","target":["https:\/\/www.vegaintro-projekti.com\/pilar-stari\/2017\/03\/objavljena-knjiga-zivjeti-s-invaliditetom-u-urbanoj-sredini\/"]}]},{"@type":"BreadcrumbList","@id":"https:\/\/www.vegaintro-projekti.com\/pilar-stari\/2017\/03\/objavljena-knjiga-zivjeti-s-invaliditetom-u-urbanoj-sredini\/#breadcrumb","itemListElement":[{"@type":"ListItem","position":1,"name":"Home","item":"https:\/\/www.vegaintro-projekti.com\/pilar-stari\/"},{"@type":"ListItem","position":2,"name":"Objavljena knjiga \u017dIVJETI S INVALIDITETOM U URBANOJ SREDINI"}]},{"@type":"WebSite","@id":"https:\/\/www.vegaintro-projekti.com\/pilar-stari\/#website","url":"https:\/\/www.vegaintro-projekti.com\/pilar-stari\/","name":"Institut dru&scaron;tvenih znanosti Ivo Pilar","description":"Pilar","potentialAction":[{"@type":"SearchAction","target":{"@type":"EntryPoint","urlTemplate":"https:\/\/www.vegaintro-projekti.com\/pilar-stari\/?s={search_term_string}"},"query-input":"required name=search_term_string"}],"inLanguage":"hr"},{"@type":"Person","@id":"https:\/\/www.vegaintro-projekti.com\/pilar-stari\/#\/schema\/person\/c0db50ebd77c4409e19b18044bbf10c1","name":"pilar-admin","image":{"@type":"ImageObject","inLanguage":"hr","@id":"https:\/\/www.vegaintro-projekti.com\/pilar-stari\/#\/schema\/person\/image\/","url":"https:\/\/secure.gravatar.com\/avatar\/fac9e03c4db0011b9c1ad8b5e9c74b8c?s=96&d=mm&r=g","contentUrl":"https:\/\/secure.gravatar.com\/avatar\/fac9e03c4db0011b9c1ad8b5e9c74b8c?s=96&d=mm&r=g","caption":"pilar-admin"},"url":"https:\/\/www.vegaintro-projekti.com\/pilar-stari\/author\/pilar-admin\/"}]}},"_links":{"self":[{"href":"https:\/\/www.vegaintro-projekti.com\/pilar-stari\/wp-json\/wp\/v2\/posts\/3983"}],"collection":[{"href":"https:\/\/www.vegaintro-projekti.com\/pilar-stari\/wp-json\/wp\/v2\/posts"}],"about":[{"href":"https:\/\/www.vegaintro-projekti.com\/pilar-stari\/wp-json\/wp\/v2\/types\/post"}],"author":[{"embeddable":true,"href":"https:\/\/www.vegaintro-projekti.com\/pilar-stari\/wp-json\/wp\/v2\/users\/1"}],"replies":[{"embeddable":true,"href":"https:\/\/www.vegaintro-projekti.com\/pilar-stari\/wp-json\/wp\/v2\/comments?post=3983"}],"version-history":[{"count":16,"href":"https:\/\/www.vegaintro-projekti.com\/pilar-stari\/wp-json\/wp\/v2\/posts\/3983\/revisions"}],"predecessor-version":[{"id":8312,"href":"https:\/\/www.vegaintro-projekti.com\/pilar-stari\/wp-json\/wp\/v2\/posts\/3983\/revisions\/8312"}],"wp:featuredmedia":[{"embeddable":true,"href":"https:\/\/www.vegaintro-projekti.com\/pilar-stari\/wp-json\/wp\/v2\/media\/4004"}],"wp:attachment":[{"href":"https:\/\/www.vegaintro-projekti.com\/pilar-stari\/wp-json\/wp\/v2\/media?parent=3983"}],"wp:term":[{"taxonomy":"category","embeddable":true,"href":"https:\/\/www.vegaintro-projekti.com\/pilar-stari\/wp-json\/wp\/v2\/categories?post=3983"},{"taxonomy":"post_tag","embeddable":true,"href":"https:\/\/www.vegaintro-projekti.com\/pilar-stari\/wp-json\/wp\/v2\/tags?post=3983"}],"curies":[{"name":"wp","href":"https:\/\/api.w.org\/{rel}","templated":true}]}}