{"id":3984,"date":"2017-03-28T08:04:25","date_gmt":"2017-03-28T08:04:25","guid":{"rendered":"https:\/\/www.vegaintro-projekti.com\/pilar-stari\/2017\/03\/dr-sc-drazen-zivic-demografska-buducnost-hrvatske\/"},"modified":"2017-12-08T16:02:27","modified_gmt":"2017-12-08T16:02:27","slug":"dr-sc-drazen-zivic-demografska-buducnost-hrvatske","status":"publish","type":"post","link":"https:\/\/www.vegaintro-projekti.com\/pilar-stari\/2017\/03\/dr-sc-drazen-zivic-demografska-buducnost-hrvatske\/","title":{"rendered":"Dr. sc. Dra\u017een \u017divi\u0107: DEMOGRAFSKA BUDU\u0106NOST HRVATSKE"},"content":{"rendered":"<p><strong>Na poziv Vije\u0107a za \u017eivot i obitelj Dubrova\u010dke biskupije, voditelj Podru\u010dnoga centra Instituta Pilar u Vukovaru i \u010dlan Vije\u0107a za \u017eivot i obitelj Hrvatske biskupske konferencije, prof. dr. sc. Dra\u017een \u017divi\u0107 sudjelovao je 23. o\u017eujka 2017. na Korizmenoj tribini u dvorani sv. Ivana Pavla II, u Dubrovniku, odr\u017eav\u0161i predavanje naslovljeno &#8220;Demografska budu\u0107nost Hrvatske &#8211; biramo li \u017eivot ili izumiranje?&#8221;<\/strong><\/p>\n<p><\/p>\n<table border=\"0\">\n<tbody>\n<tr>\n<td><\/td>\n<td><\/td>\n<\/tr>\n<\/tbody>\n<\/table>\n<table border=\"0\">\n<tbody>\n<tr>\n<td><\/td>\n<\/tr>\n<\/tbody>\n<\/table>\n<p><span style=\"font-size: 8pt;\"><strong>Predavanje dr. sc. Dra\u017eena \u017divi\u0107a&nbsp;&#8220;Demografska budu\u0107nost Hrvatske &#8211; biramo li \u017eivot ili izumiranje?&#8221;; Dubrovnik, 23. o\u017eujka 2017.<\/strong><\/span><\/p>\n<p><span style=\"font-size: 12pt;\">Me\u0111u zainteresiranom publikom bio je i dubrova\u010dki biskup msgr. Mate Uzini\u0107, a tribinu je moderirao generalni vikar Dubrova\u010dke biskupije dr. sc. don. Stanko Lasi\u0107. Nakon odr\u017eanog predavanja uslijedila je duga i sadr\u017eajna rasprava.<\/span><\/p>\n<p>&gt;&gt;&gt; <a href=\"https:\/\/www.vegaintro-projekti.com\/pilar-stari\/2008\/10\/podruni-centar-vukovar\/\">PODRU\u010cNI CENTAR VUKOVAR<\/a><\/p>\n","protected":false},"excerpt":{"rendered":"<p>Na poziv Vije\u0107a za \u017eivot i obitelj Dubrova\u010dke biskupije, voditelj Podru\u010dnoga centra Instituta Pilar u Vukovaru i \u010dlan Vije\u0107a za \u017eivot i obitelj Hrvatske biskupske konferencije, prof. dr. sc. Dra\u017een \u017divi\u0107 sudjelovao je 23. o\u017eujka 2017. na Korizmenoj tribini u dvorani sv. Ivana Pavla II, u Dubrovniku, odr\u017eav\u0161i predavanje naslovljeno &#8220;Demografska budu\u0107nost Hrvatske &#8211; biramo&hellip; <a class=\"continue\" href=\"https:\/\/www.vegaintro-projekti.com\/pilar-stari\/2017\/03\/dr-sc-drazen-zivic-demografska-buducnost-hrvatske\/\">Pro\u010ditaj vi\u0161e o<span> Dr. sc. Dra\u017een \u017divi\u0107: DEMOGRAFSKA BUDU\u0106NOST HRVATSKE<\/span><\/a><\/p>\n","protected":false},"author":1,"featured_media":0,"comment_status":"open","ping_status":"open","sticky":false,"template":"","format":"standard","meta":{"inline_featured_image":false,"ngg_post_thumbnail":0,"footnotes":""},"categories":[11],"tags":[],"yoast_head":"<!-- This site is optimized with the Yoast SEO plugin v21.2 - https:\/\/yoast.com\/wordpress\/plugins\/seo\/ -->\n<title>Dr. sc. Dra\u017een \u017divi\u0107: DEMOGRAFSKA BUDU\u0106NOST HRVATSKE - Institut dru&scaron;tvenih znanosti Ivo Pilar<\/title>\n<meta name=\"robots\" content=\"noindex, follow, max-snippet:-1, max-image-preview:large, max-video-preview:-1\" \/>\n<meta property=\"og:locale\" content=\"hr_HR\" \/>\n<meta property=\"og:type\" content=\"article\" \/>\n<meta property=\"og:title\" content=\"Dr. sc. Dra\u017een \u017divi\u0107: DEMOGRAFSKA BUDU\u0106NOST HRVATSKE - Institut dru&scaron;tvenih znanosti Ivo Pilar\" \/>\n<meta property=\"og:description\" content=\"Na poziv Vije\u0107a za \u017eivot i obitelj Dubrova\u010dke biskupije, voditelj Podru\u010dnoga centra Instituta Pilar u Vukovaru i \u010dlan Vije\u0107a za \u017eivot i obitelj Hrvatske biskupske konferencije, prof. dr. sc. Dra\u017een \u017divi\u0107 sudjelovao je 23. o\u017eujka 2017. na Korizmenoj tribini u dvorani sv. Ivana Pavla II, u Dubrovniku, odr\u017eav\u0161i predavanje naslovljeno &#8220;Demografska budu\u0107nost Hrvatske &#8211; biramo&hellip; Pro\u010ditaj vi\u0161e o Dr. sc. Dra\u017een \u017divi\u0107: DEMOGRAFSKA BUDU\u0106NOST HRVATSKE\" \/>\n<meta property=\"og:url\" content=\"https:\/\/www.vegaintro-projekti.com\/pilar-stari\/2017\/03\/dr-sc-drazen-zivic-demografska-buducnost-hrvatske\/\" \/>\n<meta property=\"og:site_name\" content=\"Institut dru&scaron;tvenih znanosti Ivo Pilar\" \/>\n<meta property=\"article:published_time\" content=\"2017-03-28T08:04:25+00:00\" \/>\n<meta property=\"article:modified_time\" content=\"2017-12-08T16:02:27+00:00\" \/>\n<meta name=\"author\" content=\"pilar-admin\" \/>\n<meta name=\"twitter:card\" content=\"summary_large_image\" \/>\n<meta name=\"twitter:label1\" content=\"Napisao\/la\" \/>\n\t<meta name=\"twitter:data1\" content=\"pilar-admin\" \/>\n\t<meta name=\"twitter:label2\" content=\"Procijenjeno vrijeme \u010ditanja\" \/>\n\t<meta name=\"twitter:data2\" content=\"1 minuta\" \/>\n<script type=\"application\/ld+json\" class=\"yoast-schema-graph\">{\"@context\":\"https:\/\/schema.org\",\"@graph\":[{\"@type\":\"WebPage\",\"@id\":\"https:\/\/www.vegaintro-projekti.com\/pilar-stari\/2017\/03\/dr-sc-drazen-zivic-demografska-buducnost-hrvatske\/\",\"url\":\"https:\/\/www.vegaintro-projekti.com\/pilar-stari\/2017\/03\/dr-sc-drazen-zivic-demografska-buducnost-hrvatske\/\",\"name\":\"Dr. sc. Dra\u017een \u017divi\u0107: DEMOGRAFSKA BUDU\u0106NOST HRVATSKE - Institut dru&scaron;tvenih znanosti Ivo Pilar\",\"isPartOf\":{\"@id\":\"https:\/\/www.vegaintro-projekti.com\/pilar-stari\/#website\"},\"datePublished\":\"2017-03-28T08:04:25+00:00\",\"dateModified\":\"2017-12-08T16:02:27+00:00\",\"author\":{\"@id\":\"https:\/\/www.vegaintro-projekti.com\/pilar-stari\/#\/schema\/person\/c0db50ebd77c4409e19b18044bbf10c1\"},\"breadcrumb\":{\"@id\":\"https:\/\/www.vegaintro-projekti.com\/pilar-stari\/2017\/03\/dr-sc-drazen-zivic-demografska-buducnost-hrvatske\/#breadcrumb\"},\"inLanguage\":\"hr\",\"potentialAction\":[{\"@type\":\"ReadAction\",\"target\":[\"https:\/\/www.vegaintro-projekti.com\/pilar-stari\/2017\/03\/dr-sc-drazen-zivic-demografska-buducnost-hrvatske\/\"]}]},{\"@type\":\"BreadcrumbList\",\"@id\":\"https:\/\/www.vegaintro-projekti.com\/pilar-stari\/2017\/03\/dr-sc-drazen-zivic-demografska-buducnost-hrvatske\/#breadcrumb\",\"itemListElement\":[{\"@type\":\"ListItem\",\"position\":1,\"name\":\"Home\",\"item\":\"https:\/\/www.vegaintro-projekti.com\/pilar-stari\/\"},{\"@type\":\"ListItem\",\"position\":2,\"name\":\"Dr. sc. Dra\u017een \u017divi\u0107: DEMOGRAFSKA BUDU\u0106NOST HRVATSKE\"}]},{\"@type\":\"WebSite\",\"@id\":\"https:\/\/www.vegaintro-projekti.com\/pilar-stari\/#website\",\"url\":\"https:\/\/www.vegaintro-projekti.com\/pilar-stari\/\",\"name\":\"Institut dru&scaron;tvenih znanosti Ivo Pilar\",\"description\":\"Pilar\",\"potentialAction\":[{\"@type\":\"SearchAction\",\"target\":{\"@type\":\"EntryPoint\",\"urlTemplate\":\"https:\/\/www.vegaintro-projekti.com\/pilar-stari\/?s={search_term_string}\"},\"query-input\":\"required name=search_term_string\"}],\"inLanguage\":\"hr\"},{\"@type\":\"Person\",\"@id\":\"https:\/\/www.vegaintro-projekti.com\/pilar-stari\/#\/schema\/person\/c0db50ebd77c4409e19b18044bbf10c1\",\"name\":\"pilar-admin\",\"image\":{\"@type\":\"ImageObject\",\"inLanguage\":\"hr\",\"@id\":\"https:\/\/www.vegaintro-projekti.com\/pilar-stari\/#\/schema\/person\/image\/\",\"url\":\"https:\/\/secure.gravatar.com\/avatar\/fac9e03c4db0011b9c1ad8b5e9c74b8c?s=96&d=mm&r=g\",\"contentUrl\":\"https:\/\/secure.gravatar.com\/avatar\/fac9e03c4db0011b9c1ad8b5e9c74b8c?s=96&d=mm&r=g\",\"caption\":\"pilar-admin\"},\"url\":\"https:\/\/www.vegaintro-projekti.com\/pilar-stari\/author\/pilar-admin\/\"}]}<\/script>\n<!-- \/ Yoast SEO plugin. -->","yoast_head_json":{"title":"Dr. sc. Dra\u017een \u017divi\u0107: DEMOGRAFSKA BUDU\u0106NOST HRVATSKE - Institut dru&scaron;tvenih znanosti Ivo Pilar","robots":{"index":"noindex","follow":"follow","max-snippet":"max-snippet:-1","max-image-preview":"max-image-preview:large","max-video-preview":"max-video-preview:-1"},"og_locale":"hr_HR","og_type":"article","og_title":"Dr. sc. Dra\u017een \u017divi\u0107: DEMOGRAFSKA BUDU\u0106NOST HRVATSKE - Institut dru&scaron;tvenih znanosti Ivo Pilar","og_description":"Na poziv Vije\u0107a za \u017eivot i obitelj Dubrova\u010dke biskupije, voditelj Podru\u010dnoga centra Instituta Pilar u Vukovaru i \u010dlan Vije\u0107a za \u017eivot i obitelj Hrvatske biskupske konferencije, prof. dr. sc. Dra\u017een \u017divi\u0107 sudjelovao je 23. o\u017eujka 2017. na Korizmenoj tribini u dvorani sv. Ivana Pavla II, u Dubrovniku, odr\u017eav\u0161i predavanje naslovljeno &#8220;Demografska budu\u0107nost Hrvatske &#8211; biramo&hellip; Pro\u010ditaj vi\u0161e o Dr. sc. Dra\u017een \u017divi\u0107: DEMOGRAFSKA BUDU\u0106NOST HRVATSKE","og_url":"https:\/\/www.vegaintro-projekti.com\/pilar-stari\/2017\/03\/dr-sc-drazen-zivic-demografska-buducnost-hrvatske\/","og_site_name":"Institut dru&scaron;tvenih znanosti Ivo Pilar","article_published_time":"2017-03-28T08:04:25+00:00","article_modified_time":"2017-12-08T16:02:27+00:00","author":"pilar-admin","twitter_card":"summary_large_image","twitter_misc":{"Napisao\/la":"pilar-admin","Procijenjeno vrijeme \u010ditanja":"1 minuta"},"schema":{"@context":"https:\/\/schema.org","@graph":[{"@type":"WebPage","@id":"https:\/\/www.vegaintro-projekti.com\/pilar-stari\/2017\/03\/dr-sc-drazen-zivic-demografska-buducnost-hrvatske\/","url":"https:\/\/www.vegaintro-projekti.com\/pilar-stari\/2017\/03\/dr-sc-drazen-zivic-demografska-buducnost-hrvatske\/","name":"Dr. sc. Dra\u017een \u017divi\u0107: DEMOGRAFSKA BUDU\u0106NOST HRVATSKE - Institut dru&scaron;tvenih znanosti Ivo Pilar","isPartOf":{"@id":"https:\/\/www.vegaintro-projekti.com\/pilar-stari\/#website"},"datePublished":"2017-03-28T08:04:25+00:00","dateModified":"2017-12-08T16:02:27+00:00","author":{"@id":"https:\/\/www.vegaintro-projekti.com\/pilar-stari\/#\/schema\/person\/c0db50ebd77c4409e19b18044bbf10c1"},"breadcrumb":{"@id":"https:\/\/www.vegaintro-projekti.com\/pilar-stari\/2017\/03\/dr-sc-drazen-zivic-demografska-buducnost-hrvatske\/#breadcrumb"},"inLanguage":"hr","potentialAction":[{"@type":"ReadAction","target":["https:\/\/www.vegaintro-projekti.com\/pilar-stari\/2017\/03\/dr-sc-drazen-zivic-demografska-buducnost-hrvatske\/"]}]},{"@type":"BreadcrumbList","@id":"https:\/\/www.vegaintro-projekti.com\/pilar-stari\/2017\/03\/dr-sc-drazen-zivic-demografska-buducnost-hrvatske\/#breadcrumb","itemListElement":[{"@type":"ListItem","position":1,"name":"Home","item":"https:\/\/www.vegaintro-projekti.com\/pilar-stari\/"},{"@type":"ListItem","position":2,"name":"Dr. sc. Dra\u017een \u017divi\u0107: DEMOGRAFSKA BUDU\u0106NOST HRVATSKE"}]},{"@type":"WebSite","@id":"https:\/\/www.vegaintro-projekti.com\/pilar-stari\/#website","url":"https:\/\/www.vegaintro-projekti.com\/pilar-stari\/","name":"Institut dru&scaron;tvenih znanosti Ivo Pilar","description":"Pilar","potentialAction":[{"@type":"SearchAction","target":{"@type":"EntryPoint","urlTemplate":"https:\/\/www.vegaintro-projekti.com\/pilar-stari\/?s={search_term_string}"},"query-input":"required name=search_term_string"}],"inLanguage":"hr"},{"@type":"Person","@id":"https:\/\/www.vegaintro-projekti.com\/pilar-stari\/#\/schema\/person\/c0db50ebd77c4409e19b18044bbf10c1","name":"pilar-admin","image":{"@type":"ImageObject","inLanguage":"hr","@id":"https:\/\/www.vegaintro-projekti.com\/pilar-stari\/#\/schema\/person\/image\/","url":"https:\/\/secure.gravatar.com\/avatar\/fac9e03c4db0011b9c1ad8b5e9c74b8c?s=96&d=mm&r=g","contentUrl":"https:\/\/secure.gravatar.com\/avatar\/fac9e03c4db0011b9c1ad8b5e9c74b8c?s=96&d=mm&r=g","caption":"pilar-admin"},"url":"https:\/\/www.vegaintro-projekti.com\/pilar-stari\/author\/pilar-admin\/"}]}},"_links":{"self":[{"href":"https:\/\/www.vegaintro-projekti.com\/pilar-stari\/wp-json\/wp\/v2\/posts\/3984"}],"collection":[{"href":"https:\/\/www.vegaintro-projekti.com\/pilar-stari\/wp-json\/wp\/v2\/posts"}],"about":[{"href":"https:\/\/www.vegaintro-projekti.com\/pilar-stari\/wp-json\/wp\/v2\/types\/post"}],"author":[{"embeddable":true,"href":"https:\/\/www.vegaintro-projekti.com\/pilar-stari\/wp-json\/wp\/v2\/users\/1"}],"replies":[{"embeddable":true,"href":"https:\/\/www.vegaintro-projekti.com\/pilar-stari\/wp-json\/wp\/v2\/comments?post=3984"}],"version-history":[{"count":7,"href":"https:\/\/www.vegaintro-projekti.com\/pilar-stari\/wp-json\/wp\/v2\/posts\/3984\/revisions"}],"predecessor-version":[{"id":8232,"href":"https:\/\/www.vegaintro-projekti.com\/pilar-stari\/wp-json\/wp\/v2\/posts\/3984\/revisions\/8232"}],"wp:attachment":[{"href":"https:\/\/www.vegaintro-projekti.com\/pilar-stari\/wp-json\/wp\/v2\/media?parent=3984"}],"wp:term":[{"taxonomy":"category","embeddable":true,"href":"https:\/\/www.vegaintro-projekti.com\/pilar-stari\/wp-json\/wp\/v2\/categories?post=3984"},{"taxonomy":"post_tag","embeddable":true,"href":"https:\/\/www.vegaintro-projekti.com\/pilar-stari\/wp-json\/wp\/v2\/tags?post=3984"}],"curies":[{"name":"wp","href":"https:\/\/api.w.org\/{rel}","templated":true}]}}