{"id":3986,"date":"2017-04-03T12:22:12","date_gmt":"2017-04-03T12:22:12","guid":{"rendered":"https:\/\/www.vegaintro-projekti.com\/pilar-stari\/2017\/04\/objavljena-knjiga-environmentalism-in-central-and-southeastern-europe\/"},"modified":"2017-12-19T15:02:55","modified_gmt":"2017-12-19T15:02:55","slug":"objavljena-knjiga-environmentalism-in-central-and-southeastern-europe","status":"publish","type":"post","link":"https:\/\/www.vegaintro-projekti.com\/pilar-stari\/2017\/04\/objavljena-knjiga-environmentalism-in-central-and-southeastern-europe\/","title":{"rendered":"Objavljena knjiga &#8220;Environmentalism in Central and Southeastern Europe&#8221;"},"content":{"rendered":"<p><strong>U izdanju nakladni\u010dke ku\u0107e Lexington Books iz SAD-a objavljena je knjiga <em>Environmentalism in Central and Southeastern Europe: Historical Perspectives<\/em> urednika Hrvoja Petri\u0107a i Ivane \u017debec \u0160ilj. &#8211; <a href=\"#rec\">Iz recenzije<\/a> |<a href=\"#sadrzaje\"> Sadr\u017eaj<\/a><\/strong><\/p>\n<table border=\"0\">\n<tbody>\n<tr>\n<td><img decoding=\"async\" loading=\"lazy\" class=\"alignnone size-full wp-image-8408\" src=\"https:\/\/www.vegaintro-projekti.com\/pilar-stari\/wp-content\/uploads\/2017\/04\/environmentalism_1_s.jpg\" alt=\"\" width=\"318\" height=\"470\" srcset=\"https:\/\/www.vegaintro-projekti.com\/pilar-stari\/wp-content\/uploads\/2017\/04\/environmentalism_1_s.jpg 318w, https:\/\/www.vegaintro-projekti.com\/pilar-stari\/wp-content\/uploads\/2017\/04\/environmentalism_1_s-203x300.jpg 203w\" sizes=\"(max-width: 318px) 100vw, 318px\" \/>&nbsp;<\/td>\n<\/tr>\n<\/tbody>\n<\/table>\n<p>&#8211; <a href=\"https:\/\/rowman.com\/ISBN\/9781498527644\/Environmentalism-in-Central-and-Southeastern-Europe-Historical-Perspectives\">LEXINGTON BOOKS: Environmentalism in Central and Southeastern Europe: Historical Perspectives<\/a><\/p>\n<p>Kroz 12 poglavlja knjiga predstavlja uspon i razvoj za\u0161tite okoli\u0161a, povijest okoli\u0161a kao discipline i povijest okoli\u0161nih pokreta u Sredi\u0161njoj i Jugoisto\u010dnoj Europi iz me\u0111unarodne perspektive. Autori poglavlja, znanstvenici iz Velike Britanije, Italije, Austrije, Slovenije, Hrvatske, Slova\u010dke, Rumunjske, Srbije, Gr\u010dke i Turske, pokrili su \u0161iroku lepezu tema od uspostave za\u0161ti\u0107enih podru\u010dja, razvoja ekolo\u0161ke svijesti do evolucije \u010dovjekova odnosa prema okoli\u0161u i percepciji okoli\u0161a kroz razli\u010dite discipline. Me\u0111unarodni pristup rasvjetljava slo\u017een povijesni razvoj spomenutog podru\u010dja od 18. do 20. stolje\u0107a. Tri povijesno razli\u010dite tradicije \u2013 habsbur\u0161ka, osmanska i mleta\u010dka uzajamno se pro\u017eimaju na ovom podru\u010dju te knjiga nagla\u0161ava suptilnosti tih ponekad isprepletenih tradicija. Zastupljene teme variraju s obzirom na razli\u010dit fizi\u010dko-geografski okoli\u0161, obilje\u017eja regije i, naravno, protagoniste koji su aktivno sudjelovali u promjeni odnosa prema okoli\u0161u. Zajedni\u010dko svim poglavljima jest me\u0111utim povijesni kontinuitet \u0161to je i naglasak izdanja.<\/p>\n<p><a name=\"rec\"><\/a>&nbsp;<br \/>\n<span style=\"font-size: 12pt;\">Iz recenzije<\/span><\/p>\n<p>This is an unmatched book that opens up the environmental histories of various modern countries from the eighteenth century to the present. Both an intellectual history of how people have thought about their environments and a material history of how they have lived with them, the empirical stories offered here reveal an enormous amount about Central and Southeastern Europe and offer environmental historians of other places and times new ideas for thinking about the role of nature in history and the role of history in nature. This study is an important contribution to global environmental history. \u2014 Alan Mikhail, Yale University<\/p>\n<p><a name=\"sadrzaje\"><\/a>&nbsp;<br \/>\n<span style=\"font-size: 12pt;\">Sadr\u017eaj<\/span><\/p>\n<p>Preface, Ivana \u017debec \u0160ilj<br \/>\nIntroduction, Hrvoje Petri\u0107 and Ivana \u017debec \u0160ilj<\/p>\n<p><strong>Part I: Environmentalism and Environmental Movements<\/strong><\/p>\n<p>Chapter 1: Where Technology and Environmentalism Meet: The Remaking of the Austrian Danube for Hydropower, Angelika Schoder and Martin Schmid<br \/>\nChapter 2: Environmental Thought in Slovenia, Katarina Polajnar Horvat, Ale\u0161 Smrekar, and Matija Zorn<br \/>\nChapter 3: Civil Society and Environmental Protection NGOs in Croatia, 1989\u20132014, Vladimir Lay and Jelena Pu\u0111ak<br \/>\nChapter 4: Religion and Ecology in Croatia, Vine Mihaljevi\u0107<br \/>\nChapter 5: Something Old, Something New: Historical Geography and Environmental History Discourse in Serbia, Jelena Mrgi\u0107<br \/>\nChapter 6: Environmental Narratives and Sociopolitical Agendas in Greece in the Eighteenth and Nineteenth Centuries, Vaso Seirinidou<br \/>\nChapter 7: The History of Environmental Movements and the Development of Environmental thought in Turkey, 1850\u20131980, Sel\u00e7uk Dursun<\/p>\n<p><strong>Part II: Nature Protection and Specific Landscapes<\/strong><\/p>\n<p>Chapter 8: Man and Nature in Central Europe during the Long Nineteenth Century from the Slovak Point of View, Roman Holec<br \/>\nChapter 9: Protecting the Alps: Italian-Protected Areas in the Alpine Range, 1911\u201391, Luigi Piccioni<br \/>\nChapter 10: The Origins and Developmental Course of Plitvice Lakes National Park: From \u201cThe Devil\u2019s Garden\u201d to the UNESCO World Natural Heritage Register, Ivan Brli\u0107 and Anita Tonkovi\u0107 Bu\u0161ljeta<br \/>\nChapter 11: Contrasting the \u201cSunny Side\u201d: Goli otok and the Islandness of a Political Prison in the Croatian Adriatic Sea, Milica Proki\u0107<br \/>\nChapter 12: The Development of the Concept of Forest Sustainability in Transylvania, the Banat, Bukovina, Moldavia, and Wallachia until 1918, Dorin Ioan Rus<\/p>\n<p>Bibliography<br \/>\nIndex<br \/>\nAbout the Editors and Contributors<br \/>\n<span style=\"font-size: 12pt;\">&gt;&gt;&gt; <a href=\"https:\/\/rowman.com\/ISBN\/9781498527644\/Environmentalism-in-Central-and-Southeastern-Europe-Historical-Perspectives\">Nakladnik knjige LEXINGTON BOOKS<\/a><\/span><\/p>\n<p>&nbsp;<\/p>\n","protected":false},"excerpt":{"rendered":"<p>U izdanju nakladni\u010dke ku\u0107e Lexington Books iz SAD-a objavljena je knjiga Environmentalism in Central and Southeastern Europe: Historical Perspectives urednika Hrvoja Petri\u0107a i Ivane \u017debec \u0160ilj. &#8211; Iz recenzije | Sadr\u017eaj &nbsp; &#8211; LEXINGTON BOOKS: Environmentalism in Central and Southeastern Europe: Historical Perspectives Kroz 12 poglavlja knjiga predstavlja uspon i razvoj za\u0161tite okoli\u0161a, povijest okoli\u0161a&hellip; <a class=\"continue\" href=\"https:\/\/www.vegaintro-projekti.com\/pilar-stari\/2017\/04\/objavljena-knjiga-environmentalism-in-central-and-southeastern-europe\/\">Pro\u010ditaj vi\u0161e o<span> Objavljena knjiga &#8220;Environmentalism in Central and Southeastern Europe&#8221;<\/span><\/a><\/p>\n","protected":false},"author":1,"featured_media":8408,"comment_status":"open","ping_status":"open","sticky":false,"template":"","format":"standard","meta":{"inline_featured_image":false,"ngg_post_thumbnail":0,"footnotes":""},"categories":[21],"tags":[],"yoast_head":"<!-- This site is optimized with the Yoast SEO plugin v21.2 - https:\/\/yoast.com\/wordpress\/plugins\/seo\/ -->\n<title>Objavljena knjiga &quot;Environmentalism in Central and Southeastern Europe&quot; - Institut dru&scaron;tvenih znanosti Ivo Pilar<\/title>\n<meta name=\"robots\" content=\"noindex, follow, max-snippet:-1, max-image-preview:large, max-video-preview:-1\" \/>\n<meta property=\"og:locale\" content=\"hr_HR\" \/>\n<meta property=\"og:type\" content=\"article\" \/>\n<meta property=\"og:title\" content=\"Objavljena knjiga &quot;Environmentalism in Central and Southeastern Europe&quot; - Institut dru&scaron;tvenih znanosti Ivo Pilar\" \/>\n<meta property=\"og:description\" content=\"U izdanju nakladni\u010dke ku\u0107e Lexington Books iz SAD-a objavljena je knjiga Environmentalism in Central and Southeastern Europe: Historical Perspectives urednika Hrvoja Petri\u0107a i Ivane \u017debec \u0160ilj. &#8211; Iz recenzije | Sadr\u017eaj &nbsp; &#8211; LEXINGTON BOOKS: Environmentalism in Central and Southeastern Europe: Historical Perspectives Kroz 12 poglavlja knjiga predstavlja uspon i razvoj za\u0161tite okoli\u0161a, povijest okoli\u0161a&hellip; Pro\u010ditaj vi\u0161e o Objavljena knjiga &#8220;Environmentalism in Central and Southeastern Europe&#8221;\" \/>\n<meta property=\"og:url\" content=\"https:\/\/www.vegaintro-projekti.com\/pilar-stari\/2017\/04\/objavljena-knjiga-environmentalism-in-central-and-southeastern-europe\/\" \/>\n<meta property=\"og:site_name\" content=\"Institut dru&scaron;tvenih znanosti Ivo Pilar\" \/>\n<meta property=\"article:published_time\" content=\"2017-04-03T12:22:12+00:00\" \/>\n<meta property=\"article:modified_time\" content=\"2017-12-19T15:02:55+00:00\" \/>\n<meta property=\"og:image\" content=\"https:\/\/www.vegaintro-projekti.com\/pilar-stari\/wp-content\/uploads\/2017\/04\/environmentalism_1_s.jpg\" \/>\n\t<meta property=\"og:image:width\" content=\"318\" \/>\n\t<meta property=\"og:image:height\" content=\"470\" \/>\n\t<meta property=\"og:image:type\" content=\"image\/jpeg\" \/>\n<meta name=\"author\" content=\"pilar-admin\" \/>\n<meta name=\"twitter:card\" content=\"summary_large_image\" \/>\n<meta name=\"twitter:label1\" content=\"Napisao\/la\" \/>\n\t<meta name=\"twitter:data1\" content=\"pilar-admin\" \/>\n\t<meta name=\"twitter:label2\" content=\"Procijenjeno vrijeme \u010ditanja\" \/>\n\t<meta name=\"twitter:data2\" content=\"3 minute\" \/>\n<script type=\"application\/ld+json\" class=\"yoast-schema-graph\">{\"@context\":\"https:\/\/schema.org\",\"@graph\":[{\"@type\":\"WebPage\",\"@id\":\"https:\/\/www.vegaintro-projekti.com\/pilar-stari\/2017\/04\/objavljena-knjiga-environmentalism-in-central-and-southeastern-europe\/\",\"url\":\"https:\/\/www.vegaintro-projekti.com\/pilar-stari\/2017\/04\/objavljena-knjiga-environmentalism-in-central-and-southeastern-europe\/\",\"name\":\"Objavljena knjiga \\\"Environmentalism in Central and Southeastern Europe\\\" - Institut dru&scaron;tvenih znanosti Ivo Pilar\",\"isPartOf\":{\"@id\":\"https:\/\/www.vegaintro-projekti.com\/pilar-stari\/#website\"},\"datePublished\":\"2017-04-03T12:22:12+00:00\",\"dateModified\":\"2017-12-19T15:02:55+00:00\",\"author\":{\"@id\":\"https:\/\/www.vegaintro-projekti.com\/pilar-stari\/#\/schema\/person\/c0db50ebd77c4409e19b18044bbf10c1\"},\"breadcrumb\":{\"@id\":\"https:\/\/www.vegaintro-projekti.com\/pilar-stari\/2017\/04\/objavljena-knjiga-environmentalism-in-central-and-southeastern-europe\/#breadcrumb\"},\"inLanguage\":\"hr\",\"potentialAction\":[{\"@type\":\"ReadAction\",\"target\":[\"https:\/\/www.vegaintro-projekti.com\/pilar-stari\/2017\/04\/objavljena-knjiga-environmentalism-in-central-and-southeastern-europe\/\"]}]},{\"@type\":\"BreadcrumbList\",\"@id\":\"https:\/\/www.vegaintro-projekti.com\/pilar-stari\/2017\/04\/objavljena-knjiga-environmentalism-in-central-and-southeastern-europe\/#breadcrumb\",\"itemListElement\":[{\"@type\":\"ListItem\",\"position\":1,\"name\":\"Home\",\"item\":\"https:\/\/www.vegaintro-projekti.com\/pilar-stari\/\"},{\"@type\":\"ListItem\",\"position\":2,\"name\":\"Objavljena knjiga &#8220;Environmentalism in Central and Southeastern Europe&#8221;\"}]},{\"@type\":\"WebSite\",\"@id\":\"https:\/\/www.vegaintro-projekti.com\/pilar-stari\/#website\",\"url\":\"https:\/\/www.vegaintro-projekti.com\/pilar-stari\/\",\"name\":\"Institut dru&scaron;tvenih znanosti Ivo Pilar\",\"description\":\"Pilar\",\"potentialAction\":[{\"@type\":\"SearchAction\",\"target\":{\"@type\":\"EntryPoint\",\"urlTemplate\":\"https:\/\/www.vegaintro-projekti.com\/pilar-stari\/?s={search_term_string}\"},\"query-input\":\"required name=search_term_string\"}],\"inLanguage\":\"hr\"},{\"@type\":\"Person\",\"@id\":\"https:\/\/www.vegaintro-projekti.com\/pilar-stari\/#\/schema\/person\/c0db50ebd77c4409e19b18044bbf10c1\",\"name\":\"pilar-admin\",\"image\":{\"@type\":\"ImageObject\",\"inLanguage\":\"hr\",\"@id\":\"https:\/\/www.vegaintro-projekti.com\/pilar-stari\/#\/schema\/person\/image\/\",\"url\":\"https:\/\/secure.gravatar.com\/avatar\/fac9e03c4db0011b9c1ad8b5e9c74b8c?s=96&d=mm&r=g\",\"contentUrl\":\"https:\/\/secure.gravatar.com\/avatar\/fac9e03c4db0011b9c1ad8b5e9c74b8c?s=96&d=mm&r=g\",\"caption\":\"pilar-admin\"},\"url\":\"https:\/\/www.vegaintro-projekti.com\/pilar-stari\/author\/pilar-admin\/\"}]}<\/script>\n<!-- \/ Yoast SEO plugin. -->","yoast_head_json":{"title":"Objavljena knjiga \"Environmentalism in Central and Southeastern Europe\" - Institut dru&scaron;tvenih znanosti Ivo Pilar","robots":{"index":"noindex","follow":"follow","max-snippet":"max-snippet:-1","max-image-preview":"max-image-preview:large","max-video-preview":"max-video-preview:-1"},"og_locale":"hr_HR","og_type":"article","og_title":"Objavljena knjiga \"Environmentalism in Central and Southeastern Europe\" - Institut dru&scaron;tvenih znanosti Ivo Pilar","og_description":"U izdanju nakladni\u010dke ku\u0107e Lexington Books iz SAD-a objavljena je knjiga Environmentalism in Central and Southeastern Europe: Historical Perspectives urednika Hrvoja Petri\u0107a i Ivane \u017debec \u0160ilj. &#8211; Iz recenzije | Sadr\u017eaj &nbsp; &#8211; LEXINGTON BOOKS: Environmentalism in Central and Southeastern Europe: Historical Perspectives Kroz 12 poglavlja knjiga predstavlja uspon i razvoj za\u0161tite okoli\u0161a, povijest okoli\u0161a&hellip; Pro\u010ditaj vi\u0161e o Objavljena knjiga &#8220;Environmentalism in Central and Southeastern Europe&#8221;","og_url":"https:\/\/www.vegaintro-projekti.com\/pilar-stari\/2017\/04\/objavljena-knjiga-environmentalism-in-central-and-southeastern-europe\/","og_site_name":"Institut dru&scaron;tvenih znanosti Ivo Pilar","article_published_time":"2017-04-03T12:22:12+00:00","article_modified_time":"2017-12-19T15:02:55+00:00","og_image":[{"width":318,"height":470,"url":"https:\/\/www.vegaintro-projekti.com\/pilar-stari\/wp-content\/uploads\/2017\/04\/environmentalism_1_s.jpg","type":"image\/jpeg"}],"author":"pilar-admin","twitter_card":"summary_large_image","twitter_misc":{"Napisao\/la":"pilar-admin","Procijenjeno vrijeme \u010ditanja":"3 minute"},"schema":{"@context":"https:\/\/schema.org","@graph":[{"@type":"WebPage","@id":"https:\/\/www.vegaintro-projekti.com\/pilar-stari\/2017\/04\/objavljena-knjiga-environmentalism-in-central-and-southeastern-europe\/","url":"https:\/\/www.vegaintro-projekti.com\/pilar-stari\/2017\/04\/objavljena-knjiga-environmentalism-in-central-and-southeastern-europe\/","name":"Objavljena knjiga \"Environmentalism in Central and Southeastern Europe\" - Institut dru&scaron;tvenih znanosti Ivo Pilar","isPartOf":{"@id":"https:\/\/www.vegaintro-projekti.com\/pilar-stari\/#website"},"datePublished":"2017-04-03T12:22:12+00:00","dateModified":"2017-12-19T15:02:55+00:00","author":{"@id":"https:\/\/www.vegaintro-projekti.com\/pilar-stari\/#\/schema\/person\/c0db50ebd77c4409e19b18044bbf10c1"},"breadcrumb":{"@id":"https:\/\/www.vegaintro-projekti.com\/pilar-stari\/2017\/04\/objavljena-knjiga-environmentalism-in-central-and-southeastern-europe\/#breadcrumb"},"inLanguage":"hr","potentialAction":[{"@type":"ReadAction","target":["https:\/\/www.vegaintro-projekti.com\/pilar-stari\/2017\/04\/objavljena-knjiga-environmentalism-in-central-and-southeastern-europe\/"]}]},{"@type":"BreadcrumbList","@id":"https:\/\/www.vegaintro-projekti.com\/pilar-stari\/2017\/04\/objavljena-knjiga-environmentalism-in-central-and-southeastern-europe\/#breadcrumb","itemListElement":[{"@type":"ListItem","position":1,"name":"Home","item":"https:\/\/www.vegaintro-projekti.com\/pilar-stari\/"},{"@type":"ListItem","position":2,"name":"Objavljena knjiga &#8220;Environmentalism in Central and Southeastern Europe&#8221;"}]},{"@type":"WebSite","@id":"https:\/\/www.vegaintro-projekti.com\/pilar-stari\/#website","url":"https:\/\/www.vegaintro-projekti.com\/pilar-stari\/","name":"Institut dru&scaron;tvenih znanosti Ivo Pilar","description":"Pilar","potentialAction":[{"@type":"SearchAction","target":{"@type":"EntryPoint","urlTemplate":"https:\/\/www.vegaintro-projekti.com\/pilar-stari\/?s={search_term_string}"},"query-input":"required name=search_term_string"}],"inLanguage":"hr"},{"@type":"Person","@id":"https:\/\/www.vegaintro-projekti.com\/pilar-stari\/#\/schema\/person\/c0db50ebd77c4409e19b18044bbf10c1","name":"pilar-admin","image":{"@type":"ImageObject","inLanguage":"hr","@id":"https:\/\/www.vegaintro-projekti.com\/pilar-stari\/#\/schema\/person\/image\/","url":"https:\/\/secure.gravatar.com\/avatar\/fac9e03c4db0011b9c1ad8b5e9c74b8c?s=96&d=mm&r=g","contentUrl":"https:\/\/secure.gravatar.com\/avatar\/fac9e03c4db0011b9c1ad8b5e9c74b8c?s=96&d=mm&r=g","caption":"pilar-admin"},"url":"https:\/\/www.vegaintro-projekti.com\/pilar-stari\/author\/pilar-admin\/"}]}},"_links":{"self":[{"href":"https:\/\/www.vegaintro-projekti.com\/pilar-stari\/wp-json\/wp\/v2\/posts\/3986"}],"collection":[{"href":"https:\/\/www.vegaintro-projekti.com\/pilar-stari\/wp-json\/wp\/v2\/posts"}],"about":[{"href":"https:\/\/www.vegaintro-projekti.com\/pilar-stari\/wp-json\/wp\/v2\/types\/post"}],"author":[{"embeddable":true,"href":"https:\/\/www.vegaintro-projekti.com\/pilar-stari\/wp-json\/wp\/v2\/users\/1"}],"replies":[{"embeddable":true,"href":"https:\/\/www.vegaintro-projekti.com\/pilar-stari\/wp-json\/wp\/v2\/comments?post=3986"}],"version-history":[{"count":6,"href":"https:\/\/www.vegaintro-projekti.com\/pilar-stari\/wp-json\/wp\/v2\/posts\/3986\/revisions"}],"predecessor-version":[{"id":8409,"href":"https:\/\/www.vegaintro-projekti.com\/pilar-stari\/wp-json\/wp\/v2\/posts\/3986\/revisions\/8409"}],"wp:featuredmedia":[{"embeddable":true,"href":"https:\/\/www.vegaintro-projekti.com\/pilar-stari\/wp-json\/wp\/v2\/media\/8408"}],"wp:attachment":[{"href":"https:\/\/www.vegaintro-projekti.com\/pilar-stari\/wp-json\/wp\/v2\/media?parent=3986"}],"wp:term":[{"taxonomy":"category","embeddable":true,"href":"https:\/\/www.vegaintro-projekti.com\/pilar-stari\/wp-json\/wp\/v2\/categories?post=3986"},{"taxonomy":"post_tag","embeddable":true,"href":"https:\/\/www.vegaintro-projekti.com\/pilar-stari\/wp-json\/wp\/v2\/tags?post=3986"}],"curies":[{"name":"wp","href":"https:\/\/api.w.org\/{rel}","templated":true}]}}