{"id":3987,"date":"2017-04-06T10:00:04","date_gmt":"2017-04-06T10:00:04","guid":{"rendered":"https:\/\/www.vegaintro-projekti.com\/pilar-stari\/2017\/04\/dr-sc-drazen-zivic-demografska-depupulacija-izumiranje-slavonije\/"},"modified":"2018-01-11T12:43:39","modified_gmt":"2018-01-11T12:43:39","slug":"dr-sc-drazen-zivic-demografska-depupulacija-izumiranje-slavonije","status":"publish","type":"post","link":"https:\/\/www.vegaintro-projekti.com\/pilar-stari\/2017\/04\/dr-sc-drazen-zivic-demografska-depupulacija-izumiranje-slavonije\/","title":{"rendered":"Dr. sc. Dra\u017een \u017divi\u0107: DEMOGRAFSKO IZUMIRANJE SLAVONIJE"},"content":{"rendered":"<p><strong>U \u0110akovu je 4. travnja, u organizaciji \u0110akova\u010dko-osje\u010dke nadbiskupije odr\u017ean 21. susret djelatnika u politi\u010dkom i&nbsp;strana\u010dkom \u017eivotu triju isto\u010dnohrvatskih \u017eupanija: Brodsko-posavske, Osje\u010dko-baranjske i Vukovarsko-srijemske na&nbsp;temu demografskog stanja Slavonije i Baranje. Na poziv \u0111akova\u010dko-osje\u010dkog nadbiskupa dr. sc. \u0110ure Hrani\u0107a predavanje&nbsp;naslovljeno &#8220;Demografska depopulacije\/izumiranje Slavonije: \u010dinjenice i mogu\u0107a rje\u0161enja&#8221; odr\u017eao je prof. dr. sc.&nbsp;Dra\u017een \u017divi\u0107, znanstveni savjetnik i voditelj Podru\u010dnoga centra Instituta Pilar u Vukovaru<\/strong><\/p>\n<table border=\"0\">\n<tbody>\n<tr>\n<td><img decoding=\"async\" loading=\"lazy\" class=\"alignnone size-full wp-image-8787\" src=\"https:\/\/www.vegaintro-projekti.com\/pilar-stari\/wp-content\/uploads\/2017\/04\/1s_DSC_2670.jpg\" alt=\"\" width=\"318\" height=\"212\" srcset=\"https:\/\/www.vegaintro-projekti.com\/pilar-stari\/wp-content\/uploads\/2017\/04\/1s_DSC_2670.jpg 318w, https:\/\/www.vegaintro-projekti.com\/pilar-stari\/wp-content\/uploads\/2017\/04\/1s_DSC_2670-300x200.jpg 300w\" sizes=\"(max-width: 318px) 100vw, 318px\" \/>&nbsp;<\/td>\n<td><img decoding=\"async\" loading=\"lazy\" class=\"alignnone size-full wp-image-8789\" src=\"https:\/\/www.vegaintro-projekti.com\/pilar-stari\/wp-content\/uploads\/2017\/04\/2s_DSC_2691.jpg\" alt=\"\" width=\"318\" height=\"212\" srcset=\"https:\/\/www.vegaintro-projekti.com\/pilar-stari\/wp-content\/uploads\/2017\/04\/2s_DSC_2691.jpg 318w, https:\/\/www.vegaintro-projekti.com\/pilar-stari\/wp-content\/uploads\/2017\/04\/2s_DSC_2691-300x200.jpg 300w\" sizes=\"(max-width: 318px) 100vw, 318px\" \/>&nbsp;<\/td>\n<\/tr>\n<\/tbody>\n<\/table>\n<table border=\"0\">\n<tbody>\n<tr>\n<td><img decoding=\"async\" loading=\"lazy\" class=\"alignnone size-full wp-image-8790\" src=\"https:\/\/www.vegaintro-projekti.com\/pilar-stari\/wp-content\/uploads\/2017\/04\/0s_DSC_2680.jpg\" alt=\"\" width=\"640\" height=\"288\" srcset=\"https:\/\/www.vegaintro-projekti.com\/pilar-stari\/wp-content\/uploads\/2017\/04\/0s_DSC_2680.jpg 640w, https:\/\/www.vegaintro-projekti.com\/pilar-stari\/wp-content\/uploads\/2017\/04\/0s_DSC_2680-300x135.jpg 300w\" sizes=\"(max-width: 640px) 100vw, 640px\" \/>&nbsp;<\/td>\n<\/tr>\n<\/tbody>\n<\/table>\n<p><span style=\"font-size: 8pt;\"><strong>Predavanje dr. sc. Dra\u017eena \u017divi\u0107a &#8220;Demografska depopulacije\/izumiranje Slavonije: \u010dinjenice i mogu\u0107a rje\u0161enja&#8221;; \u0110akovo, 4. travnja 2017.<\/strong><\/span><\/p>\n<p><span style=\"font-size: 12pt;\">Nakon predavanja uslijedila je zanimljiva i plodna rasprava i izno\u0161enje mogu\u0107ih prijedloga kako lokalna zajednica mo\u017ee dati svoj doprinos demografskoj revitalizaciji hrvatskoga istoka. Uz \u017eupane, gradona\u010delnike, na\u010delnike i druge djelatnike u politi\u010dkom \u017eivotu Slavonije susretu su nazo\u010dili nadbiskup \u0110uro Hrani\u0107 i nadbiskup u miru Marin Sraki\u0107.<\/span><\/p>\n<p>&gt;&gt;&gt; <a href=\"https:\/\/www.vegaintro-projekti.com\/pilar-stari\/2008\/10\/podruni-centar-vukovar\/\">PODRU\u010cNI CENTAR VUKOVAR<\/a><\/p>\n","protected":false},"excerpt":{"rendered":"<p>U \u0110akovu je 4. travnja, u organizaciji \u0110akova\u010dko-osje\u010dke nadbiskupije odr\u017ean 21. susret djelatnika u politi\u010dkom i&nbsp;strana\u010dkom \u017eivotu triju isto\u010dnohrvatskih \u017eupanija: Brodsko-posavske, Osje\u010dko-baranjske i Vukovarsko-srijemske na&nbsp;temu demografskog stanja Slavonije i Baranje. Na poziv \u0111akova\u010dko-osje\u010dkog nadbiskupa dr. sc. \u0110ure Hrani\u0107a predavanje&nbsp;naslovljeno &#8220;Demografska depopulacije\/izumiranje Slavonije: \u010dinjenice i mogu\u0107a rje\u0161enja&#8221; odr\u017eao je prof. dr. sc.&nbsp;Dra\u017een \u017divi\u0107, znanstveni savjetnik i&hellip; <a class=\"continue\" href=\"https:\/\/www.vegaintro-projekti.com\/pilar-stari\/2017\/04\/dr-sc-drazen-zivic-demografska-depupulacija-izumiranje-slavonije\/\">Pro\u010ditaj vi\u0161e o<span> Dr. sc. Dra\u017een \u017divi\u0107: DEMOGRAFSKO IZUMIRANJE SLAVONIJE<\/span><\/a><\/p>\n","protected":false},"author":1,"featured_media":8790,"comment_status":"open","ping_status":"open","sticky":false,"template":"","format":"standard","meta":{"inline_featured_image":false,"ngg_post_thumbnail":0,"footnotes":""},"categories":[11],"tags":[],"yoast_head":"<!-- This site is optimized with the Yoast SEO plugin v21.2 - https:\/\/yoast.com\/wordpress\/plugins\/seo\/ -->\n<title>Dr. sc. Dra\u017een \u017divi\u0107: DEMOGRAFSKO IZUMIRANJE SLAVONIJE - Institut dru&scaron;tvenih znanosti Ivo Pilar<\/title>\n<meta name=\"robots\" content=\"noindex, follow, max-snippet:-1, max-image-preview:large, max-video-preview:-1\" \/>\n<meta property=\"og:locale\" content=\"hr_HR\" \/>\n<meta property=\"og:type\" content=\"article\" \/>\n<meta property=\"og:title\" content=\"Dr. sc. Dra\u017een \u017divi\u0107: DEMOGRAFSKO IZUMIRANJE SLAVONIJE - Institut dru&scaron;tvenih znanosti Ivo Pilar\" \/>\n<meta property=\"og:description\" content=\"U \u0110akovu je 4. travnja, u organizaciji \u0110akova\u010dko-osje\u010dke nadbiskupije odr\u017ean 21. susret djelatnika u politi\u010dkom i&nbsp;strana\u010dkom \u017eivotu triju isto\u010dnohrvatskih \u017eupanija: Brodsko-posavske, Osje\u010dko-baranjske i Vukovarsko-srijemske na&nbsp;temu demografskog stanja Slavonije i Baranje. Na poziv \u0111akova\u010dko-osje\u010dkog nadbiskupa dr. sc. \u0110ure Hrani\u0107a predavanje&nbsp;naslovljeno &#8220;Demografska depopulacije\/izumiranje Slavonije: \u010dinjenice i mogu\u0107a rje\u0161enja&#8221; odr\u017eao je prof. dr. sc.&nbsp;Dra\u017een \u017divi\u0107, znanstveni savjetnik i&hellip; Pro\u010ditaj vi\u0161e o Dr. sc. Dra\u017een \u017divi\u0107: DEMOGRAFSKO IZUMIRANJE SLAVONIJE\" \/>\n<meta property=\"og:url\" content=\"https:\/\/www.vegaintro-projekti.com\/pilar-stari\/2017\/04\/dr-sc-drazen-zivic-demografska-depupulacija-izumiranje-slavonije\/\" \/>\n<meta property=\"og:site_name\" content=\"Institut dru&scaron;tvenih znanosti Ivo Pilar\" \/>\n<meta property=\"article:published_time\" content=\"2017-04-06T10:00:04+00:00\" \/>\n<meta property=\"article:modified_time\" content=\"2018-01-11T12:43:39+00:00\" \/>\n<meta property=\"og:image\" content=\"https:\/\/www.vegaintro-projekti.com\/pilar-stari\/wp-content\/uploads\/2017\/04\/0s_DSC_2680.jpg\" \/>\n\t<meta property=\"og:image:width\" content=\"640\" \/>\n\t<meta property=\"og:image:height\" content=\"288\" \/>\n\t<meta property=\"og:image:type\" content=\"image\/jpeg\" \/>\n<meta name=\"author\" content=\"pilar-admin\" \/>\n<meta name=\"twitter:card\" content=\"summary_large_image\" \/>\n<meta name=\"twitter:label1\" content=\"Napisao\/la\" \/>\n\t<meta name=\"twitter:data1\" content=\"pilar-admin\" \/>\n\t<meta name=\"twitter:label2\" content=\"Procijenjeno vrijeme \u010ditanja\" \/>\n\t<meta name=\"twitter:data2\" content=\"1 minuta\" \/>\n<script type=\"application\/ld+json\" class=\"yoast-schema-graph\">{\"@context\":\"https:\/\/schema.org\",\"@graph\":[{\"@type\":\"WebPage\",\"@id\":\"https:\/\/www.vegaintro-projekti.com\/pilar-stari\/2017\/04\/dr-sc-drazen-zivic-demografska-depupulacija-izumiranje-slavonije\/\",\"url\":\"https:\/\/www.vegaintro-projekti.com\/pilar-stari\/2017\/04\/dr-sc-drazen-zivic-demografska-depupulacija-izumiranje-slavonije\/\",\"name\":\"Dr. sc. Dra\u017een \u017divi\u0107: DEMOGRAFSKO IZUMIRANJE SLAVONIJE - Institut dru&scaron;tvenih znanosti Ivo Pilar\",\"isPartOf\":{\"@id\":\"https:\/\/www.vegaintro-projekti.com\/pilar-stari\/#website\"},\"datePublished\":\"2017-04-06T10:00:04+00:00\",\"dateModified\":\"2018-01-11T12:43:39+00:00\",\"author\":{\"@id\":\"https:\/\/www.vegaintro-projekti.com\/pilar-stari\/#\/schema\/person\/c0db50ebd77c4409e19b18044bbf10c1\"},\"breadcrumb\":{\"@id\":\"https:\/\/www.vegaintro-projekti.com\/pilar-stari\/2017\/04\/dr-sc-drazen-zivic-demografska-depupulacija-izumiranje-slavonije\/#breadcrumb\"},\"inLanguage\":\"hr\",\"potentialAction\":[{\"@type\":\"ReadAction\",\"target\":[\"https:\/\/www.vegaintro-projekti.com\/pilar-stari\/2017\/04\/dr-sc-drazen-zivic-demografska-depupulacija-izumiranje-slavonije\/\"]}]},{\"@type\":\"BreadcrumbList\",\"@id\":\"https:\/\/www.vegaintro-projekti.com\/pilar-stari\/2017\/04\/dr-sc-drazen-zivic-demografska-depupulacija-izumiranje-slavonije\/#breadcrumb\",\"itemListElement\":[{\"@type\":\"ListItem\",\"position\":1,\"name\":\"Home\",\"item\":\"https:\/\/www.vegaintro-projekti.com\/pilar-stari\/\"},{\"@type\":\"ListItem\",\"position\":2,\"name\":\"Dr. sc. Dra\u017een \u017divi\u0107: DEMOGRAFSKO IZUMIRANJE SLAVONIJE\"}]},{\"@type\":\"WebSite\",\"@id\":\"https:\/\/www.vegaintro-projekti.com\/pilar-stari\/#website\",\"url\":\"https:\/\/www.vegaintro-projekti.com\/pilar-stari\/\",\"name\":\"Institut dru&scaron;tvenih znanosti Ivo Pilar\",\"description\":\"Pilar\",\"potentialAction\":[{\"@type\":\"SearchAction\",\"target\":{\"@type\":\"EntryPoint\",\"urlTemplate\":\"https:\/\/www.vegaintro-projekti.com\/pilar-stari\/?s={search_term_string}\"},\"query-input\":\"required name=search_term_string\"}],\"inLanguage\":\"hr\"},{\"@type\":\"Person\",\"@id\":\"https:\/\/www.vegaintro-projekti.com\/pilar-stari\/#\/schema\/person\/c0db50ebd77c4409e19b18044bbf10c1\",\"name\":\"pilar-admin\",\"image\":{\"@type\":\"ImageObject\",\"inLanguage\":\"hr\",\"@id\":\"https:\/\/www.vegaintro-projekti.com\/pilar-stari\/#\/schema\/person\/image\/\",\"url\":\"https:\/\/secure.gravatar.com\/avatar\/fac9e03c4db0011b9c1ad8b5e9c74b8c?s=96&d=mm&r=g\",\"contentUrl\":\"https:\/\/secure.gravatar.com\/avatar\/fac9e03c4db0011b9c1ad8b5e9c74b8c?s=96&d=mm&r=g\",\"caption\":\"pilar-admin\"},\"url\":\"https:\/\/www.vegaintro-projekti.com\/pilar-stari\/author\/pilar-admin\/\"}]}<\/script>\n<!-- \/ Yoast SEO plugin. -->","yoast_head_json":{"title":"Dr. sc. Dra\u017een \u017divi\u0107: DEMOGRAFSKO IZUMIRANJE SLAVONIJE - Institut dru&scaron;tvenih znanosti Ivo Pilar","robots":{"index":"noindex","follow":"follow","max-snippet":"max-snippet:-1","max-image-preview":"max-image-preview:large","max-video-preview":"max-video-preview:-1"},"og_locale":"hr_HR","og_type":"article","og_title":"Dr. sc. Dra\u017een \u017divi\u0107: DEMOGRAFSKO IZUMIRANJE SLAVONIJE - Institut dru&scaron;tvenih znanosti Ivo Pilar","og_description":"U \u0110akovu je 4. travnja, u organizaciji \u0110akova\u010dko-osje\u010dke nadbiskupije odr\u017ean 21. susret djelatnika u politi\u010dkom i&nbsp;strana\u010dkom \u017eivotu triju isto\u010dnohrvatskih \u017eupanija: Brodsko-posavske, Osje\u010dko-baranjske i Vukovarsko-srijemske na&nbsp;temu demografskog stanja Slavonije i Baranje. Na poziv \u0111akova\u010dko-osje\u010dkog nadbiskupa dr. sc. \u0110ure Hrani\u0107a predavanje&nbsp;naslovljeno &#8220;Demografska depopulacije\/izumiranje Slavonije: \u010dinjenice i mogu\u0107a rje\u0161enja&#8221; odr\u017eao je prof. dr. sc.&nbsp;Dra\u017een \u017divi\u0107, znanstveni savjetnik i&hellip; Pro\u010ditaj vi\u0161e o Dr. sc. Dra\u017een \u017divi\u0107: DEMOGRAFSKO IZUMIRANJE SLAVONIJE","og_url":"https:\/\/www.vegaintro-projekti.com\/pilar-stari\/2017\/04\/dr-sc-drazen-zivic-demografska-depupulacija-izumiranje-slavonije\/","og_site_name":"Institut dru&scaron;tvenih znanosti Ivo Pilar","article_published_time":"2017-04-06T10:00:04+00:00","article_modified_time":"2018-01-11T12:43:39+00:00","og_image":[{"width":640,"height":288,"url":"https:\/\/www.vegaintro-projekti.com\/pilar-stari\/wp-content\/uploads\/2017\/04\/0s_DSC_2680.jpg","type":"image\/jpeg"}],"author":"pilar-admin","twitter_card":"summary_large_image","twitter_misc":{"Napisao\/la":"pilar-admin","Procijenjeno vrijeme \u010ditanja":"1 minuta"},"schema":{"@context":"https:\/\/schema.org","@graph":[{"@type":"WebPage","@id":"https:\/\/www.vegaintro-projekti.com\/pilar-stari\/2017\/04\/dr-sc-drazen-zivic-demografska-depupulacija-izumiranje-slavonije\/","url":"https:\/\/www.vegaintro-projekti.com\/pilar-stari\/2017\/04\/dr-sc-drazen-zivic-demografska-depupulacija-izumiranje-slavonije\/","name":"Dr. sc. Dra\u017een \u017divi\u0107: DEMOGRAFSKO IZUMIRANJE SLAVONIJE - Institut dru&scaron;tvenih znanosti Ivo Pilar","isPartOf":{"@id":"https:\/\/www.vegaintro-projekti.com\/pilar-stari\/#website"},"datePublished":"2017-04-06T10:00:04+00:00","dateModified":"2018-01-11T12:43:39+00:00","author":{"@id":"https:\/\/www.vegaintro-projekti.com\/pilar-stari\/#\/schema\/person\/c0db50ebd77c4409e19b18044bbf10c1"},"breadcrumb":{"@id":"https:\/\/www.vegaintro-projekti.com\/pilar-stari\/2017\/04\/dr-sc-drazen-zivic-demografska-depupulacija-izumiranje-slavonije\/#breadcrumb"},"inLanguage":"hr","potentialAction":[{"@type":"ReadAction","target":["https:\/\/www.vegaintro-projekti.com\/pilar-stari\/2017\/04\/dr-sc-drazen-zivic-demografska-depupulacija-izumiranje-slavonije\/"]}]},{"@type":"BreadcrumbList","@id":"https:\/\/www.vegaintro-projekti.com\/pilar-stari\/2017\/04\/dr-sc-drazen-zivic-demografska-depupulacija-izumiranje-slavonije\/#breadcrumb","itemListElement":[{"@type":"ListItem","position":1,"name":"Home","item":"https:\/\/www.vegaintro-projekti.com\/pilar-stari\/"},{"@type":"ListItem","position":2,"name":"Dr. sc. Dra\u017een \u017divi\u0107: DEMOGRAFSKO IZUMIRANJE SLAVONIJE"}]},{"@type":"WebSite","@id":"https:\/\/www.vegaintro-projekti.com\/pilar-stari\/#website","url":"https:\/\/www.vegaintro-projekti.com\/pilar-stari\/","name":"Institut dru&scaron;tvenih znanosti Ivo Pilar","description":"Pilar","potentialAction":[{"@type":"SearchAction","target":{"@type":"EntryPoint","urlTemplate":"https:\/\/www.vegaintro-projekti.com\/pilar-stari\/?s={search_term_string}"},"query-input":"required name=search_term_string"}],"inLanguage":"hr"},{"@type":"Person","@id":"https:\/\/www.vegaintro-projekti.com\/pilar-stari\/#\/schema\/person\/c0db50ebd77c4409e19b18044bbf10c1","name":"pilar-admin","image":{"@type":"ImageObject","inLanguage":"hr","@id":"https:\/\/www.vegaintro-projekti.com\/pilar-stari\/#\/schema\/person\/image\/","url":"https:\/\/secure.gravatar.com\/avatar\/fac9e03c4db0011b9c1ad8b5e9c74b8c?s=96&d=mm&r=g","contentUrl":"https:\/\/secure.gravatar.com\/avatar\/fac9e03c4db0011b9c1ad8b5e9c74b8c?s=96&d=mm&r=g","caption":"pilar-admin"},"url":"https:\/\/www.vegaintro-projekti.com\/pilar-stari\/author\/pilar-admin\/"}]}},"_links":{"self":[{"href":"https:\/\/www.vegaintro-projekti.com\/pilar-stari\/wp-json\/wp\/v2\/posts\/3987"}],"collection":[{"href":"https:\/\/www.vegaintro-projekti.com\/pilar-stari\/wp-json\/wp\/v2\/posts"}],"about":[{"href":"https:\/\/www.vegaintro-projekti.com\/pilar-stari\/wp-json\/wp\/v2\/types\/post"}],"author":[{"embeddable":true,"href":"https:\/\/www.vegaintro-projekti.com\/pilar-stari\/wp-json\/wp\/v2\/users\/1"}],"replies":[{"embeddable":true,"href":"https:\/\/www.vegaintro-projekti.com\/pilar-stari\/wp-json\/wp\/v2\/comments?post=3987"}],"version-history":[{"count":9,"href":"https:\/\/www.vegaintro-projekti.com\/pilar-stari\/wp-json\/wp\/v2\/posts\/3987\/revisions"}],"predecessor-version":[{"id":8791,"href":"https:\/\/www.vegaintro-projekti.com\/pilar-stari\/wp-json\/wp\/v2\/posts\/3987\/revisions\/8791"}],"wp:featuredmedia":[{"embeddable":true,"href":"https:\/\/www.vegaintro-projekti.com\/pilar-stari\/wp-json\/wp\/v2\/media\/8790"}],"wp:attachment":[{"href":"https:\/\/www.vegaintro-projekti.com\/pilar-stari\/wp-json\/wp\/v2\/media?parent=3987"}],"wp:term":[{"taxonomy":"category","embeddable":true,"href":"https:\/\/www.vegaintro-projekti.com\/pilar-stari\/wp-json\/wp\/v2\/categories?post=3987"},{"taxonomy":"post_tag","embeddable":true,"href":"https:\/\/www.vegaintro-projekti.com\/pilar-stari\/wp-json\/wp\/v2\/tags?post=3987"}],"curies":[{"name":"wp","href":"https:\/\/api.w.org\/{rel}","templated":true}]}}