{"id":3990,"date":"2017-04-16T17:38:46","date_gmt":"2017-04-16T17:38:46","guid":{"rendered":"https:\/\/www.vegaintro-projekti.com\/pilar-stari\/2017\/04\/nagrada-dr-sc-jadranki-rebeki-anic-za-slobodu-u-crkvi\/"},"modified":"2018-01-11T12:54:48","modified_gmt":"2018-01-11T12:54:48","slug":"nagrada-dr-sc-jadranki-rebeki-anic-za-slobodu-u-crkvi","status":"publish","type":"post","link":"https:\/\/www.vegaintro-projekti.com\/pilar-stari\/2017\/04\/nagrada-dr-sc-jadranki-rebeki-anic-za-slobodu-u-crkvi\/","title":{"rendered":"Nagrada dr. sc. Jadranki Rebeki Ani\u0107 za slobodu u Crkvi"},"content":{"rendered":"<p><strong>Dr. sc. Jadranka Rebeka Ani\u0107 iz Podru\u010dnog centra Split primila je 19. o\u017eujka 2017. godine u Luzernu, \u0160vicarska, nagradu Zaklade Herbert-Haag za slobodu u Crkvi. Nagrada joj je dodijeljena zbog radova u kojima tuma\u010di razumijevanje rodnog koncepta u rodnim teorijama, rodno osvije\u0161tenoj politici i u antirodnom pokretu kao i zbog pote\u0161ko\u0107a koje je zbog tih radova imala u Crkvi u Hrvatskoj. Me\u0111u radove za koje je nagra\u0111ena ulazi i knjiga koju je 2011. godine objavio Institut dru\u0161tvenih znanosti Ivo Pilar, <em>Kako razumjeti rod? Povijest rasprave i razli\u010dita tuma\u010denja u Crkvi<\/em> (2011)<\/strong><\/p>\n<table border=\"0\">\n<tbody>\n<tr>\n<td><img decoding=\"async\" loading=\"lazy\" class=\"alignnone size-full wp-image-8797\" src=\"https:\/\/www.vegaintro-projekti.com\/pilar-stari\/wp-content\/uploads\/2017\/04\/1_sn.jpg\" alt=\"\" width=\"212\" height=\"142\" srcset=\"https:\/\/www.vegaintro-projekti.com\/pilar-stari\/wp-content\/uploads\/2017\/04\/1_sn.jpg 212w, https:\/\/www.vegaintro-projekti.com\/pilar-stari\/wp-content\/uploads\/2017\/04\/1_sn-110x75.jpg 110w\" sizes=\"(max-width: 212px) 100vw, 212px\" \/>&nbsp;<\/td>\n<td><img decoding=\"async\" loading=\"lazy\" class=\"alignnone size-full wp-image-8799\" src=\"https:\/\/www.vegaintro-projekti.com\/pilar-stari\/wp-content\/uploads\/2017\/04\/2_sn.jpg\" alt=\"\" width=\"212\" height=\"142\" srcset=\"https:\/\/www.vegaintro-projekti.com\/pilar-stari\/wp-content\/uploads\/2017\/04\/2_sn.jpg 212w, https:\/\/www.vegaintro-projekti.com\/pilar-stari\/wp-content\/uploads\/2017\/04\/2_sn-110x75.jpg 110w\" sizes=\"(max-width: 212px) 100vw, 212px\" \/>&nbsp;<\/td>\n<td>&nbsp;<img decoding=\"async\" loading=\"lazy\" class=\"alignnone size-full wp-image-8800\" src=\"https:\/\/www.vegaintro-projekti.com\/pilar-stari\/wp-content\/uploads\/2017\/04\/3_sn.jpg\" alt=\"\" width=\"212\" height=\"142\" srcset=\"https:\/\/www.vegaintro-projekti.com\/pilar-stari\/wp-content\/uploads\/2017\/04\/3_sn.jpg 212w, https:\/\/www.vegaintro-projekti.com\/pilar-stari\/wp-content\/uploads\/2017\/04\/3_sn-110x75.jpg 110w\" sizes=\"(max-width: 212px) 100vw, 212px\" \/><\/td>\n<\/tr>\n<\/tbody>\n<\/table>\n<table border=\"0\">\n<tbody>\n<tr>\n<td><img decoding=\"async\" loading=\"lazy\" class=\"alignnone size-full wp-image-8801\" src=\"https:\/\/www.vegaintro-projekti.com\/pilar-stari\/wp-content\/uploads\/2017\/04\/0_sn.jpg\" alt=\"\" width=\"640\" height=\"337\" srcset=\"https:\/\/www.vegaintro-projekti.com\/pilar-stari\/wp-content\/uploads\/2017\/04\/0_sn.jpg 640w, https:\/\/www.vegaintro-projekti.com\/pilar-stari\/wp-content\/uploads\/2017\/04\/0_sn-300x158.jpg 300w\" sizes=\"(max-width: 640px) 100vw, 640px\" \/>&nbsp;<\/td>\n<\/tr>\n<\/tbody>\n<\/table>\n<p><span style=\"font-size: 8pt;\"><strong>Dodjela nagrade dr. sc. Jadranki Rebeki Ani\u0107 za slobodu u Crkvi; Luzern (\u0160vicarska), 19. o\u017eujka 2017.<\/strong><\/span><\/p>\n<p><span style=\"font-size: 12pt;\">Sve\u010danost dodjele nagrade na kojoj se okupilo oko 400 uzvanika uprili\u010dena je u Hotelu Schweizerhof. Prigodom uru\u010denja nagrade Ani\u0107 je odr\u017eala sve\u010dani govor na temu &#8220;Gender \u2013 wo liegt das Problem?&#8221; Dan nakon uru\u010denja nagrade, 20. o\u017eujka, dr. sc. Ani\u0107 odr\u017eala je javno predavanje na temu &#8220;Koje zna\u010denje ima rodno pitanje u kontekstu sekularizacije?&#8221;.<\/span><\/p>\n<p>&gt;&gt;&gt; <a href=\"https:\/\/www.vegaintro-projekti.com\/pilar-stari\/user-bio\/?my_user_id=10\">Dr. sc. Jadranka Rebeka Ani\u0107<\/a><\/p>\n<p>&gt;&gt;&gt; <a href=\"https:\/\/www.vegaintro-projekti.com\/pilar-stari\/2011\/09\/kako-razumjeti-rod\/\">KAKO RAZUMJETI ROD? Povijest rasprave i razli\u010dita razumijevanja u Crkvi<\/a><\/p>\n<p>&nbsp;<\/p>\n","protected":false},"excerpt":{"rendered":"<p>Dr. sc. Jadranka Rebeka Ani\u0107 iz Podru\u010dnog centra Split primila je 19. o\u017eujka 2017. godine u Luzernu, \u0160vicarska, nagradu Zaklade Herbert-Haag za slobodu u Crkvi. Nagrada joj je dodijeljena zbog radova u kojima tuma\u010di razumijevanje rodnog koncepta u rodnim teorijama, rodno osvije\u0161tenoj politici i u antirodnom pokretu kao i zbog pote\u0161ko\u0107a koje je zbog tih&hellip; <a class=\"continue\" href=\"https:\/\/www.vegaintro-projekti.com\/pilar-stari\/2017\/04\/nagrada-dr-sc-jadranki-rebeki-anic-za-slobodu-u-crkvi\/\">Pro\u010ditaj vi\u0161e o<span> Nagrada dr. sc. Jadranki Rebeki Ani\u0107 za slobodu u Crkvi<\/span><\/a><\/p>\n","protected":false},"author":1,"featured_media":8801,"comment_status":"open","ping_status":"open","sticky":false,"template":"","format":"standard","meta":{"inline_featured_image":false,"ngg_post_thumbnail":0,"footnotes":""},"categories":[9],"tags":[],"yoast_head":"<!-- This site is optimized with the Yoast SEO plugin v21.2 - https:\/\/yoast.com\/wordpress\/plugins\/seo\/ -->\n<title>Nagrada dr. sc. Jadranki Rebeki Ani\u0107 za slobodu u Crkvi - Institut dru&scaron;tvenih znanosti Ivo Pilar<\/title>\n<meta name=\"robots\" content=\"noindex, follow, max-snippet:-1, max-image-preview:large, max-video-preview:-1\" \/>\n<meta property=\"og:locale\" content=\"hr_HR\" \/>\n<meta property=\"og:type\" content=\"article\" \/>\n<meta property=\"og:title\" content=\"Nagrada dr. sc. Jadranki Rebeki Ani\u0107 za slobodu u Crkvi - Institut dru&scaron;tvenih znanosti Ivo Pilar\" \/>\n<meta property=\"og:description\" content=\"Dr. sc. Jadranka Rebeka Ani\u0107 iz Podru\u010dnog centra Split primila je 19. o\u017eujka 2017. godine u Luzernu, \u0160vicarska, nagradu Zaklade Herbert-Haag za slobodu u Crkvi. Nagrada joj je dodijeljena zbog radova u kojima tuma\u010di razumijevanje rodnog koncepta u rodnim teorijama, rodno osvije\u0161tenoj politici i u antirodnom pokretu kao i zbog pote\u0161ko\u0107a koje je zbog tih&hellip; Pro\u010ditaj vi\u0161e o Nagrada dr. sc. Jadranki Rebeki Ani\u0107 za slobodu u Crkvi\" \/>\n<meta property=\"og:url\" content=\"https:\/\/www.vegaintro-projekti.com\/pilar-stari\/2017\/04\/nagrada-dr-sc-jadranki-rebeki-anic-za-slobodu-u-crkvi\/\" \/>\n<meta property=\"og:site_name\" content=\"Institut dru&scaron;tvenih znanosti Ivo Pilar\" \/>\n<meta property=\"article:published_time\" content=\"2017-04-16T17:38:46+00:00\" \/>\n<meta property=\"article:modified_time\" content=\"2018-01-11T12:54:48+00:00\" \/>\n<meta property=\"og:image\" content=\"https:\/\/www.vegaintro-projekti.com\/pilar-stari\/wp-content\/uploads\/2017\/04\/0_sn.jpg\" \/>\n\t<meta property=\"og:image:width\" content=\"640\" \/>\n\t<meta property=\"og:image:height\" content=\"337\" \/>\n\t<meta property=\"og:image:type\" content=\"image\/jpeg\" \/>\n<meta name=\"author\" content=\"pilar-admin\" \/>\n<meta name=\"twitter:card\" content=\"summary_large_image\" \/>\n<meta name=\"twitter:label1\" content=\"Napisao\/la\" \/>\n\t<meta name=\"twitter:data1\" content=\"pilar-admin\" \/>\n\t<meta name=\"twitter:label2\" content=\"Procijenjeno vrijeme \u010ditanja\" \/>\n\t<meta name=\"twitter:data2\" content=\"1 minuta\" \/>\n<script type=\"application\/ld+json\" class=\"yoast-schema-graph\">{\"@context\":\"https:\/\/schema.org\",\"@graph\":[{\"@type\":\"WebPage\",\"@id\":\"https:\/\/www.vegaintro-projekti.com\/pilar-stari\/2017\/04\/nagrada-dr-sc-jadranki-rebeki-anic-za-slobodu-u-crkvi\/\",\"url\":\"https:\/\/www.vegaintro-projekti.com\/pilar-stari\/2017\/04\/nagrada-dr-sc-jadranki-rebeki-anic-za-slobodu-u-crkvi\/\",\"name\":\"Nagrada dr. sc. Jadranki Rebeki Ani\u0107 za slobodu u Crkvi - Institut dru&scaron;tvenih znanosti Ivo Pilar\",\"isPartOf\":{\"@id\":\"https:\/\/www.vegaintro-projekti.com\/pilar-stari\/#website\"},\"datePublished\":\"2017-04-16T17:38:46+00:00\",\"dateModified\":\"2018-01-11T12:54:48+00:00\",\"author\":{\"@id\":\"https:\/\/www.vegaintro-projekti.com\/pilar-stari\/#\/schema\/person\/c0db50ebd77c4409e19b18044bbf10c1\"},\"breadcrumb\":{\"@id\":\"https:\/\/www.vegaintro-projekti.com\/pilar-stari\/2017\/04\/nagrada-dr-sc-jadranki-rebeki-anic-za-slobodu-u-crkvi\/#breadcrumb\"},\"inLanguage\":\"hr\",\"potentialAction\":[{\"@type\":\"ReadAction\",\"target\":[\"https:\/\/www.vegaintro-projekti.com\/pilar-stari\/2017\/04\/nagrada-dr-sc-jadranki-rebeki-anic-za-slobodu-u-crkvi\/\"]}]},{\"@type\":\"BreadcrumbList\",\"@id\":\"https:\/\/www.vegaintro-projekti.com\/pilar-stari\/2017\/04\/nagrada-dr-sc-jadranki-rebeki-anic-za-slobodu-u-crkvi\/#breadcrumb\",\"itemListElement\":[{\"@type\":\"ListItem\",\"position\":1,\"name\":\"Home\",\"item\":\"https:\/\/www.vegaintro-projekti.com\/pilar-stari\/\"},{\"@type\":\"ListItem\",\"position\":2,\"name\":\"Nagrada dr. sc. Jadranki Rebeki Ani\u0107 za slobodu u Crkvi\"}]},{\"@type\":\"WebSite\",\"@id\":\"https:\/\/www.vegaintro-projekti.com\/pilar-stari\/#website\",\"url\":\"https:\/\/www.vegaintro-projekti.com\/pilar-stari\/\",\"name\":\"Institut dru&scaron;tvenih znanosti Ivo Pilar\",\"description\":\"Pilar\",\"potentialAction\":[{\"@type\":\"SearchAction\",\"target\":{\"@type\":\"EntryPoint\",\"urlTemplate\":\"https:\/\/www.vegaintro-projekti.com\/pilar-stari\/?s={search_term_string}\"},\"query-input\":\"required name=search_term_string\"}],\"inLanguage\":\"hr\"},{\"@type\":\"Person\",\"@id\":\"https:\/\/www.vegaintro-projekti.com\/pilar-stari\/#\/schema\/person\/c0db50ebd77c4409e19b18044bbf10c1\",\"name\":\"pilar-admin\",\"image\":{\"@type\":\"ImageObject\",\"inLanguage\":\"hr\",\"@id\":\"https:\/\/www.vegaintro-projekti.com\/pilar-stari\/#\/schema\/person\/image\/\",\"url\":\"https:\/\/secure.gravatar.com\/avatar\/fac9e03c4db0011b9c1ad8b5e9c74b8c?s=96&d=mm&r=g\",\"contentUrl\":\"https:\/\/secure.gravatar.com\/avatar\/fac9e03c4db0011b9c1ad8b5e9c74b8c?s=96&d=mm&r=g\",\"caption\":\"pilar-admin\"},\"url\":\"https:\/\/www.vegaintro-projekti.com\/pilar-stari\/author\/pilar-admin\/\"}]}<\/script>\n<!-- \/ Yoast SEO plugin. -->","yoast_head_json":{"title":"Nagrada dr. sc. Jadranki Rebeki Ani\u0107 za slobodu u Crkvi - Institut dru&scaron;tvenih znanosti Ivo Pilar","robots":{"index":"noindex","follow":"follow","max-snippet":"max-snippet:-1","max-image-preview":"max-image-preview:large","max-video-preview":"max-video-preview:-1"},"og_locale":"hr_HR","og_type":"article","og_title":"Nagrada dr. sc. Jadranki Rebeki Ani\u0107 za slobodu u Crkvi - Institut dru&scaron;tvenih znanosti Ivo Pilar","og_description":"Dr. sc. Jadranka Rebeka Ani\u0107 iz Podru\u010dnog centra Split primila je 19. o\u017eujka 2017. godine u Luzernu, \u0160vicarska, nagradu Zaklade Herbert-Haag za slobodu u Crkvi. Nagrada joj je dodijeljena zbog radova u kojima tuma\u010di razumijevanje rodnog koncepta u rodnim teorijama, rodno osvije\u0161tenoj politici i u antirodnom pokretu kao i zbog pote\u0161ko\u0107a koje je zbog tih&hellip; Pro\u010ditaj vi\u0161e o Nagrada dr. sc. Jadranki Rebeki Ani\u0107 za slobodu u Crkvi","og_url":"https:\/\/www.vegaintro-projekti.com\/pilar-stari\/2017\/04\/nagrada-dr-sc-jadranki-rebeki-anic-za-slobodu-u-crkvi\/","og_site_name":"Institut dru&scaron;tvenih znanosti Ivo Pilar","article_published_time":"2017-04-16T17:38:46+00:00","article_modified_time":"2018-01-11T12:54:48+00:00","og_image":[{"width":640,"height":337,"url":"https:\/\/www.vegaintro-projekti.com\/pilar-stari\/wp-content\/uploads\/2017\/04\/0_sn.jpg","type":"image\/jpeg"}],"author":"pilar-admin","twitter_card":"summary_large_image","twitter_misc":{"Napisao\/la":"pilar-admin","Procijenjeno vrijeme \u010ditanja":"1 minuta"},"schema":{"@context":"https:\/\/schema.org","@graph":[{"@type":"WebPage","@id":"https:\/\/www.vegaintro-projekti.com\/pilar-stari\/2017\/04\/nagrada-dr-sc-jadranki-rebeki-anic-za-slobodu-u-crkvi\/","url":"https:\/\/www.vegaintro-projekti.com\/pilar-stari\/2017\/04\/nagrada-dr-sc-jadranki-rebeki-anic-za-slobodu-u-crkvi\/","name":"Nagrada dr. sc. Jadranki Rebeki Ani\u0107 za slobodu u Crkvi - Institut dru&scaron;tvenih znanosti Ivo Pilar","isPartOf":{"@id":"https:\/\/www.vegaintro-projekti.com\/pilar-stari\/#website"},"datePublished":"2017-04-16T17:38:46+00:00","dateModified":"2018-01-11T12:54:48+00:00","author":{"@id":"https:\/\/www.vegaintro-projekti.com\/pilar-stari\/#\/schema\/person\/c0db50ebd77c4409e19b18044bbf10c1"},"breadcrumb":{"@id":"https:\/\/www.vegaintro-projekti.com\/pilar-stari\/2017\/04\/nagrada-dr-sc-jadranki-rebeki-anic-za-slobodu-u-crkvi\/#breadcrumb"},"inLanguage":"hr","potentialAction":[{"@type":"ReadAction","target":["https:\/\/www.vegaintro-projekti.com\/pilar-stari\/2017\/04\/nagrada-dr-sc-jadranki-rebeki-anic-za-slobodu-u-crkvi\/"]}]},{"@type":"BreadcrumbList","@id":"https:\/\/www.vegaintro-projekti.com\/pilar-stari\/2017\/04\/nagrada-dr-sc-jadranki-rebeki-anic-za-slobodu-u-crkvi\/#breadcrumb","itemListElement":[{"@type":"ListItem","position":1,"name":"Home","item":"https:\/\/www.vegaintro-projekti.com\/pilar-stari\/"},{"@type":"ListItem","position":2,"name":"Nagrada dr. sc. Jadranki Rebeki Ani\u0107 za slobodu u Crkvi"}]},{"@type":"WebSite","@id":"https:\/\/www.vegaintro-projekti.com\/pilar-stari\/#website","url":"https:\/\/www.vegaintro-projekti.com\/pilar-stari\/","name":"Institut dru&scaron;tvenih znanosti Ivo Pilar","description":"Pilar","potentialAction":[{"@type":"SearchAction","target":{"@type":"EntryPoint","urlTemplate":"https:\/\/www.vegaintro-projekti.com\/pilar-stari\/?s={search_term_string}"},"query-input":"required name=search_term_string"}],"inLanguage":"hr"},{"@type":"Person","@id":"https:\/\/www.vegaintro-projekti.com\/pilar-stari\/#\/schema\/person\/c0db50ebd77c4409e19b18044bbf10c1","name":"pilar-admin","image":{"@type":"ImageObject","inLanguage":"hr","@id":"https:\/\/www.vegaintro-projekti.com\/pilar-stari\/#\/schema\/person\/image\/","url":"https:\/\/secure.gravatar.com\/avatar\/fac9e03c4db0011b9c1ad8b5e9c74b8c?s=96&d=mm&r=g","contentUrl":"https:\/\/secure.gravatar.com\/avatar\/fac9e03c4db0011b9c1ad8b5e9c74b8c?s=96&d=mm&r=g","caption":"pilar-admin"},"url":"https:\/\/www.vegaintro-projekti.com\/pilar-stari\/author\/pilar-admin\/"}]}},"_links":{"self":[{"href":"https:\/\/www.vegaintro-projekti.com\/pilar-stari\/wp-json\/wp\/v2\/posts\/3990"}],"collection":[{"href":"https:\/\/www.vegaintro-projekti.com\/pilar-stari\/wp-json\/wp\/v2\/posts"}],"about":[{"href":"https:\/\/www.vegaintro-projekti.com\/pilar-stari\/wp-json\/wp\/v2\/types\/post"}],"author":[{"embeddable":true,"href":"https:\/\/www.vegaintro-projekti.com\/pilar-stari\/wp-json\/wp\/v2\/users\/1"}],"replies":[{"embeddable":true,"href":"https:\/\/www.vegaintro-projekti.com\/pilar-stari\/wp-json\/wp\/v2\/comments?post=3990"}],"version-history":[{"count":13,"href":"https:\/\/www.vegaintro-projekti.com\/pilar-stari\/wp-json\/wp\/v2\/posts\/3990\/revisions"}],"predecessor-version":[{"id":8802,"href":"https:\/\/www.vegaintro-projekti.com\/pilar-stari\/wp-json\/wp\/v2\/posts\/3990\/revisions\/8802"}],"wp:featuredmedia":[{"embeddable":true,"href":"https:\/\/www.vegaintro-projekti.com\/pilar-stari\/wp-json\/wp\/v2\/media\/8801"}],"wp:attachment":[{"href":"https:\/\/www.vegaintro-projekti.com\/pilar-stari\/wp-json\/wp\/v2\/media?parent=3990"}],"wp:term":[{"taxonomy":"category","embeddable":true,"href":"https:\/\/www.vegaintro-projekti.com\/pilar-stari\/wp-json\/wp\/v2\/categories?post=3990"},{"taxonomy":"post_tag","embeddable":true,"href":"https:\/\/www.vegaintro-projekti.com\/pilar-stari\/wp-json\/wp\/v2\/tags?post=3990"}],"curies":[{"name":"wp","href":"https:\/\/api.w.org\/{rel}","templated":true}]}}