{"id":3993,"date":"2017-04-25T14:36:51","date_gmt":"2017-04-25T14:36:51","guid":{"rendered":"https:\/\/www.vegaintro-projekti.com\/pilar-stari\/2017\/04\/dr-sc-drago-cengic-o-ekonomskom-nacionalizamu-u-madarskoj-i-poljskoj\/"},"modified":"2018-01-03T14:13:24","modified_gmt":"2018-01-03T14:13:24","slug":"dr-sc-drago-cengic-o-ekonomskom-nacionalizamu-u-madarskoj-i-poljskoj","status":"publish","type":"post","link":"https:\/\/www.vegaintro-projekti.com\/pilar-stari\/2017\/04\/dr-sc-drago-cengic-o-ekonomskom-nacionalizamu-u-madarskoj-i-poljskoj\/","title":{"rendered":"Dr. sc. Drago \u010cengi\u0107 o &#8220;ekonomskom nacionalizamu&#8221; u Ma\u0111arskoj i Poljskoj"},"content":{"rendered":"<p><strong>Portal Lider.media objavljuje 23. travnja 2017. razgovor Matilde Ba\u010deli\u0107 s dr. sc. Dragom \u010cengi\u0107em pod naslovom &#8220;Trebamo analizirati &#8216;ekonomski nacionalizam&#8217; u Ma\u0111arskoj i Poljskoj&#8221;<\/strong><\/p>\n<p>&nbsp;<\/p>\n<p><strong>&#8211; Lider.media:<\/strong> <a href=\"https:\/\/lider.media\/aktualno\/biznis-i-politika\/hrvatska\/drago-cengic-trebamo-analizirati-ekonomski-nacionalizam-u-madarskoj-poljskoj\/\">Drago \u010cengi\u0107: Trebamo analizirati &#8216;ekonomski nacionalizam&#8217; u Ma\u0111arskoj i Poljskoj; 23. travnja 2017.<\/a><\/p>\n<p><span style=\"font-size: 12pt;\">Drago \u010cengi\u0107: Trebamo analizirati &#8216;ekonomski nacionalizam&#8217; u Ma\u0111arskoj i Poljskoj<\/span><\/p>\n<p>Sociolog dr. sc. Drago \u010cengi\u0107 znanstveni je savjetnik u Institutu Ivo Pilar. Podru\u010dja su njegova interesa ekonomska sociologija te sociologija modernog dru\u0161tva i razvoja. Za Lider je komentirao aktualnu ekonomsku situaciju i raspad dosada\u0161njeg modela razvoja.<\/p>\n<p><strong>Nakon Agrokorova financijskog kolapsa i uru\u0161avanja cijelog sustava te ekonomskog modela tzv. orta\u010dkog kapitalizma kojim bi smjerom trebala krenuti Hrvatska ako \u017eeli izgraditi ekonomski sustav na zdravim temeljima?<\/strong><\/p>\n<p>\u2013 Krah tajkunske privatizacije, neslavan kraj modela \u2018dvjesto bogatih obitelji\u2019, poduze\u0107e koje je raslo kao hobotnica sprje\u010davaju\u0107i druge da rastu, Agrokor kao primjer rasta bez razvoja\u2026 sve su to koncepti kojima se analiziraju obilje\u017eja i mogu\u0107e posljedice mogu\u0107e Agrokorove propasti u na\u0161im medijima. Da bi se napravio zaokret, politi\u010dki, ali i ekonomski, treba hladne glave analizirati koja su to klju\u010dna negativna, ali i potencijalno pozitivna obilje\u017eja Agrokorova poslovnog modela vidljiva iz njegova dosada\u0161njeg suboptimalnog rasta, i to ne samo iz uobi\u010dajene ra\u010dunovodstveno- bilan\u010dne perspektive ve\u0107 i sa stajali\u0161ta politi\u010dke ekonomije i sociologije razvoja. Graditi sustav na zdravim temeljima zna\u010dilo bi nekoliko stvari:<\/p>\n<p>a) Preispitati na\u0161e razumijevanje tr\u017ei\u0161noga gospodarstva i uspostaviti tr\u017ei\u0161te na kojemu se po\u0161tuju vlasni\u010dka prava svih sudionika tr\u017ei\u0161ta, pogotovo onih ekonomski malih, npr. pitanje malih dobavlja\u010da; ne mo\u017ee se razvoj dominantnoga sudionika tr\u017ei\u0161nog sustava temeljiti na pukoj ekonomskoj mo\u0107i koja na kraju ugro\u017eava razvoj drugih u poslovanju pa onda i delegitimira cijeli sustav.<\/p>\n<p>b) Ideju fer tr\u017ei\u0161nog i socijalno osjetljivoga gospodarstva doista trebaju \u0161tititi za to zadu\u017eene institucije, ali \u2018u stvarnom vremenu\u2019 da bi se omogu\u0107ilo normalno kru\u017eenje robe i novca, bez bje\u017eanja vrijednosti u tzv. kolateralne vrijednosne papire.<\/p>\n<p>c) Dr\u017eava bi trebala uspostaviti nov \u2018sustav ranog upozoravanja\u2019 koji bi omogu\u0107io politi\u010dkom sustavu da na vrijeme, na temelju rada institucija, dobije informacije koliko sudionici \u2018dogovornoga gospodarstva\u2019 izigravaju ne samo propise nego i elementarna pravila tr\u017ei\u0161nog poslovanja; prije svega, treba ukloniti usporedni sustav financiranja, kao \u0161to pokazuje sada\u0161nji slu\u010daj Agrokora, zbog izlo\u017eenosti \u2018doma\u0107ih\u2019 banaka prema tvrtki.<\/p>\n<p><strong>Trebaju li zemlje, ako \u017eele imati sna\u017ean i odr\u017eiv ekonomski sustav, imati nacionalne korporativne divove koje za sobom vuku srednje i male tvrtke ili mnogo vi\u0161e sna\u017enih, ali manjih tvrtki? Ima li jedinstvena i ispravna recepta?<\/strong><\/p>\n<p>\u2013 Ovo je jedno od va\u017enih pitanja, potaknuto i idejama nekih politi\u010dara da se Agrokor razdvoji na manja poduze\u0107a pre\u017eivi li budu\u0107e restrukturiranje. Va\u017eno je imati i velike korporacije i mala poduze\u0107a, ali va\u017eno je da politika i biznis sura\u0111uju na tome \u010demu slu\u017ee ta poduze\u0107a, kao, uostalom, i sama \u2018tr\u017ei\u0161na ekonomija\u2019. Valja staviti na dnevni red neka klasi\u010dna i ne tako klasi\u010dna pitanja: prvo, kako uspostaviti tr\u017ei\u0161ni sustav koji omogu\u0107uje lako ne samo samozapo\u0161ljavanje \u0161to vi\u0161e ljudi nego i pojavu \u0161to vi\u0161e poduze\u0107a rasta; drugo, trebalo bi zatim vidjeti koliko mala poduze\u0107a mogu br\u017ee rasti samostalno, a koliko se mogu okupljati pod ki\u0161obranom, odnosno poslovnom mre\u017eom velikih poduze\u0107a; i tre\u0107e, velika poduze\u0107a imaju smisla ako su sposobna sudjelovati u globalnome gospodarstvu i pritom ispunjavati i pojedine \u2018nacionalne ciljeve\u2019.<\/p>\n<p>Primjerice, je li nam va\u017eno da Agrokor bude u BiH, u Srbiji\u2026 i za\u0161to? Na to \u2018za\u0161to\u2019 treba odgovoriti politika, i to u dijalogu s klju\u010dnim predstavnicima na\u0161eg ekonomskog sektora. Budu\u0107i da toga javnog dijaloga nema, poslodavci smisao vlastitog poslovanja svode na minimalni zajedni\u010dki nazivnik (\u2018mi zapo\u0161ljavamo\u2019) na temelju kojeg stalno o\u010dekuju neke pogodnosti od dr\u017eave (katkad i opravdano), a politika se dr\u017ei stvarnih \u2018dealova\u2019 sa \u2018svojim poslodavcima\u2019, a bez javno definiranih razvojnih obveza prema njima kao tr\u017ei\u0161nim sudionicima.<\/p>\n<p><strong>Kakva je situacija u vezi s tim u uspje\u0161nijim tranzicijskim zemljama (Ma\u0111arska, Slova\u010dka, \u010ce\u0161ka, Poljska), kako to u praksi funkcionira kod njih?<\/strong><\/p>\n<p>\u2013 Na\u010delno, situacija je razli\u010dita u svakoj od tih zemalja. U Poljskoj i jo\u0161 vi\u0161e u Ma\u0111arskoj o\u010dito je da se dio koordinacije izme\u0111u politike i biznisa povezan s metaekonomskim ciljevima najve\u0107ih tvrtki ostvaruje u sklopu \u0161to prigu\u0161ena \u0161to vidljiva koncepta \u2018ekonomskog nacionalizma\u2019. \u0160to pak on konkretno podrazumijeva, to valja analizirati, ne samo u slu\u010daju tih zemalja nego i u na\u0161emu.<\/p>\n<p>&gt;&gt;&gt; <a href=\"https:\/\/www.vegaintro-projekti.com\/pilar-stari\/user-bio\/?my_user_id=17\">Dr. sc. Drago \u010dengi\u0107<\/a><\/p>\n<p>&gt;&gt;&gt;&nbsp;<a href=\"https:\/\/www.vegaintro-projekti.com\/pilar-stari\/2010\/06\/centar-za-istraivanje-poduzetnitva\/\">Centar za istra\u017eivanje poduzetni\u0161tva<\/a><\/p>\n","protected":false},"excerpt":{"rendered":"<p>Portal Lider.media objavljuje 23. travnja 2017. razgovor Matilde Ba\u010deli\u0107 s dr. sc. Dragom \u010cengi\u0107em pod naslovom &#8220;Trebamo analizirati &#8216;ekonomski nacionalizam&#8217; u Ma\u0111arskoj i Poljskoj&#8221; &nbsp; &#8211; Lider.media: Drago \u010cengi\u0107: Trebamo analizirati &#8216;ekonomski nacionalizam&#8217; u Ma\u0111arskoj i Poljskoj; 23. travnja 2017. Drago \u010cengi\u0107: Trebamo analizirati &#8216;ekonomski nacionalizam&#8217; u Ma\u0111arskoj i Poljskoj Sociolog dr. sc. Drago \u010cengi\u0107&hellip; <a class=\"continue\" href=\"https:\/\/www.vegaintro-projekti.com\/pilar-stari\/2017\/04\/dr-sc-drago-cengic-o-ekonomskom-nacionalizamu-u-madarskoj-i-poljskoj\/\">Pro\u010ditaj vi\u0161e o<span> Dr. sc. Drago \u010cengi\u0107 o &#8220;ekonomskom nacionalizamu&#8221; u Ma\u0111arskoj i Poljskoj<\/span><\/a><\/p>\n","protected":false},"author":1,"featured_media":0,"comment_status":"open","ping_status":"open","sticky":false,"template":"","format":"standard","meta":{"inline_featured_image":false,"ngg_post_thumbnail":0,"footnotes":""},"categories":[12],"tags":[],"yoast_head":"<!-- This site is optimized with the Yoast SEO plugin v21.2 - https:\/\/yoast.com\/wordpress\/plugins\/seo\/ -->\n<title>Dr. sc. Drago \u010cengi\u0107 o &quot;ekonomskom nacionalizamu&quot; u Ma\u0111arskoj i Poljskoj - Institut dru&scaron;tvenih znanosti Ivo Pilar<\/title>\n<meta name=\"robots\" content=\"noindex, follow, max-snippet:-1, max-image-preview:large, max-video-preview:-1\" \/>\n<meta property=\"og:locale\" content=\"hr_HR\" \/>\n<meta property=\"og:type\" content=\"article\" \/>\n<meta property=\"og:title\" content=\"Dr. sc. Drago \u010cengi\u0107 o &quot;ekonomskom nacionalizamu&quot; u Ma\u0111arskoj i Poljskoj - Institut dru&scaron;tvenih znanosti Ivo Pilar\" \/>\n<meta property=\"og:description\" content=\"Portal Lider.media objavljuje 23. travnja 2017. razgovor Matilde Ba\u010deli\u0107 s dr. sc. Dragom \u010cengi\u0107em pod naslovom &#8220;Trebamo analizirati &#8216;ekonomski nacionalizam&#8217; u Ma\u0111arskoj i Poljskoj&#8221; &nbsp; &#8211; Lider.media: Drago \u010cengi\u0107: Trebamo analizirati &#8216;ekonomski nacionalizam&#8217; u Ma\u0111arskoj i Poljskoj; 23. travnja 2017. Drago \u010cengi\u0107: Trebamo analizirati &#8216;ekonomski nacionalizam&#8217; u Ma\u0111arskoj i Poljskoj Sociolog dr. sc. Drago \u010cengi\u0107&hellip; Pro\u010ditaj vi\u0161e o Dr. sc. Drago \u010cengi\u0107 o &#8220;ekonomskom nacionalizamu&#8221; u Ma\u0111arskoj i Poljskoj\" \/>\n<meta property=\"og:url\" content=\"https:\/\/www.vegaintro-projekti.com\/pilar-stari\/2017\/04\/dr-sc-drago-cengic-o-ekonomskom-nacionalizamu-u-madarskoj-i-poljskoj\/\" \/>\n<meta property=\"og:site_name\" content=\"Institut dru&scaron;tvenih znanosti Ivo Pilar\" \/>\n<meta property=\"article:published_time\" content=\"2017-04-25T14:36:51+00:00\" \/>\n<meta property=\"article:modified_time\" content=\"2018-01-03T14:13:24+00:00\" \/>\n<meta name=\"author\" content=\"pilar-admin\" \/>\n<meta name=\"twitter:card\" content=\"summary_large_image\" \/>\n<meta name=\"twitter:label1\" content=\"Napisao\/la\" \/>\n\t<meta name=\"twitter:data1\" content=\"pilar-admin\" \/>\n\t<meta name=\"twitter:label2\" content=\"Procijenjeno vrijeme \u010ditanja\" \/>\n\t<meta name=\"twitter:data2\" content=\"4 minute\" \/>\n<script type=\"application\/ld+json\" class=\"yoast-schema-graph\">{\"@context\":\"https:\/\/schema.org\",\"@graph\":[{\"@type\":\"WebPage\",\"@id\":\"https:\/\/www.vegaintro-projekti.com\/pilar-stari\/2017\/04\/dr-sc-drago-cengic-o-ekonomskom-nacionalizamu-u-madarskoj-i-poljskoj\/\",\"url\":\"https:\/\/www.vegaintro-projekti.com\/pilar-stari\/2017\/04\/dr-sc-drago-cengic-o-ekonomskom-nacionalizamu-u-madarskoj-i-poljskoj\/\",\"name\":\"Dr. sc. Drago \u010cengi\u0107 o \\\"ekonomskom nacionalizamu\\\" u Ma\u0111arskoj i Poljskoj - Institut dru&scaron;tvenih znanosti Ivo Pilar\",\"isPartOf\":{\"@id\":\"https:\/\/www.vegaintro-projekti.com\/pilar-stari\/#website\"},\"datePublished\":\"2017-04-25T14:36:51+00:00\",\"dateModified\":\"2018-01-03T14:13:24+00:00\",\"author\":{\"@id\":\"https:\/\/www.vegaintro-projekti.com\/pilar-stari\/#\/schema\/person\/c0db50ebd77c4409e19b18044bbf10c1\"},\"breadcrumb\":{\"@id\":\"https:\/\/www.vegaintro-projekti.com\/pilar-stari\/2017\/04\/dr-sc-drago-cengic-o-ekonomskom-nacionalizamu-u-madarskoj-i-poljskoj\/#breadcrumb\"},\"inLanguage\":\"hr\",\"potentialAction\":[{\"@type\":\"ReadAction\",\"target\":[\"https:\/\/www.vegaintro-projekti.com\/pilar-stari\/2017\/04\/dr-sc-drago-cengic-o-ekonomskom-nacionalizamu-u-madarskoj-i-poljskoj\/\"]}]},{\"@type\":\"BreadcrumbList\",\"@id\":\"https:\/\/www.vegaintro-projekti.com\/pilar-stari\/2017\/04\/dr-sc-drago-cengic-o-ekonomskom-nacionalizamu-u-madarskoj-i-poljskoj\/#breadcrumb\",\"itemListElement\":[{\"@type\":\"ListItem\",\"position\":1,\"name\":\"Home\",\"item\":\"https:\/\/www.vegaintro-projekti.com\/pilar-stari\/\"},{\"@type\":\"ListItem\",\"position\":2,\"name\":\"Dr. sc. Drago \u010cengi\u0107 o &#8220;ekonomskom nacionalizamu&#8221; u Ma\u0111arskoj i Poljskoj\"}]},{\"@type\":\"WebSite\",\"@id\":\"https:\/\/www.vegaintro-projekti.com\/pilar-stari\/#website\",\"url\":\"https:\/\/www.vegaintro-projekti.com\/pilar-stari\/\",\"name\":\"Institut dru&scaron;tvenih znanosti Ivo Pilar\",\"description\":\"Pilar\",\"potentialAction\":[{\"@type\":\"SearchAction\",\"target\":{\"@type\":\"EntryPoint\",\"urlTemplate\":\"https:\/\/www.vegaintro-projekti.com\/pilar-stari\/?s={search_term_string}\"},\"query-input\":\"required name=search_term_string\"}],\"inLanguage\":\"hr\"},{\"@type\":\"Person\",\"@id\":\"https:\/\/www.vegaintro-projekti.com\/pilar-stari\/#\/schema\/person\/c0db50ebd77c4409e19b18044bbf10c1\",\"name\":\"pilar-admin\",\"image\":{\"@type\":\"ImageObject\",\"inLanguage\":\"hr\",\"@id\":\"https:\/\/www.vegaintro-projekti.com\/pilar-stari\/#\/schema\/person\/image\/\",\"url\":\"https:\/\/secure.gravatar.com\/avatar\/fac9e03c4db0011b9c1ad8b5e9c74b8c?s=96&d=mm&r=g\",\"contentUrl\":\"https:\/\/secure.gravatar.com\/avatar\/fac9e03c4db0011b9c1ad8b5e9c74b8c?s=96&d=mm&r=g\",\"caption\":\"pilar-admin\"},\"url\":\"https:\/\/www.vegaintro-projekti.com\/pilar-stari\/author\/pilar-admin\/\"}]}<\/script>\n<!-- \/ Yoast SEO plugin. -->","yoast_head_json":{"title":"Dr. sc. Drago \u010cengi\u0107 o \"ekonomskom nacionalizamu\" u Ma\u0111arskoj i Poljskoj - Institut dru&scaron;tvenih znanosti Ivo Pilar","robots":{"index":"noindex","follow":"follow","max-snippet":"max-snippet:-1","max-image-preview":"max-image-preview:large","max-video-preview":"max-video-preview:-1"},"og_locale":"hr_HR","og_type":"article","og_title":"Dr. sc. Drago \u010cengi\u0107 o \"ekonomskom nacionalizamu\" u Ma\u0111arskoj i Poljskoj - Institut dru&scaron;tvenih znanosti Ivo Pilar","og_description":"Portal Lider.media objavljuje 23. travnja 2017. razgovor Matilde Ba\u010deli\u0107 s dr. sc. Dragom \u010cengi\u0107em pod naslovom &#8220;Trebamo analizirati &#8216;ekonomski nacionalizam&#8217; u Ma\u0111arskoj i Poljskoj&#8221; &nbsp; &#8211; Lider.media: Drago \u010cengi\u0107: Trebamo analizirati &#8216;ekonomski nacionalizam&#8217; u Ma\u0111arskoj i Poljskoj; 23. travnja 2017. Drago \u010cengi\u0107: Trebamo analizirati &#8216;ekonomski nacionalizam&#8217; u Ma\u0111arskoj i Poljskoj Sociolog dr. sc. Drago \u010cengi\u0107&hellip; Pro\u010ditaj vi\u0161e o Dr. sc. Drago \u010cengi\u0107 o &#8220;ekonomskom nacionalizamu&#8221; u Ma\u0111arskoj i Poljskoj","og_url":"https:\/\/www.vegaintro-projekti.com\/pilar-stari\/2017\/04\/dr-sc-drago-cengic-o-ekonomskom-nacionalizamu-u-madarskoj-i-poljskoj\/","og_site_name":"Institut dru&scaron;tvenih znanosti Ivo Pilar","article_published_time":"2017-04-25T14:36:51+00:00","article_modified_time":"2018-01-03T14:13:24+00:00","author":"pilar-admin","twitter_card":"summary_large_image","twitter_misc":{"Napisao\/la":"pilar-admin","Procijenjeno vrijeme \u010ditanja":"4 minute"},"schema":{"@context":"https:\/\/schema.org","@graph":[{"@type":"WebPage","@id":"https:\/\/www.vegaintro-projekti.com\/pilar-stari\/2017\/04\/dr-sc-drago-cengic-o-ekonomskom-nacionalizamu-u-madarskoj-i-poljskoj\/","url":"https:\/\/www.vegaintro-projekti.com\/pilar-stari\/2017\/04\/dr-sc-drago-cengic-o-ekonomskom-nacionalizamu-u-madarskoj-i-poljskoj\/","name":"Dr. sc. Drago \u010cengi\u0107 o \"ekonomskom nacionalizamu\" u Ma\u0111arskoj i Poljskoj - Institut dru&scaron;tvenih znanosti Ivo Pilar","isPartOf":{"@id":"https:\/\/www.vegaintro-projekti.com\/pilar-stari\/#website"},"datePublished":"2017-04-25T14:36:51+00:00","dateModified":"2018-01-03T14:13:24+00:00","author":{"@id":"https:\/\/www.vegaintro-projekti.com\/pilar-stari\/#\/schema\/person\/c0db50ebd77c4409e19b18044bbf10c1"},"breadcrumb":{"@id":"https:\/\/www.vegaintro-projekti.com\/pilar-stari\/2017\/04\/dr-sc-drago-cengic-o-ekonomskom-nacionalizamu-u-madarskoj-i-poljskoj\/#breadcrumb"},"inLanguage":"hr","potentialAction":[{"@type":"ReadAction","target":["https:\/\/www.vegaintro-projekti.com\/pilar-stari\/2017\/04\/dr-sc-drago-cengic-o-ekonomskom-nacionalizamu-u-madarskoj-i-poljskoj\/"]}]},{"@type":"BreadcrumbList","@id":"https:\/\/www.vegaintro-projekti.com\/pilar-stari\/2017\/04\/dr-sc-drago-cengic-o-ekonomskom-nacionalizamu-u-madarskoj-i-poljskoj\/#breadcrumb","itemListElement":[{"@type":"ListItem","position":1,"name":"Home","item":"https:\/\/www.vegaintro-projekti.com\/pilar-stari\/"},{"@type":"ListItem","position":2,"name":"Dr. sc. Drago \u010cengi\u0107 o &#8220;ekonomskom nacionalizamu&#8221; u Ma\u0111arskoj i Poljskoj"}]},{"@type":"WebSite","@id":"https:\/\/www.vegaintro-projekti.com\/pilar-stari\/#website","url":"https:\/\/www.vegaintro-projekti.com\/pilar-stari\/","name":"Institut dru&scaron;tvenih znanosti Ivo Pilar","description":"Pilar","potentialAction":[{"@type":"SearchAction","target":{"@type":"EntryPoint","urlTemplate":"https:\/\/www.vegaintro-projekti.com\/pilar-stari\/?s={search_term_string}"},"query-input":"required name=search_term_string"}],"inLanguage":"hr"},{"@type":"Person","@id":"https:\/\/www.vegaintro-projekti.com\/pilar-stari\/#\/schema\/person\/c0db50ebd77c4409e19b18044bbf10c1","name":"pilar-admin","image":{"@type":"ImageObject","inLanguage":"hr","@id":"https:\/\/www.vegaintro-projekti.com\/pilar-stari\/#\/schema\/person\/image\/","url":"https:\/\/secure.gravatar.com\/avatar\/fac9e03c4db0011b9c1ad8b5e9c74b8c?s=96&d=mm&r=g","contentUrl":"https:\/\/secure.gravatar.com\/avatar\/fac9e03c4db0011b9c1ad8b5e9c74b8c?s=96&d=mm&r=g","caption":"pilar-admin"},"url":"https:\/\/www.vegaintro-projekti.com\/pilar-stari\/author\/pilar-admin\/"}]}},"_links":{"self":[{"href":"https:\/\/www.vegaintro-projekti.com\/pilar-stari\/wp-json\/wp\/v2\/posts\/3993"}],"collection":[{"href":"https:\/\/www.vegaintro-projekti.com\/pilar-stari\/wp-json\/wp\/v2\/posts"}],"about":[{"href":"https:\/\/www.vegaintro-projekti.com\/pilar-stari\/wp-json\/wp\/v2\/types\/post"}],"author":[{"embeddable":true,"href":"https:\/\/www.vegaintro-projekti.com\/pilar-stari\/wp-json\/wp\/v2\/users\/1"}],"replies":[{"embeddable":true,"href":"https:\/\/www.vegaintro-projekti.com\/pilar-stari\/wp-json\/wp\/v2\/comments?post=3993"}],"version-history":[{"count":5,"href":"https:\/\/www.vegaintro-projekti.com\/pilar-stari\/wp-json\/wp\/v2\/posts\/3993\/revisions"}],"predecessor-version":[{"id":8534,"href":"https:\/\/www.vegaintro-projekti.com\/pilar-stari\/wp-json\/wp\/v2\/posts\/3993\/revisions\/8534"}],"wp:attachment":[{"href":"https:\/\/www.vegaintro-projekti.com\/pilar-stari\/wp-json\/wp\/v2\/media?parent=3993"}],"wp:term":[{"taxonomy":"category","embeddable":true,"href":"https:\/\/www.vegaintro-projekti.com\/pilar-stari\/wp-json\/wp\/v2\/categories?post=3993"},{"taxonomy":"post_tag","embeddable":true,"href":"https:\/\/www.vegaintro-projekti.com\/pilar-stari\/wp-json\/wp\/v2\/tags?post=3993"}],"curies":[{"name":"wp","href":"https:\/\/api.w.org\/{rel}","templated":true}]}}