{"id":3995,"date":"2017-05-02T12:50:42","date_gmt":"2017-05-02T12:50:42","guid":{"rendered":"https:\/\/www.vegaintro-projekti.com\/pilar-stari\/2017\/05\/predavanje-dr-sc-drazena-zivica-demografski-razvoj-vukovara\/"},"modified":"2018-01-11T13:17:41","modified_gmt":"2018-01-11T13:17:41","slug":"predavanje-dr-sc-drazena-zivica-demografski-razvoj-vukovara","status":"publish","type":"post","link":"https:\/\/www.vegaintro-projekti.com\/pilar-stari\/2017\/05\/predavanje-dr-sc-drazena-zivica-demografski-razvoj-vukovara\/","title":{"rendered":"Predavanje dr. sc. Dra\u017eena \u017divi\u0107a: DEMOGRAFSKI RAZVOJ VUKOVARA"},"content":{"rendered":"<p><strong>Gradska knji\u017enica Vukovar i Institut dru\u0161tvenih znanosti Ivo Pilar \u2013 Podru\u010dni centar Vukovar u sklopu obilje\u017eavanja Dana grada Vukovara i ciklusnog programa Gradske knji\u017enice Vukovar: Kulturni \u010detvrtak pozivaju na predavanje&nbsp;prof. dr. sc. Dra\u017eena \u017divi\u0107a, znanstvenog savjetnika i voditelja Podru\u010dnog centra Instituta Ivo Pilar u Vukovaru:&nbsp;DEMOGRAFSKI RAZVOJ VUKOVARA \u2013 ODRAZ PRO\u0160LOSTI I POGLED U BUDU\u0106NOST. Predavanje \u0107e se odr\u017eati u Gradskoj knji\u017enici Vukovar u \u010detvrtak, 4. svibnja 2017. godine s po\u010detkom u 13 sati. &#8211; Pozivnica<\/strong><\/p>\n<p><img decoding=\"async\" loading=\"lazy\" class=\"alignnone size-full wp-image-8811\" src=\"https:\/\/www.vegaintro-projekti.com\/pilar-stari\/wp-content\/uploads\/2017\/05\/Kulturni_cetvrtak1.jpg\" alt=\"\" width=\"640\" height=\"749\" srcset=\"https:\/\/www.vegaintro-projekti.com\/pilar-stari\/wp-content\/uploads\/2017\/05\/Kulturni_cetvrtak1.jpg 640w, https:\/\/www.vegaintro-projekti.com\/pilar-stari\/wp-content\/uploads\/2017\/05\/Kulturni_cetvrtak1-256x300.jpg 256w\" sizes=\"(max-width: 640px) 100vw, 640px\" \/><\/p>\n<p>&#8211; Pozivnica za predavanje dr. sc. Dra\u017eena \u017divi\u0107a: DEMOGRAFSKI RAZVOJ VUKOVARA; Vukovar, 4. svibnja 2017.<\/p>\n<p>&gt;&gt;&gt; <a href=\"https:\/\/www.vegaintro-projekti.com\/pilar-stari\/2008\/10\/podruni-centar-vukovar\/\">PODRU\u010cNI CENTAR VUKOVAR<\/a><\/p>\n<p>&nbsp;<\/p>\n","protected":false},"excerpt":{"rendered":"<p>Gradska knji\u017enica Vukovar i Institut dru\u0161tvenih znanosti Ivo Pilar \u2013 Podru\u010dni centar Vukovar u sklopu obilje\u017eavanja Dana grada Vukovara i ciklusnog programa Gradske knji\u017enice Vukovar: Kulturni \u010detvrtak pozivaju na predavanje&nbsp;prof. dr. sc. Dra\u017eena \u017divi\u0107a, znanstvenog savjetnika i voditelja Podru\u010dnog centra Instituta Ivo Pilar u Vukovaru:&nbsp;DEMOGRAFSKI RAZVOJ VUKOVARA \u2013 ODRAZ PRO\u0160LOSTI I POGLED U BUDU\u0106NOST. Predavanje&hellip; <a class=\"continue\" href=\"https:\/\/www.vegaintro-projekti.com\/pilar-stari\/2017\/05\/predavanje-dr-sc-drazena-zivica-demografski-razvoj-vukovara\/\">Pro\u010ditaj vi\u0161e o<span> Predavanje dr. sc. Dra\u017eena \u017divi\u0107a: DEMOGRAFSKI RAZVOJ VUKOVARA<\/span><\/a><\/p>\n","protected":false},"author":1,"featured_media":0,"comment_status":"open","ping_status":"open","sticky":false,"template":"","format":"standard","meta":{"inline_featured_image":false,"ngg_post_thumbnail":0,"footnotes":""},"categories":[11],"tags":[],"yoast_head":"<!-- This site is optimized with the Yoast SEO plugin v21.2 - https:\/\/yoast.com\/wordpress\/plugins\/seo\/ -->\n<title>Predavanje dr. sc. Dra\u017eena \u017divi\u0107a: DEMOGRAFSKI RAZVOJ VUKOVARA - Institut dru&scaron;tvenih znanosti Ivo Pilar<\/title>\n<meta name=\"robots\" content=\"noindex, follow, max-snippet:-1, max-image-preview:large, max-video-preview:-1\" \/>\n<meta property=\"og:locale\" content=\"hr_HR\" \/>\n<meta property=\"og:type\" content=\"article\" \/>\n<meta property=\"og:title\" content=\"Predavanje dr. sc. Dra\u017eena \u017divi\u0107a: DEMOGRAFSKI RAZVOJ VUKOVARA - Institut dru&scaron;tvenih znanosti Ivo Pilar\" \/>\n<meta property=\"og:description\" content=\"Gradska knji\u017enica Vukovar i Institut dru\u0161tvenih znanosti Ivo Pilar \u2013 Podru\u010dni centar Vukovar u sklopu obilje\u017eavanja Dana grada Vukovara i ciklusnog programa Gradske knji\u017enice Vukovar: Kulturni \u010detvrtak pozivaju na predavanje&nbsp;prof. dr. sc. Dra\u017eena \u017divi\u0107a, znanstvenog savjetnika i voditelja Podru\u010dnog centra Instituta Ivo Pilar u Vukovaru:&nbsp;DEMOGRAFSKI RAZVOJ VUKOVARA \u2013 ODRAZ PRO\u0160LOSTI I POGLED U BUDU\u0106NOST. Predavanje&hellip; Pro\u010ditaj vi\u0161e o Predavanje dr. sc. Dra\u017eena \u017divi\u0107a: DEMOGRAFSKI RAZVOJ VUKOVARA\" \/>\n<meta property=\"og:url\" content=\"https:\/\/www.vegaintro-projekti.com\/pilar-stari\/2017\/05\/predavanje-dr-sc-drazena-zivica-demografski-razvoj-vukovara\/\" \/>\n<meta property=\"og:site_name\" content=\"Institut dru&scaron;tvenih znanosti Ivo Pilar\" \/>\n<meta property=\"article:published_time\" content=\"2017-05-02T12:50:42+00:00\" \/>\n<meta property=\"article:modified_time\" content=\"2018-01-11T13:17:41+00:00\" \/>\n<meta property=\"og:image\" content=\"https:\/\/www.vegaintro-projekti.com\/pilar-stari\/wp-content\/uploads\/2017\/05\/Kulturni_cetvrtak1.jpg\" \/>\n<meta name=\"author\" content=\"pilar-admin\" \/>\n<meta name=\"twitter:card\" content=\"summary_large_image\" \/>\n<meta name=\"twitter:label1\" content=\"Napisao\/la\" \/>\n\t<meta name=\"twitter:data1\" content=\"pilar-admin\" \/>\n\t<meta name=\"twitter:label2\" content=\"Procijenjeno vrijeme \u010ditanja\" \/>\n\t<meta name=\"twitter:data2\" content=\"1 minuta\" \/>\n<script type=\"application\/ld+json\" class=\"yoast-schema-graph\">{\"@context\":\"https:\/\/schema.org\",\"@graph\":[{\"@type\":\"WebPage\",\"@id\":\"https:\/\/www.vegaintro-projekti.com\/pilar-stari\/2017\/05\/predavanje-dr-sc-drazena-zivica-demografski-razvoj-vukovara\/\",\"url\":\"https:\/\/www.vegaintro-projekti.com\/pilar-stari\/2017\/05\/predavanje-dr-sc-drazena-zivica-demografski-razvoj-vukovara\/\",\"name\":\"Predavanje dr. sc. Dra\u017eena \u017divi\u0107a: DEMOGRAFSKI RAZVOJ VUKOVARA - Institut dru&scaron;tvenih znanosti Ivo Pilar\",\"isPartOf\":{\"@id\":\"https:\/\/www.vegaintro-projekti.com\/pilar-stari\/#website\"},\"datePublished\":\"2017-05-02T12:50:42+00:00\",\"dateModified\":\"2018-01-11T13:17:41+00:00\",\"author\":{\"@id\":\"https:\/\/www.vegaintro-projekti.com\/pilar-stari\/#\/schema\/person\/c0db50ebd77c4409e19b18044bbf10c1\"},\"breadcrumb\":{\"@id\":\"https:\/\/www.vegaintro-projekti.com\/pilar-stari\/2017\/05\/predavanje-dr-sc-drazena-zivica-demografski-razvoj-vukovara\/#breadcrumb\"},\"inLanguage\":\"hr\",\"potentialAction\":[{\"@type\":\"ReadAction\",\"target\":[\"https:\/\/www.vegaintro-projekti.com\/pilar-stari\/2017\/05\/predavanje-dr-sc-drazena-zivica-demografski-razvoj-vukovara\/\"]}]},{\"@type\":\"BreadcrumbList\",\"@id\":\"https:\/\/www.vegaintro-projekti.com\/pilar-stari\/2017\/05\/predavanje-dr-sc-drazena-zivica-demografski-razvoj-vukovara\/#breadcrumb\",\"itemListElement\":[{\"@type\":\"ListItem\",\"position\":1,\"name\":\"Home\",\"item\":\"https:\/\/www.vegaintro-projekti.com\/pilar-stari\/\"},{\"@type\":\"ListItem\",\"position\":2,\"name\":\"Predavanje dr. sc. Dra\u017eena \u017divi\u0107a: DEMOGRAFSKI RAZVOJ VUKOVARA\"}]},{\"@type\":\"WebSite\",\"@id\":\"https:\/\/www.vegaintro-projekti.com\/pilar-stari\/#website\",\"url\":\"https:\/\/www.vegaintro-projekti.com\/pilar-stari\/\",\"name\":\"Institut dru&scaron;tvenih znanosti Ivo Pilar\",\"description\":\"Pilar\",\"potentialAction\":[{\"@type\":\"SearchAction\",\"target\":{\"@type\":\"EntryPoint\",\"urlTemplate\":\"https:\/\/www.vegaintro-projekti.com\/pilar-stari\/?s={search_term_string}\"},\"query-input\":\"required name=search_term_string\"}],\"inLanguage\":\"hr\"},{\"@type\":\"Person\",\"@id\":\"https:\/\/www.vegaintro-projekti.com\/pilar-stari\/#\/schema\/person\/c0db50ebd77c4409e19b18044bbf10c1\",\"name\":\"pilar-admin\",\"image\":{\"@type\":\"ImageObject\",\"inLanguage\":\"hr\",\"@id\":\"https:\/\/www.vegaintro-projekti.com\/pilar-stari\/#\/schema\/person\/image\/\",\"url\":\"https:\/\/secure.gravatar.com\/avatar\/fac9e03c4db0011b9c1ad8b5e9c74b8c?s=96&d=mm&r=g\",\"contentUrl\":\"https:\/\/secure.gravatar.com\/avatar\/fac9e03c4db0011b9c1ad8b5e9c74b8c?s=96&d=mm&r=g\",\"caption\":\"pilar-admin\"},\"url\":\"https:\/\/www.vegaintro-projekti.com\/pilar-stari\/author\/pilar-admin\/\"}]}<\/script>\n<!-- \/ Yoast SEO plugin. -->","yoast_head_json":{"title":"Predavanje dr. sc. Dra\u017eena \u017divi\u0107a: DEMOGRAFSKI RAZVOJ VUKOVARA - Institut dru&scaron;tvenih znanosti Ivo Pilar","robots":{"index":"noindex","follow":"follow","max-snippet":"max-snippet:-1","max-image-preview":"max-image-preview:large","max-video-preview":"max-video-preview:-1"},"og_locale":"hr_HR","og_type":"article","og_title":"Predavanje dr. sc. Dra\u017eena \u017divi\u0107a: DEMOGRAFSKI RAZVOJ VUKOVARA - Institut dru&scaron;tvenih znanosti Ivo Pilar","og_description":"Gradska knji\u017enica Vukovar i Institut dru\u0161tvenih znanosti Ivo Pilar \u2013 Podru\u010dni centar Vukovar u sklopu obilje\u017eavanja Dana grada Vukovara i ciklusnog programa Gradske knji\u017enice Vukovar: Kulturni \u010detvrtak pozivaju na predavanje&nbsp;prof. dr. sc. Dra\u017eena \u017divi\u0107a, znanstvenog savjetnika i voditelja Podru\u010dnog centra Instituta Ivo Pilar u Vukovaru:&nbsp;DEMOGRAFSKI RAZVOJ VUKOVARA \u2013 ODRAZ PRO\u0160LOSTI I POGLED U BUDU\u0106NOST. Predavanje&hellip; Pro\u010ditaj vi\u0161e o Predavanje dr. sc. Dra\u017eena \u017divi\u0107a: DEMOGRAFSKI RAZVOJ VUKOVARA","og_url":"https:\/\/www.vegaintro-projekti.com\/pilar-stari\/2017\/05\/predavanje-dr-sc-drazena-zivica-demografski-razvoj-vukovara\/","og_site_name":"Institut dru&scaron;tvenih znanosti Ivo Pilar","article_published_time":"2017-05-02T12:50:42+00:00","article_modified_time":"2018-01-11T13:17:41+00:00","og_image":[{"url":"https:\/\/www.vegaintro-projekti.com\/pilar-stari\/wp-content\/uploads\/2017\/05\/Kulturni_cetvrtak1.jpg"}],"author":"pilar-admin","twitter_card":"summary_large_image","twitter_misc":{"Napisao\/la":"pilar-admin","Procijenjeno vrijeme \u010ditanja":"1 minuta"},"schema":{"@context":"https:\/\/schema.org","@graph":[{"@type":"WebPage","@id":"https:\/\/www.vegaintro-projekti.com\/pilar-stari\/2017\/05\/predavanje-dr-sc-drazena-zivica-demografski-razvoj-vukovara\/","url":"https:\/\/www.vegaintro-projekti.com\/pilar-stari\/2017\/05\/predavanje-dr-sc-drazena-zivica-demografski-razvoj-vukovara\/","name":"Predavanje dr. sc. Dra\u017eena \u017divi\u0107a: DEMOGRAFSKI RAZVOJ VUKOVARA - Institut dru&scaron;tvenih znanosti Ivo Pilar","isPartOf":{"@id":"https:\/\/www.vegaintro-projekti.com\/pilar-stari\/#website"},"datePublished":"2017-05-02T12:50:42+00:00","dateModified":"2018-01-11T13:17:41+00:00","author":{"@id":"https:\/\/www.vegaintro-projekti.com\/pilar-stari\/#\/schema\/person\/c0db50ebd77c4409e19b18044bbf10c1"},"breadcrumb":{"@id":"https:\/\/www.vegaintro-projekti.com\/pilar-stari\/2017\/05\/predavanje-dr-sc-drazena-zivica-demografski-razvoj-vukovara\/#breadcrumb"},"inLanguage":"hr","potentialAction":[{"@type":"ReadAction","target":["https:\/\/www.vegaintro-projekti.com\/pilar-stari\/2017\/05\/predavanje-dr-sc-drazena-zivica-demografski-razvoj-vukovara\/"]}]},{"@type":"BreadcrumbList","@id":"https:\/\/www.vegaintro-projekti.com\/pilar-stari\/2017\/05\/predavanje-dr-sc-drazena-zivica-demografski-razvoj-vukovara\/#breadcrumb","itemListElement":[{"@type":"ListItem","position":1,"name":"Home","item":"https:\/\/www.vegaintro-projekti.com\/pilar-stari\/"},{"@type":"ListItem","position":2,"name":"Predavanje dr. sc. Dra\u017eena \u017divi\u0107a: DEMOGRAFSKI RAZVOJ VUKOVARA"}]},{"@type":"WebSite","@id":"https:\/\/www.vegaintro-projekti.com\/pilar-stari\/#website","url":"https:\/\/www.vegaintro-projekti.com\/pilar-stari\/","name":"Institut dru&scaron;tvenih znanosti Ivo Pilar","description":"Pilar","potentialAction":[{"@type":"SearchAction","target":{"@type":"EntryPoint","urlTemplate":"https:\/\/www.vegaintro-projekti.com\/pilar-stari\/?s={search_term_string}"},"query-input":"required name=search_term_string"}],"inLanguage":"hr"},{"@type":"Person","@id":"https:\/\/www.vegaintro-projekti.com\/pilar-stari\/#\/schema\/person\/c0db50ebd77c4409e19b18044bbf10c1","name":"pilar-admin","image":{"@type":"ImageObject","inLanguage":"hr","@id":"https:\/\/www.vegaintro-projekti.com\/pilar-stari\/#\/schema\/person\/image\/","url":"https:\/\/secure.gravatar.com\/avatar\/fac9e03c4db0011b9c1ad8b5e9c74b8c?s=96&d=mm&r=g","contentUrl":"https:\/\/secure.gravatar.com\/avatar\/fac9e03c4db0011b9c1ad8b5e9c74b8c?s=96&d=mm&r=g","caption":"pilar-admin"},"url":"https:\/\/www.vegaintro-projekti.com\/pilar-stari\/author\/pilar-admin\/"}]}},"_links":{"self":[{"href":"https:\/\/www.vegaintro-projekti.com\/pilar-stari\/wp-json\/wp\/v2\/posts\/3995"}],"collection":[{"href":"https:\/\/www.vegaintro-projekti.com\/pilar-stari\/wp-json\/wp\/v2\/posts"}],"about":[{"href":"https:\/\/www.vegaintro-projekti.com\/pilar-stari\/wp-json\/wp\/v2\/types\/post"}],"author":[{"embeddable":true,"href":"https:\/\/www.vegaintro-projekti.com\/pilar-stari\/wp-json\/wp\/v2\/users\/1"}],"replies":[{"embeddable":true,"href":"https:\/\/www.vegaintro-projekti.com\/pilar-stari\/wp-json\/wp\/v2\/comments?post=3995"}],"version-history":[{"count":6,"href":"https:\/\/www.vegaintro-projekti.com\/pilar-stari\/wp-json\/wp\/v2\/posts\/3995\/revisions"}],"predecessor-version":[{"id":8812,"href":"https:\/\/www.vegaintro-projekti.com\/pilar-stari\/wp-json\/wp\/v2\/posts\/3995\/revisions\/8812"}],"wp:attachment":[{"href":"https:\/\/www.vegaintro-projekti.com\/pilar-stari\/wp-json\/wp\/v2\/media?parent=3995"}],"wp:term":[{"taxonomy":"category","embeddable":true,"href":"https:\/\/www.vegaintro-projekti.com\/pilar-stari\/wp-json\/wp\/v2\/categories?post=3995"},{"taxonomy":"post_tag","embeddable":true,"href":"https:\/\/www.vegaintro-projekti.com\/pilar-stari\/wp-json\/wp\/v2\/tags?post=3995"}],"curies":[{"name":"wp","href":"https:\/\/api.w.org\/{rel}","templated":true}]}}