{"id":4078,"date":"2017-05-26T14:15:02","date_gmt":"2017-05-26T14:15:02","guid":{"rendered":"https:\/\/www.vegaintro-projekti.com\/pilar-stari\/2017\/05\/arnaldo-nesti-okrugli-stol-moje-dvadeseto-stoljece-pasije\/"},"modified":"2017-05-26T14:15:02","modified_gmt":"2017-05-26T14:15:02","slug":"arnaldo-nesti-okrugli-stol-moje-dvadeseto-stoljece-pasije","status":"publish","type":"post","link":"https:\/\/www.vegaintro-projekti.com\/pilar-stari\/2017\/05\/arnaldo-nesti-okrugli-stol-moje-dvadeseto-stoljece-pasije\/","title":{"rendered":"ARNALDO NESTI: Okrugli stol: Moje dvadeseto stolje\u0107e. Pasije"},"content":{"rendered":"<p><strong>U \u010detvrtak 18. svibnja 2017. u Institutu dru\u0161tvenih znanosti Ivo Pilar u Zagrebu odr\u017ean je okrugli stol na kojemu je sudjelovao poznati talijanski sociolog, fenomenolog religije profesor Arnaldo Nesti. Tema okruglog stola bila je njegova knjiga <em>Moje dvadeseto stolje\u0107e. Pasije. Unutar i izvan katoli\u010dkog svijeta<\/em> (Il mio novecento. Passioni. Dentro e fuori il mondo cattolico)<\/strong><\/p>\n<table border=\"0\">\n<tbody>\n<tr>\n<td><a href=\"https:\/\/www.vegaintro-projekti.com\/pilar-stari\/wp-content\/uploads\/2017\/05\/Nesti_1.jpg\"><img decoding=\"async\" loading=\"lazy\" class=\" size-full wp-image-4070\" src=\"https:\/\/www.vegaintro-projekti.com\/pilar-stari\/wp-content\/uploads\/2017\/05\/Nesti_1_s.jpg\" alt=\"Nesti 1 s\" width=\"212\" height=\"119\" \/><\/a><\/td>\n<td><a href=\"https:\/\/www.vegaintro-projekti.com\/pilar-stari\/wp-content\/uploads\/2017\/05\/Nesti_2.jpg\"><img decoding=\"async\" loading=\"lazy\" class=\" size-full wp-image-4073\" src=\"https:\/\/www.vegaintro-projekti.com\/pilar-stari\/wp-content\/uploads\/2017\/05\/Nesti_2_s.jpg\" alt=\"Nesti 2 s\" width=\"212\" height=\"119\" \/><\/a><\/td>\n<td><a href=\"https:\/\/www.vegaintro-projekti.com\/pilar-stari\/wp-content\/uploads\/2017\/05\/Nesti_3.jpg\"><img decoding=\"async\" loading=\"lazy\" class=\" size-full wp-image-4075\" src=\"https:\/\/www.vegaintro-projekti.com\/pilar-stari\/wp-content\/uploads\/2017\/05\/Nesti_3_s.jpg\" alt=\"Nesti 3 s\" width=\"212\" height=\"119\" \/><\/a><\/td>\n<\/tr>\n<\/tbody>\n<\/table>\n<table style=\"height: 270px; width: 653px;\" border=\"0\">\n<tbody>\n<tr>\n<td><a href=\"https:\/\/www.vegaintro-projekti.com\/pilar-stari\/wp-content\/uploads\/2017\/05\/Nesti_0.jpg\"><img decoding=\"async\" loading=\"lazy\" class=\" size-full wp-image-4077\" src=\"https:\/\/www.vegaintro-projekti.com\/pilar-stari\/wp-content\/uploads\/2017\/05\/Nesti_0_s.jpg\" alt=\"Nesti 0 s\" width=\"640\" height=\"257\" srcset=\"https:\/\/www.vegaintro-projekti.com\/pilar-stari\/wp-content\/uploads\/2017\/05\/Nesti_0_s.jpg 640w, https:\/\/www.vegaintro-projekti.com\/pilar-stari\/wp-content\/uploads\/2017\/05\/Nesti_0_s-300x120.jpg 300w\" sizes=\"(max-width: 640px) 100vw, 640px\" \/><\/a><\/td>\n<\/tr>\n<\/tbody>\n<\/table>\n<p><strong><span style=\"font-size: 8pt;\">Okrugli stol: ARNALDO NESTI: Moje dvadeseto stolje\u0107e. Pasije. Unutar i izvan katoli\u010dkog svijeta; Zagreb, 18. svibnja 2017.<\/span><\/strong><\/p>\n<p>Nsa okuglom stolu sudjelovali su dr. sc. Jasna \u0106urkovi\u0107 Nimac i izv. prof. dr. sc. Jerko Valkovi\u0107 s Hrvatskoga katoli\u010dkog sveu\u010dili\u0161ta u Zagrebu, izv. prof. dr. sc. Danijel Laba\u0161 s Hrvatskih studija Sveu\u010dili\u0161ta Zagreb, dr. sc. Ivana \u017debec \u0160ilj i dr. sc. Vine Mihaljevi\u0107 iz Instituta Pilar. Nazo\u010dne na okruglom stolu pozdravio je ravnatelj Instituta Pilar prof. dr. sc. Vlado \u0160aki\u0107 koji je za\u017eelio dobrodo\u0161licu prof. Nestiju, pozdravio sudionike te kratko predstavio djelovanje i projekte Instituta.&nbsp;<\/p>\n<p>Profesor Nesti je istaknuo kako se posebno zanimao za dru\u0161tveni kontekst religije, za kulturu te za povijest. Predavao je 30 godina sociologiju na Sveu\u010dili\u0161tu u Firenci, a posebice se posvetio znanstvenom istra\u017eivanju religije i njenim obilje\u017ejima te njenom individualnom i dru\u0161tvenom zna\u010denju. Provodio je istra\u017eivanja u Centru za dru\u0161tvene studije (Centro di Studi Sociali) u Pistoi koji je obilje\u017eavao katoli\u010dki integralizam. Zatim je djelovao u Dru\u0161tvu talijanskih kr\u0161\u0107anskih radnika (Associazioni Cristiane Lavoratori Italiani \u2013 ACLI) te je bio aktivan u me\u0111unarodnom \u010dasopisu Idoc (Information and Documentation on the Church (post-Council). Osim autorstva brojnih knjiga o odnosu pojedinca, dru\u0161tva i religije, utemeljio je znanstveni \u010dasopis za dru\u0161tvene znanosti u Firenci Religioni e societ\u00e0, Dru\u0161tvo za studij religijskog fenomena te International Summer School u dvorcu di Passignano u toskanskom Chantiju koja danas djeluje u San Gimignanu. <br \/>Nakon dugog znanstvenog iskustva u prou\u010davanju religije i religijskih oblika, odnosa religije i sekularizacije, moderne i postmoderne, odnosa religije i suvremenog tehnolo\u0161kog digitalnog svijeta, dru\u0161tvenih mre\u017ea profesor Nesti isti\u010de kako uop\u0107e nije mogu\u0107e smisleno govoriti o ljudskom \u017eivotu bez religije, a da je drugo pitanje kako se ta religija imenuje.<\/p>\n<p><\/p>\n","protected":false},"excerpt":{"rendered":"<p>U \u010detvrtak 18. svibnja 2017. u Institutu dru\u0161tvenih znanosti Ivo Pilar u Zagrebu odr\u017ean je okrugli stol na kojemu je sudjelovao poznati talijanski sociolog, fenomenolog religije profesor Arnaldo Nesti. Tema okruglog stola bila je njegova knjiga Moje dvadeseto stolje\u0107e. Pasije. Unutar i izvan katoli\u010dkog svijeta (Il mio novecento. Passioni. Dentro e fuori il mondo cattolico)&hellip; <a class=\"continue\" href=\"https:\/\/www.vegaintro-projekti.com\/pilar-stari\/2017\/05\/arnaldo-nesti-okrugli-stol-moje-dvadeseto-stoljece-pasije\/\">Pro\u010ditaj vi\u0161e o<span> ARNALDO NESTI: Okrugli stol: Moje dvadeseto stolje\u0107e. Pasije<\/span><\/a><\/p>\n","protected":false},"author":1,"featured_media":4070,"comment_status":"open","ping_status":"open","sticky":false,"template":"","format":"standard","meta":{"inline_featured_image":false,"ngg_post_thumbnail":0,"footnotes":""},"categories":[11],"tags":[],"yoast_head":"<!-- This site is optimized with the Yoast SEO plugin v21.2 - https:\/\/yoast.com\/wordpress\/plugins\/seo\/ -->\n<title>ARNALDO NESTI: Okrugli stol: Moje dvadeseto stolje\u0107e. Pasije - Institut dru&scaron;tvenih znanosti Ivo Pilar<\/title>\n<meta name=\"robots\" content=\"noindex, follow, max-snippet:-1, max-image-preview:large, max-video-preview:-1\" \/>\n<meta property=\"og:locale\" content=\"hr_HR\" \/>\n<meta property=\"og:type\" content=\"article\" \/>\n<meta property=\"og:title\" content=\"ARNALDO NESTI: Okrugli stol: Moje dvadeseto stolje\u0107e. Pasije - Institut dru&scaron;tvenih znanosti Ivo Pilar\" \/>\n<meta property=\"og:description\" content=\"U \u010detvrtak 18. svibnja 2017. u Institutu dru\u0161tvenih znanosti Ivo Pilar u Zagrebu odr\u017ean je okrugli stol na kojemu je sudjelovao poznati talijanski sociolog, fenomenolog religije profesor Arnaldo Nesti. Tema okruglog stola bila je njegova knjiga Moje dvadeseto stolje\u0107e. Pasije. Unutar i izvan katoli\u010dkog svijeta (Il mio novecento. Passioni. Dentro e fuori il mondo cattolico)&hellip; Pro\u010ditaj vi\u0161e o ARNALDO NESTI: Okrugli stol: Moje dvadeseto stolje\u0107e. Pasije\" \/>\n<meta property=\"og:url\" content=\"https:\/\/www.vegaintro-projekti.com\/pilar-stari\/2017\/05\/arnaldo-nesti-okrugli-stol-moje-dvadeseto-stoljece-pasije\/\" \/>\n<meta property=\"og:site_name\" content=\"Institut dru&scaron;tvenih znanosti Ivo Pilar\" \/>\n<meta property=\"article:published_time\" content=\"2017-05-26T14:15:02+00:00\" \/>\n<meta property=\"og:image\" content=\"https:\/\/www.vegaintro-projekti.com\/pilar-stari\/wp-content\/uploads\/2017\/05\/Nesti_1_s.jpg\" \/>\n\t<meta property=\"og:image:width\" content=\"212\" \/>\n\t<meta property=\"og:image:height\" content=\"119\" \/>\n\t<meta property=\"og:image:type\" content=\"image\/jpeg\" \/>\n<meta name=\"author\" content=\"pilar-admin\" \/>\n<meta name=\"twitter:card\" content=\"summary_large_image\" \/>\n<meta name=\"twitter:label1\" content=\"Napisao\/la\" \/>\n\t<meta name=\"twitter:data1\" content=\"pilar-admin\" \/>\n\t<meta name=\"twitter:label2\" content=\"Procijenjeno vrijeme \u010ditanja\" \/>\n\t<meta name=\"twitter:data2\" content=\"2 minute\" \/>\n<script type=\"application\/ld+json\" class=\"yoast-schema-graph\">{\"@context\":\"https:\/\/schema.org\",\"@graph\":[{\"@type\":\"WebPage\",\"@id\":\"https:\/\/www.vegaintro-projekti.com\/pilar-stari\/2017\/05\/arnaldo-nesti-okrugli-stol-moje-dvadeseto-stoljece-pasije\/\",\"url\":\"https:\/\/www.vegaintro-projekti.com\/pilar-stari\/2017\/05\/arnaldo-nesti-okrugli-stol-moje-dvadeseto-stoljece-pasije\/\",\"name\":\"ARNALDO NESTI: Okrugli stol: Moje dvadeseto stolje\u0107e. Pasije - Institut dru&scaron;tvenih znanosti Ivo Pilar\",\"isPartOf\":{\"@id\":\"https:\/\/www.vegaintro-projekti.com\/pilar-stari\/#website\"},\"datePublished\":\"2017-05-26T14:15:02+00:00\",\"dateModified\":\"2017-05-26T14:15:02+00:00\",\"author\":{\"@id\":\"https:\/\/www.vegaintro-projekti.com\/pilar-stari\/#\/schema\/person\/c0db50ebd77c4409e19b18044bbf10c1\"},\"breadcrumb\":{\"@id\":\"https:\/\/www.vegaintro-projekti.com\/pilar-stari\/2017\/05\/arnaldo-nesti-okrugli-stol-moje-dvadeseto-stoljece-pasije\/#breadcrumb\"},\"inLanguage\":\"hr\",\"potentialAction\":[{\"@type\":\"ReadAction\",\"target\":[\"https:\/\/www.vegaintro-projekti.com\/pilar-stari\/2017\/05\/arnaldo-nesti-okrugli-stol-moje-dvadeseto-stoljece-pasije\/\"]}]},{\"@type\":\"BreadcrumbList\",\"@id\":\"https:\/\/www.vegaintro-projekti.com\/pilar-stari\/2017\/05\/arnaldo-nesti-okrugli-stol-moje-dvadeseto-stoljece-pasije\/#breadcrumb\",\"itemListElement\":[{\"@type\":\"ListItem\",\"position\":1,\"name\":\"Home\",\"item\":\"https:\/\/www.vegaintro-projekti.com\/pilar-stari\/\"},{\"@type\":\"ListItem\",\"position\":2,\"name\":\"ARNALDO NESTI: Okrugli stol: Moje dvadeseto stolje\u0107e. Pasije\"}]},{\"@type\":\"WebSite\",\"@id\":\"https:\/\/www.vegaintro-projekti.com\/pilar-stari\/#website\",\"url\":\"https:\/\/www.vegaintro-projekti.com\/pilar-stari\/\",\"name\":\"Institut dru&scaron;tvenih znanosti Ivo Pilar\",\"description\":\"Pilar\",\"potentialAction\":[{\"@type\":\"SearchAction\",\"target\":{\"@type\":\"EntryPoint\",\"urlTemplate\":\"https:\/\/www.vegaintro-projekti.com\/pilar-stari\/?s={search_term_string}\"},\"query-input\":\"required name=search_term_string\"}],\"inLanguage\":\"hr\"},{\"@type\":\"Person\",\"@id\":\"https:\/\/www.vegaintro-projekti.com\/pilar-stari\/#\/schema\/person\/c0db50ebd77c4409e19b18044bbf10c1\",\"name\":\"pilar-admin\",\"image\":{\"@type\":\"ImageObject\",\"inLanguage\":\"hr\",\"@id\":\"https:\/\/www.vegaintro-projekti.com\/pilar-stari\/#\/schema\/person\/image\/\",\"url\":\"https:\/\/secure.gravatar.com\/avatar\/fac9e03c4db0011b9c1ad8b5e9c74b8c?s=96&d=mm&r=g\",\"contentUrl\":\"https:\/\/secure.gravatar.com\/avatar\/fac9e03c4db0011b9c1ad8b5e9c74b8c?s=96&d=mm&r=g\",\"caption\":\"pilar-admin\"},\"url\":\"https:\/\/www.vegaintro-projekti.com\/pilar-stari\/author\/pilar-admin\/\"}]}<\/script>\n<!-- \/ Yoast SEO plugin. -->","yoast_head_json":{"title":"ARNALDO NESTI: Okrugli stol: Moje dvadeseto stolje\u0107e. Pasije - Institut dru&scaron;tvenih znanosti Ivo Pilar","robots":{"index":"noindex","follow":"follow","max-snippet":"max-snippet:-1","max-image-preview":"max-image-preview:large","max-video-preview":"max-video-preview:-1"},"og_locale":"hr_HR","og_type":"article","og_title":"ARNALDO NESTI: Okrugli stol: Moje dvadeseto stolje\u0107e. Pasije - Institut dru&scaron;tvenih znanosti Ivo Pilar","og_description":"U \u010detvrtak 18. svibnja 2017. u Institutu dru\u0161tvenih znanosti Ivo Pilar u Zagrebu odr\u017ean je okrugli stol na kojemu je sudjelovao poznati talijanski sociolog, fenomenolog religije profesor Arnaldo Nesti. Tema okruglog stola bila je njegova knjiga Moje dvadeseto stolje\u0107e. Pasije. Unutar i izvan katoli\u010dkog svijeta (Il mio novecento. Passioni. Dentro e fuori il mondo cattolico)&hellip; Pro\u010ditaj vi\u0161e o ARNALDO NESTI: Okrugli stol: Moje dvadeseto stolje\u0107e. Pasije","og_url":"https:\/\/www.vegaintro-projekti.com\/pilar-stari\/2017\/05\/arnaldo-nesti-okrugli-stol-moje-dvadeseto-stoljece-pasije\/","og_site_name":"Institut dru&scaron;tvenih znanosti Ivo Pilar","article_published_time":"2017-05-26T14:15:02+00:00","og_image":[{"width":212,"height":119,"url":"https:\/\/www.vegaintro-projekti.com\/pilar-stari\/wp-content\/uploads\/2017\/05\/Nesti_1_s.jpg","type":"image\/jpeg"}],"author":"pilar-admin","twitter_card":"summary_large_image","twitter_misc":{"Napisao\/la":"pilar-admin","Procijenjeno vrijeme \u010ditanja":"2 minute"},"schema":{"@context":"https:\/\/schema.org","@graph":[{"@type":"WebPage","@id":"https:\/\/www.vegaintro-projekti.com\/pilar-stari\/2017\/05\/arnaldo-nesti-okrugli-stol-moje-dvadeseto-stoljece-pasije\/","url":"https:\/\/www.vegaintro-projekti.com\/pilar-stari\/2017\/05\/arnaldo-nesti-okrugli-stol-moje-dvadeseto-stoljece-pasije\/","name":"ARNALDO NESTI: Okrugli stol: Moje dvadeseto stolje\u0107e. Pasije - Institut dru&scaron;tvenih znanosti Ivo Pilar","isPartOf":{"@id":"https:\/\/www.vegaintro-projekti.com\/pilar-stari\/#website"},"datePublished":"2017-05-26T14:15:02+00:00","dateModified":"2017-05-26T14:15:02+00:00","author":{"@id":"https:\/\/www.vegaintro-projekti.com\/pilar-stari\/#\/schema\/person\/c0db50ebd77c4409e19b18044bbf10c1"},"breadcrumb":{"@id":"https:\/\/www.vegaintro-projekti.com\/pilar-stari\/2017\/05\/arnaldo-nesti-okrugli-stol-moje-dvadeseto-stoljece-pasije\/#breadcrumb"},"inLanguage":"hr","potentialAction":[{"@type":"ReadAction","target":["https:\/\/www.vegaintro-projekti.com\/pilar-stari\/2017\/05\/arnaldo-nesti-okrugli-stol-moje-dvadeseto-stoljece-pasije\/"]}]},{"@type":"BreadcrumbList","@id":"https:\/\/www.vegaintro-projekti.com\/pilar-stari\/2017\/05\/arnaldo-nesti-okrugli-stol-moje-dvadeseto-stoljece-pasije\/#breadcrumb","itemListElement":[{"@type":"ListItem","position":1,"name":"Home","item":"https:\/\/www.vegaintro-projekti.com\/pilar-stari\/"},{"@type":"ListItem","position":2,"name":"ARNALDO NESTI: Okrugli stol: Moje dvadeseto stolje\u0107e. Pasije"}]},{"@type":"WebSite","@id":"https:\/\/www.vegaintro-projekti.com\/pilar-stari\/#website","url":"https:\/\/www.vegaintro-projekti.com\/pilar-stari\/","name":"Institut dru&scaron;tvenih znanosti Ivo Pilar","description":"Pilar","potentialAction":[{"@type":"SearchAction","target":{"@type":"EntryPoint","urlTemplate":"https:\/\/www.vegaintro-projekti.com\/pilar-stari\/?s={search_term_string}"},"query-input":"required name=search_term_string"}],"inLanguage":"hr"},{"@type":"Person","@id":"https:\/\/www.vegaintro-projekti.com\/pilar-stari\/#\/schema\/person\/c0db50ebd77c4409e19b18044bbf10c1","name":"pilar-admin","image":{"@type":"ImageObject","inLanguage":"hr","@id":"https:\/\/www.vegaintro-projekti.com\/pilar-stari\/#\/schema\/person\/image\/","url":"https:\/\/secure.gravatar.com\/avatar\/fac9e03c4db0011b9c1ad8b5e9c74b8c?s=96&d=mm&r=g","contentUrl":"https:\/\/secure.gravatar.com\/avatar\/fac9e03c4db0011b9c1ad8b5e9c74b8c?s=96&d=mm&r=g","caption":"pilar-admin"},"url":"https:\/\/www.vegaintro-projekti.com\/pilar-stari\/author\/pilar-admin\/"}]}},"_links":{"self":[{"href":"https:\/\/www.vegaintro-projekti.com\/pilar-stari\/wp-json\/wp\/v2\/posts\/4078"}],"collection":[{"href":"https:\/\/www.vegaintro-projekti.com\/pilar-stari\/wp-json\/wp\/v2\/posts"}],"about":[{"href":"https:\/\/www.vegaintro-projekti.com\/pilar-stari\/wp-json\/wp\/v2\/types\/post"}],"author":[{"embeddable":true,"href":"https:\/\/www.vegaintro-projekti.com\/pilar-stari\/wp-json\/wp\/v2\/users\/1"}],"replies":[{"embeddable":true,"href":"https:\/\/www.vegaintro-projekti.com\/pilar-stari\/wp-json\/wp\/v2\/comments?post=4078"}],"version-history":[{"count":0,"href":"https:\/\/www.vegaintro-projekti.com\/pilar-stari\/wp-json\/wp\/v2\/posts\/4078\/revisions"}],"wp:featuredmedia":[{"embeddable":true,"href":"https:\/\/www.vegaintro-projekti.com\/pilar-stari\/wp-json\/wp\/v2\/media\/4070"}],"wp:attachment":[{"href":"https:\/\/www.vegaintro-projekti.com\/pilar-stari\/wp-json\/wp\/v2\/media?parent=4078"}],"wp:term":[{"taxonomy":"category","embeddable":true,"href":"https:\/\/www.vegaintro-projekti.com\/pilar-stari\/wp-json\/wp\/v2\/categories?post=4078"},{"taxonomy":"post_tag","embeddable":true,"href":"https:\/\/www.vegaintro-projekti.com\/pilar-stari\/wp-json\/wp\/v2\/tags?post=4078"}],"curies":[{"name":"wp","href":"https:\/\/api.w.org\/{rel}","templated":true}]}}