{"id":408,"date":"2011-10-16T16:18:36","date_gmt":"2011-10-16T16:18:36","guid":{"rendered":"https:\/\/www.vegaintro-projekti.com\/pilar-stari\/2011\/10\/16\/predstavljanje-knjige-podrijetlo-hrvata-genetiki-dokazi-autohtonosti-18102011\/"},"modified":"2017-12-07T15:58:48","modified_gmt":"2017-12-07T15:58:48","slug":"predstavljanje-knjige-podrijetlo-hrvata-genetiki-dokazi-autohtonosti-18102011","status":"publish","type":"post","link":"https:\/\/www.vegaintro-projekti.com\/pilar-stari\/2011\/10\/predstavljanje-knjige-podrijetlo-hrvata-genetiki-dokazi-autohtonosti-18102011\/","title":{"rendered":"Predstavljena knjiga I. Juri\u0107a PODRIJETLO HRVATA"},"content":{"rendered":"<p><strong>Nova knjiga prof. dr. sc. Ivana Juri\u0107a <em>Podrijetlo Hrvata \u2013 geneti\u010dki dokazi autohtonosti<\/em> objavljena u sunakladni\u0161tvu Nove stvarnosti i Instituta dru\u0161tvenih znanosti Ivo Pilar predstavljena je 18. listopada 2011. u\u00a0Novinarskom domu u Zagrebu. &#8211; <a href=\"#mediji\">Iz medija<\/a><\/strong><br \/>\u00a0<\/p>\n<table border=\"0\">\n<tbody>\n<tr>\n<td><a href=\"https:\/\/www.vegaintro-projekti.com\/pilar-stari\/wp-content\/images\/stories\/dokumenti\/razno\/podrijetlo_hrvata\/ph_pozivnica.pdf\"><img decoding=\"async\" loading=\"lazy\" height=\"448\" width=\"315\" src=\"https:\/\/www.vegaintro-projekti.com\/pilar-stari\/wp-content\/images\/stories\/fotografije\/razno\/predstavljanja\/ph_1.jpg\" alt=\"ph_1\" \/><\/a><\/td>\n<td><a href=\"https:\/\/www.vegaintro-projekti.com\/pilar-stari\/wp-content\/images\/stories\/dokumenti\/razno\/podrijetlo_hrvata\/ph_pozivnica.pdf\"><img decoding=\"async\" loading=\"lazy\" height=\"448\" width=\"315\" src=\"https:\/\/www.vegaintro-projekti.com\/pilar-stari\/wp-content\/images\/stories\/fotografije\/razno\/predstavljanja\/ph_2.jpg\" alt=\"ph_2\" \/><\/a><\/td>\n<\/tr>\n<\/tbody>\n<\/table>\n<p>\u00a0<\/p>\n<table border=\"0\">\n<tbody> <\/tbody>\n<\/table>\n<p>&#8211; <a href=\"https:\/\/www.vegaintro-projekti.com\/pilar-stari\/wp-content\/images\/stories\/dokumenti\/razno\/podrijetlo_hrvata\/ph_pozivnica.pdf\">Pozivnica<\/a> \/ <a href=\"https:\/\/www.vegaintro-projekti.com\/pilar-stari\/wp-content\/images\/stories\/dokumenti\/razno\/podrijetlo_hrvata\/p_h_ovitak.pdf\">Ovitak knjige<\/a> \/ <a href=\"https:\/\/www.vegaintro-projekti.com\/pilar-stari\/wp-content\/images\/stories\/dokumenti\/razno\/podrijetlo_hrvata\/p_h_impresum.pdf\">Impresum<\/a> \/ <a href=\"https:\/\/www.vegaintro-projekti.com\/pilar-stari\/wp-content\/images\/stories\/dokumenti\/razno\/podrijetlo_hrvata\/p_h_sadrzaj.pdf\">Sadr\u017eaj<\/a> \/ <a href=\"https:\/\/www.vegaintro-projekti.com\/pilar-stari\/wp-content\/images\/stories\/dokumenti\/razno\/podrijetlo_hrvata\/p_h_uvod.pdf\">Uvod<\/a> \/ <a href=\"https:\/\/www.vegaintro-projekti.com\/pilar-stari\/wp-content\/images\/stories\/dokumenti\/razno\/podrijetlo_hrvata\/p_h_napomene.pdf\">Napomena autora<\/a> \/ <a href=\"https:\/\/www.vegaintro-projekti.com\/pilar-stari\/wp-content\/images\/stories\/dokumenti\/razno\/podrijetlo_hrvata\/p_h_autor.pdf\">O autoru<\/a> \/ <a href=\"https:\/\/www.vegaintro-projekti.com\/pilar-stari\/2011\/08\/podrijetlo-hrvata-nova-knjiga-ivana-juria-o-dokazima-autohtonosti\/#rec\">Iz recenzija<\/a><\/p>\n<p><a name=\"hina\"><\/a><br \/><strong>Hina, 18. listopada 2011.<\/strong><\/p>\n<p>O knjizi su govorili geneti\u010dar Ino \u010curik, predsjednik Hrvatskoga sabora Luka Bebi\u0107, a u ime nakladnika ravnatelji Instituta Ivo Pilar Vlado \u0160aki\u0107 i Zvonimir Ma\u0161trovi\u0107 te autor Ivan Juri\u0107.<br \/>Napomenuv\u0161i kako se raznolikost ljudske populacije o\u010dituje u genima, jeziku i kulturi \u0160aki\u0107 je istaknuo da genetski srodnici ne moraju govoriti istim jezikom te da je i obrnuto mogu\u0107e da pripadnici razli\u010dita genetska podrijetla govore istim jezikom.<br \/>\u00a0<\/p>\n<table border=\"0\">\n<tbody>\n<tr>\n<td><img decoding=\"async\" loading=\"lazy\" height=\"118\" width=\"210\" src=\"https:\/\/www.vegaintro-projekti.com\/pilar-stari\/wp-content\/images\/stories\/fotografije\/skupovi\/juric\/promo_3.jpg\" alt=\"promo_3\" \/><\/td>\n<td><img decoding=\"async\" loading=\"lazy\" height=\"118\" width=\"210\" src=\"https:\/\/www.vegaintro-projekti.com\/pilar-stari\/wp-content\/images\/stories\/fotografije\/skupovi\/juric\/promo_1.jpg\" alt=\"promo_1\" \/><\/td>\n<td><img decoding=\"async\" loading=\"lazy\" height=\"118\" width=\"210\" src=\"https:\/\/www.vegaintro-projekti.com\/pilar-stari\/wp-content\/images\/stories\/fotografije\/skupovi\/juric\/pomo_2.jpg\" alt=\"pomo_2\" \/><\/td>\n<\/tr>\n<\/tbody>\n<\/table>\n<p><span style=\"font-size: 8pt;\"><span><strong>Na slici (u sredini) Zvonimir Ma\u0161trovi\u0107, Ivan Juri\u0107, Luka Bebi\u0107, Ino \u010curik i Vlado \u0160aki\u0107. Foto FaH\/Lana SLIVAR DOMINI\u0106<\/strong><\/span><\/p>\n<p><\/span>Posebno je va\u017ena znanstvena odgovornost u istra\u017eivanju gena, rekao je \u0160aki\u0107 dodav\u0161i kako su Juri\u0107eva istra\u017eivanja pionirski pothvati u hrvatskoj znanosti.<br \/>Smatra kako su poticaj za daljnja istra\u017eivanja na nacionalnoj razini, koja otvaraju mogu\u0107nost za uklapanje hrvatski istra\u017eivanja na me\u0111unarodnu razinu.<br \/>Po \u010curikovim rije\u010dima Juri\u0107eva istra\u017eivanja imaju pionirski pristup u rje\u0161avanju mnogih pitanja koja su do sada bila tabu tema u hrvatskoj znanosti. To se prvenstveno odnosi na dosada\u0161nju teoriju o slavenskom podrijetlu Hrvata, rekao je dodav\u0161i kako autorov rad potencira raspravu o genetici.<br \/>Bebi\u0107 smatra kako Juri\u0107 svojim djelima uz ino otvara i pitanje tzv. neolitske revolucije, kad je selektirana p\u0161enica koja je omogu\u0107ila prehranu ve\u0107eg broja stanovni\u0161tva. Tri \u010detvrtine Hrvata, kako pokazuje istra\u017eivanje, autohtoni su ljudi s na\u0161eg podru\u010dja, rekao je Bebi\u0107 dodav\u0161i kako doseljenici nisu uni\u0161tavali zate\u010denu populaciju nego se s njom stapali.<br \/>Juri\u0107 je istaknuo kako su na\u0161i isto\u010dni susjedi Srbi, Albanci i Grci neolitskoga podrijetla za razliku od Hrvata kod kojih prevladavaju osobine paleolitskoga starosjedila\u010dkog stanovni\u0161tva.<br \/>Ocijenio je kako je jadranska obala odigrala klju\u010dnu ulogu kod genetskog odre\u0111enja Hrvata, koje je iznjedrila neolitska revolucija.<br \/>Podsjetio je kako svoju analizu temelji na 188 uzoraka prikupljenih od hrvatske populacije u Hrvatskoj i BiH te dodao kako stanovni\u0161tvo sa tzv. slavenskim genom u Hrvatsku dolazi zajedno s Indoeuropljanima 1000 godina prije Krista. <br \/>Juri\u0107 smatra kako genetska istra\u017eivanja potvr\u0111uje povijesna i arheolo\u0161ka znanost, ali je problem u, kako je rekao, sintezama povijesti, koje su ra\u0111ene pod utjecajem politike i ideologije.<br \/>Knjiga Podrijetlo Hrvata &#8211; geneti\u010dki dokazi autohtonosti&#8221; (314 str.) podijeljena je na 15 poglavlja u kojima pi\u0161e o strukturi analiziranih uzoraka Hrvata podrijetlom iz Hrvatske i BiH, sli\u010dnosti geneti\u010dkoga podrijetla me\u0111u narodima, varijabilnosti unutar haplogrupa u Hrvatskoj i BiH, strukturi haplogrupa mtDNK u Europi, genomu i haplogrupama naroda i pojedinca, geneti\u010dkoj strukturi naroda va\u017enih za razumijevanje podrijetla Hrvata, klimatskim i teritorijalnim promjenama te pristizanju stanovnika s raznim haplogrupama, teorijama o podrijetlu Hrvata, geografskom podru\u010dju hrvatske etnogeneze, pregledu doga\u0111aja va\u017enim za geneti\u010dko podrijetlo i etnogenezu Hrvata, Hrvatskoj dr\u017eavi do sporazuma s Ma\u0111arima, borbi za o\u010duvanje hrvatske etnogeneze, umjetnoj selekciji, genomu \u010dovjeka i darvinizmu. Na kraju knjige objavljena je uporabljena literatura.<br \/>Knjigu su u sunakladni\u0161tvu objavili zagreba\u010dki nakladnici Nova stvarnost i Institut Ivo Pilar.<br \/>Ivan Juri\u0107 ro\u0111en je 1940. u Starim Mikanovcima. Kao profesor Agronomskoga fakulteta istra\u017eivao je naslje\u0111ivanje proizvodnih svojstava \u017eivotinja. Autor je vi\u0161e knjiga, me\u0111u kojima i knjige &#8220;Geneti\u010dko podrijetlo Hrvata&#8221;.<br \/>\u00a0<\/p>\n<table border=\"0\">\n<tbody>\n<tr>\n<td><a href=\"http:\/\/www.youtube.com\/watch?v=QtqWW_QdJGw&amp;feature=related&amp;noredirect=1\"><img decoding=\"async\" loading=\"lazy\" height=\"150\" width=\"272\" src=\"https:\/\/www.vegaintro-projekti.com\/pilar-stari\/wp-content\/images\/stories\/fotografije\/skupovi\/juric\/video.jpg\" alt=\"video\" \/><\/a><\/td>\n<td valign=\"bottom\"><em>\u00bb&#8230; kada se shvati da su prvi doseljenici s haplogrupom I (Eu7+Eu8) na podru\u010dje Britanije pristigli oko 14 000 godina pr. Krista, te da je haplogrupe I medu Hrvatima oko 50%, tada pri\u010dice o doseljenju u 7. stolje\u0107u ili o iranskom podrijetlu Hrvata postaju neozbiljne, a osobe koje i dalje o tome pi\u0161u i podr\u017eavaju takve teorije mogu se nazvati svakako, ali ne znanstvenicima.\u00ab (Ivan Juri\u0107, iz Uvoda knjige)<\/em><\/td>\n<\/tr>\n<\/tbody>\n<\/table>\n<p><strong><a name=\"mediji\"><\/a><br \/>Iz medija<\/strong><\/p>\n<p>&#8211; HINA: <a href=\"#hina\">Predstavljena knjiga I. Juri\u0107a &#8220;Podrijetlo Hrvata&#8221;<\/a><br \/>&#8211; Dnevno.hr: Predstavljeno je &#8216;Podrijetlo Hrvata&#8217; Ivana Juri\u0107a<br \/>&#8211; Tportal.hr: <a href=\"http:\/\/www.tportal.hr\/scitech\/znanost\/154863\/Hrvati-nisu-Slaveni-a-teorija-evolucije-je-pogresna.html\">&#8216;Hrvati nisu Slaveni, a teorija evolucije je pogre\u0161na&#8217;<\/a><br \/>&#8211; Politikaplus.com: <a href=\"http:\/\/www.politikaplus.com\/novost\/44722\/geneticka-analiza-hrvati-najslicniji-bosnjacima-zatim-slovencima-pa-srbima\">VIDEO INTERVJU: GENETI\u010cKA ANALIZA \u2013 Hrvati nisu od stolje\u0107a sedmog, ovdje su ve\u0107 25.000 godina!<\/a><br \/>&#8211; Youtube: <a href=\"http:\/\/www.youtube.com\/watch?v=QtqWW_QdJGw&amp;feature=related&amp;noredirect=1\">Ivan Juri\u0107, autor knjige &#8216;Podrijetlo Hrvata, geneti\u010dki dokazi, autohtonosti&#8217;<\/a><br \/>&#8211; Hrsvijet.net: <a href=\"http:\/\/hrsvijet.net\/index.php?option=com_content&amp;view=article&amp;id=17637:zagreb-predstavljena-knjiga-qpodrijetlo-hrvata-genetiki-dokazi-autohtonostiq&amp;catid=74:knjigozori&amp;Itemid=348\">Zagreb: Predstavljena knjiga &#8220;Podrijetlo Hrvata &#8211; geneti\u010dki dokazi autohtonosti&#8221;<\/a><br \/>&#8211; Forum.net.hr: <a href=\"http:\/\/forum.net.hr\/forums\/p\/331514\/10213714.aspx\">&#8216;Hrvati nisu Slaveni, a teorija evolucije je pogre\u0161na&#8217;<\/a><br \/>&#8211; Hic.hr: <a href=\"http:\/\/www.hic.hr\/aktualno-knjige01.htm\">Geneti\u010dki dokazi autohtonosti Hrvata<\/a><\/p>\n<p>&gt;&gt;&gt; <a href=\"https:\/\/www.vegaintro-projekti.com\/pilar-stari\/2011\/08\/podrijetlo-hrvata-nova-knjiga-ivana-juria-o-dokazima-autohtonosti\/\">PODRIJETLO HRVATA \u2013 nova knjiga I. Juri\u0107a o geneti\u010dkim dokazima autohtonosti<\/a><\/p>\n<table border=\"0\">\n<tbody> <\/tbody>\n<\/table>\n<p>\u00a0<\/p>\n<table border=\"0\">\n<tbody> <\/tbody>\n<\/table>\n<p>\u00a0<\/p>\n<table border=\"0\">\n<tbody> <\/tbody>\n<\/table>\n<p>\u00a0<\/p>\n<table border=\"0\">\n<tbody> <\/tbody>\n<\/table>\n<p>\u00a0<\/p>\n<table border=\"0\">\n<tbody> <\/tbody>\n<\/table>\n<p>\u00a0<\/p>\n<table border=\"0\">\n<tbody> <\/tbody>\n<\/table>\n<p>\u00a0<\/p>\n<table border=\"0\">\n<tbody> <\/tbody>\n<\/table>\n<p>\u00a0<\/p>\n<table border=\"0\">\n<tbody> <\/tbody>\n<\/table>\n<p>\u00a0<\/p>\n<table border=\"0\">\n<tbody> <\/tbody>\n<\/table>\n<p>\u00a0<\/p>\n<table border=\"0\">\n<tbody> <\/tbody>\n<\/table>\n<p><table border=\"0\"> <\/table>\n<table border=\"0\"> <\/table><\/p>\n","protected":false},"excerpt":{"rendered":"<p>Nova knjiga prof. dr. sc. Ivana Juri\u0107a Podrijetlo Hrvata \u2013 geneti\u010dki dokazi autohtonosti objavljena u sunakladni\u0161tvu Nove stvarnosti i Instituta dru\u0161tvenih znanosti Ivo Pilar predstavljena je 18. listopada 2011. u\u00a0Novinarskom domu u Zagrebu. &#8211; Iz medija\u00a0 \u00a0 &#8211; Pozivnica \/ Ovitak knjige \/ Impresum \/ Sadr\u017eaj \/ Uvod \/ Napomena autora \/ O autoru \/&hellip; <a class=\"continue\" href=\"https:\/\/www.vegaintro-projekti.com\/pilar-stari\/2011\/10\/predstavljanje-knjige-podrijetlo-hrvata-genetiki-dokazi-autohtonosti-18102011\/\">Pro\u010ditaj vi\u0161e o<span> Predstavljena knjiga I. Juri\u0107a PODRIJETLO HRVATA<\/span><\/a><\/p>\n","protected":false},"author":1,"featured_media":0,"comment_status":"open","ping_status":"open","sticky":false,"template":"","format":"standard","meta":{"inline_featured_image":false,"ngg_post_thumbnail":0,"footnotes":""},"categories":[21],"tags":[],"yoast_head":"<!-- This site is optimized with the Yoast SEO plugin v21.2 - https:\/\/yoast.com\/wordpress\/plugins\/seo\/ -->\n<title>Predstavljena knjiga I. Juri\u0107a PODRIJETLO HRVATA - Institut dru&scaron;tvenih znanosti Ivo Pilar<\/title>\n<meta name=\"robots\" content=\"noindex, follow, max-snippet:-1, max-image-preview:large, max-video-preview:-1\" \/>\n<meta property=\"og:locale\" content=\"hr_HR\" \/>\n<meta property=\"og:type\" content=\"article\" \/>\n<meta property=\"og:title\" content=\"Predstavljena knjiga I. Juri\u0107a PODRIJETLO HRVATA - Institut dru&scaron;tvenih znanosti Ivo Pilar\" \/>\n<meta property=\"og:description\" content=\"Nova knjiga prof. dr. sc. Ivana Juri\u0107a Podrijetlo Hrvata \u2013 geneti\u010dki dokazi autohtonosti objavljena u sunakladni\u0161tvu Nove stvarnosti i Instituta dru\u0161tvenih znanosti Ivo Pilar predstavljena je 18. listopada 2011. u\u00a0Novinarskom domu u Zagrebu. &#8211; Iz medija\u00a0 \u00a0 &#8211; Pozivnica \/ Ovitak knjige \/ Impresum \/ Sadr\u017eaj \/ Uvod \/ Napomena autora \/ O autoru \/&hellip; Pro\u010ditaj vi\u0161e o Predstavljena knjiga I. Juri\u0107a PODRIJETLO HRVATA\" \/>\n<meta property=\"og:url\" content=\"https:\/\/www.vegaintro-projekti.com\/pilar-stari\/2011\/10\/predstavljanje-knjige-podrijetlo-hrvata-genetiki-dokazi-autohtonosti-18102011\/\" \/>\n<meta property=\"og:site_name\" content=\"Institut dru&scaron;tvenih znanosti Ivo Pilar\" \/>\n<meta property=\"article:published_time\" content=\"2011-10-16T16:18:36+00:00\" \/>\n<meta property=\"article:modified_time\" content=\"2017-12-07T15:58:48+00:00\" \/>\n<meta property=\"og:image\" content=\"https:\/\/www.vegaintro-projekti.com\/pilar-stari\/wp-content\/images\/stories\/fotografije\/razno\/predstavljanja\/ph_1.jpg\" \/>\n<meta name=\"author\" content=\"pilar-admin\" \/>\n<meta name=\"twitter:card\" content=\"summary_large_image\" \/>\n<meta name=\"twitter:label1\" content=\"Napisao\/la\" \/>\n\t<meta name=\"twitter:data1\" content=\"pilar-admin\" \/>\n\t<meta name=\"twitter:label2\" content=\"Procijenjeno vrijeme \u010ditanja\" \/>\n\t<meta name=\"twitter:data2\" content=\"4 minute\" \/>\n<script type=\"application\/ld+json\" class=\"yoast-schema-graph\">{\"@context\":\"https:\/\/schema.org\",\"@graph\":[{\"@type\":\"WebPage\",\"@id\":\"https:\/\/www.vegaintro-projekti.com\/pilar-stari\/2011\/10\/predstavljanje-knjige-podrijetlo-hrvata-genetiki-dokazi-autohtonosti-18102011\/\",\"url\":\"https:\/\/www.vegaintro-projekti.com\/pilar-stari\/2011\/10\/predstavljanje-knjige-podrijetlo-hrvata-genetiki-dokazi-autohtonosti-18102011\/\",\"name\":\"Predstavljena knjiga I. Juri\u0107a PODRIJETLO HRVATA - Institut dru&scaron;tvenih znanosti Ivo Pilar\",\"isPartOf\":{\"@id\":\"https:\/\/www.vegaintro-projekti.com\/pilar-stari\/#website\"},\"datePublished\":\"2011-10-16T16:18:36+00:00\",\"dateModified\":\"2017-12-07T15:58:48+00:00\",\"author\":{\"@id\":\"https:\/\/www.vegaintro-projekti.com\/pilar-stari\/#\/schema\/person\/c0db50ebd77c4409e19b18044bbf10c1\"},\"breadcrumb\":{\"@id\":\"https:\/\/www.vegaintro-projekti.com\/pilar-stari\/2011\/10\/predstavljanje-knjige-podrijetlo-hrvata-genetiki-dokazi-autohtonosti-18102011\/#breadcrumb\"},\"inLanguage\":\"hr\",\"potentialAction\":[{\"@type\":\"ReadAction\",\"target\":[\"https:\/\/www.vegaintro-projekti.com\/pilar-stari\/2011\/10\/predstavljanje-knjige-podrijetlo-hrvata-genetiki-dokazi-autohtonosti-18102011\/\"]}]},{\"@type\":\"BreadcrumbList\",\"@id\":\"https:\/\/www.vegaintro-projekti.com\/pilar-stari\/2011\/10\/predstavljanje-knjige-podrijetlo-hrvata-genetiki-dokazi-autohtonosti-18102011\/#breadcrumb\",\"itemListElement\":[{\"@type\":\"ListItem\",\"position\":1,\"name\":\"Home\",\"item\":\"https:\/\/www.vegaintro-projekti.com\/pilar-stari\/\"},{\"@type\":\"ListItem\",\"position\":2,\"name\":\"Predstavljena knjiga I. Juri\u0107a PODRIJETLO HRVATA\"}]},{\"@type\":\"WebSite\",\"@id\":\"https:\/\/www.vegaintro-projekti.com\/pilar-stari\/#website\",\"url\":\"https:\/\/www.vegaintro-projekti.com\/pilar-stari\/\",\"name\":\"Institut dru&scaron;tvenih znanosti Ivo Pilar\",\"description\":\"Pilar\",\"potentialAction\":[{\"@type\":\"SearchAction\",\"target\":{\"@type\":\"EntryPoint\",\"urlTemplate\":\"https:\/\/www.vegaintro-projekti.com\/pilar-stari\/?s={search_term_string}\"},\"query-input\":\"required name=search_term_string\"}],\"inLanguage\":\"hr\"},{\"@type\":\"Person\",\"@id\":\"https:\/\/www.vegaintro-projekti.com\/pilar-stari\/#\/schema\/person\/c0db50ebd77c4409e19b18044bbf10c1\",\"name\":\"pilar-admin\",\"image\":{\"@type\":\"ImageObject\",\"inLanguage\":\"hr\",\"@id\":\"https:\/\/www.vegaintro-projekti.com\/pilar-stari\/#\/schema\/person\/image\/\",\"url\":\"https:\/\/secure.gravatar.com\/avatar\/fac9e03c4db0011b9c1ad8b5e9c74b8c?s=96&d=mm&r=g\",\"contentUrl\":\"https:\/\/secure.gravatar.com\/avatar\/fac9e03c4db0011b9c1ad8b5e9c74b8c?s=96&d=mm&r=g\",\"caption\":\"pilar-admin\"},\"url\":\"https:\/\/www.vegaintro-projekti.com\/pilar-stari\/author\/pilar-admin\/\"}]}<\/script>\n<!-- \/ Yoast SEO plugin. -->","yoast_head_json":{"title":"Predstavljena knjiga I. Juri\u0107a PODRIJETLO HRVATA - Institut dru&scaron;tvenih znanosti Ivo Pilar","robots":{"index":"noindex","follow":"follow","max-snippet":"max-snippet:-1","max-image-preview":"max-image-preview:large","max-video-preview":"max-video-preview:-1"},"og_locale":"hr_HR","og_type":"article","og_title":"Predstavljena knjiga I. Juri\u0107a PODRIJETLO HRVATA - Institut dru&scaron;tvenih znanosti Ivo Pilar","og_description":"Nova knjiga prof. dr. sc. Ivana Juri\u0107a Podrijetlo Hrvata \u2013 geneti\u010dki dokazi autohtonosti objavljena u sunakladni\u0161tvu Nove stvarnosti i Instituta dru\u0161tvenih znanosti Ivo Pilar predstavljena je 18. listopada 2011. u\u00a0Novinarskom domu u Zagrebu. &#8211; Iz medija\u00a0 \u00a0 &#8211; Pozivnica \/ Ovitak knjige \/ Impresum \/ Sadr\u017eaj \/ Uvod \/ Napomena autora \/ O autoru \/&hellip; Pro\u010ditaj vi\u0161e o Predstavljena knjiga I. Juri\u0107a PODRIJETLO HRVATA","og_url":"https:\/\/www.vegaintro-projekti.com\/pilar-stari\/2011\/10\/predstavljanje-knjige-podrijetlo-hrvata-genetiki-dokazi-autohtonosti-18102011\/","og_site_name":"Institut dru&scaron;tvenih znanosti Ivo Pilar","article_published_time":"2011-10-16T16:18:36+00:00","article_modified_time":"2017-12-07T15:58:48+00:00","og_image":[{"url":"https:\/\/www.vegaintro-projekti.com\/pilar-stari\/wp-content\/images\/stories\/fotografije\/razno\/predstavljanja\/ph_1.jpg"}],"author":"pilar-admin","twitter_card":"summary_large_image","twitter_misc":{"Napisao\/la":"pilar-admin","Procijenjeno vrijeme \u010ditanja":"4 minute"},"schema":{"@context":"https:\/\/schema.org","@graph":[{"@type":"WebPage","@id":"https:\/\/www.vegaintro-projekti.com\/pilar-stari\/2011\/10\/predstavljanje-knjige-podrijetlo-hrvata-genetiki-dokazi-autohtonosti-18102011\/","url":"https:\/\/www.vegaintro-projekti.com\/pilar-stari\/2011\/10\/predstavljanje-knjige-podrijetlo-hrvata-genetiki-dokazi-autohtonosti-18102011\/","name":"Predstavljena knjiga I. Juri\u0107a PODRIJETLO HRVATA - Institut dru&scaron;tvenih znanosti Ivo Pilar","isPartOf":{"@id":"https:\/\/www.vegaintro-projekti.com\/pilar-stari\/#website"},"datePublished":"2011-10-16T16:18:36+00:00","dateModified":"2017-12-07T15:58:48+00:00","author":{"@id":"https:\/\/www.vegaintro-projekti.com\/pilar-stari\/#\/schema\/person\/c0db50ebd77c4409e19b18044bbf10c1"},"breadcrumb":{"@id":"https:\/\/www.vegaintro-projekti.com\/pilar-stari\/2011\/10\/predstavljanje-knjige-podrijetlo-hrvata-genetiki-dokazi-autohtonosti-18102011\/#breadcrumb"},"inLanguage":"hr","potentialAction":[{"@type":"ReadAction","target":["https:\/\/www.vegaintro-projekti.com\/pilar-stari\/2011\/10\/predstavljanje-knjige-podrijetlo-hrvata-genetiki-dokazi-autohtonosti-18102011\/"]}]},{"@type":"BreadcrumbList","@id":"https:\/\/www.vegaintro-projekti.com\/pilar-stari\/2011\/10\/predstavljanje-knjige-podrijetlo-hrvata-genetiki-dokazi-autohtonosti-18102011\/#breadcrumb","itemListElement":[{"@type":"ListItem","position":1,"name":"Home","item":"https:\/\/www.vegaintro-projekti.com\/pilar-stari\/"},{"@type":"ListItem","position":2,"name":"Predstavljena knjiga I. Juri\u0107a PODRIJETLO HRVATA"}]},{"@type":"WebSite","@id":"https:\/\/www.vegaintro-projekti.com\/pilar-stari\/#website","url":"https:\/\/www.vegaintro-projekti.com\/pilar-stari\/","name":"Institut dru&scaron;tvenih znanosti Ivo Pilar","description":"Pilar","potentialAction":[{"@type":"SearchAction","target":{"@type":"EntryPoint","urlTemplate":"https:\/\/www.vegaintro-projekti.com\/pilar-stari\/?s={search_term_string}"},"query-input":"required name=search_term_string"}],"inLanguage":"hr"},{"@type":"Person","@id":"https:\/\/www.vegaintro-projekti.com\/pilar-stari\/#\/schema\/person\/c0db50ebd77c4409e19b18044bbf10c1","name":"pilar-admin","image":{"@type":"ImageObject","inLanguage":"hr","@id":"https:\/\/www.vegaintro-projekti.com\/pilar-stari\/#\/schema\/person\/image\/","url":"https:\/\/secure.gravatar.com\/avatar\/fac9e03c4db0011b9c1ad8b5e9c74b8c?s=96&d=mm&r=g","contentUrl":"https:\/\/secure.gravatar.com\/avatar\/fac9e03c4db0011b9c1ad8b5e9c74b8c?s=96&d=mm&r=g","caption":"pilar-admin"},"url":"https:\/\/www.vegaintro-projekti.com\/pilar-stari\/author\/pilar-admin\/"}]}},"_links":{"self":[{"href":"https:\/\/www.vegaintro-projekti.com\/pilar-stari\/wp-json\/wp\/v2\/posts\/408"}],"collection":[{"href":"https:\/\/www.vegaintro-projekti.com\/pilar-stari\/wp-json\/wp\/v2\/posts"}],"about":[{"href":"https:\/\/www.vegaintro-projekti.com\/pilar-stari\/wp-json\/wp\/v2\/types\/post"}],"author":[{"embeddable":true,"href":"https:\/\/www.vegaintro-projekti.com\/pilar-stari\/wp-json\/wp\/v2\/users\/1"}],"replies":[{"embeddable":true,"href":"https:\/\/www.vegaintro-projekti.com\/pilar-stari\/wp-json\/wp\/v2\/comments?post=408"}],"version-history":[{"count":5,"href":"https:\/\/www.vegaintro-projekti.com\/pilar-stari\/wp-json\/wp\/v2\/posts\/408\/revisions"}],"predecessor-version":[{"id":7080,"href":"https:\/\/www.vegaintro-projekti.com\/pilar-stari\/wp-json\/wp\/v2\/posts\/408\/revisions\/7080"}],"wp:attachment":[{"href":"https:\/\/www.vegaintro-projekti.com\/pilar-stari\/wp-json\/wp\/v2\/media?parent=408"}],"wp:term":[{"taxonomy":"category","embeddable":true,"href":"https:\/\/www.vegaintro-projekti.com\/pilar-stari\/wp-json\/wp\/v2\/categories?post=408"},{"taxonomy":"post_tag","embeddable":true,"href":"https:\/\/www.vegaintro-projekti.com\/pilar-stari\/wp-json\/wp\/v2\/tags?post=408"}],"curies":[{"name":"wp","href":"https:\/\/api.w.org\/{rel}","templated":true}]}}