{"id":4092,"date":"2017-05-31T14:38:20","date_gmt":"2017-05-31T14:38:20","guid":{"rendered":"https:\/\/www.vegaintro-projekti.com\/pilar-stari\/2017\/05\/zapoceo-projekt-dare-dijalog-o-radikalizaciji-i-jednakosti\/"},"modified":"2017-12-01T12:28:48","modified_gmt":"2017-12-01T12:28:48","slug":"zapoceo-projekt-dare-dijalog-o-radikalizaciji-i-jednakosti","status":"publish","type":"post","link":"https:\/\/www.vegaintro-projekti.com\/pilar-stari\/2017\/05\/zapoceo-projekt-dare-dijalog-o-radikalizaciji-i-jednakosti\/","title":{"rendered":"Zapo\u010deo projekt DARE &#8211; Dijalog o radikalizaciji i jednakosti"},"content":{"rendered":"<p><strong>Znanstvenica Instituta prof. dr. Renata Franc, suvoditeljica jedne dionice projekta DARE, sudjeluju\u0107i na po\u010detnom (tzv. &#8216;kick-off&#8217;) sastanku, odr\u017eala je prezentacije o &#8220;Odnosu radikalizacije i (ne jednakosti)&#8221; te planu provedbe 4. dionice projekta &#8220;Nejednakost, pravednost i radikalizacija&#8221;<\/strong><\/p>\n<p><a href=\"https:\/\/www.vegaintro-projekti.com\/pilar-stari\/wp-content\/uploads\/2017\/05\/Dare_3.jpg\"><img decoding=\"async\" loading=\"lazy\" class=\" size-full wp-image-4088\" src=\"https:\/\/www.vegaintro-projekti.com\/pilar-stari\/wp-content\/uploads\/2017\/05\/Dare_3_s.jpg\" alt=\"Dare 3 s\" width=\"640\" height=\"337\" srcset=\"https:\/\/www.vegaintro-projekti.com\/pilar-stari\/wp-content\/uploads\/2017\/05\/Dare_3_s.jpg 640w, https:\/\/www.vegaintro-projekti.com\/pilar-stari\/wp-content\/uploads\/2017\/05\/Dare_3_s-300x158.jpg 300w\" sizes=\"(max-width: 640px) 100vw, 640px\" \/><\/a><\/p>\n<p><span style=\"font-size: 12pt;\"><strong><span style=\"font-size: 10pt;\">&#8220;Kick-off&#8221; sastanak projekta DARE<\/span><\/strong><\/p>\n<p>\u010cetvrta dionica projekta DARE uklju\u010duje sustavni pregled dosada\u0161njih kvantitativnih i kvalitativnih istra\u017eivanja o odnosu nejednakosti i radikalizacije, sekundarnu analizu anketnih podataka o nacionalnim i lokalnim nejednakostima i dru\u0161tvenim stavovima povezanim sa radikalizacijom te eksperimentalno istra\u017eivanje efekata ekonomske nejednakosti i nesigurnosti na predrasude mladih prema Muslimanima.<\/span><\/p>\n<p>&nbsp;<\/p>\n<table border=\"0\">\n<tbody>\n<tr>\n<td><img decoding=\"async\" loading=\"lazy\" class=\" size-full wp-image-4090\" src=\"https:\/\/www.vegaintro-projekti.com\/pilar-stari\/wp-content\/uploads\/2017\/05\/Dare_1.jpg\" alt=\"Dare 1\" width=\"318\" height=\"231\" srcset=\"https:\/\/www.vegaintro-projekti.com\/pilar-stari\/wp-content\/uploads\/2017\/05\/Dare_1.jpg 318w, https:\/\/www.vegaintro-projekti.com\/pilar-stari\/wp-content\/uploads\/2017\/05\/Dare_1-300x218.jpg 300w\" sizes=\"(max-width: 318px) 100vw, 318px\" \/><\/td>\n<td valign=\"bottom\"><img decoding=\"async\" loading=\"lazy\" class=\" size-full wp-image-4091\" src=\"https:\/\/www.vegaintro-projekti.com\/pilar-stari\/wp-content\/uploads\/2017\/05\/Dare_2.jpg\" alt=\"Dare 2\" width=\"318\" height=\"87\" srcset=\"https:\/\/www.vegaintro-projekti.com\/pilar-stari\/wp-content\/uploads\/2017\/05\/Dare_2.jpg 318w, https:\/\/www.vegaintro-projekti.com\/pilar-stari\/wp-content\/uploads\/2017\/05\/Dare_2-300x82.jpg 300w\" sizes=\"(max-width: 318px) 100vw, 318px\" \/><\/td>\n<\/tr>\n<\/tbody>\n<\/table>\n<p><span style=\"font-size: 12pt;\">&gt;&gt;&gt; <a href=\"https:\/\/www.vegaintro-projekti.com\/pilar-stari\/2017\/05\/institut-ivo-pilar-u-jos-jednom-eu-horizon-2020-projektu-dare\/\">Projekt DARE: Dijalog o radikalizaciji i jednakosti<\/a><\/span><\/p>\n<p><\/p>\n","protected":false},"excerpt":{"rendered":"<p>Znanstvenica Instituta prof. dr. Renata Franc, suvoditeljica jedne dionice projekta DARE, sudjeluju\u0107i na po\u010detnom (tzv. &#8216;kick-off&#8217;) sastanku, odr\u017eala je prezentacije o &#8220;Odnosu radikalizacije i (ne jednakosti)&#8221; te planu provedbe 4. dionice projekta &#8220;Nejednakost, pravednost i radikalizacija&#8221; &#8220;Kick-off&#8221; sastanak projekta DARE \u010cetvrta dionica projekta DARE uklju\u010duje sustavni pregled dosada\u0161njih kvantitativnih i kvalitativnih istra\u017eivanja o odnosu nejednakosti&hellip; <a class=\"continue\" href=\"https:\/\/www.vegaintro-projekti.com\/pilar-stari\/2017\/05\/zapoceo-projekt-dare-dijalog-o-radikalizaciji-i-jednakosti\/\">Pro\u010ditaj vi\u0161e o<span> Zapo\u010deo projekt DARE &#8211; Dijalog o radikalizaciji i jednakosti<\/span><\/a><\/p>\n","protected":false},"author":1,"featured_media":4088,"comment_status":"open","ping_status":"open","sticky":false,"template":"","format":"standard","meta":{"inline_featured_image":false,"ngg_post_thumbnail":0,"footnotes":""},"categories":[11],"tags":[],"yoast_head":"<!-- This site is optimized with the Yoast SEO plugin v21.2 - https:\/\/yoast.com\/wordpress\/plugins\/seo\/ -->\n<title>Zapo\u010deo projekt DARE - Dijalog o radikalizaciji i jednakosti - Institut dru&scaron;tvenih znanosti Ivo Pilar<\/title>\n<meta name=\"robots\" content=\"noindex, follow, max-snippet:-1, max-image-preview:large, max-video-preview:-1\" \/>\n<meta property=\"og:locale\" content=\"hr_HR\" \/>\n<meta property=\"og:type\" content=\"article\" \/>\n<meta property=\"og:title\" content=\"Zapo\u010deo projekt DARE - Dijalog o radikalizaciji i jednakosti - Institut dru&scaron;tvenih znanosti Ivo Pilar\" \/>\n<meta property=\"og:description\" content=\"Znanstvenica Instituta prof. dr. Renata Franc, suvoditeljica jedne dionice projekta DARE, sudjeluju\u0107i na po\u010detnom (tzv. &#8216;kick-off&#8217;) sastanku, odr\u017eala je prezentacije o &#8220;Odnosu radikalizacije i (ne jednakosti)&#8221; te planu provedbe 4. dionice projekta &#8220;Nejednakost, pravednost i radikalizacija&#8221; &#8220;Kick-off&#8221; sastanak projekta DARE \u010cetvrta dionica projekta DARE uklju\u010duje sustavni pregled dosada\u0161njih kvantitativnih i kvalitativnih istra\u017eivanja o odnosu nejednakosti&hellip; Pro\u010ditaj vi\u0161e o Zapo\u010deo projekt DARE &#8211; Dijalog o radikalizaciji i jednakosti\" \/>\n<meta property=\"og:url\" content=\"https:\/\/www.vegaintro-projekti.com\/pilar-stari\/2017\/05\/zapoceo-projekt-dare-dijalog-o-radikalizaciji-i-jednakosti\/\" \/>\n<meta property=\"og:site_name\" content=\"Institut dru&scaron;tvenih znanosti Ivo Pilar\" \/>\n<meta property=\"article:published_time\" content=\"2017-05-31T14:38:20+00:00\" \/>\n<meta property=\"article:modified_time\" content=\"2017-12-01T12:28:48+00:00\" \/>\n<meta property=\"og:image\" content=\"https:\/\/www.vegaintro-projekti.com\/pilar-stari\/wp-content\/uploads\/2017\/05\/Dare_3_s.jpg\" \/>\n\t<meta property=\"og:image:width\" content=\"640\" \/>\n\t<meta property=\"og:image:height\" content=\"337\" \/>\n\t<meta property=\"og:image:type\" content=\"image\/jpeg\" \/>\n<meta name=\"author\" content=\"pilar-admin\" \/>\n<meta name=\"twitter:card\" content=\"summary_large_image\" \/>\n<meta name=\"twitter:label1\" content=\"Napisao\/la\" \/>\n\t<meta name=\"twitter:data1\" content=\"pilar-admin\" \/>\n\t<meta name=\"twitter:label2\" content=\"Procijenjeno vrijeme \u010ditanja\" \/>\n\t<meta name=\"twitter:data2\" content=\"1 minuta\" \/>\n<script type=\"application\/ld+json\" class=\"yoast-schema-graph\">{\"@context\":\"https:\/\/schema.org\",\"@graph\":[{\"@type\":\"WebPage\",\"@id\":\"https:\/\/www.vegaintro-projekti.com\/pilar-stari\/2017\/05\/zapoceo-projekt-dare-dijalog-o-radikalizaciji-i-jednakosti\/\",\"url\":\"https:\/\/www.vegaintro-projekti.com\/pilar-stari\/2017\/05\/zapoceo-projekt-dare-dijalog-o-radikalizaciji-i-jednakosti\/\",\"name\":\"Zapo\u010deo projekt DARE - Dijalog o radikalizaciji i jednakosti - Institut dru&scaron;tvenih znanosti Ivo Pilar\",\"isPartOf\":{\"@id\":\"https:\/\/www.vegaintro-projekti.com\/pilar-stari\/#website\"},\"datePublished\":\"2017-05-31T14:38:20+00:00\",\"dateModified\":\"2017-12-01T12:28:48+00:00\",\"author\":{\"@id\":\"https:\/\/www.vegaintro-projekti.com\/pilar-stari\/#\/schema\/person\/c0db50ebd77c4409e19b18044bbf10c1\"},\"breadcrumb\":{\"@id\":\"https:\/\/www.vegaintro-projekti.com\/pilar-stari\/2017\/05\/zapoceo-projekt-dare-dijalog-o-radikalizaciji-i-jednakosti\/#breadcrumb\"},\"inLanguage\":\"hr\",\"potentialAction\":[{\"@type\":\"ReadAction\",\"target\":[\"https:\/\/www.vegaintro-projekti.com\/pilar-stari\/2017\/05\/zapoceo-projekt-dare-dijalog-o-radikalizaciji-i-jednakosti\/\"]}]},{\"@type\":\"BreadcrumbList\",\"@id\":\"https:\/\/www.vegaintro-projekti.com\/pilar-stari\/2017\/05\/zapoceo-projekt-dare-dijalog-o-radikalizaciji-i-jednakosti\/#breadcrumb\",\"itemListElement\":[{\"@type\":\"ListItem\",\"position\":1,\"name\":\"Home\",\"item\":\"https:\/\/www.vegaintro-projekti.com\/pilar-stari\/\"},{\"@type\":\"ListItem\",\"position\":2,\"name\":\"Zapo\u010deo projekt DARE &#8211; Dijalog o radikalizaciji i jednakosti\"}]},{\"@type\":\"WebSite\",\"@id\":\"https:\/\/www.vegaintro-projekti.com\/pilar-stari\/#website\",\"url\":\"https:\/\/www.vegaintro-projekti.com\/pilar-stari\/\",\"name\":\"Institut dru&scaron;tvenih znanosti Ivo Pilar\",\"description\":\"Pilar\",\"potentialAction\":[{\"@type\":\"SearchAction\",\"target\":{\"@type\":\"EntryPoint\",\"urlTemplate\":\"https:\/\/www.vegaintro-projekti.com\/pilar-stari\/?s={search_term_string}\"},\"query-input\":\"required name=search_term_string\"}],\"inLanguage\":\"hr\"},{\"@type\":\"Person\",\"@id\":\"https:\/\/www.vegaintro-projekti.com\/pilar-stari\/#\/schema\/person\/c0db50ebd77c4409e19b18044bbf10c1\",\"name\":\"pilar-admin\",\"image\":{\"@type\":\"ImageObject\",\"inLanguage\":\"hr\",\"@id\":\"https:\/\/www.vegaintro-projekti.com\/pilar-stari\/#\/schema\/person\/image\/\",\"url\":\"https:\/\/secure.gravatar.com\/avatar\/fac9e03c4db0011b9c1ad8b5e9c74b8c?s=96&d=mm&r=g\",\"contentUrl\":\"https:\/\/secure.gravatar.com\/avatar\/fac9e03c4db0011b9c1ad8b5e9c74b8c?s=96&d=mm&r=g\",\"caption\":\"pilar-admin\"},\"url\":\"https:\/\/www.vegaintro-projekti.com\/pilar-stari\/author\/pilar-admin\/\"}]}<\/script>\n<!-- \/ Yoast SEO plugin. -->","yoast_head_json":{"title":"Zapo\u010deo projekt DARE - Dijalog o radikalizaciji i jednakosti - Institut dru&scaron;tvenih znanosti Ivo Pilar","robots":{"index":"noindex","follow":"follow","max-snippet":"max-snippet:-1","max-image-preview":"max-image-preview:large","max-video-preview":"max-video-preview:-1"},"og_locale":"hr_HR","og_type":"article","og_title":"Zapo\u010deo projekt DARE - Dijalog o radikalizaciji i jednakosti - Institut dru&scaron;tvenih znanosti Ivo Pilar","og_description":"Znanstvenica Instituta prof. dr. Renata Franc, suvoditeljica jedne dionice projekta DARE, sudjeluju\u0107i na po\u010detnom (tzv. &#8216;kick-off&#8217;) sastanku, odr\u017eala je prezentacije o &#8220;Odnosu radikalizacije i (ne jednakosti)&#8221; te planu provedbe 4. dionice projekta &#8220;Nejednakost, pravednost i radikalizacija&#8221; &#8220;Kick-off&#8221; sastanak projekta DARE \u010cetvrta dionica projekta DARE uklju\u010duje sustavni pregled dosada\u0161njih kvantitativnih i kvalitativnih istra\u017eivanja o odnosu nejednakosti&hellip; Pro\u010ditaj vi\u0161e o Zapo\u010deo projekt DARE &#8211; Dijalog o radikalizaciji i jednakosti","og_url":"https:\/\/www.vegaintro-projekti.com\/pilar-stari\/2017\/05\/zapoceo-projekt-dare-dijalog-o-radikalizaciji-i-jednakosti\/","og_site_name":"Institut dru&scaron;tvenih znanosti Ivo Pilar","article_published_time":"2017-05-31T14:38:20+00:00","article_modified_time":"2017-12-01T12:28:48+00:00","og_image":[{"width":640,"height":337,"url":"https:\/\/www.vegaintro-projekti.com\/pilar-stari\/wp-content\/uploads\/2017\/05\/Dare_3_s.jpg","type":"image\/jpeg"}],"author":"pilar-admin","twitter_card":"summary_large_image","twitter_misc":{"Napisao\/la":"pilar-admin","Procijenjeno vrijeme \u010ditanja":"1 minuta"},"schema":{"@context":"https:\/\/schema.org","@graph":[{"@type":"WebPage","@id":"https:\/\/www.vegaintro-projekti.com\/pilar-stari\/2017\/05\/zapoceo-projekt-dare-dijalog-o-radikalizaciji-i-jednakosti\/","url":"https:\/\/www.vegaintro-projekti.com\/pilar-stari\/2017\/05\/zapoceo-projekt-dare-dijalog-o-radikalizaciji-i-jednakosti\/","name":"Zapo\u010deo projekt DARE - Dijalog o radikalizaciji i jednakosti - Institut dru&scaron;tvenih znanosti Ivo Pilar","isPartOf":{"@id":"https:\/\/www.vegaintro-projekti.com\/pilar-stari\/#website"},"datePublished":"2017-05-31T14:38:20+00:00","dateModified":"2017-12-01T12:28:48+00:00","author":{"@id":"https:\/\/www.vegaintro-projekti.com\/pilar-stari\/#\/schema\/person\/c0db50ebd77c4409e19b18044bbf10c1"},"breadcrumb":{"@id":"https:\/\/www.vegaintro-projekti.com\/pilar-stari\/2017\/05\/zapoceo-projekt-dare-dijalog-o-radikalizaciji-i-jednakosti\/#breadcrumb"},"inLanguage":"hr","potentialAction":[{"@type":"ReadAction","target":["https:\/\/www.vegaintro-projekti.com\/pilar-stari\/2017\/05\/zapoceo-projekt-dare-dijalog-o-radikalizaciji-i-jednakosti\/"]}]},{"@type":"BreadcrumbList","@id":"https:\/\/www.vegaintro-projekti.com\/pilar-stari\/2017\/05\/zapoceo-projekt-dare-dijalog-o-radikalizaciji-i-jednakosti\/#breadcrumb","itemListElement":[{"@type":"ListItem","position":1,"name":"Home","item":"https:\/\/www.vegaintro-projekti.com\/pilar-stari\/"},{"@type":"ListItem","position":2,"name":"Zapo\u010deo projekt DARE &#8211; Dijalog o radikalizaciji i jednakosti"}]},{"@type":"WebSite","@id":"https:\/\/www.vegaintro-projekti.com\/pilar-stari\/#website","url":"https:\/\/www.vegaintro-projekti.com\/pilar-stari\/","name":"Institut dru&scaron;tvenih znanosti Ivo Pilar","description":"Pilar","potentialAction":[{"@type":"SearchAction","target":{"@type":"EntryPoint","urlTemplate":"https:\/\/www.vegaintro-projekti.com\/pilar-stari\/?s={search_term_string}"},"query-input":"required name=search_term_string"}],"inLanguage":"hr"},{"@type":"Person","@id":"https:\/\/www.vegaintro-projekti.com\/pilar-stari\/#\/schema\/person\/c0db50ebd77c4409e19b18044bbf10c1","name":"pilar-admin","image":{"@type":"ImageObject","inLanguage":"hr","@id":"https:\/\/www.vegaintro-projekti.com\/pilar-stari\/#\/schema\/person\/image\/","url":"https:\/\/secure.gravatar.com\/avatar\/fac9e03c4db0011b9c1ad8b5e9c74b8c?s=96&d=mm&r=g","contentUrl":"https:\/\/secure.gravatar.com\/avatar\/fac9e03c4db0011b9c1ad8b5e9c74b8c?s=96&d=mm&r=g","caption":"pilar-admin"},"url":"https:\/\/www.vegaintro-projekti.com\/pilar-stari\/author\/pilar-admin\/"}]}},"_links":{"self":[{"href":"https:\/\/www.vegaintro-projekti.com\/pilar-stari\/wp-json\/wp\/v2\/posts\/4092"}],"collection":[{"href":"https:\/\/www.vegaintro-projekti.com\/pilar-stari\/wp-json\/wp\/v2\/posts"}],"about":[{"href":"https:\/\/www.vegaintro-projekti.com\/pilar-stari\/wp-json\/wp\/v2\/types\/post"}],"author":[{"embeddable":true,"href":"https:\/\/www.vegaintro-projekti.com\/pilar-stari\/wp-json\/wp\/v2\/users\/1"}],"replies":[{"embeddable":true,"href":"https:\/\/www.vegaintro-projekti.com\/pilar-stari\/wp-json\/wp\/v2\/comments?post=4092"}],"version-history":[{"count":1,"href":"https:\/\/www.vegaintro-projekti.com\/pilar-stari\/wp-json\/wp\/v2\/posts\/4092\/revisions"}],"predecessor-version":[{"id":4708,"href":"https:\/\/www.vegaintro-projekti.com\/pilar-stari\/wp-json\/wp\/v2\/posts\/4092\/revisions\/4708"}],"wp:featuredmedia":[{"embeddable":true,"href":"https:\/\/www.vegaintro-projekti.com\/pilar-stari\/wp-json\/wp\/v2\/media\/4088"}],"wp:attachment":[{"href":"https:\/\/www.vegaintro-projekti.com\/pilar-stari\/wp-json\/wp\/v2\/media?parent=4092"}],"wp:term":[{"taxonomy":"category","embeddable":true,"href":"https:\/\/www.vegaintro-projekti.com\/pilar-stari\/wp-json\/wp\/v2\/categories?post=4092"},{"taxonomy":"post_tag","embeddable":true,"href":"https:\/\/www.vegaintro-projekti.com\/pilar-stari\/wp-json\/wp\/v2\/tags?post=4092"}],"curies":[{"name":"wp","href":"https:\/\/api.w.org\/{rel}","templated":true}]}}