{"id":411,"date":"2011-10-17T14:37:20","date_gmt":"2011-10-17T14:37:20","guid":{"rendered":"https:\/\/www.vegaintro-projekti.com\/pilar-stari\/2011\/10\/17\/2-tribina-u-splitu-u-povodu-20-godina-instituta-ivo-pilar-20102011\/"},"modified":"2017-12-07T14:12:44","modified_gmt":"2017-12-07T14:12:44","slug":"2-tribina-u-splitu-u-povodu-20-godina-instituta-ivo-pilar-20102011","status":"publish","type":"post","link":"https:\/\/www.vegaintro-projekti.com\/pilar-stari\/2011\/10\/2-tribina-u-splitu-u-povodu-20-godina-instituta-ivo-pilar-20102011\/","title":{"rendered":"2. tribina u Splitu: 20 GODINA ISTRA\u017dIVANJA INSTITUTA PILAR, 20.10.2011."},"content":{"rendered":"<p><strong>U sklopu programa znanstvenih tribina 20 GODINA ISTRA\u017dIVANJA INSTITUTA PILAR u Podru\u010dnom centru Instituta u Splitu 20. listopada 2011. odr\u017eana je 2. tribina s izlaganjima dr. sc. Zlatka Matijevi\u0107a (Ivo Pilar i moderni hrvatski identitet), dr. sc. Zlatka Hasanbegovi\u0107a (Pilar: \u010dasopis za dru\u0161tvene i humanisti\u010dke studije) te dr. sc. Vlade \u0160aki\u0107a, Ivane Vrselja i Anje Wertag (Hrvatski identitet u europskom kontekstu)<br \/>\u00a0<br \/><\/strong> <\/p>\n<table border=\"0\">\n<tbody>\n<tr>\n<td><img decoding=\"async\" loading=\"lazy\" height=\"223\" width=\"296\" src=\"https:\/\/www.vegaintro-projekti.com\/pilar-stari\/wp-content\/images\/stories\/fotografije\/podrucni\/split\/03_st2.jpg\" alt=\"03_st2\" \/><\/td>\n<td><img decoding=\"async\" loading=\"lazy\" height=\"223\" width=\"296\" src=\"https:\/\/www.vegaintro-projekti.com\/pilar-stari\/wp-content\/images\/stories\/fotografije\/podrucni\/split\/01_st2.jpg\" alt=\"01_st2\" \/><\/td>\n<\/tr>\n<tr>\n<td><a href=\"https:\/\/www.vegaintro-projekti.com\/pilar-stari\/wp-content\/images\/stories\/dokumenti\/podrucni\/split\/st_plakat.pdf\"><img decoding=\"async\" loading=\"lazy\" height=\"454\" width=\"296\" src=\"https:\/\/www.vegaintro-projekti.com\/pilar-stari\/wp-content\/images\/stories\/fotografije\/podrucni\/split\/04_st2.jpg\" alt=\"04_st2\" \/><\/a><\/td>\n<td><img decoding=\"async\" loading=\"lazy\" height=\"454\" width=\"296\" src=\"https:\/\/www.vegaintro-projekti.com\/pilar-stari\/wp-content\/images\/stories\/fotografije\/podrucni\/split\/02_st2.jpg\" alt=\"02_st2\" \/><\/td>\n<\/tr>\n<\/tbody>\n<\/table>\n<p>&#8211; <a href=\"https:\/\/www.vegaintro-projekti.com\/pilar-stari\/wp-content\/images\/stories\/dokumenti\/podrucni\/split\/st_e_pozivnica.pdf\">Pozivnica<\/a> \/ <a href=\"https:\/\/www.vegaintro-projekti.com\/pilar-stari\/wp-content\/images\/stories\/dokumenti\/podrucni\/split\/st_plakat.pdf\">Plakat<\/a><\/p>\n<p>&gt;&gt;&gt; <a href=\"https:\/\/www.vegaintro-projekti.com\/pilar-stari\/2010\/07\/podruni-centar-split-2\/\">PODRU\u010cNI CENTAR INSTITUTA IVO PILAR SPLIT<\/a><br \/>&gt;&gt;&gt; <a href=\"https:\/\/www.vegaintro-projekti.com\/pilar-stari\/2011\/05\/prva-tribina-u-splitu-20-godina-istraivanja-instituta-pilar\/\">1. tribina u Splitu: O Institutu (dr. sc. Rebeka Ani\u0107); Zna\u010daj politi\u010dkih odnosa u Bosni i Hercegovini za Split i Dalmaciju (dr. sc. Sa\u0161a Mrdulja\u0161), 19. svibnja 2011.<\/a><br \/>&gt;&gt;&gt; <a href=\"https:\/\/www.vegaintro-projekti.com\/pilar-stari\/2011\/05\/znanstvene-tribine-20-godina-istraivanja-instituta-pilar\/\">ZNANSTVENE TRIBINE: 20 GODINA ISTRA\u017dIVANJA INSTITUTA PILAR<\/a><\/p>\n","protected":false},"excerpt":{"rendered":"<p>U sklopu programa znanstvenih tribina 20 GODINA ISTRA\u017dIVANJA INSTITUTA PILAR u Podru\u010dnom centru Instituta u Splitu 20. listopada 2011. odr\u017eana je 2. tribina s izlaganjima dr. sc. Zlatka Matijevi\u0107a (Ivo Pilar i moderni hrvatski identitet), dr. sc. Zlatka Hasanbegovi\u0107a (Pilar: \u010dasopis za dru\u0161tvene i humanisti\u010dke studije) te dr. sc. Vlade \u0160aki\u0107a, Ivane Vrselja i Anje&hellip; <a class=\"continue\" href=\"https:\/\/www.vegaintro-projekti.com\/pilar-stari\/2011\/10\/2-tribina-u-splitu-u-povodu-20-godina-instituta-ivo-pilar-20102011\/\">Pro\u010ditaj vi\u0161e o<span> 2. tribina u Splitu: 20 GODINA ISTRA\u017dIVANJA INSTITUTA PILAR, 20.10.2011.<\/span><\/a><\/p>\n","protected":false},"author":1,"featured_media":0,"comment_status":"open","ping_status":"open","sticky":false,"template":"","format":"standard","meta":{"inline_featured_image":false,"ngg_post_thumbnail":0,"footnotes":""},"categories":[11],"tags":[],"yoast_head":"<!-- This site is optimized with the Yoast SEO plugin v21.2 - https:\/\/yoast.com\/wordpress\/plugins\/seo\/ -->\n<title>2. tribina u Splitu: 20 GODINA ISTRA\u017dIVANJA INSTITUTA PILAR, 20.10.2011. - Institut dru&scaron;tvenih znanosti Ivo Pilar<\/title>\n<meta name=\"robots\" content=\"noindex, follow, max-snippet:-1, max-image-preview:large, max-video-preview:-1\" \/>\n<meta property=\"og:locale\" content=\"hr_HR\" \/>\n<meta property=\"og:type\" content=\"article\" \/>\n<meta property=\"og:title\" content=\"2. tribina u Splitu: 20 GODINA ISTRA\u017dIVANJA INSTITUTA PILAR, 20.10.2011. - Institut dru&scaron;tvenih znanosti Ivo Pilar\" \/>\n<meta property=\"og:description\" content=\"U sklopu programa znanstvenih tribina 20 GODINA ISTRA\u017dIVANJA INSTITUTA PILAR u Podru\u010dnom centru Instituta u Splitu 20. listopada 2011. odr\u017eana je 2. tribina s izlaganjima dr. sc. Zlatka Matijevi\u0107a (Ivo Pilar i moderni hrvatski identitet), dr. sc. Zlatka Hasanbegovi\u0107a (Pilar: \u010dasopis za dru\u0161tvene i humanisti\u010dke studije) te dr. sc. Vlade \u0160aki\u0107a, Ivane Vrselja i Anje&hellip; Pro\u010ditaj vi\u0161e o 2. tribina u Splitu: 20 GODINA ISTRA\u017dIVANJA INSTITUTA PILAR, 20.10.2011.\" \/>\n<meta property=\"og:url\" content=\"https:\/\/www.vegaintro-projekti.com\/pilar-stari\/2011\/10\/2-tribina-u-splitu-u-povodu-20-godina-instituta-ivo-pilar-20102011\/\" \/>\n<meta property=\"og:site_name\" content=\"Institut dru&scaron;tvenih znanosti Ivo Pilar\" \/>\n<meta property=\"article:published_time\" content=\"2011-10-17T14:37:20+00:00\" \/>\n<meta property=\"article:modified_time\" content=\"2017-12-07T14:12:44+00:00\" \/>\n<meta property=\"og:image\" content=\"https:\/\/www.vegaintro-projekti.com\/pilar-stari\/wp-content\/images\/stories\/fotografije\/podrucni\/split\/03_st2.jpg\" \/>\n<meta name=\"author\" content=\"pilar-admin\" \/>\n<meta name=\"twitter:card\" content=\"summary_large_image\" \/>\n<meta name=\"twitter:label1\" content=\"Napisao\/la\" \/>\n\t<meta name=\"twitter:data1\" content=\"pilar-admin\" \/>\n\t<meta name=\"twitter:label2\" content=\"Procijenjeno vrijeme \u010ditanja\" \/>\n\t<meta name=\"twitter:data2\" content=\"1 minuta\" \/>\n<script type=\"application\/ld+json\" class=\"yoast-schema-graph\">{\"@context\":\"https:\/\/schema.org\",\"@graph\":[{\"@type\":\"WebPage\",\"@id\":\"https:\/\/www.vegaintro-projekti.com\/pilar-stari\/2011\/10\/2-tribina-u-splitu-u-povodu-20-godina-instituta-ivo-pilar-20102011\/\",\"url\":\"https:\/\/www.vegaintro-projekti.com\/pilar-stari\/2011\/10\/2-tribina-u-splitu-u-povodu-20-godina-instituta-ivo-pilar-20102011\/\",\"name\":\"2. tribina u Splitu: 20 GODINA ISTRA\u017dIVANJA INSTITUTA PILAR, 20.10.2011. - Institut dru&scaron;tvenih znanosti Ivo Pilar\",\"isPartOf\":{\"@id\":\"https:\/\/www.vegaintro-projekti.com\/pilar-stari\/#website\"},\"datePublished\":\"2011-10-17T14:37:20+00:00\",\"dateModified\":\"2017-12-07T14:12:44+00:00\",\"author\":{\"@id\":\"https:\/\/www.vegaintro-projekti.com\/pilar-stari\/#\/schema\/person\/c0db50ebd77c4409e19b18044bbf10c1\"},\"breadcrumb\":{\"@id\":\"https:\/\/www.vegaintro-projekti.com\/pilar-stari\/2011\/10\/2-tribina-u-splitu-u-povodu-20-godina-instituta-ivo-pilar-20102011\/#breadcrumb\"},\"inLanguage\":\"hr\",\"potentialAction\":[{\"@type\":\"ReadAction\",\"target\":[\"https:\/\/www.vegaintro-projekti.com\/pilar-stari\/2011\/10\/2-tribina-u-splitu-u-povodu-20-godina-instituta-ivo-pilar-20102011\/\"]}]},{\"@type\":\"BreadcrumbList\",\"@id\":\"https:\/\/www.vegaintro-projekti.com\/pilar-stari\/2011\/10\/2-tribina-u-splitu-u-povodu-20-godina-instituta-ivo-pilar-20102011\/#breadcrumb\",\"itemListElement\":[{\"@type\":\"ListItem\",\"position\":1,\"name\":\"Home\",\"item\":\"https:\/\/www.vegaintro-projekti.com\/pilar-stari\/\"},{\"@type\":\"ListItem\",\"position\":2,\"name\":\"2. tribina u Splitu: 20 GODINA ISTRA\u017dIVANJA INSTITUTA PILAR, 20.10.2011.\"}]},{\"@type\":\"WebSite\",\"@id\":\"https:\/\/www.vegaintro-projekti.com\/pilar-stari\/#website\",\"url\":\"https:\/\/www.vegaintro-projekti.com\/pilar-stari\/\",\"name\":\"Institut dru&scaron;tvenih znanosti Ivo Pilar\",\"description\":\"Pilar\",\"potentialAction\":[{\"@type\":\"SearchAction\",\"target\":{\"@type\":\"EntryPoint\",\"urlTemplate\":\"https:\/\/www.vegaintro-projekti.com\/pilar-stari\/?s={search_term_string}\"},\"query-input\":\"required name=search_term_string\"}],\"inLanguage\":\"hr\"},{\"@type\":\"Person\",\"@id\":\"https:\/\/www.vegaintro-projekti.com\/pilar-stari\/#\/schema\/person\/c0db50ebd77c4409e19b18044bbf10c1\",\"name\":\"pilar-admin\",\"image\":{\"@type\":\"ImageObject\",\"inLanguage\":\"hr\",\"@id\":\"https:\/\/www.vegaintro-projekti.com\/pilar-stari\/#\/schema\/person\/image\/\",\"url\":\"https:\/\/secure.gravatar.com\/avatar\/fac9e03c4db0011b9c1ad8b5e9c74b8c?s=96&d=mm&r=g\",\"contentUrl\":\"https:\/\/secure.gravatar.com\/avatar\/fac9e03c4db0011b9c1ad8b5e9c74b8c?s=96&d=mm&r=g\",\"caption\":\"pilar-admin\"},\"url\":\"https:\/\/www.vegaintro-projekti.com\/pilar-stari\/author\/pilar-admin\/\"}]}<\/script>\n<!-- \/ Yoast SEO plugin. -->","yoast_head_json":{"title":"2. tribina u Splitu: 20 GODINA ISTRA\u017dIVANJA INSTITUTA PILAR, 20.10.2011. - Institut dru&scaron;tvenih znanosti Ivo Pilar","robots":{"index":"noindex","follow":"follow","max-snippet":"max-snippet:-1","max-image-preview":"max-image-preview:large","max-video-preview":"max-video-preview:-1"},"og_locale":"hr_HR","og_type":"article","og_title":"2. tribina u Splitu: 20 GODINA ISTRA\u017dIVANJA INSTITUTA PILAR, 20.10.2011. - Institut dru&scaron;tvenih znanosti Ivo Pilar","og_description":"U sklopu programa znanstvenih tribina 20 GODINA ISTRA\u017dIVANJA INSTITUTA PILAR u Podru\u010dnom centru Instituta u Splitu 20. listopada 2011. odr\u017eana je 2. tribina s izlaganjima dr. sc. Zlatka Matijevi\u0107a (Ivo Pilar i moderni hrvatski identitet), dr. sc. Zlatka Hasanbegovi\u0107a (Pilar: \u010dasopis za dru\u0161tvene i humanisti\u010dke studije) te dr. sc. Vlade \u0160aki\u0107a, Ivane Vrselja i Anje&hellip; Pro\u010ditaj vi\u0161e o 2. tribina u Splitu: 20 GODINA ISTRA\u017dIVANJA INSTITUTA PILAR, 20.10.2011.","og_url":"https:\/\/www.vegaintro-projekti.com\/pilar-stari\/2011\/10\/2-tribina-u-splitu-u-povodu-20-godina-instituta-ivo-pilar-20102011\/","og_site_name":"Institut dru&scaron;tvenih znanosti Ivo Pilar","article_published_time":"2011-10-17T14:37:20+00:00","article_modified_time":"2017-12-07T14:12:44+00:00","og_image":[{"url":"https:\/\/www.vegaintro-projekti.com\/pilar-stari\/wp-content\/images\/stories\/fotografije\/podrucni\/split\/03_st2.jpg"}],"author":"pilar-admin","twitter_card":"summary_large_image","twitter_misc":{"Napisao\/la":"pilar-admin","Procijenjeno vrijeme \u010ditanja":"1 minuta"},"schema":{"@context":"https:\/\/schema.org","@graph":[{"@type":"WebPage","@id":"https:\/\/www.vegaintro-projekti.com\/pilar-stari\/2011\/10\/2-tribina-u-splitu-u-povodu-20-godina-instituta-ivo-pilar-20102011\/","url":"https:\/\/www.vegaintro-projekti.com\/pilar-stari\/2011\/10\/2-tribina-u-splitu-u-povodu-20-godina-instituta-ivo-pilar-20102011\/","name":"2. tribina u Splitu: 20 GODINA ISTRA\u017dIVANJA INSTITUTA PILAR, 20.10.2011. - Institut dru&scaron;tvenih znanosti Ivo Pilar","isPartOf":{"@id":"https:\/\/www.vegaintro-projekti.com\/pilar-stari\/#website"},"datePublished":"2011-10-17T14:37:20+00:00","dateModified":"2017-12-07T14:12:44+00:00","author":{"@id":"https:\/\/www.vegaintro-projekti.com\/pilar-stari\/#\/schema\/person\/c0db50ebd77c4409e19b18044bbf10c1"},"breadcrumb":{"@id":"https:\/\/www.vegaintro-projekti.com\/pilar-stari\/2011\/10\/2-tribina-u-splitu-u-povodu-20-godina-instituta-ivo-pilar-20102011\/#breadcrumb"},"inLanguage":"hr","potentialAction":[{"@type":"ReadAction","target":["https:\/\/www.vegaintro-projekti.com\/pilar-stari\/2011\/10\/2-tribina-u-splitu-u-povodu-20-godina-instituta-ivo-pilar-20102011\/"]}]},{"@type":"BreadcrumbList","@id":"https:\/\/www.vegaintro-projekti.com\/pilar-stari\/2011\/10\/2-tribina-u-splitu-u-povodu-20-godina-instituta-ivo-pilar-20102011\/#breadcrumb","itemListElement":[{"@type":"ListItem","position":1,"name":"Home","item":"https:\/\/www.vegaintro-projekti.com\/pilar-stari\/"},{"@type":"ListItem","position":2,"name":"2. tribina u Splitu: 20 GODINA ISTRA\u017dIVANJA INSTITUTA PILAR, 20.10.2011."}]},{"@type":"WebSite","@id":"https:\/\/www.vegaintro-projekti.com\/pilar-stari\/#website","url":"https:\/\/www.vegaintro-projekti.com\/pilar-stari\/","name":"Institut dru&scaron;tvenih znanosti Ivo Pilar","description":"Pilar","potentialAction":[{"@type":"SearchAction","target":{"@type":"EntryPoint","urlTemplate":"https:\/\/www.vegaintro-projekti.com\/pilar-stari\/?s={search_term_string}"},"query-input":"required name=search_term_string"}],"inLanguage":"hr"},{"@type":"Person","@id":"https:\/\/www.vegaintro-projekti.com\/pilar-stari\/#\/schema\/person\/c0db50ebd77c4409e19b18044bbf10c1","name":"pilar-admin","image":{"@type":"ImageObject","inLanguage":"hr","@id":"https:\/\/www.vegaintro-projekti.com\/pilar-stari\/#\/schema\/person\/image\/","url":"https:\/\/secure.gravatar.com\/avatar\/fac9e03c4db0011b9c1ad8b5e9c74b8c?s=96&d=mm&r=g","contentUrl":"https:\/\/secure.gravatar.com\/avatar\/fac9e03c4db0011b9c1ad8b5e9c74b8c?s=96&d=mm&r=g","caption":"pilar-admin"},"url":"https:\/\/www.vegaintro-projekti.com\/pilar-stari\/author\/pilar-admin\/"}]}},"_links":{"self":[{"href":"https:\/\/www.vegaintro-projekti.com\/pilar-stari\/wp-json\/wp\/v2\/posts\/411"}],"collection":[{"href":"https:\/\/www.vegaintro-projekti.com\/pilar-stari\/wp-json\/wp\/v2\/posts"}],"about":[{"href":"https:\/\/www.vegaintro-projekti.com\/pilar-stari\/wp-json\/wp\/v2\/types\/post"}],"author":[{"embeddable":true,"href":"https:\/\/www.vegaintro-projekti.com\/pilar-stari\/wp-json\/wp\/v2\/users\/1"}],"replies":[{"embeddable":true,"href":"https:\/\/www.vegaintro-projekti.com\/pilar-stari\/wp-json\/wp\/v2\/comments?post=411"}],"version-history":[{"count":4,"href":"https:\/\/www.vegaintro-projekti.com\/pilar-stari\/wp-json\/wp\/v2\/posts\/411\/revisions"}],"predecessor-version":[{"id":6984,"href":"https:\/\/www.vegaintro-projekti.com\/pilar-stari\/wp-json\/wp\/v2\/posts\/411\/revisions\/6984"}],"wp:attachment":[{"href":"https:\/\/www.vegaintro-projekti.com\/pilar-stari\/wp-json\/wp\/v2\/media?parent=411"}],"wp:term":[{"taxonomy":"category","embeddable":true,"href":"https:\/\/www.vegaintro-projekti.com\/pilar-stari\/wp-json\/wp\/v2\/categories?post=411"},{"taxonomy":"post_tag","embeddable":true,"href":"https:\/\/www.vegaintro-projekti.com\/pilar-stari\/wp-json\/wp\/v2\/tags?post=411"}],"curies":[{"name":"wp","href":"https:\/\/api.w.org\/{rel}","templated":true}]}}