{"id":4146,"date":"2017-07-11T21:51:11","date_gmt":"2017-07-11T21:51:11","guid":{"rendered":"https:\/\/www.vegaintro-projekti.com\/pilar-stari\/2017\/07\/predstavljanje-zbornika-covjek-i-smrt-13-7-2017\/"},"modified":"2018-01-06T14:55:39","modified_gmt":"2018-01-06T14:55:39","slug":"predstavljanje-zbornika-covjek-i-smrt-13-7-2017","status":"publish","type":"post","link":"https:\/\/www.vegaintro-projekti.com\/pilar-stari\/2017\/07\/predstavljanje-zbornika-covjek-i-smrt-13-7-2017\/","title":{"rendered":"Predstavljanje zbornika \u010cOVJEK I SMRT, 13. 7. 2017."},"content":{"rendered":"<p><strong>Institut dru\u0161tvenih znanosti Ivo Pilar, Hrvatsko katoli\u010dko sveu\u010dili\u0161te i Udruga Posmrtna pripomo\u0107 organizirali su predstavljanje zbornika radova \u010cOVJEK I SMRT. <em>Teolo\u0161ki, filozofski, bioeti\u010dki i dru\u0161tveni pristup<\/em> koje se odr\u017ealo 13. srpnja 2017. godine u Velikoj dvorani Novinarskoga doma, Perkov\u010deva 2, Zagreb. &#8211; <a href=\"https:\/\/www.vegaintro-projekti.com\/pilar-stari\/2017\/10\/objavljen-zbornik-covjek-i-smrt-teoloski-filozofski-bioeticki-i-drustveni-pristup\/\">Zbornik<\/a> | <a href=\"#mediji\">Iz medija<\/a><br \/>\n<\/strong><br \/>\n<a href=\"https:\/\/www.vegaintro-projekti.com\/pilar-stari\/wp-content\/uploads\/2017\/07\/predstavljanje.jpg\"><img decoding=\"async\" loading=\"lazy\" class=\" size-full wp-image-4142\" src=\"https:\/\/www.vegaintro-projekti.com\/pilar-stari\/wp-content\/uploads\/2017\/07\/predstavljanje_s.jpg\" alt=\"predstavljanje s\" width=\"640\" height=\"263\" srcset=\"https:\/\/www.vegaintro-projekti.com\/pilar-stari\/wp-content\/uploads\/2017\/07\/predstavljanje_s.jpg 640w, https:\/\/www.vegaintro-projekti.com\/pilar-stari\/wp-content\/uploads\/2017\/07\/predstavljanje_s-300x123.jpg 300w\" sizes=\"(max-width: 640px) 100vw, 640px\" \/><\/a><\/p>\n<p><span style=\"font-size: 8pt;\"><strong>Predstavljanje zbornika \u010cOVJEK I SMRT; Zagreb, 13. srpnja 2017.<\/strong><\/span><\/p>\n<p><a href=\"https:\/\/www.vegaintro-projekti.com\/pilar-stari\/2017\/10\/objavljen-zbornik-covjek-i-smrt-teoloski-filozofski-bioeticki-i-drustveni-pristup\/\"><img decoding=\"async\" loading=\"lazy\" class=\" size-full wp-image-4143\" src=\"https:\/\/www.vegaintro-projekti.com\/pilar-stari\/wp-content\/uploads\/2017\/07\/covjeksmrt.jpg\" alt=\"covjeksmrt\" width=\"636\" height=\"812\" srcset=\"https:\/\/www.vegaintro-projekti.com\/pilar-stari\/wp-content\/uploads\/2017\/07\/covjeksmrt.jpg 636w, https:\/\/www.vegaintro-projekti.com\/pilar-stari\/wp-content\/uploads\/2017\/07\/covjeksmrt-235x300.jpg 235w\" sizes=\"(max-width: 636px) 100vw, 636px\" \/><\/a><\/p>\n<p>&#8211; <a href=\"https:\/\/www.vegaintro-projekti.com\/pilar-stari\/2017\/10\/objavljen-zbornik-covjek-i-smrt-teoloski-filozofski-bioeticki-i-drustveni-pristup\/\">Zbornik \u010cOVJEK I SMRT: Teolo\u0161ki, filozofski, bioeti\u010dki i dru\u0161tveni pristup<\/a><\/p>\n<p><strong>POZDRAVNE RIJE\u010cI:<\/strong><\/p>\n<p>Prof. dr. sc. Vlado \u0160aki\u0107 (Institut dru\u0161tvenih znanosti Ivo Pilar)<br \/>\nProf. dr. sc. Gordan \u010crpi\u0107 (Hrvatsko katoli\u010dko sveu\u010dili\u0161te)<br \/>\nDr. sc. Boris Kozjak (Udruga Posmrtna pripomo\u0107)<\/p>\n<p><strong>O ZBORNIKU SU GOVORILI:<\/strong><\/p>\n<p>Prof. dr. sc. Ivan Rogi\u0107 (Institut dru\u0161tvenih znanosti Ivo Pilar)<br \/>\nProf. dr. sc. Stjepan Baloban (Katoli\u010dki bogoslovni fakultet Sveu\u010dili\u0161ta u Zagrebu)<br \/>\nProf. dr. sc. Frano Dulibi\u0107 (Odsjek za povijest umjetnosti Filozofskoga fakulteta Sveu\u010dili\u0161ta u Zagrebu)<br \/>\nDoc. dr. sc. Goran Sunajko (Leksikografski zavod Miroslav Krle\u017ea)<br \/>\nProf. dr. sc. Ivan Marke\u0161i\u0107, glavni urednik (Institut dru\u0161tvenih znanosti Ivo Pilar)<\/p>\n<p><a name=\"mediji\"><\/a>&nbsp;<\/p>\n<p><span style=\"font-size: 12pt;\">Iz medija<\/span><br \/>\n&#8211; <a href=\"https:\/\/m.hina.hr\/#content\/9540720\">&nbsp;<\/a><a href=\"https:\/\/m.hina.hr\/#content\/9540720\">https:\/\/m.hina.hr\/#content\/9540720<\/a><br \/>\n&#8211; <a href=\"http:\/\/www.posmrtna-pripomoc.hr\/pozivnica-na-predstavljanje-zbornika-radova-covjek-i-smrt-clanak-492.aspx\">&nbsp;<\/a><a href=\"http:\/\/www.posmrtna-pripomoc.hr\/pozivnica-na-predstavljanje-zbornika-radova-covjek-i-smrt-clanak-492.aspx\">http:\/\/www.posmrtna-pripomoc.hr\/pozivnica-na-predstavljanje-zbornika-radova-covjek-i-smrt-clanak-492.aspx<\/a><br \/>\n&#8211; <a href=\"https:\/\/www.vegaintro-projekti.com\/pilar-stari\/2017\/07\/predstavljanje-zbornika-covjek-i-smrt-13-7-2017\/\">&nbsp;<\/a><a href=\"https:\/\/www.vegaintro-projekti.com\/pilar-stari\/2017\/07\/predstavljanje-zbornika-covjek-i-smrt-13-7-2017\/\">https:\/\/www.vegaintro-projekti.com\/pilar-stari\/novosti\/sve-novosti\/20-izdvojeno\/904-predstavljanje-zbornika-covjek-i-smrt-13-7-2017<\/a><br \/>\n&#8211; <a href=\"https:\/\/www.facebook.com\/pg\/Institut-Ivo-Pilar-314900351976522\/posts\/?ref=page_internal\">&nbsp;<\/a><a href=\"https:\/\/www.facebook.com\/pg\/Institut-Ivo-Pilar-314900351976522\/posts\/?ref=page_internal\">https:\/\/www.facebook.com\/pg\/Institut-Ivo-Pilar-314900351976522\/posts\/?ref=page_internal<\/a><br \/>\n&#8211; <a href=\"http:\/\/www.unicath.hr\/predstavljanje-zbornika-radova-covjek-i-smrt\">&nbsp;<\/a><a href=\"http:\/\/www.unicath.hr\/predstavljanje-zbornika-radova-covjek-i-smrt\">http:\/\/www.unicath.hr\/predstavljanje-zbornika-radova-covjek-i-smrt<\/a><br \/>\n&#8211; <a href=\"http:\/\/www.nacional.hr\/predstavljen-zbornik-radova-covjek-i-smrt\/\">&nbsp;<\/a><a href=\"http:\/\/www.nacional.hr\/predstavljen-zbornik-radova-covjek-i-smrt\/\">http:\/\/www.nacional.hr\/predstavljen-zbornik-radova-covjek-i-smrt\/<\/a><br \/>\n&#8211; <a href=\"http:\/\/www.zvu.hr\/predstavljena-knjiga-zbornik-radova-covjek-i-smrt\/\">&nbsp;<\/a><a href=\"http:\/\/www.zvu.hr\/predstavljena-knjiga-zbornik-radova-covjek-i-smrt\/\">http:\/\/www.zvu.hr\/predstavljena-knjiga-zbornik-radova-covjek-i-smrt\/<\/a><br \/>\n&#8211; &nbsp;https:\/\/www.akzvu.hr\/2017\/07\/14\/predstavljena-knjiga-zbornik-radova-covjek-i-smrt\/<br \/>\n&#8211; <a href=\"http:\/\/culturenet.hr\/default.aspx?id=77323\">&nbsp;<\/a><a href=\"http:\/\/culturenet.hr\/default.aspx?id=77323\">http:\/\/culturenet.hr\/default.aspx?id=77323<\/a><br \/>\n&#8211; <a href=\"http:\/\/www.historiografija.hr\/?p=5247\">&nbsp;<\/a><a href=\"http:\/\/www.historiografija.hr\/?p=5247\">http:\/\/www.historiografija.hr\/?p=5247<\/a><br \/>\n&#8211; <a href=\"http:\/\/trecadob.com\/dodite-i-podrzite-covjek-i-smrt\/\">&nbsp;<\/a><a href=\"http:\/\/trecadob.com\/dodite-i-podrzite-covjek-i-smrt\/\">http:\/\/trecadob.com\/dodite-i-podrzite-covjek-i-smrt\/<\/a><br \/>\n&#8211; &nbsp;https:\/\/www.youtube.com\/watch?v=vAwYB88fHPE<br \/>\n&#8211; <a href=\"https:\/\/laudato.tv\/izdvojeno-14-7-2017-izdan-zbornik-radova-sa-znanstvenog-skupa-odrzanog-na-temu-covjek-i-smrt\/\">&nbsp;<\/a><a href=\"https:\/\/laudato.tv\/izdvojeno-14-7-2017-izdan-zbornik-radova-sa-znanstvenog-skupa-odrzanog-na-temu-covjek-i-smrt\/\">https:\/\/laudato.tv\/izdvojeno-14-7-2017-izdan-zbornik-radova-sa-znanstvenog-skupa-odrzanog-na-temu-covjek-i-smrt\/<\/a><br \/>\n&#8211; <a href=\"https:\/\/hrti.hrt.hr\/video\/show\/3671056\/mir-i-dobro-16-srpnja-2017\">&nbsp;<\/a><a href=\"https:\/\/hrti.hrt.hr\/video\/show\/3671056\/mir-i-dobro-16-srpnja-2017\">https:\/\/hrti.hrt.hr\/video\/show\/3671056\/mir-i-dobro-16-srpnja-2017<\/a><br \/>\n&#8211; <a href=\"https:\/\/www.obavjestajac.hr\/988484\/predstavljen-zbornik-radova-covjek-i-smrt\">&nbsp;<\/a><a href=\"https:\/\/www.obavjestajac.hr\/988484\/predstavljen-zbornik-radova-covjek-i-smrt\">https:\/\/www.obavjestajac.hr\/988484\/predstavljen-zbornik-radova-covjek-i-smrt<\/a><br \/>\n&#8211; <a href=\"https:\/\/ramski-vjesnik.ba\/clanak\/poziv-predstavljanje-zbornika-radova-covjek-smrt\/89593\/\">&nbsp;<\/a><a href=\"https:\/\/ramski-vjesnik.ba\/clanak\/poziv-predstavljanje-zbornika-radova-covjek-smrt\/89593\/\">https:\/\/ramski-vjesnik.ba\/clanak\/poziv-predstavljanje-zbornika-radova-covjek-smrt\/89593\/<\/a><br \/>\n&#8211; <a href=\"http:\/\/www.hkr.hr\/?sec=3&amp;tid=6&amp;cid=65631\">&nbsp;<\/a><a href=\"http:\/\/www.hkr.hr\/?sec=3&amp;tid=6&amp;cid=65631\">http:\/\/www.hkr.hr\/?sec=3&amp;tid=6&amp;cid=65631<\/a><br \/>\n&#8211; <a href=\"https:\/\/www.academia.edu\/33878442\/TEMATIZIRANJE_SMRTI_U_KOMENTARIMA_KURANA?auto=download\">&nbsp;<\/a><a href=\"https:\/\/www.academia.edu\/33878442\/TEMATIZIRANJE_SMRTI_U_KOMENTARIMA_KURANA?auto=download\">https:\/\/www.academia.edu\/33878442\/TEMATIZIRANJE_SMRTI_U_KOMENTARIMA_KURANA?auto=download<\/a><br \/>\n&#8211; <a href=\"https:\/\/fr-fr.facebook.com\/pg\/ghb.ba\/posts\/?ref=page_internal\">&nbsp;<\/a><a href=\"https:\/\/fr-fr.facebook.com\/pg\/ghb.ba\/posts\/?ref=page_internal\">https:\/\/fr-fr.facebook.com\/pg\/ghb.ba\/posts\/?ref=page_internal<\/a><br \/>\n&#8211; <a href=\"https:\/\/www.vecernji.hr\/vijesti\/smrt-je-do-danas-ostala-jednom-od-najtezih-ali-i-potpuno-nerjesivih-zagonetki-zivota-1188222\">&nbsp;<\/a><a href=\"https:\/\/www.vecernji.hr\/vijesti\/smrt-je-do-danas-ostala-jednom-od-najtezih-ali-i-potpuno-nerjesivih-zagonetki-zivota-1188222\">https:\/\/www.vecernji.hr\/vijesti\/smrt-je-do-danas-ostala-jednom-od-najtezih-ali-i-potpuno-nerjesivih-zagonetki-zivota-1188222<\/a><br \/>\n&#8211; <a href=\"https:\/\/www.pressreader.com\/croatia\/vecernji-list-hrvatska\/20170812\/282982515069043\">&nbsp;<\/a><a href=\"https:\/\/www.pressreader.com\/croatia\/vecernji-list-hrvatska\/20170812\/282982515069043\">https:\/\/www.pressreader.com\/croatia\/vecernji-list-hrvatska\/20170812\/282982515069043<\/a><br \/>\n&#8211; <a href=\"http:\/\/www.casopiskvaka.com.hr\/2017\/07\/predstavljanje-zbornika-covjek-i-smrt.html\">&nbsp;<\/a><a href=\"http:\/\/www.casopiskvaka.com.hr\/2017\/07\/predstavljanje-zbornika-covjek-i-smrt.html\">http:\/\/www.casopiskvaka.com.hr\/2017\/07\/predstavljanje-zbornika-covjek-i-smrt.html<\/a><br \/>\n&#8211; <a href=\"http:\/\/www.culturenet.hr\/default.aspx?id=77323\">&nbsp;<\/a><a href=\"http:\/\/www.culturenet.hr\/default.aspx?id=77323\">http:\/\/www.culturenet.hr\/default.aspx?id=77323<\/a><br \/>\n&#8211; <a href=\"https:\/\/www.knjizara-dominovic.hr\/Artikl\/COVJEK-I-SMRT-teoloski-filozofski-bioeticki-i-drustveni-pristup.html?q=cGdcOTQscHJcNzgyMTk%3D\">&nbsp;<\/a><a href=\"https:\/\/www.knjizara-dominovic.hr\/Artikl\/COVJEK-I-SMRT-teoloski-filozofski-bioeticki-i-drustveni-pristup.html?q=cGdcOTQscHJcNzgyMTk%3D\">https:\/\/www.knjizara-dominovic.hr\/Artikl\/COVJEK-I-SMRT-teoloski-filozofski-bioeticki-i-drustveni-pristup.html?q=cGdcOTQscHJcNzgyMTk%3D<\/a><br \/>\n&#8211; <a href=\"https:\/\/www.facebook.com\/media\/set\/?set=a.10213707741075809.1073741899.1473696845&amp;type=3\">&nbsp;<\/a><a href=\"https:\/\/www.facebook.com\/media\/set\/?set=a.10213707741075809.1073741899.1473696845&amp;type=3\">https:\/\/www.facebook.com\/media\/set\/?set=a.10213707741075809.1073741899.1473696845&amp;type=3<\/a><br \/>\n&#8211; <a href=\"https:\/\/www.vegaintro-projekti.com\/pilar-stari\/wp-content\/uploads\/2017\/07\/Sto_je_vjecno-ivot_ili_smrt-Novi_list_15-07-2017.pdf\">Novi list: \u0160to je vje\u010dno &#8211; \u017eivot ili smrt?, 15. srpnja 2017.<\/a><br \/>\n&#8211; <a href=\"https:\/\/www.vegaintro-projekti.com\/pilar-stari\/wp-content\/uploads\/2017\/07\/Smrt_nije_tabu-Glas_koncila_30-07-2017.pdf\">Glas koncila: Smrt nije tabu, 30. srpnja 2017.<\/a><br \/>\n&#8211; <a href=\"https:\/\/hrti.hrt.hr\/video\/show\/4020972\/religijski-forum-02112017\">Hrvatski radio 1. program: RELIGIJSKI FORUM: https:\/\/hrti.hrt.hr\/video\/show\/4020972\/religijski-forum-02112017<\/a><br \/>\n&#8211; <a href=\"http:\/\/Globus \u2013 tiskano izdanje: IVAN MARKE\u0160I\u0106: Smrt je prestala biti obiteljski, a postala je bolni\u010dki doga\u0111aj, 24. studenog 2017., str. 62-65.\">Globus \u2013 tiskano izdanje: IVAN MARKE\u0160I\u0106: Smrt je prestala biti obiteljski, a postala je bolni\u010dki doga\u0111aj, 24. studenog 2017., str. 62-65.<\/a><br \/>\n&#8211; <a href=\"https:\/\/www.jutarnji.hr\/globus\/Globus-zivot\/smrt-je-prestala-biti-obiteljski-a-postala-je-bolnicki-dogadaj\/6789897\/\">https:\/\/www.jutarnji.hr\/globus\/Globus-zivot\/smrt-je-prestala-biti-obiteljski-a-postala-je-bolnicki-dogadaj\/6789897\/<\/a><\/p>\n<p><span style=\"font-size: 12pt;\">&gt;&gt;&gt; <a href=\"https:\/\/www.vegaintro-projekti.com\/pilar-stari\/2017\/10\/objavljen-zbornik-covjek-i-smrt-teoloski-filozofski-bioeticki-i-drustveni-pristup\/\">Objavljen zbornik \u010cOVJEK I SMRT: Teolo\u0161ki, filozofski, bioeti\u010dki i dru\u0161tveni pristup<\/a><\/span><\/p>\n","protected":false},"excerpt":{"rendered":"<p>Institut dru\u0161tvenih znanosti Ivo Pilar, Hrvatsko katoli\u010dko sveu\u010dili\u0161te i Udruga Posmrtna pripomo\u0107 organizirali su predstavljanje zbornika radova \u010cOVJEK I SMRT. Teolo\u0161ki, filozofski, bioeti\u010dki i dru\u0161tveni pristup koje se odr\u017ealo 13. srpnja 2017. godine u Velikoj dvorani Novinarskoga doma, Perkov\u010deva 2, Zagreb. &#8211; Zbornik | Iz medija Predstavljanje zbornika \u010cOVJEK I SMRT; Zagreb, 13. srpnja 2017.&hellip; <a class=\"continue\" href=\"https:\/\/www.vegaintro-projekti.com\/pilar-stari\/2017\/07\/predstavljanje-zbornika-covjek-i-smrt-13-7-2017\/\">Pro\u010ditaj vi\u0161e o<span> Predstavljanje zbornika \u010cOVJEK I SMRT, 13. 7. 2017.<\/span><\/a><\/p>\n","protected":false},"author":1,"featured_media":4140,"comment_status":"open","ping_status":"open","sticky":false,"template":"","format":"standard","meta":{"inline_featured_image":false,"ngg_post_thumbnail":0,"footnotes":""},"categories":[11],"tags":[],"yoast_head":"<!-- This site is optimized with the Yoast SEO plugin v21.2 - https:\/\/yoast.com\/wordpress\/plugins\/seo\/ -->\n<title>Predstavljanje zbornika \u010cOVJEK I SMRT, 13. 7. 2017. - Institut dru&scaron;tvenih znanosti Ivo Pilar<\/title>\n<meta name=\"robots\" content=\"noindex, follow, max-snippet:-1, max-image-preview:large, max-video-preview:-1\" \/>\n<meta property=\"og:locale\" content=\"hr_HR\" \/>\n<meta property=\"og:type\" content=\"article\" \/>\n<meta property=\"og:title\" content=\"Predstavljanje zbornika \u010cOVJEK I SMRT, 13. 7. 2017. - Institut dru&scaron;tvenih znanosti Ivo Pilar\" \/>\n<meta property=\"og:description\" content=\"Institut dru\u0161tvenih znanosti Ivo Pilar, Hrvatsko katoli\u010dko sveu\u010dili\u0161te i Udruga Posmrtna pripomo\u0107 organizirali su predstavljanje zbornika radova \u010cOVJEK I SMRT. Teolo\u0161ki, filozofski, bioeti\u010dki i dru\u0161tveni pristup koje se odr\u017ealo 13. srpnja 2017. godine u Velikoj dvorani Novinarskoga doma, Perkov\u010deva 2, Zagreb. &#8211; Zbornik | Iz medija Predstavljanje zbornika \u010cOVJEK I SMRT; Zagreb, 13. srpnja 2017.&hellip; Pro\u010ditaj vi\u0161e o Predstavljanje zbornika \u010cOVJEK I SMRT, 13. 7. 2017.\" \/>\n<meta property=\"og:url\" content=\"https:\/\/www.vegaintro-projekti.com\/pilar-stari\/2017\/07\/predstavljanje-zbornika-covjek-i-smrt-13-7-2017\/\" \/>\n<meta property=\"og:site_name\" content=\"Institut dru&scaron;tvenih znanosti Ivo Pilar\" \/>\n<meta property=\"article:published_time\" content=\"2017-07-11T21:51:11+00:00\" \/>\n<meta property=\"article:modified_time\" content=\"2018-01-06T14:55:39+00:00\" \/>\n<meta property=\"og:image\" content=\"https:\/\/www.vegaintro-projekti.com\/pilar-stari\/wp-content\/uploads\/2017\/07\/predstavljanje_s.jpg\" \/>\n\t<meta property=\"og:image:width\" content=\"640\" \/>\n\t<meta property=\"og:image:height\" content=\"263\" \/>\n\t<meta property=\"og:image:type\" content=\"image\/jpeg\" \/>\n<meta name=\"author\" content=\"pilar-admin\" \/>\n<meta name=\"twitter:card\" content=\"summary_large_image\" \/>\n<meta name=\"twitter:label1\" content=\"Napisao\/la\" \/>\n\t<meta name=\"twitter:data1\" content=\"pilar-admin\" \/>\n\t<meta name=\"twitter:label2\" content=\"Procijenjeno vrijeme \u010ditanja\" \/>\n\t<meta name=\"twitter:data2\" content=\"2 minute\" \/>\n<script type=\"application\/ld+json\" class=\"yoast-schema-graph\">{\"@context\":\"https:\/\/schema.org\",\"@graph\":[{\"@type\":\"WebPage\",\"@id\":\"https:\/\/www.vegaintro-projekti.com\/pilar-stari\/2017\/07\/predstavljanje-zbornika-covjek-i-smrt-13-7-2017\/\",\"url\":\"https:\/\/www.vegaintro-projekti.com\/pilar-stari\/2017\/07\/predstavljanje-zbornika-covjek-i-smrt-13-7-2017\/\",\"name\":\"Predstavljanje zbornika \u010cOVJEK I SMRT, 13. 7. 2017. - Institut dru&scaron;tvenih znanosti Ivo Pilar\",\"isPartOf\":{\"@id\":\"https:\/\/www.vegaintro-projekti.com\/pilar-stari\/#website\"},\"datePublished\":\"2017-07-11T21:51:11+00:00\",\"dateModified\":\"2018-01-06T14:55:39+00:00\",\"author\":{\"@id\":\"https:\/\/www.vegaintro-projekti.com\/pilar-stari\/#\/schema\/person\/c0db50ebd77c4409e19b18044bbf10c1\"},\"breadcrumb\":{\"@id\":\"https:\/\/www.vegaintro-projekti.com\/pilar-stari\/2017\/07\/predstavljanje-zbornika-covjek-i-smrt-13-7-2017\/#breadcrumb\"},\"inLanguage\":\"hr\",\"potentialAction\":[{\"@type\":\"ReadAction\",\"target\":[\"https:\/\/www.vegaintro-projekti.com\/pilar-stari\/2017\/07\/predstavljanje-zbornika-covjek-i-smrt-13-7-2017\/\"]}]},{\"@type\":\"BreadcrumbList\",\"@id\":\"https:\/\/www.vegaintro-projekti.com\/pilar-stari\/2017\/07\/predstavljanje-zbornika-covjek-i-smrt-13-7-2017\/#breadcrumb\",\"itemListElement\":[{\"@type\":\"ListItem\",\"position\":1,\"name\":\"Home\",\"item\":\"https:\/\/www.vegaintro-projekti.com\/pilar-stari\/\"},{\"@type\":\"ListItem\",\"position\":2,\"name\":\"Predstavljanje zbornika \u010cOVJEK I SMRT, 13. 7. 2017.\"}]},{\"@type\":\"WebSite\",\"@id\":\"https:\/\/www.vegaintro-projekti.com\/pilar-stari\/#website\",\"url\":\"https:\/\/www.vegaintro-projekti.com\/pilar-stari\/\",\"name\":\"Institut dru&scaron;tvenih znanosti Ivo Pilar\",\"description\":\"Pilar\",\"potentialAction\":[{\"@type\":\"SearchAction\",\"target\":{\"@type\":\"EntryPoint\",\"urlTemplate\":\"https:\/\/www.vegaintro-projekti.com\/pilar-stari\/?s={search_term_string}\"},\"query-input\":\"required name=search_term_string\"}],\"inLanguage\":\"hr\"},{\"@type\":\"Person\",\"@id\":\"https:\/\/www.vegaintro-projekti.com\/pilar-stari\/#\/schema\/person\/c0db50ebd77c4409e19b18044bbf10c1\",\"name\":\"pilar-admin\",\"image\":{\"@type\":\"ImageObject\",\"inLanguage\":\"hr\",\"@id\":\"https:\/\/www.vegaintro-projekti.com\/pilar-stari\/#\/schema\/person\/image\/\",\"url\":\"https:\/\/secure.gravatar.com\/avatar\/fac9e03c4db0011b9c1ad8b5e9c74b8c?s=96&d=mm&r=g\",\"contentUrl\":\"https:\/\/secure.gravatar.com\/avatar\/fac9e03c4db0011b9c1ad8b5e9c74b8c?s=96&d=mm&r=g\",\"caption\":\"pilar-admin\"},\"url\":\"https:\/\/www.vegaintro-projekti.com\/pilar-stari\/author\/pilar-admin\/\"}]}<\/script>\n<!-- \/ Yoast SEO plugin. -->","yoast_head_json":{"title":"Predstavljanje zbornika \u010cOVJEK I SMRT, 13. 7. 2017. - Institut dru&scaron;tvenih znanosti Ivo Pilar","robots":{"index":"noindex","follow":"follow","max-snippet":"max-snippet:-1","max-image-preview":"max-image-preview:large","max-video-preview":"max-video-preview:-1"},"og_locale":"hr_HR","og_type":"article","og_title":"Predstavljanje zbornika \u010cOVJEK I SMRT, 13. 7. 2017. - Institut dru&scaron;tvenih znanosti Ivo Pilar","og_description":"Institut dru\u0161tvenih znanosti Ivo Pilar, Hrvatsko katoli\u010dko sveu\u010dili\u0161te i Udruga Posmrtna pripomo\u0107 organizirali su predstavljanje zbornika radova \u010cOVJEK I SMRT. Teolo\u0161ki, filozofski, bioeti\u010dki i dru\u0161tveni pristup koje se odr\u017ealo 13. srpnja 2017. godine u Velikoj dvorani Novinarskoga doma, Perkov\u010deva 2, Zagreb. &#8211; Zbornik | Iz medija Predstavljanje zbornika \u010cOVJEK I SMRT; Zagreb, 13. srpnja 2017.&hellip; Pro\u010ditaj vi\u0161e o Predstavljanje zbornika \u010cOVJEK I SMRT, 13. 7. 2017.","og_url":"https:\/\/www.vegaintro-projekti.com\/pilar-stari\/2017\/07\/predstavljanje-zbornika-covjek-i-smrt-13-7-2017\/","og_site_name":"Institut dru&scaron;tvenih znanosti Ivo Pilar","article_published_time":"2017-07-11T21:51:11+00:00","article_modified_time":"2018-01-06T14:55:39+00:00","og_image":[{"width":640,"height":263,"url":"https:\/\/www.vegaintro-projekti.com\/pilar-stari\/wp-content\/uploads\/2017\/07\/predstavljanje_s.jpg","type":"image\/jpeg"}],"author":"pilar-admin","twitter_card":"summary_large_image","twitter_misc":{"Napisao\/la":"pilar-admin","Procijenjeno vrijeme \u010ditanja":"2 minute"},"schema":{"@context":"https:\/\/schema.org","@graph":[{"@type":"WebPage","@id":"https:\/\/www.vegaintro-projekti.com\/pilar-stari\/2017\/07\/predstavljanje-zbornika-covjek-i-smrt-13-7-2017\/","url":"https:\/\/www.vegaintro-projekti.com\/pilar-stari\/2017\/07\/predstavljanje-zbornika-covjek-i-smrt-13-7-2017\/","name":"Predstavljanje zbornika \u010cOVJEK I SMRT, 13. 7. 2017. - Institut dru&scaron;tvenih znanosti Ivo Pilar","isPartOf":{"@id":"https:\/\/www.vegaintro-projekti.com\/pilar-stari\/#website"},"datePublished":"2017-07-11T21:51:11+00:00","dateModified":"2018-01-06T14:55:39+00:00","author":{"@id":"https:\/\/www.vegaintro-projekti.com\/pilar-stari\/#\/schema\/person\/c0db50ebd77c4409e19b18044bbf10c1"},"breadcrumb":{"@id":"https:\/\/www.vegaintro-projekti.com\/pilar-stari\/2017\/07\/predstavljanje-zbornika-covjek-i-smrt-13-7-2017\/#breadcrumb"},"inLanguage":"hr","potentialAction":[{"@type":"ReadAction","target":["https:\/\/www.vegaintro-projekti.com\/pilar-stari\/2017\/07\/predstavljanje-zbornika-covjek-i-smrt-13-7-2017\/"]}]},{"@type":"BreadcrumbList","@id":"https:\/\/www.vegaintro-projekti.com\/pilar-stari\/2017\/07\/predstavljanje-zbornika-covjek-i-smrt-13-7-2017\/#breadcrumb","itemListElement":[{"@type":"ListItem","position":1,"name":"Home","item":"https:\/\/www.vegaintro-projekti.com\/pilar-stari\/"},{"@type":"ListItem","position":2,"name":"Predstavljanje zbornika \u010cOVJEK I SMRT, 13. 7. 2017."}]},{"@type":"WebSite","@id":"https:\/\/www.vegaintro-projekti.com\/pilar-stari\/#website","url":"https:\/\/www.vegaintro-projekti.com\/pilar-stari\/","name":"Institut dru&scaron;tvenih znanosti Ivo Pilar","description":"Pilar","potentialAction":[{"@type":"SearchAction","target":{"@type":"EntryPoint","urlTemplate":"https:\/\/www.vegaintro-projekti.com\/pilar-stari\/?s={search_term_string}"},"query-input":"required name=search_term_string"}],"inLanguage":"hr"},{"@type":"Person","@id":"https:\/\/www.vegaintro-projekti.com\/pilar-stari\/#\/schema\/person\/c0db50ebd77c4409e19b18044bbf10c1","name":"pilar-admin","image":{"@type":"ImageObject","inLanguage":"hr","@id":"https:\/\/www.vegaintro-projekti.com\/pilar-stari\/#\/schema\/person\/image\/","url":"https:\/\/secure.gravatar.com\/avatar\/fac9e03c4db0011b9c1ad8b5e9c74b8c?s=96&d=mm&r=g","contentUrl":"https:\/\/secure.gravatar.com\/avatar\/fac9e03c4db0011b9c1ad8b5e9c74b8c?s=96&d=mm&r=g","caption":"pilar-admin"},"url":"https:\/\/www.vegaintro-projekti.com\/pilar-stari\/author\/pilar-admin\/"}]}},"_links":{"self":[{"href":"https:\/\/www.vegaintro-projekti.com\/pilar-stari\/wp-json\/wp\/v2\/posts\/4146"}],"collection":[{"href":"https:\/\/www.vegaintro-projekti.com\/pilar-stari\/wp-json\/wp\/v2\/posts"}],"about":[{"href":"https:\/\/www.vegaintro-projekti.com\/pilar-stari\/wp-json\/wp\/v2\/types\/post"}],"author":[{"embeddable":true,"href":"https:\/\/www.vegaintro-projekti.com\/pilar-stari\/wp-json\/wp\/v2\/users\/1"}],"replies":[{"embeddable":true,"href":"https:\/\/www.vegaintro-projekti.com\/pilar-stari\/wp-json\/wp\/v2\/comments?post=4146"}],"version-history":[{"count":5,"href":"https:\/\/www.vegaintro-projekti.com\/pilar-stari\/wp-json\/wp\/v2\/posts\/4146\/revisions"}],"predecessor-version":[{"id":8707,"href":"https:\/\/www.vegaintro-projekti.com\/pilar-stari\/wp-json\/wp\/v2\/posts\/4146\/revisions\/8707"}],"wp:featuredmedia":[{"embeddable":true,"href":"https:\/\/www.vegaintro-projekti.com\/pilar-stari\/wp-json\/wp\/v2\/media\/4140"}],"wp:attachment":[{"href":"https:\/\/www.vegaintro-projekti.com\/pilar-stari\/wp-json\/wp\/v2\/media?parent=4146"}],"wp:term":[{"taxonomy":"category","embeddable":true,"href":"https:\/\/www.vegaintro-projekti.com\/pilar-stari\/wp-json\/wp\/v2\/categories?post=4146"},{"taxonomy":"post_tag","embeddable":true,"href":"https:\/\/www.vegaintro-projekti.com\/pilar-stari\/wp-json\/wp\/v2\/tags?post=4146"}],"curies":[{"name":"wp","href":"https:\/\/api.w.org\/{rel}","templated":true}]}}