{"id":4175,"date":"2017-07-21T04:46:38","date_gmt":"2017-07-21T04:46:38","guid":{"rendered":"https:\/\/www.vegaintro-projekti.com\/pilar-stari\/2017\/07\/promise-evaluacija-prve-godine-projekta-u-bruxellesu\/"},"modified":"2017-12-01T12:28:51","modified_gmt":"2017-12-01T12:28:51","slug":"promise-evaluacija-prve-godine-projekta-u-bruxellesu","status":"publish","type":"post","link":"https:\/\/www.vegaintro-projekti.com\/pilar-stari\/2017\/07\/promise-evaluacija-prve-godine-projekta-u-bruxellesu\/","title":{"rendered":"PROMISE: Evaluacija prve godine projekta u Bruxellesu"},"content":{"rendered":"<p><strong>Istra\u017eiva\u010dki tim Instituta Ivo Pilar ve\u0107 godinu dana sudjeluje u provedbi H2020 projekta &#8216;PROMISE&#8217;. Po okon\u010danju prve godine, 3. srpnja je u prostorijama ERC-a (European Research Council) u Bruxellesu odr\u017ean sastanak voditelja radnih paketa s predstavnicima Europske Komisije, evaluatorima prof. Dr. Nick Emler (socijalni psiholog, University of Surrey, Ujedinjeno Kraljevstvo) i prof. Dr. Clemens Kroneberg (sociolog, University of Cologne, Njema\u010dka) te projektnom koordinatoricom Kerstin Wide. Evaluaotori i koordinatorica su po okon\u010danju cjelodnevnog susreta ustvrdili kako su impresionirani s do sada postignutim u realizaciji projekta H2020 &#8216;PROMISE&#8217;.<\/strong>&nbsp;&#8211; <a href=\"https:\/\/www.vegaintro-projekti.com\/pilar-stari\/2016\/07\/institut-ivo-pilar-u-novom-eu-horizon-2020-projektu-promise\/\">Projekt PROMISE<\/a><\/p>\n<p><img decoding=\"async\" loading=\"lazy\" class=\" size-full wp-image-4174\" src=\"https:\/\/www.vegaintro-projekti.com\/pilar-stari\/wp-content\/uploads\/2017\/07\/Promise_1.png\" alt=\"Promise 1\" width=\"640\" height=\"449\" srcset=\"https:\/\/www.vegaintro-projekti.com\/pilar-stari\/wp-content\/uploads\/2017\/07\/Promise_1.png 640w, https:\/\/www.vegaintro-projekti.com\/pilar-stari\/wp-content\/uploads\/2017\/07\/Promise_1-300x210.png 300w\" sizes=\"(max-width: 640px) 100vw, 640px\" \/><\/p>\n<p><span style=\"font-size: 8pt;\"><strong>Projekt PROMISE: Sastanak voditelja radnih paketa s predstavnicima Europske Komisije; Bruxelles, 3. srpnja 2017.<\/strong><\/span><\/p>\n<p>Na sastanku je s prezentacijom i izlaganjem, u ulozi predsjednika eti\u010dkog povjerenstva projekta, sudjelovao dr. sc. Marko Mustapi\u0107. Idu\u0107eg dana je YES Forum (Youth European Social Work Forum; Stuttgart, Njema\u010dka) organizirao okrugli stol na kojem su prisustvovali predstavnici europskih institucija i mre\u017ea nevladinih organizacija koje u svom fokusu djelovanja imaju mladu. Kolega Mustapi\u0107 je tako\u0111er kao istra\u017eiva\u010d na projektu bio sudionikom sastanka po radnim nazivom &#8216;European Policy Network&#8217;.<\/p>\n<p><span style=\"font-size: 12pt;\">&gt;&gt;&gt; <a href=\"https:\/\/www.vegaintro-projekti.com\/pilar-stari\/2016\/07\/institut-ivo-pilar-u-novom-eu-horizon-2020-projektu-promise\/\">Projekt PROMISE<\/a><\/span><\/p>\n<p><\/p>\n","protected":false},"excerpt":{"rendered":"<p>Istra\u017eiva\u010dki tim Instituta Ivo Pilar ve\u0107 godinu dana sudjeluje u provedbi H2020 projekta &#8216;PROMISE&#8217;. Po okon\u010danju prve godine, 3. srpnja je u prostorijama ERC-a (European Research Council) u Bruxellesu odr\u017ean sastanak voditelja radnih paketa s predstavnicima Europske Komisije, evaluatorima prof. Dr. Nick Emler (socijalni psiholog, University of Surrey, Ujedinjeno Kraljevstvo) i prof. Dr. Clemens Kroneberg&hellip; <a class=\"continue\" href=\"https:\/\/www.vegaintro-projekti.com\/pilar-stari\/2017\/07\/promise-evaluacija-prve-godine-projekta-u-bruxellesu\/\">Pro\u010ditaj vi\u0161e o<span> PROMISE: Evaluacija prve godine projekta u Bruxellesu<\/span><\/a><\/p>\n","protected":false},"author":1,"featured_media":4174,"comment_status":"open","ping_status":"open","sticky":false,"template":"","format":"standard","meta":{"inline_featured_image":false,"ngg_post_thumbnail":0,"footnotes":""},"categories":[11],"tags":[],"yoast_head":"<!-- This site is optimized with the Yoast SEO plugin v21.2 - https:\/\/yoast.com\/wordpress\/plugins\/seo\/ -->\n<title>PROMISE: Evaluacija prve godine projekta u Bruxellesu - Institut dru&scaron;tvenih znanosti Ivo Pilar<\/title>\n<meta name=\"robots\" content=\"noindex, follow, max-snippet:-1, max-image-preview:large, max-video-preview:-1\" \/>\n<meta property=\"og:locale\" content=\"hr_HR\" \/>\n<meta property=\"og:type\" content=\"article\" \/>\n<meta property=\"og:title\" content=\"PROMISE: Evaluacija prve godine projekta u Bruxellesu - Institut dru&scaron;tvenih znanosti Ivo Pilar\" \/>\n<meta property=\"og:description\" content=\"Istra\u017eiva\u010dki tim Instituta Ivo Pilar ve\u0107 godinu dana sudjeluje u provedbi H2020 projekta &#8216;PROMISE&#8217;. Po okon\u010danju prve godine, 3. srpnja je u prostorijama ERC-a (European Research Council) u Bruxellesu odr\u017ean sastanak voditelja radnih paketa s predstavnicima Europske Komisije, evaluatorima prof. Dr. Nick Emler (socijalni psiholog, University of Surrey, Ujedinjeno Kraljevstvo) i prof. Dr. Clemens Kroneberg&hellip; Pro\u010ditaj vi\u0161e o PROMISE: Evaluacija prve godine projekta u Bruxellesu\" \/>\n<meta property=\"og:url\" content=\"https:\/\/www.vegaintro-projekti.com\/pilar-stari\/2017\/07\/promise-evaluacija-prve-godine-projekta-u-bruxellesu\/\" \/>\n<meta property=\"og:site_name\" content=\"Institut dru&scaron;tvenih znanosti Ivo Pilar\" \/>\n<meta property=\"article:published_time\" content=\"2017-07-21T04:46:38+00:00\" \/>\n<meta property=\"article:modified_time\" content=\"2017-12-01T12:28:51+00:00\" \/>\n<meta property=\"og:image\" content=\"https:\/\/www.vegaintro-projekti.com\/pilar-stari\/wp-content\/uploads\/2017\/07\/Promise_1.png\" \/>\n\t<meta property=\"og:image:width\" content=\"640\" \/>\n\t<meta property=\"og:image:height\" content=\"449\" \/>\n\t<meta property=\"og:image:type\" content=\"image\/png\" \/>\n<meta name=\"author\" content=\"pilar-admin\" \/>\n<meta name=\"twitter:card\" content=\"summary_large_image\" \/>\n<meta name=\"twitter:label1\" content=\"Napisao\/la\" \/>\n\t<meta name=\"twitter:data1\" content=\"pilar-admin\" \/>\n\t<meta name=\"twitter:label2\" content=\"Procijenjeno vrijeme \u010ditanja\" \/>\n\t<meta name=\"twitter:data2\" content=\"1 minuta\" \/>\n<script type=\"application\/ld+json\" class=\"yoast-schema-graph\">{\"@context\":\"https:\/\/schema.org\",\"@graph\":[{\"@type\":\"WebPage\",\"@id\":\"https:\/\/www.vegaintro-projekti.com\/pilar-stari\/2017\/07\/promise-evaluacija-prve-godine-projekta-u-bruxellesu\/\",\"url\":\"https:\/\/www.vegaintro-projekti.com\/pilar-stari\/2017\/07\/promise-evaluacija-prve-godine-projekta-u-bruxellesu\/\",\"name\":\"PROMISE: Evaluacija prve godine projekta u Bruxellesu - Institut dru&scaron;tvenih znanosti Ivo Pilar\",\"isPartOf\":{\"@id\":\"https:\/\/www.vegaintro-projekti.com\/pilar-stari\/#website\"},\"datePublished\":\"2017-07-21T04:46:38+00:00\",\"dateModified\":\"2017-12-01T12:28:51+00:00\",\"author\":{\"@id\":\"https:\/\/www.vegaintro-projekti.com\/pilar-stari\/#\/schema\/person\/c0db50ebd77c4409e19b18044bbf10c1\"},\"breadcrumb\":{\"@id\":\"https:\/\/www.vegaintro-projekti.com\/pilar-stari\/2017\/07\/promise-evaluacija-prve-godine-projekta-u-bruxellesu\/#breadcrumb\"},\"inLanguage\":\"hr\",\"potentialAction\":[{\"@type\":\"ReadAction\",\"target\":[\"https:\/\/www.vegaintro-projekti.com\/pilar-stari\/2017\/07\/promise-evaluacija-prve-godine-projekta-u-bruxellesu\/\"]}]},{\"@type\":\"BreadcrumbList\",\"@id\":\"https:\/\/www.vegaintro-projekti.com\/pilar-stari\/2017\/07\/promise-evaluacija-prve-godine-projekta-u-bruxellesu\/#breadcrumb\",\"itemListElement\":[{\"@type\":\"ListItem\",\"position\":1,\"name\":\"Home\",\"item\":\"https:\/\/www.vegaintro-projekti.com\/pilar-stari\/\"},{\"@type\":\"ListItem\",\"position\":2,\"name\":\"PROMISE: Evaluacija prve godine projekta u Bruxellesu\"}]},{\"@type\":\"WebSite\",\"@id\":\"https:\/\/www.vegaintro-projekti.com\/pilar-stari\/#website\",\"url\":\"https:\/\/www.vegaintro-projekti.com\/pilar-stari\/\",\"name\":\"Institut dru&scaron;tvenih znanosti Ivo Pilar\",\"description\":\"Pilar\",\"potentialAction\":[{\"@type\":\"SearchAction\",\"target\":{\"@type\":\"EntryPoint\",\"urlTemplate\":\"https:\/\/www.vegaintro-projekti.com\/pilar-stari\/?s={search_term_string}\"},\"query-input\":\"required name=search_term_string\"}],\"inLanguage\":\"hr\"},{\"@type\":\"Person\",\"@id\":\"https:\/\/www.vegaintro-projekti.com\/pilar-stari\/#\/schema\/person\/c0db50ebd77c4409e19b18044bbf10c1\",\"name\":\"pilar-admin\",\"image\":{\"@type\":\"ImageObject\",\"inLanguage\":\"hr\",\"@id\":\"https:\/\/www.vegaintro-projekti.com\/pilar-stari\/#\/schema\/person\/image\/\",\"url\":\"https:\/\/secure.gravatar.com\/avatar\/fac9e03c4db0011b9c1ad8b5e9c74b8c?s=96&d=mm&r=g\",\"contentUrl\":\"https:\/\/secure.gravatar.com\/avatar\/fac9e03c4db0011b9c1ad8b5e9c74b8c?s=96&d=mm&r=g\",\"caption\":\"pilar-admin\"},\"url\":\"https:\/\/www.vegaintro-projekti.com\/pilar-stari\/author\/pilar-admin\/\"}]}<\/script>\n<!-- \/ Yoast SEO plugin. -->","yoast_head_json":{"title":"PROMISE: Evaluacija prve godine projekta u Bruxellesu - Institut dru&scaron;tvenih znanosti Ivo Pilar","robots":{"index":"noindex","follow":"follow","max-snippet":"max-snippet:-1","max-image-preview":"max-image-preview:large","max-video-preview":"max-video-preview:-1"},"og_locale":"hr_HR","og_type":"article","og_title":"PROMISE: Evaluacija prve godine projekta u Bruxellesu - Institut dru&scaron;tvenih znanosti Ivo Pilar","og_description":"Istra\u017eiva\u010dki tim Instituta Ivo Pilar ve\u0107 godinu dana sudjeluje u provedbi H2020 projekta &#8216;PROMISE&#8217;. Po okon\u010danju prve godine, 3. srpnja je u prostorijama ERC-a (European Research Council) u Bruxellesu odr\u017ean sastanak voditelja radnih paketa s predstavnicima Europske Komisije, evaluatorima prof. Dr. Nick Emler (socijalni psiholog, University of Surrey, Ujedinjeno Kraljevstvo) i prof. Dr. Clemens Kroneberg&hellip; Pro\u010ditaj vi\u0161e o PROMISE: Evaluacija prve godine projekta u Bruxellesu","og_url":"https:\/\/www.vegaintro-projekti.com\/pilar-stari\/2017\/07\/promise-evaluacija-prve-godine-projekta-u-bruxellesu\/","og_site_name":"Institut dru&scaron;tvenih znanosti Ivo Pilar","article_published_time":"2017-07-21T04:46:38+00:00","article_modified_time":"2017-12-01T12:28:51+00:00","og_image":[{"width":640,"height":449,"url":"https:\/\/www.vegaintro-projekti.com\/pilar-stari\/wp-content\/uploads\/2017\/07\/Promise_1.png","type":"image\/png"}],"author":"pilar-admin","twitter_card":"summary_large_image","twitter_misc":{"Napisao\/la":"pilar-admin","Procijenjeno vrijeme \u010ditanja":"1 minuta"},"schema":{"@context":"https:\/\/schema.org","@graph":[{"@type":"WebPage","@id":"https:\/\/www.vegaintro-projekti.com\/pilar-stari\/2017\/07\/promise-evaluacija-prve-godine-projekta-u-bruxellesu\/","url":"https:\/\/www.vegaintro-projekti.com\/pilar-stari\/2017\/07\/promise-evaluacija-prve-godine-projekta-u-bruxellesu\/","name":"PROMISE: Evaluacija prve godine projekta u Bruxellesu - Institut dru&scaron;tvenih znanosti Ivo Pilar","isPartOf":{"@id":"https:\/\/www.vegaintro-projekti.com\/pilar-stari\/#website"},"datePublished":"2017-07-21T04:46:38+00:00","dateModified":"2017-12-01T12:28:51+00:00","author":{"@id":"https:\/\/www.vegaintro-projekti.com\/pilar-stari\/#\/schema\/person\/c0db50ebd77c4409e19b18044bbf10c1"},"breadcrumb":{"@id":"https:\/\/www.vegaintro-projekti.com\/pilar-stari\/2017\/07\/promise-evaluacija-prve-godine-projekta-u-bruxellesu\/#breadcrumb"},"inLanguage":"hr","potentialAction":[{"@type":"ReadAction","target":["https:\/\/www.vegaintro-projekti.com\/pilar-stari\/2017\/07\/promise-evaluacija-prve-godine-projekta-u-bruxellesu\/"]}]},{"@type":"BreadcrumbList","@id":"https:\/\/www.vegaintro-projekti.com\/pilar-stari\/2017\/07\/promise-evaluacija-prve-godine-projekta-u-bruxellesu\/#breadcrumb","itemListElement":[{"@type":"ListItem","position":1,"name":"Home","item":"https:\/\/www.vegaintro-projekti.com\/pilar-stari\/"},{"@type":"ListItem","position":2,"name":"PROMISE: Evaluacija prve godine projekta u Bruxellesu"}]},{"@type":"WebSite","@id":"https:\/\/www.vegaintro-projekti.com\/pilar-stari\/#website","url":"https:\/\/www.vegaintro-projekti.com\/pilar-stari\/","name":"Institut dru&scaron;tvenih znanosti Ivo Pilar","description":"Pilar","potentialAction":[{"@type":"SearchAction","target":{"@type":"EntryPoint","urlTemplate":"https:\/\/www.vegaintro-projekti.com\/pilar-stari\/?s={search_term_string}"},"query-input":"required name=search_term_string"}],"inLanguage":"hr"},{"@type":"Person","@id":"https:\/\/www.vegaintro-projekti.com\/pilar-stari\/#\/schema\/person\/c0db50ebd77c4409e19b18044bbf10c1","name":"pilar-admin","image":{"@type":"ImageObject","inLanguage":"hr","@id":"https:\/\/www.vegaintro-projekti.com\/pilar-stari\/#\/schema\/person\/image\/","url":"https:\/\/secure.gravatar.com\/avatar\/fac9e03c4db0011b9c1ad8b5e9c74b8c?s=96&d=mm&r=g","contentUrl":"https:\/\/secure.gravatar.com\/avatar\/fac9e03c4db0011b9c1ad8b5e9c74b8c?s=96&d=mm&r=g","caption":"pilar-admin"},"url":"https:\/\/www.vegaintro-projekti.com\/pilar-stari\/author\/pilar-admin\/"}]}},"_links":{"self":[{"href":"https:\/\/www.vegaintro-projekti.com\/pilar-stari\/wp-json\/wp\/v2\/posts\/4175"}],"collection":[{"href":"https:\/\/www.vegaintro-projekti.com\/pilar-stari\/wp-json\/wp\/v2\/posts"}],"about":[{"href":"https:\/\/www.vegaintro-projekti.com\/pilar-stari\/wp-json\/wp\/v2\/types\/post"}],"author":[{"embeddable":true,"href":"https:\/\/www.vegaintro-projekti.com\/pilar-stari\/wp-json\/wp\/v2\/users\/1"}],"replies":[{"embeddable":true,"href":"https:\/\/www.vegaintro-projekti.com\/pilar-stari\/wp-json\/wp\/v2\/comments?post=4175"}],"version-history":[{"count":1,"href":"https:\/\/www.vegaintro-projekti.com\/pilar-stari\/wp-json\/wp\/v2\/posts\/4175\/revisions"}],"predecessor-version":[{"id":4720,"href":"https:\/\/www.vegaintro-projekti.com\/pilar-stari\/wp-json\/wp\/v2\/posts\/4175\/revisions\/4720"}],"wp:featuredmedia":[{"embeddable":true,"href":"https:\/\/www.vegaintro-projekti.com\/pilar-stari\/wp-json\/wp\/v2\/media\/4174"}],"wp:attachment":[{"href":"https:\/\/www.vegaintro-projekti.com\/pilar-stari\/wp-json\/wp\/v2\/media?parent=4175"}],"wp:term":[{"taxonomy":"category","embeddable":true,"href":"https:\/\/www.vegaintro-projekti.com\/pilar-stari\/wp-json\/wp\/v2\/categories?post=4175"},{"taxonomy":"post_tag","embeddable":true,"href":"https:\/\/www.vegaintro-projekti.com\/pilar-stari\/wp-json\/wp\/v2\/tags?post=4175"}],"curies":[{"name":"wp","href":"https:\/\/api.w.org\/{rel}","templated":true}]}}