{"id":4192,"date":"2017-09-10T18:21:03","date_gmt":"2017-09-10T18:21:03","guid":{"rendered":"https:\/\/www.vegaintro-projekti.com\/pilar-stari\/2017\/09\/predstavljanje-knjige-tragom-hrvata-u-argentini-paragvaju-i-urugvaju-14-9-2017\/"},"modified":"2017-12-19T14:37:11","modified_gmt":"2017-12-19T14:37:11","slug":"predstavljanje-knjige-tragom-hrvata-u-argentini-paragvaju-i-urugvaju-14-9-2017","status":"publish","type":"post","link":"https:\/\/www.vegaintro-projekti.com\/pilar-stari\/2017\/09\/predstavljanje-knjige-tragom-hrvata-u-argentini-paragvaju-i-urugvaju-14-9-2017\/","title":{"rendered":"Predstavljanje knjige &#8220;Tragom Hrvata u Argentini, Paragvaju i Urugvaju&#8221;"},"content":{"rendered":"<table border=\"0\">\n<tbody>\n<tr>\n<td><img decoding=\"async\" loading=\"lazy\" class=\"alignnone wp-image-8388\" src=\"https:\/\/www.vegaintro-projekti.com\/pilar-stari\/wp-content\/uploads\/2017\/09\/1sapu.jpg\" alt=\"\" width=\"191\" height=\"107\"><img decoding=\"async\" loading=\"lazy\" class=\"alignnone wp-image-8389\" src=\"https:\/\/www.vegaintro-projekti.com\/pilar-stari\/wp-content\/uploads\/2017\/09\/2sapu.jpg\" alt=\"\" width=\"191\" height=\"107\"><img decoding=\"async\" loading=\"lazy\" class=\"alignnone wp-image-8390\" src=\"https:\/\/www.vegaintro-projekti.com\/pilar-stari\/wp-content\/uploads\/2017\/09\/3sapu.jpg\" alt=\"\" width=\"191\" height=\"107\"><\/td>\n<td>&nbsp;<\/td>\n<td>&nbsp;<\/td>\n<\/tr>\n<\/tbody>\n<\/table>\n<p><strong>Podru\u010dni centar Instituta Pilar u Vukovaru, Ogranak Matice hrvatske u Vukovaru i Franjeva\u010dki samostan Vukovar organizirali su 14. rujna 2017. sve\u010dano predstavljanje knjige fra mr. sc. Zlatka \u0160pehara &#8220;Tragom Hrvata u Argentini, Paragvaju i Urugvaju&#8221;<\/strong><\/p>\n<p>U lijepo ispunjenoj velikoj dvorani Pastoralnog centra sv. Bono pozdravne su rije\u010di uputili fra Josip Poleto, samostanski i \u017eupni vikar, Lidija Mileti\u0107, predsjednica Ogranka Matice hrvatske u Vukovaru i doc. dr. sc. Dra\u017een \u0160vagelj, pro\u010delnik Zmajskog stola u Vukovaru Dru\u017ebe &#8220;Bra\u0107a Hrvatskoga zmaja&#8221;, dok su biranim rije\u010dima o knjizi govorili njezin urednik prof. dr. sc. Dra\u017een \u017divi\u0107 i sveu\u010dili\u0161na profesorica na Filozofskom fakultetu Sveu\u010dili\u0161ta J. J. Strossmayera u Osijeku prof. dr. sc. Ru\u017eica P\u0161ihistal, ujedno i recenzentica knjige. Na kraju se nazo\u010dnima obratio i sam autor. U umjetni\u010dkom dijelu programa nastupio je Mje\u0161oviti \u017eupni zbor &#8220;Sv. Cecilija&#8221; i Mladen Jaki\u0161i\u0107, solist Be\u010dke narodne opere.<\/p>\n<p><span style=\"font-size: 12pt;\">Iz uredni\u010dkog predgovora<\/span><\/p>\n<p>&#8220;(&#8230;) pri\u010da o hrvatskom iseljeni\u0161tvu najmanje je pri\u010da o brojkama, podatcima, procjenama\u2026 To je, naime, pri\u010da o pojedina\u010dnim ljudskim sudbinama, o te\u0161kom \u017eivotu i radu u tu\u0111ini, ali i o uspjesima, o nostalgiji za zavi\u010dajem, ali i o radostima \u017eivota u novim sredinama, o vjernosti Bogu i hrvatskom rodu, ali i o ljubavi prema novim domovinama koje su u svoja njedra primili hrvatske ljude, sada ve\u0107 \u010detvrte pa i pete generacije. Te su pri\u010de uglavnom skrivene od javnosti, naro\u010dito u Hrvatskoj, ali ih treba otkrivati, jer one nisu samo slika pojedinca nego i okvir u kojemu se hrvatsko nacionalno bi\u0107e borilo za svoj opstanak, od Austro-Ugarske monarhije, preko prve i druge Jugoslavije, pa do dana\u0161nje samostalne i demokratske hrvatske dr\u017eave, koja se jo\u0161 uvijek nije na pravi na\u010din otvorila hrvatskom iseljeni\u0161tvu i prigrlila ga onako kako majka grli svoje netom ro\u0111eno dijete, ili kako otac grli sina nakon \u0161to se vratio iz dalekoga i stranoga svijeta. Neke od tih pri\u010da u svojoj drugoj knjizi o Hrvatima u Argentini, Paragvaju i Urugvaju pripovijeda fra Zlatko \u0160pehar, neumorni sve\u0107enik, franjevac, hodo\u010dasnik i mirotvorac, na stranicama ove pozama\u0161ne knjige koju, draga \u010ditateljice i dragi \u010ditatelju, upravo dr\u017eite u svojim rukama. Kao urednik knjige izra\u017eavam svoju zahvalnost fra Zlatku \u0161to je za sve nas nastavio svoje putovanje po dalekim ju\u017enoameri\u010dkim zemljama u kojima su iseljeni Hrvati ostavili dubok trag u gospodarskom, politi\u010dkom, kulturnom, znanstvenom, sportskom\u2026 smislu i koje su se mnogim Hrvatima zahvalile na razli\u010dite na\u010dine, od javnih priznanja, preko naziva ulica i trgova, pa do imena sveu\u010dili\u0161ta, instituta i fakulteta. Iako fra Zlatko zasigurno nije imao tu namjeru, svojim je djelom (zajedno s prvom knjigom) stvorio nezaobilazni leksikon Hrvata u Ju\u017enoj Americi (&#8230;)&#8221;<br \/>\n&#8211; <a href=\"https:\/\/www.vegaintro-projekti.com\/pilar-stari\/wp-content\/uploads\/2017\/09\/spehar_promocija.pdf\"><span style=\"text-decoration: underline;\">Pozivnica za predstavljanje knjige fra mr. sc. Zlatka \u0160pehara TRAGOM HRVATA U ARGENTINI, PARAGVAJU I&nbsp;URUGVAJU; Vukovar, 14. rujna 2017.<\/span><\/a><\/p>\n<p><a href=\"https:\/\/www.vegaintro-projekti.com\/pilar-stari\/wp-content\/uploads\/2017\/09\/spehar_promocija.pdf\"><img decoding=\"async\" loading=\"lazy\" class=\" size-full wp-image-4191\" src=\"https:\/\/www.vegaintro-projekti.com\/pilar-stari\/wp-content\/uploads\/2017\/09\/spehar_1.jpg\" alt=\"spehar 1\" width=\"640\" height=\"852\" srcset=\"https:\/\/www.vegaintro-projekti.com\/pilar-stari\/wp-content\/uploads\/2017\/09\/spehar_1.jpg 640w, https:\/\/www.vegaintro-projekti.com\/pilar-stari\/wp-content\/uploads\/2017\/09\/spehar_1-225x300.jpg 225w\" sizes=\"(max-width: 640px) 100vw, 640px\" \/><\/a><\/p>\n<p>&gt;&gt;&gt; <a href=\"https:\/\/www.vegaintro-projekti.com\/pilar-stari\/2008\/10\/podruni-centar-vukovar\/\">PODRU\u010cNI CENTAR VUKOVAR<\/a><\/p>\n","protected":false},"excerpt":{"rendered":"<p>&nbsp; &nbsp; Podru\u010dni centar Instituta Pilar u Vukovaru, Ogranak Matice hrvatske u Vukovaru i Franjeva\u010dki samostan Vukovar organizirali su 14. rujna 2017. sve\u010dano predstavljanje knjige fra mr. sc. Zlatka \u0160pehara &#8220;Tragom Hrvata u Argentini, Paragvaju i Urugvaju&#8221; U lijepo ispunjenoj velikoj dvorani Pastoralnog centra sv. Bono pozdravne su rije\u010di uputili fra Josip Poleto, samostanski i&hellip; <a class=\"continue\" href=\"https:\/\/www.vegaintro-projekti.com\/pilar-stari\/2017\/09\/predstavljanje-knjige-tragom-hrvata-u-argentini-paragvaju-i-urugvaju-14-9-2017\/\">Pro\u010ditaj vi\u0161e o<span> Predstavljanje knjige &#8220;Tragom Hrvata u Argentini, Paragvaju i Urugvaju&#8221;<\/span><\/a><\/p>\n","protected":false},"author":1,"featured_media":8391,"comment_status":"open","ping_status":"open","sticky":false,"template":"","format":"standard","meta":{"inline_featured_image":false,"ngg_post_thumbnail":0,"footnotes":""},"categories":[11],"tags":[],"yoast_head":"<!-- This site is optimized with the Yoast SEO plugin v21.2 - https:\/\/yoast.com\/wordpress\/plugins\/seo\/ -->\n<title>Predstavljanje knjige &quot;Tragom Hrvata u Argentini, Paragvaju i Urugvaju&quot; - Institut dru&scaron;tvenih znanosti Ivo Pilar<\/title>\n<meta name=\"robots\" content=\"noindex, follow, max-snippet:-1, max-image-preview:large, max-video-preview:-1\" \/>\n<meta property=\"og:locale\" content=\"hr_HR\" \/>\n<meta property=\"og:type\" content=\"article\" \/>\n<meta property=\"og:title\" content=\"Predstavljanje knjige &quot;Tragom Hrvata u Argentini, Paragvaju i Urugvaju&quot; - Institut dru&scaron;tvenih znanosti Ivo Pilar\" \/>\n<meta property=\"og:description\" content=\"&nbsp; &nbsp; Podru\u010dni centar Instituta Pilar u Vukovaru, Ogranak Matice hrvatske u Vukovaru i Franjeva\u010dki samostan Vukovar organizirali su 14. rujna 2017. sve\u010dano predstavljanje knjige fra mr. sc. Zlatka \u0160pehara &#8220;Tragom Hrvata u Argentini, Paragvaju i Urugvaju&#8221; U lijepo ispunjenoj velikoj dvorani Pastoralnog centra sv. Bono pozdravne su rije\u010di uputili fra Josip Poleto, samostanski i&hellip; Pro\u010ditaj vi\u0161e o Predstavljanje knjige &#8220;Tragom Hrvata u Argentini, Paragvaju i Urugvaju&#8221;\" \/>\n<meta property=\"og:url\" content=\"https:\/\/www.vegaintro-projekti.com\/pilar-stari\/2017\/09\/predstavljanje-knjige-tragom-hrvata-u-argentini-paragvaju-i-urugvaju-14-9-2017\/\" \/>\n<meta property=\"og:site_name\" content=\"Institut dru&scaron;tvenih znanosti Ivo Pilar\" \/>\n<meta property=\"article:published_time\" content=\"2017-09-10T18:21:03+00:00\" \/>\n<meta property=\"article:modified_time\" content=\"2017-12-19T14:37:11+00:00\" \/>\n<meta property=\"og:image\" content=\"https:\/\/www.vegaintro-projekti.com\/pilar-stari\/wp-content\/uploads\/2017\/09\/3apu.jpg\" \/>\n\t<meta property=\"og:image:width\" content=\"1024\" \/>\n\t<meta property=\"og:image:height\" content=\"576\" \/>\n\t<meta property=\"og:image:type\" content=\"image\/jpeg\" \/>\n<meta name=\"author\" content=\"pilar-admin\" \/>\n<meta name=\"twitter:card\" content=\"summary_large_image\" \/>\n<meta name=\"twitter:label1\" content=\"Napisao\/la\" \/>\n\t<meta name=\"twitter:data1\" content=\"pilar-admin\" \/>\n\t<meta name=\"twitter:label2\" content=\"Procijenjeno vrijeme \u010ditanja\" \/>\n\t<meta name=\"twitter:data2\" content=\"2 minute\" \/>\n<script type=\"application\/ld+json\" class=\"yoast-schema-graph\">{\"@context\":\"https:\/\/schema.org\",\"@graph\":[{\"@type\":\"WebPage\",\"@id\":\"https:\/\/www.vegaintro-projekti.com\/pilar-stari\/2017\/09\/predstavljanje-knjige-tragom-hrvata-u-argentini-paragvaju-i-urugvaju-14-9-2017\/\",\"url\":\"https:\/\/www.vegaintro-projekti.com\/pilar-stari\/2017\/09\/predstavljanje-knjige-tragom-hrvata-u-argentini-paragvaju-i-urugvaju-14-9-2017\/\",\"name\":\"Predstavljanje knjige \\\"Tragom Hrvata u Argentini, Paragvaju i Urugvaju\\\" - Institut dru&scaron;tvenih znanosti Ivo Pilar\",\"isPartOf\":{\"@id\":\"https:\/\/www.vegaintro-projekti.com\/pilar-stari\/#website\"},\"datePublished\":\"2017-09-10T18:21:03+00:00\",\"dateModified\":\"2017-12-19T14:37:11+00:00\",\"author\":{\"@id\":\"https:\/\/www.vegaintro-projekti.com\/pilar-stari\/#\/schema\/person\/c0db50ebd77c4409e19b18044bbf10c1\"},\"breadcrumb\":{\"@id\":\"https:\/\/www.vegaintro-projekti.com\/pilar-stari\/2017\/09\/predstavljanje-knjige-tragom-hrvata-u-argentini-paragvaju-i-urugvaju-14-9-2017\/#breadcrumb\"},\"inLanguage\":\"hr\",\"potentialAction\":[{\"@type\":\"ReadAction\",\"target\":[\"https:\/\/www.vegaintro-projekti.com\/pilar-stari\/2017\/09\/predstavljanje-knjige-tragom-hrvata-u-argentini-paragvaju-i-urugvaju-14-9-2017\/\"]}]},{\"@type\":\"BreadcrumbList\",\"@id\":\"https:\/\/www.vegaintro-projekti.com\/pilar-stari\/2017\/09\/predstavljanje-knjige-tragom-hrvata-u-argentini-paragvaju-i-urugvaju-14-9-2017\/#breadcrumb\",\"itemListElement\":[{\"@type\":\"ListItem\",\"position\":1,\"name\":\"Home\",\"item\":\"https:\/\/www.vegaintro-projekti.com\/pilar-stari\/\"},{\"@type\":\"ListItem\",\"position\":2,\"name\":\"Predstavljanje knjige &#8220;Tragom Hrvata u Argentini, Paragvaju i Urugvaju&#8221;\"}]},{\"@type\":\"WebSite\",\"@id\":\"https:\/\/www.vegaintro-projekti.com\/pilar-stari\/#website\",\"url\":\"https:\/\/www.vegaintro-projekti.com\/pilar-stari\/\",\"name\":\"Institut dru&scaron;tvenih znanosti Ivo Pilar\",\"description\":\"Pilar\",\"potentialAction\":[{\"@type\":\"SearchAction\",\"target\":{\"@type\":\"EntryPoint\",\"urlTemplate\":\"https:\/\/www.vegaintro-projekti.com\/pilar-stari\/?s={search_term_string}\"},\"query-input\":\"required name=search_term_string\"}],\"inLanguage\":\"hr\"},{\"@type\":\"Person\",\"@id\":\"https:\/\/www.vegaintro-projekti.com\/pilar-stari\/#\/schema\/person\/c0db50ebd77c4409e19b18044bbf10c1\",\"name\":\"pilar-admin\",\"image\":{\"@type\":\"ImageObject\",\"inLanguage\":\"hr\",\"@id\":\"https:\/\/www.vegaintro-projekti.com\/pilar-stari\/#\/schema\/person\/image\/\",\"url\":\"https:\/\/secure.gravatar.com\/avatar\/fac9e03c4db0011b9c1ad8b5e9c74b8c?s=96&d=mm&r=g\",\"contentUrl\":\"https:\/\/secure.gravatar.com\/avatar\/fac9e03c4db0011b9c1ad8b5e9c74b8c?s=96&d=mm&r=g\",\"caption\":\"pilar-admin\"},\"url\":\"https:\/\/www.vegaintro-projekti.com\/pilar-stari\/author\/pilar-admin\/\"}]}<\/script>\n<!-- \/ Yoast SEO plugin. -->","yoast_head_json":{"title":"Predstavljanje knjige \"Tragom Hrvata u Argentini, Paragvaju i Urugvaju\" - Institut dru&scaron;tvenih znanosti Ivo Pilar","robots":{"index":"noindex","follow":"follow","max-snippet":"max-snippet:-1","max-image-preview":"max-image-preview:large","max-video-preview":"max-video-preview:-1"},"og_locale":"hr_HR","og_type":"article","og_title":"Predstavljanje knjige \"Tragom Hrvata u Argentini, Paragvaju i Urugvaju\" - Institut dru&scaron;tvenih znanosti Ivo Pilar","og_description":"&nbsp; &nbsp; Podru\u010dni centar Instituta Pilar u Vukovaru, Ogranak Matice hrvatske u Vukovaru i Franjeva\u010dki samostan Vukovar organizirali su 14. rujna 2017. sve\u010dano predstavljanje knjige fra mr. sc. Zlatka \u0160pehara &#8220;Tragom Hrvata u Argentini, Paragvaju i Urugvaju&#8221; U lijepo ispunjenoj velikoj dvorani Pastoralnog centra sv. Bono pozdravne su rije\u010di uputili fra Josip Poleto, samostanski i&hellip; Pro\u010ditaj vi\u0161e o Predstavljanje knjige &#8220;Tragom Hrvata u Argentini, Paragvaju i Urugvaju&#8221;","og_url":"https:\/\/www.vegaintro-projekti.com\/pilar-stari\/2017\/09\/predstavljanje-knjige-tragom-hrvata-u-argentini-paragvaju-i-urugvaju-14-9-2017\/","og_site_name":"Institut dru&scaron;tvenih znanosti Ivo Pilar","article_published_time":"2017-09-10T18:21:03+00:00","article_modified_time":"2017-12-19T14:37:11+00:00","og_image":[{"width":1024,"height":576,"url":"https:\/\/www.vegaintro-projekti.com\/pilar-stari\/wp-content\/uploads\/2017\/09\/3apu.jpg","type":"image\/jpeg"}],"author":"pilar-admin","twitter_card":"summary_large_image","twitter_misc":{"Napisao\/la":"pilar-admin","Procijenjeno vrijeme \u010ditanja":"2 minute"},"schema":{"@context":"https:\/\/schema.org","@graph":[{"@type":"WebPage","@id":"https:\/\/www.vegaintro-projekti.com\/pilar-stari\/2017\/09\/predstavljanje-knjige-tragom-hrvata-u-argentini-paragvaju-i-urugvaju-14-9-2017\/","url":"https:\/\/www.vegaintro-projekti.com\/pilar-stari\/2017\/09\/predstavljanje-knjige-tragom-hrvata-u-argentini-paragvaju-i-urugvaju-14-9-2017\/","name":"Predstavljanje knjige \"Tragom Hrvata u Argentini, Paragvaju i Urugvaju\" - Institut dru&scaron;tvenih znanosti Ivo Pilar","isPartOf":{"@id":"https:\/\/www.vegaintro-projekti.com\/pilar-stari\/#website"},"datePublished":"2017-09-10T18:21:03+00:00","dateModified":"2017-12-19T14:37:11+00:00","author":{"@id":"https:\/\/www.vegaintro-projekti.com\/pilar-stari\/#\/schema\/person\/c0db50ebd77c4409e19b18044bbf10c1"},"breadcrumb":{"@id":"https:\/\/www.vegaintro-projekti.com\/pilar-stari\/2017\/09\/predstavljanje-knjige-tragom-hrvata-u-argentini-paragvaju-i-urugvaju-14-9-2017\/#breadcrumb"},"inLanguage":"hr","potentialAction":[{"@type":"ReadAction","target":["https:\/\/www.vegaintro-projekti.com\/pilar-stari\/2017\/09\/predstavljanje-knjige-tragom-hrvata-u-argentini-paragvaju-i-urugvaju-14-9-2017\/"]}]},{"@type":"BreadcrumbList","@id":"https:\/\/www.vegaintro-projekti.com\/pilar-stari\/2017\/09\/predstavljanje-knjige-tragom-hrvata-u-argentini-paragvaju-i-urugvaju-14-9-2017\/#breadcrumb","itemListElement":[{"@type":"ListItem","position":1,"name":"Home","item":"https:\/\/www.vegaintro-projekti.com\/pilar-stari\/"},{"@type":"ListItem","position":2,"name":"Predstavljanje knjige &#8220;Tragom Hrvata u Argentini, Paragvaju i Urugvaju&#8221;"}]},{"@type":"WebSite","@id":"https:\/\/www.vegaintro-projekti.com\/pilar-stari\/#website","url":"https:\/\/www.vegaintro-projekti.com\/pilar-stari\/","name":"Institut dru&scaron;tvenih znanosti Ivo Pilar","description":"Pilar","potentialAction":[{"@type":"SearchAction","target":{"@type":"EntryPoint","urlTemplate":"https:\/\/www.vegaintro-projekti.com\/pilar-stari\/?s={search_term_string}"},"query-input":"required name=search_term_string"}],"inLanguage":"hr"},{"@type":"Person","@id":"https:\/\/www.vegaintro-projekti.com\/pilar-stari\/#\/schema\/person\/c0db50ebd77c4409e19b18044bbf10c1","name":"pilar-admin","image":{"@type":"ImageObject","inLanguage":"hr","@id":"https:\/\/www.vegaintro-projekti.com\/pilar-stari\/#\/schema\/person\/image\/","url":"https:\/\/secure.gravatar.com\/avatar\/fac9e03c4db0011b9c1ad8b5e9c74b8c?s=96&d=mm&r=g","contentUrl":"https:\/\/secure.gravatar.com\/avatar\/fac9e03c4db0011b9c1ad8b5e9c74b8c?s=96&d=mm&r=g","caption":"pilar-admin"},"url":"https:\/\/www.vegaintro-projekti.com\/pilar-stari\/author\/pilar-admin\/"}]}},"_links":{"self":[{"href":"https:\/\/www.vegaintro-projekti.com\/pilar-stari\/wp-json\/wp\/v2\/posts\/4192"}],"collection":[{"href":"https:\/\/www.vegaintro-projekti.com\/pilar-stari\/wp-json\/wp\/v2\/posts"}],"about":[{"href":"https:\/\/www.vegaintro-projekti.com\/pilar-stari\/wp-json\/wp\/v2\/types\/post"}],"author":[{"embeddable":true,"href":"https:\/\/www.vegaintro-projekti.com\/pilar-stari\/wp-json\/wp\/v2\/users\/1"}],"replies":[{"embeddable":true,"href":"https:\/\/www.vegaintro-projekti.com\/pilar-stari\/wp-json\/wp\/v2\/comments?post=4192"}],"version-history":[{"count":12,"href":"https:\/\/www.vegaintro-projekti.com\/pilar-stari\/wp-json\/wp\/v2\/posts\/4192\/revisions"}],"predecessor-version":[{"id":8401,"href":"https:\/\/www.vegaintro-projekti.com\/pilar-stari\/wp-json\/wp\/v2\/posts\/4192\/revisions\/8401"}],"wp:featuredmedia":[{"embeddable":true,"href":"https:\/\/www.vegaintro-projekti.com\/pilar-stari\/wp-json\/wp\/v2\/media\/8391"}],"wp:attachment":[{"href":"https:\/\/www.vegaintro-projekti.com\/pilar-stari\/wp-json\/wp\/v2\/media?parent=4192"}],"wp:term":[{"taxonomy":"category","embeddable":true,"href":"https:\/\/www.vegaintro-projekti.com\/pilar-stari\/wp-json\/wp\/v2\/categories?post=4192"},{"taxonomy":"post_tag","embeddable":true,"href":"https:\/\/www.vegaintro-projekti.com\/pilar-stari\/wp-json\/wp\/v2\/tags?post=4192"}],"curies":[{"name":"wp","href":"https:\/\/api.w.org\/{rel}","templated":true}]}}