{"id":429,"date":"2011-11-21T10:04:23","date_gmt":"2011-11-21T10:04:23","guid":{"rendered":"https:\/\/www.vegaintro-projekti.com\/pilar-stari\/2011\/11\/21\/predstavljanje-studije-modernizacija-u-hrvatskoj-i-hrvatska-odselidba-22112011\/"},"modified":"2017-12-08T08:06:06","modified_gmt":"2017-12-08T08:06:06","slug":"predstavljanje-studije-modernizacija-u-hrvatskoj-i-hrvatska-odselidba-22112011","status":"publish","type":"post","link":"https:\/\/www.vegaintro-projekti.com\/pilar-stari\/2011\/11\/predstavljanje-studije-modernizacija-u-hrvatskoj-i-hrvatska-odselidba-22112011\/","title":{"rendered":"Predstavljena studija MODERNIZACIJA I HRVATSKA ODSELIDBA"},"content":{"rendered":"<p style=\"text-align: left;\"><strong>ZAGREB, 22. studenog 2011. (Hina) &#8211; Studija &#8220;Modernizacija u Hrvatskoj i hrvatska odselidba&#8221; sociologa Ivana Rogi\u0107a i povjesni\u010dara Ivana \u010cizmi\u0107a, u kojoj autori na osnovi multidsciplinarne analize upozoravaju na uzroke, tokove i posljedice odselidbe s kojom se Hrvatska suo\u010dava od turskih osvajanja do danas, predstavili su\u00a0u Hrvatskoj matici iseljenika recenzenti Maja \u0160tambuk i An\u0111elko Akrap<br \/>\u00a0<\/strong><\/p>\n<table border=\"0\">\n<tbody>\n<tr>\n<td><img decoding=\"async\" loading=\"lazy\" height=\"234\" width=\"630\" src=\"https:\/\/www.vegaintro-projekti.com\/pilar-stari\/wp-content\/images\/stories\/fotografije\/publikacije\/promocije\/10710_mm.jpg\" alt=\"10710_mm\" \/><\/td>\n<td valign=\"bottom\"><span style=\"font-size: 8pt;\"><strong><\/strong><\/span><\/td>\n<\/tr>\n<\/tbody>\n<\/table>\n<p style=\"text-align: left;\"><strong><span style=\"font-size: 8pt;\">Autori i recenzenti knjige: Ivan Rogi\u0107, Maja \u0160tambuk, An\u0111elko Akrap i Ivan \u010cizmi\u0107<\/span><\/strong><\/p>\n<table border=\"0\">\n<tbody>\n<tr>\n<td><img decoding=\"async\" loading=\"lazy\" height=\"142\" width=\"210\" src=\"https:\/\/www.vegaintro-projekti.com\/pilar-stari\/wp-content\/images\/stories\/fotografije\/publikacije\/promocije\/10711_m.jpg\" alt=\"10711_m\" \/><\/td>\n<td><img decoding=\"async\" loading=\"lazy\" height=\"142\" width=\"210\" src=\"https:\/\/www.vegaintro-projekti.com\/pilar-stari\/wp-content\/images\/stories\/fotografije\/publikacije\/promocije\/10712_m.jpg\" alt=\"10712_m\" \/><\/td>\n<td><img decoding=\"async\" loading=\"lazy\" height=\"142\" width=\"210\" src=\"https:\/\/www.vegaintro-projekti.com\/pilar-stari\/wp-content\/images\/stories\/fotografije\/publikacije\/promocije\/10713_m.jpg\" alt=\"10713_m\" \/><\/td>\n<\/tr>\n<\/tbody>\n<\/table>\n<p style=\"text-align: left;\"><span style=\"font-size: 8pt;\"><strong>Fotografije: Snje\u017eana Rado\u0161<br \/><\/strong><br \/><\/span>Maja \u0160tambuk ocijenila je knjigu izvornim prinosom dru\u0161tvenim znanostima. Smatra kako su autori iznjedrili teorijsku i prakti\u010dnu knjigu o nezaobilaznoj temi odselidbe. Oni su, kako je rekla, ra\u0161\u010dlanili uzroke i posljedice odselidbe u dru\u0161tvenim, gospodarskim i povijesnim koordinatama, donijev\u0161i pritom mno\u0161tvo podataka o pojavi odselidbe u velikom povijesnom razdoblju, od po\u010detka prve modernizacije 1868. Bitnim dr\u017ei \u0161to je u ra\u0161\u010dlambi odselidbe primijenjen multidisciplinarni pristup, koji se dosad nije primjenjivao.<\/p>\n<table border=\"0\">\n<tbody> <\/tbody>\n<\/table>\n<p style=\"text-align: left;\">&#8220;Rije\u010d je o iznimnom radnom i znanstvenom pothvatu. Knjiga je va\u017ena jer uspostavlja tipologiju odselidbenih procesa, daje izvrsnu ponudu tema i gra\u0111e o toj problematici&#8221;, rekla je \u0160tambuk, dodav\u0161i kako \u0107e studija biti dobrom podlogom budu\u0107im istra\u017eiva\u010dima koji \u0107e se baviti tom pojavom.<\/p>\n<p style=\"text-align: left;\">An\u0111elko Akrap smatra da je knjiga va\u017ean doprinos i demografiji, jer nadilazi sociolo\u0161ko-povijesni okvir. Dr\u017ei da su autori dobro uo\u010dili kako odselidba nije problem koji je nastao samo iz gospodarskih razloga te kako jasno razlu\u010duju tri \u010dimbenika odselidbe &#8211; gospodarski, politi\u010dki i kulturni, kao i povratak koji se svodi na onaj spontani, prisilni i stimulirani.<\/p>\n<p style=\"text-align: left;\">&#8220;Sve tri hrvatske modernizacije stvaraju vi\u0161ak stanovni\u0161tva u pogledu zapo\u0161ljavanja, koje Hrvatska ne mo\u017ee rije\u0161iti ako se ne bude razvijala u prostoru&#8221;, rekao je, dodav\u0161i kako zbog toga \u0161to svoje unutarnje te\u0161ko\u0107e ne mo\u017ee nadma\u0161iti, dolazi do odselidbe koja oduzima najvitalniji dio stanovni\u0161tva.<\/p>\n<p style=\"text-align: left;\">Ivan Rogi\u0107, jedan od autora knjige, upozorio je na nekoliko strukturnih elemenata koji ograni\u010duju razvoj hrvatskog dru\u0161tva. Zbog manjka autonomije imamo izgleda, kako je rekao, na\u0107i se pred problemom odselidbe kako je to bilo u vrijeme dviju prija\u0161njih modernizacija (1868.-1941. i 1945.-1990.). Nadalje i danas funkcionira, kako je dodao, model dualnog dru\u0161tva u obliku piramide, po kojem je &#8220;malen imu\u0107ni sloj na vrhu, a raja dolje&#8221;. Pritom je kao ilustraciju naveo kako 160 milijarda \u0161tednje ima tek malen broj, samo 20 posto stanovni\u0161tva, a ostatak ne \u0161tedi, nego pre\u017eivljava. Smatra da odr\u017eavanje dvojnog modela dru\u0161tva u kontinuitetu ne propu\u0161ta modernizaciju i inovacije. Va\u017enim strukturnim \u010dimbenikom dr\u017ei odnos sredi\u0161ta i ruba jer ono \u0161to je u sredi\u0161tu &#8220;izraubano&#8221; plasira se na rub. Taj model iz prija\u0161njih vremena prenosi se sada, kako je dodao, na EU. I naposljetku, kako je naveo, vlada naslije\u0111eno stajali\u0161te da podru\u010dje uspjeha nije Hrvatska, odnosno najbolje stvari se doga\u0111aju vani. Stoga ni danas ne vidi odselidbene procese u drugoj perspektivi, jer nema druk\u010dijega strate\u0161kog pristupa u Hrvatskoj, budu\u0107i da se sve radi polupragmati\u010dki, a obveze se stalno odga\u0111aju.<\/p>\n<p style=\"text-align: left;\">U ime nakladnika knjige ravnatelj Instituta dri\u0161tvenih znanosti &#8220;Ivo Pilar&#8221; Vlado \u0160aki\u0107 rekao je kako na tragu istra\u017eivanja spomenute teme uskoro kane objaviti Hrvatski iseljeni\u010dki leksikon, koji \u0107e obuhvatiti sve znamenitije ljude koji su radili u iseljenoj Hrvatskoj, \u0161to \u0107e biti put do enciklopedije iseljene Hrvatske.<\/p>\n<p style=\"text-align: left;\">Svrha je bavljenja problematikom iseljene Hrvatske bila, kako je rekao, izgraditi objektivne spoznaje o iseljenoj Hrvatskoj, razbiti predrasude i konstrukcije kako bi se pru\u017eio znanstveni uvid u stvarno stanje.<\/p>\n<p style=\"text-align: left;\">Knjiga &#8220;Modernizacija u Hrvatskoj i hrvatska odselidba&#8221; (471 str.) u izdanju Instituta dru\u0161tvenih znanosti &#8220;Ivo Pilar&#8221; ima \u0161est osnovnih dijelova &#8211; u prvom dijelu iznose se osnovne odredbe odseljeni\u0161tva, u drugomu se analizira odselidba za prve hrvatske modernizacije (1868.- 1941.), u tre\u0107em odselidba za druge modernizacije (1945.-1990.), u \u010detvrtom odselidba nakon 1991., peti sadr\u017ei odnos Katoli\u010dke crkve u Hrvatskoj prema odselidbi i u \u0161estom autori specifi\u010dno razlu\u010duju razine poticajnih odseljeni\u010dkih \u010dimbenika.<\/p>\n<p style=\"text-align: left;\">(Hina)<\/p>\n<p>&#8211; <strong>Hrvatska matica iseljenika:<\/strong> <a href=\"http:\/\/www.matis.hr\/vijesti.php?id=4468\">Predstavljanje knjige MODERNIZACIJA U HRVATSKOJ I HRVATSKA ODELIDBA<\/a><\/p>\n<p>&gt;&gt;&gt; <a href=\"https:\/\/www.vegaintro-projekti.com\/pilar-stari\/2011\/09\/studija-i-rogia-i-i-izmia-modernizacija-u-hrvatskoj-i-hrvatska-odselidba\/\">O studiji MODERNIZACIJA U HRVATSKOJ I HRVATSKA ODSELIDBA: Omot; Impresum; Predgovor; Sadr\u017eaj; Sa\u017eetak; O autorima<\/a><\/p>\n<p style=\"text-align: left;\">&#8211; <a href=\"https:\/\/www.vegaintro-projekti.com\/pilar-stari\/wp-content\/images\/stories\/dokumenti\/studije\/predstavljanja\/odselidba_pozivnica.pdf\">Pozivnica za predstavljanje studije MODERNIZACIJA U HRVATSKOJ I HRVATSKA ODSELIDBA<\/a><\/p>\n<table border=\"0\">\n<tbody>\n<tr>\n<td><\/td>\n<td><a href=\"https:\/\/www.vegaintro-projekti.com\/pilar-stari\/wp-content\/images\/stories\/dokumenti\/studije\/predstavljanja\/odselidba_pozivnica.pdf\"><img decoding=\"async\" loading=\"lazy\" height=\"911\" width=\"640\" src=\"https:\/\/www.vegaintro-projekti.com\/pilar-stari\/wp-content\/images\/stories\/fotografije\/publikacije\/rogic_cizmic.jpg\" alt=\"rogic_cizmic\" \/><\/a><\/td>\n<\/tr>\n<\/tbody>\n<\/table>\n<p style=\"text-align: left;\">&gt;&gt;&gt; <a href=\"https:\/\/www.vegaintro-projekti.com\/pilar-stari\/2011\/09\/studija-i-rogia-i-i-izmia-modernizacija-u-hrvatskoj-i-hrvatska-odselidba\/\">O studiji MODERNIZACIJA U HRVATSKOJ I HRVATSKA ODSELIDBA: Omot; Impresum; Predgovor; Sadr\u017eaj; Sa\u017eetak; O autorima<\/a><\/p>\n<table border=\"0\">\n<tbody> <\/tbody>\n<\/table>\n<p style=\"text-align: left;\">\u00a0<\/p>\n<table border=\"0\">\n<tbody> <\/tbody>\n<\/table>\n<p style=\"text-align: left;\">\u00a0<\/p>\n<table border=\"0\">\n<tbody> <\/tbody>\n<\/table>\n<p style=\"text-align: left;\">\u00a0<\/p>\n<table border=\"0\">\n<tbody> <\/tbody>\n<\/table>\n<p style=\"text-align: left;\">\u00a0<\/p>\n<table border=\"0\">\n<tbody> <\/tbody>\n<\/table>\n<p style=\"text-align: left;\">\u00a0<\/p>\n<table border=\"0\">\n<tbody> <\/tbody>\n<\/table>\n<p style=\"text-align: left;\">\u00a0<\/p>\n<table border=\"0\">\n<tbody> <\/tbody>\n<\/table>\n<p style=\"text-align: left;\">\u00a0<\/p>\n<table border=\"0\">\n<tbody> <\/tbody>\n<\/table>\n<p style=\"text-align: left;\">\u00a0<\/p>\n<table border=\"0\">\n<tbody> <\/tbody>\n<\/table>\n<p style=\"text-align: left;\">\u00a0<\/p>\n<table border=\"0\">\n<tbody> <\/tbody>\n<\/table>\n<p style=\"text-align: left;\">\u00a0<\/p>\n<table border=\"0\">\n<tbody> <\/tbody>\n<\/table>\n<p style=\"text-align: left;\">\u00a0<\/p>\n<table border=\"0\">\n<tbody> <\/tbody>\n<\/table>\n<p style=\"text-align: left;\">\u00a0<\/p>\n<table border=\"0\">\n<tbody> <\/tbody>\n<\/table>\n<p style=\"text-align: left;\">\u00a0<\/p>\n<table border=\"0\">\n<tbody> <\/tbody>\n<\/table>\n<p style=\"text-align: left;\">\u00a0<\/p>\n<table border=\"0\">\n<tbody> <\/tbody>\n<\/table>\n<p style=\"text-align: left;\">\u00a0<\/p>\n<table border=\"0\">\n<tbody> <\/tbody>\n<\/table>\n<p style=\"text-align: left;\">\u00a0<\/p>\n<table border=\"0\">\n<tbody> <\/tbody>\n<\/table>\n<p style=\"text-align: left;\">\u00a0<\/p>\n<table border=\"0\">\n<tbody> <\/tbody>\n<\/table>\n<p style=\"text-align: left;\">\u00a0<\/p>\n<table border=\"0\">\n<tbody> <\/tbody>\n<\/table>\n<p style=\"text-align: left;\">\n<table border=\"0\"> <\/table><\/p>\n","protected":false},"excerpt":{"rendered":"<p>ZAGREB, 22. studenog 2011. (Hina) &#8211; Studija &#8220;Modernizacija u Hrvatskoj i hrvatska odselidba&#8221; sociologa Ivana Rogi\u0107a i povjesni\u010dara Ivana \u010cizmi\u0107a, u kojoj autori na osnovi multidsciplinarne analize upozoravaju na uzroke, tokove i posljedice odselidbe s kojom se Hrvatska suo\u010dava od turskih osvajanja do danas, predstavili su\u00a0u Hrvatskoj matici iseljenika recenzenti Maja \u0160tambuk i An\u0111elko Akrap\u00a0&hellip; <a class=\"continue\" href=\"https:\/\/www.vegaintro-projekti.com\/pilar-stari\/2011\/11\/predstavljanje-studije-modernizacija-u-hrvatskoj-i-hrvatska-odselidba-22112011\/\">Pro\u010ditaj vi\u0161e o<span> Predstavljena studija MODERNIZACIJA I HRVATSKA ODSELIDBA<\/span><\/a><\/p>\n","protected":false},"author":1,"featured_media":0,"comment_status":"open","ping_status":"open","sticky":false,"template":"","format":"standard","meta":{"inline_featured_image":false,"ngg_post_thumbnail":0,"footnotes":""},"categories":[11],"tags":[],"yoast_head":"<!-- This site is optimized with the Yoast SEO plugin v21.2 - https:\/\/yoast.com\/wordpress\/plugins\/seo\/ -->\n<title>Predstavljena studija MODERNIZACIJA I HRVATSKA ODSELIDBA - Institut dru&scaron;tvenih znanosti Ivo Pilar<\/title>\n<meta name=\"robots\" content=\"noindex, follow, max-snippet:-1, max-image-preview:large, max-video-preview:-1\" \/>\n<meta property=\"og:locale\" content=\"hr_HR\" \/>\n<meta property=\"og:type\" content=\"article\" \/>\n<meta property=\"og:title\" content=\"Predstavljena studija MODERNIZACIJA I HRVATSKA ODSELIDBA - Institut dru&scaron;tvenih znanosti Ivo Pilar\" \/>\n<meta property=\"og:description\" content=\"ZAGREB, 22. studenog 2011. (Hina) &#8211; Studija &#8220;Modernizacija u Hrvatskoj i hrvatska odselidba&#8221; sociologa Ivana Rogi\u0107a i povjesni\u010dara Ivana \u010cizmi\u0107a, u kojoj autori na osnovi multidsciplinarne analize upozoravaju na uzroke, tokove i posljedice odselidbe s kojom se Hrvatska suo\u010dava od turskih osvajanja do danas, predstavili su\u00a0u Hrvatskoj matici iseljenika recenzenti Maja \u0160tambuk i An\u0111elko Akrap\u00a0&hellip; Pro\u010ditaj vi\u0161e o Predstavljena studija MODERNIZACIJA I HRVATSKA ODSELIDBA\" \/>\n<meta property=\"og:url\" content=\"https:\/\/www.vegaintro-projekti.com\/pilar-stari\/2011\/11\/predstavljanje-studije-modernizacija-u-hrvatskoj-i-hrvatska-odselidba-22112011\/\" \/>\n<meta property=\"og:site_name\" content=\"Institut dru&scaron;tvenih znanosti Ivo Pilar\" \/>\n<meta property=\"article:published_time\" content=\"2011-11-21T10:04:23+00:00\" \/>\n<meta property=\"article:modified_time\" content=\"2017-12-08T08:06:06+00:00\" \/>\n<meta property=\"og:image\" content=\"https:\/\/www.vegaintro-projekti.com\/pilar-stari\/wp-content\/images\/stories\/fotografije\/publikacije\/promocije\/10710_mm.jpg\" \/>\n<meta name=\"author\" content=\"pilar-admin\" \/>\n<meta name=\"twitter:card\" content=\"summary_large_image\" \/>\n<meta name=\"twitter:label1\" content=\"Napisao\/la\" \/>\n\t<meta name=\"twitter:data1\" content=\"pilar-admin\" \/>\n\t<meta name=\"twitter:label2\" content=\"Procijenjeno vrijeme \u010ditanja\" \/>\n\t<meta name=\"twitter:data2\" content=\"4 minute\" \/>\n<script type=\"application\/ld+json\" class=\"yoast-schema-graph\">{\"@context\":\"https:\/\/schema.org\",\"@graph\":[{\"@type\":\"WebPage\",\"@id\":\"https:\/\/www.vegaintro-projekti.com\/pilar-stari\/2011\/11\/predstavljanje-studije-modernizacija-u-hrvatskoj-i-hrvatska-odselidba-22112011\/\",\"url\":\"https:\/\/www.vegaintro-projekti.com\/pilar-stari\/2011\/11\/predstavljanje-studije-modernizacija-u-hrvatskoj-i-hrvatska-odselidba-22112011\/\",\"name\":\"Predstavljena studija MODERNIZACIJA I HRVATSKA ODSELIDBA - Institut dru&scaron;tvenih znanosti Ivo Pilar\",\"isPartOf\":{\"@id\":\"https:\/\/www.vegaintro-projekti.com\/pilar-stari\/#website\"},\"datePublished\":\"2011-11-21T10:04:23+00:00\",\"dateModified\":\"2017-12-08T08:06:06+00:00\",\"author\":{\"@id\":\"https:\/\/www.vegaintro-projekti.com\/pilar-stari\/#\/schema\/person\/c0db50ebd77c4409e19b18044bbf10c1\"},\"breadcrumb\":{\"@id\":\"https:\/\/www.vegaintro-projekti.com\/pilar-stari\/2011\/11\/predstavljanje-studije-modernizacija-u-hrvatskoj-i-hrvatska-odselidba-22112011\/#breadcrumb\"},\"inLanguage\":\"hr\",\"potentialAction\":[{\"@type\":\"ReadAction\",\"target\":[\"https:\/\/www.vegaintro-projekti.com\/pilar-stari\/2011\/11\/predstavljanje-studije-modernizacija-u-hrvatskoj-i-hrvatska-odselidba-22112011\/\"]}]},{\"@type\":\"BreadcrumbList\",\"@id\":\"https:\/\/www.vegaintro-projekti.com\/pilar-stari\/2011\/11\/predstavljanje-studije-modernizacija-u-hrvatskoj-i-hrvatska-odselidba-22112011\/#breadcrumb\",\"itemListElement\":[{\"@type\":\"ListItem\",\"position\":1,\"name\":\"Home\",\"item\":\"https:\/\/www.vegaintro-projekti.com\/pilar-stari\/\"},{\"@type\":\"ListItem\",\"position\":2,\"name\":\"Predstavljena studija MODERNIZACIJA I HRVATSKA ODSELIDBA\"}]},{\"@type\":\"WebSite\",\"@id\":\"https:\/\/www.vegaintro-projekti.com\/pilar-stari\/#website\",\"url\":\"https:\/\/www.vegaintro-projekti.com\/pilar-stari\/\",\"name\":\"Institut dru&scaron;tvenih znanosti Ivo Pilar\",\"description\":\"Pilar\",\"potentialAction\":[{\"@type\":\"SearchAction\",\"target\":{\"@type\":\"EntryPoint\",\"urlTemplate\":\"https:\/\/www.vegaintro-projekti.com\/pilar-stari\/?s={search_term_string}\"},\"query-input\":\"required name=search_term_string\"}],\"inLanguage\":\"hr\"},{\"@type\":\"Person\",\"@id\":\"https:\/\/www.vegaintro-projekti.com\/pilar-stari\/#\/schema\/person\/c0db50ebd77c4409e19b18044bbf10c1\",\"name\":\"pilar-admin\",\"image\":{\"@type\":\"ImageObject\",\"inLanguage\":\"hr\",\"@id\":\"https:\/\/www.vegaintro-projekti.com\/pilar-stari\/#\/schema\/person\/image\/\",\"url\":\"https:\/\/secure.gravatar.com\/avatar\/fac9e03c4db0011b9c1ad8b5e9c74b8c?s=96&d=mm&r=g\",\"contentUrl\":\"https:\/\/secure.gravatar.com\/avatar\/fac9e03c4db0011b9c1ad8b5e9c74b8c?s=96&d=mm&r=g\",\"caption\":\"pilar-admin\"},\"url\":\"https:\/\/www.vegaintro-projekti.com\/pilar-stari\/author\/pilar-admin\/\"}]}<\/script>\n<!-- \/ Yoast SEO plugin. -->","yoast_head_json":{"title":"Predstavljena studija MODERNIZACIJA I HRVATSKA ODSELIDBA - Institut dru&scaron;tvenih znanosti Ivo Pilar","robots":{"index":"noindex","follow":"follow","max-snippet":"max-snippet:-1","max-image-preview":"max-image-preview:large","max-video-preview":"max-video-preview:-1"},"og_locale":"hr_HR","og_type":"article","og_title":"Predstavljena studija MODERNIZACIJA I HRVATSKA ODSELIDBA - Institut dru&scaron;tvenih znanosti Ivo Pilar","og_description":"ZAGREB, 22. studenog 2011. (Hina) &#8211; Studija &#8220;Modernizacija u Hrvatskoj i hrvatska odselidba&#8221; sociologa Ivana Rogi\u0107a i povjesni\u010dara Ivana \u010cizmi\u0107a, u kojoj autori na osnovi multidsciplinarne analize upozoravaju na uzroke, tokove i posljedice odselidbe s kojom se Hrvatska suo\u010dava od turskih osvajanja do danas, predstavili su\u00a0u Hrvatskoj matici iseljenika recenzenti Maja \u0160tambuk i An\u0111elko Akrap\u00a0&hellip; Pro\u010ditaj vi\u0161e o Predstavljena studija MODERNIZACIJA I HRVATSKA ODSELIDBA","og_url":"https:\/\/www.vegaintro-projekti.com\/pilar-stari\/2011\/11\/predstavljanje-studije-modernizacija-u-hrvatskoj-i-hrvatska-odselidba-22112011\/","og_site_name":"Institut dru&scaron;tvenih znanosti Ivo Pilar","article_published_time":"2011-11-21T10:04:23+00:00","article_modified_time":"2017-12-08T08:06:06+00:00","og_image":[{"url":"https:\/\/www.vegaintro-projekti.com\/pilar-stari\/wp-content\/images\/stories\/fotografije\/publikacije\/promocije\/10710_mm.jpg"}],"author":"pilar-admin","twitter_card":"summary_large_image","twitter_misc":{"Napisao\/la":"pilar-admin","Procijenjeno vrijeme \u010ditanja":"4 minute"},"schema":{"@context":"https:\/\/schema.org","@graph":[{"@type":"WebPage","@id":"https:\/\/www.vegaintro-projekti.com\/pilar-stari\/2011\/11\/predstavljanje-studije-modernizacija-u-hrvatskoj-i-hrvatska-odselidba-22112011\/","url":"https:\/\/www.vegaintro-projekti.com\/pilar-stari\/2011\/11\/predstavljanje-studije-modernizacija-u-hrvatskoj-i-hrvatska-odselidba-22112011\/","name":"Predstavljena studija MODERNIZACIJA I HRVATSKA ODSELIDBA - Institut dru&scaron;tvenih znanosti Ivo Pilar","isPartOf":{"@id":"https:\/\/www.vegaintro-projekti.com\/pilar-stari\/#website"},"datePublished":"2011-11-21T10:04:23+00:00","dateModified":"2017-12-08T08:06:06+00:00","author":{"@id":"https:\/\/www.vegaintro-projekti.com\/pilar-stari\/#\/schema\/person\/c0db50ebd77c4409e19b18044bbf10c1"},"breadcrumb":{"@id":"https:\/\/www.vegaintro-projekti.com\/pilar-stari\/2011\/11\/predstavljanje-studije-modernizacija-u-hrvatskoj-i-hrvatska-odselidba-22112011\/#breadcrumb"},"inLanguage":"hr","potentialAction":[{"@type":"ReadAction","target":["https:\/\/www.vegaintro-projekti.com\/pilar-stari\/2011\/11\/predstavljanje-studije-modernizacija-u-hrvatskoj-i-hrvatska-odselidba-22112011\/"]}]},{"@type":"BreadcrumbList","@id":"https:\/\/www.vegaintro-projekti.com\/pilar-stari\/2011\/11\/predstavljanje-studije-modernizacija-u-hrvatskoj-i-hrvatska-odselidba-22112011\/#breadcrumb","itemListElement":[{"@type":"ListItem","position":1,"name":"Home","item":"https:\/\/www.vegaintro-projekti.com\/pilar-stari\/"},{"@type":"ListItem","position":2,"name":"Predstavljena studija MODERNIZACIJA I HRVATSKA ODSELIDBA"}]},{"@type":"WebSite","@id":"https:\/\/www.vegaintro-projekti.com\/pilar-stari\/#website","url":"https:\/\/www.vegaintro-projekti.com\/pilar-stari\/","name":"Institut dru&scaron;tvenih znanosti Ivo Pilar","description":"Pilar","potentialAction":[{"@type":"SearchAction","target":{"@type":"EntryPoint","urlTemplate":"https:\/\/www.vegaintro-projekti.com\/pilar-stari\/?s={search_term_string}"},"query-input":"required name=search_term_string"}],"inLanguage":"hr"},{"@type":"Person","@id":"https:\/\/www.vegaintro-projekti.com\/pilar-stari\/#\/schema\/person\/c0db50ebd77c4409e19b18044bbf10c1","name":"pilar-admin","image":{"@type":"ImageObject","inLanguage":"hr","@id":"https:\/\/www.vegaintro-projekti.com\/pilar-stari\/#\/schema\/person\/image\/","url":"https:\/\/secure.gravatar.com\/avatar\/fac9e03c4db0011b9c1ad8b5e9c74b8c?s=96&d=mm&r=g","contentUrl":"https:\/\/secure.gravatar.com\/avatar\/fac9e03c4db0011b9c1ad8b5e9c74b8c?s=96&d=mm&r=g","caption":"pilar-admin"},"url":"https:\/\/www.vegaintro-projekti.com\/pilar-stari\/author\/pilar-admin\/"}]}},"_links":{"self":[{"href":"https:\/\/www.vegaintro-projekti.com\/pilar-stari\/wp-json\/wp\/v2\/posts\/429"}],"collection":[{"href":"https:\/\/www.vegaintro-projekti.com\/pilar-stari\/wp-json\/wp\/v2\/posts"}],"about":[{"href":"https:\/\/www.vegaintro-projekti.com\/pilar-stari\/wp-json\/wp\/v2\/types\/post"}],"author":[{"embeddable":true,"href":"https:\/\/www.vegaintro-projekti.com\/pilar-stari\/wp-json\/wp\/v2\/users\/1"}],"replies":[{"embeddable":true,"href":"https:\/\/www.vegaintro-projekti.com\/pilar-stari\/wp-json\/wp\/v2\/comments?post=429"}],"version-history":[{"count":6,"href":"https:\/\/www.vegaintro-projekti.com\/pilar-stari\/wp-json\/wp\/v2\/posts\/429\/revisions"}],"predecessor-version":[{"id":7221,"href":"https:\/\/www.vegaintro-projekti.com\/pilar-stari\/wp-json\/wp\/v2\/posts\/429\/revisions\/7221"}],"wp:attachment":[{"href":"https:\/\/www.vegaintro-projekti.com\/pilar-stari\/wp-json\/wp\/v2\/media?parent=429"}],"wp:term":[{"taxonomy":"category","embeddable":true,"href":"https:\/\/www.vegaintro-projekti.com\/pilar-stari\/wp-json\/wp\/v2\/categories?post=429"},{"taxonomy":"post_tag","embeddable":true,"href":"https:\/\/www.vegaintro-projekti.com\/pilar-stari\/wp-json\/wp\/v2\/tags?post=429"}],"curies":[{"name":"wp","href":"https:\/\/api.w.org\/{rel}","templated":true}]}}