{"id":4338,"date":"2017-10-26T10:56:27","date_gmt":"2017-10-26T10:56:27","guid":{"rendered":"https:\/\/www.vegaintro-projekti.com\/pilar-stari\/2017\/10\/20-skup-vukovar-91-javni-diskursi-i-pozicije-moci-13-14-11-2017\/"},"modified":"2018-01-03T14:02:12","modified_gmt":"2018-01-03T14:02:12","slug":"20-skup-vukovar-91-javni-diskursi-i-pozicije-moci-13-14-11-2017","status":"publish","type":"post","link":"https:\/\/www.vegaintro-projekti.com\/pilar-stari\/2017\/10\/20-skup-vukovar-91-javni-diskursi-i-pozicije-moci-13-14-11-2017\/","title":{"rendered":"20. VUKOVAR &#8217;91.: JAVNI DISKURSI I POZICIJE MO\u0106I, 13.-14. 11. 2017."},"content":{"rendered":"<p><strong>U Vukovaru je 13. i 14. studenoga 2017., u organizaciji Podru\u010dnoga centra Instituta Pilar u Vukovaru, odr\u017ean 20. znanstveno-stru\u010dni skup &#8220;Vukovar 91. &#8211; dvadeset i \u0161esta godina poslije&#8221;, na temu: Vukovar 91.: javni diskursi i pozicije mo\u0107i.&nbsp;&#8211; <a href=\"https:\/\/www.vegaintro-projekti.com\/pilar-stari\/wp-content\/uploads\/2017\/10\/vukovar91-2017_poz-program.pdf\">Pozivnica s programom skupa<\/a> | <a href=\"https:\/\/www.vegaintro-projekti.com\/pilar-stari\/wp-content\/uploads\/2017\/10\/20_Vukovar-Knjiga_sazetaka.pdf\">Programska knji\u017eica<\/a><\/strong><\/p>\n<table border=\"0\">\n<tbody>\n<tr>\n<td><a href=\"https:\/\/www.vegaintro-projekti.com\/pilar-stari\/wp-content\/uploads\/2017\/10\/1.JPG\"><img decoding=\"async\" loading=\"lazy\" class=\" size-full wp-image-4333\" src=\"https:\/\/www.vegaintro-projekti.com\/pilar-stari\/wp-content\/uploads\/2017\/10\/1_s.JPG\" alt=\"1 s\" width=\"212\" height=\"119\"><\/a><\/td>\n<td><a href=\"https:\/\/www.vegaintro-projekti.com\/pilar-stari\/wp-content\/uploads\/2017\/10\/2.JPG\"><img decoding=\"async\" loading=\"lazy\" class=\" size-full wp-image-4335\" src=\"https:\/\/www.vegaintro-projekti.com\/pilar-stari\/wp-content\/uploads\/2017\/10\/2_s.JPG\" alt=\"2 s\" width=\"212\" height=\"119\"><\/a><\/td>\n<td><a href=\"https:\/\/www.vegaintro-projekti.com\/pilar-stari\/wp-content\/uploads\/2017\/07\/3.JPG\"><img decoding=\"async\" loading=\"lazy\" class=\" size-full wp-image-4117\" src=\"https:\/\/www.vegaintro-projekti.com\/pilar-stari\/wp-content\/uploads\/2017\/07\/3_s.JPG\" alt=\"3 s\" width=\"212\" height=\"119\"><\/a><\/td>\n<\/tr>\n<\/tbody>\n<\/table>\n<table border=\"0\">\n<tbody>\n<tr>\n<td><a href=\"https:\/\/www.vegaintro-projekti.com\/pilar-stari\/wp-content\/uploads\/2017\/10\/0.JPG\"><img decoding=\"async\" loading=\"lazy\" class=\" size-full wp-image-4336\" src=\"https:\/\/www.vegaintro-projekti.com\/pilar-stari\/wp-content\/uploads\/2017\/10\/0_s.JPG\" alt=\"0 s\" width=\"646\" height=\"298\"><\/a><\/td>\n<\/tr>\n<\/tbody>\n<\/table>\n<p><span style=\"font-size: 8pt;\"><strong>20. znanstveno-stru\u010dni skup &#8220;Vukovar 91. &#8211; dvadeset i \u0161esta godina poslije&#8221;, na temu: Vukovar 91.: javni diskursi i pozicije mo\u0107i; Vukovar, 13.-14. studenoga 2017.<\/strong><\/span><\/p>\n<p>Prije radnoga dijela skupa sudionici su polaganjem vijenaca, paljenjem svije\u0107a i molitvom na Memorijalnom groblju \u017ertava iz Domovinskog rata i kod masovne grobnice na Ov\u010dari odali po\u0161tovanjem svim poginulim, ubijenim i nestalim hrvatskim braniteljima i civilima u obrani Vukovara. Radni dio skupa odvijao se u hotelu Lav u Vukovaru i na njemu je svoja priop\u0107enja (19) prezentiralo tridesetak autora &#8211; sociologija, antropologa, demografa, povjesni\u010dara, geostratega, jezikoslovaca, sociologa religije, psihologa&#8230; U protokolarnom dijelu skupa sudionike i goste pozdravili su: prof. dr. sc. Goran \u010crpi\u0107, prorektor Hrvatskog katoli\u010dkog sveu\u010dili\u0161ta, Marijan Pavli\u010dek, zamjenik gradona\u010delnika Grada Vukovara, Grgo Krajina, savjetnik \u017eupana Vukovarsko-srijemske \u017eupanije i dr. sc. Julija Barun\u010di\u0107 Pletikosi\u0107, izaslanica predsjednice Republike Hrvatske. Uz njih na skupu je bio i dr. sc. Stanislav \u0160ota, izaslanik \u0110akova\u010dko-osje\u010dkog nadbiskupa msgr. \u0110ure Hrani\u0107a. Tradicionalno, skup je prigodnim rije\u010dima otvorio prof. dr. sc. Vlado \u0160aki\u0107, ravnatelj Instituta Pilar. U prigodi odr\u017eavanja skupa prire\u0111ena je i izlo\u017eba koja je reflektirala njegovu dvadesetogodi\u0161nju povijest. Autori izlo\u017ebe su bili dr. sc. Petar Macut iz Podru\u010dnoga centra Instituta Pilar u Vukovaru i profesor Petar Elez, ravnatelj Dr\u017eavnoga arhiva u Vukovaru.<\/p>\n<p>&#8211; <a href=\"https:\/\/www.vegaintro-projekti.com\/pilar-stari\/wp-content\/uploads\/2017\/10\/vukovar91-2017_poz-program.pdf\">PPOZIVNICA I PROGRAM 20. znanstveno-stru\u010dnog skupa Vukovar &#8217;91. &#8211; dvadeset i \u0161esta godina poslije na temu VUKOVAR &#8217;91. &#8211; JAVNI DISKURSI I POZICIJE MO\u0106I; Vukovar, 13.-14. studenoga 2017.<br \/>\n<\/a>&#8211; <a href=\"https:\/\/www.vegaintro-projekti.com\/pilar-stari\/wp-content\/uploads\/2017\/10\/20_Vukovar-Knjiga_sazetaka.pdf\">PROGRAMSKA KNJI\u017dICA 20. znanstveno-stru\u010dnog skupa Vukovar &#8217;91. &#8211; dvadeset i \u0161esta godina poslije na temu VUKOVAR &#8217;91. &#8211; JAVNI DISKURSI I POZICIJE MO\u0106I; Vukovar, 13.-14. studenoga 2017.<\/a><\/p>\n<p><a href=\"https:\/\/www.vegaintro-projekti.com\/pilar-stari\/wp-content\/uploads\/2017\/10\/vukovar91-2017_poz-program.pdf\"><img decoding=\"async\" loading=\"lazy\" class=\" size-full wp-image-4337\" src=\"https:\/\/www.vegaintro-projekti.com\/pilar-stari\/wp-content\/uploads\/2017\/10\/vukovar91-2017_poz1.jpg\" alt=\"vukovar91-2017 poz1\" width=\"640\" height=\"905\" srcset=\"https:\/\/www.vegaintro-projekti.com\/pilar-stari\/wp-content\/uploads\/2017\/10\/vukovar91-2017_poz1.jpg 640w, https:\/\/www.vegaintro-projekti.com\/pilar-stari\/wp-content\/uploads\/2017\/10\/vukovar91-2017_poz1-212x300.jpg 212w\" sizes=\"(max-width: 640px) 100vw, 640px\" \/><\/a><a href=\"https:\/\/www.vegaintro-projekti.com\/pilar-stari\/wp-content\/uploads\/2017\/10\/20_Vukovar-Knjiga_sazetaka.pdf\" name=\"mediji\">&nbsp;<\/a><\/p>\n<p><span style=\"font-size: 12pt;\"><br \/>\nIz medija<\/span><br \/>\n<strong>&#8211; Vukovar.hr:<\/strong> <a href=\"http:\/\/www.vukovar.hr\/vijesti\/sve-vijesti\/vukovar-mjesto-posebnog-pijeteta\/310-dani-sjecanja-2017\/11863-odrzan-20-znanstveno-strucni-skup-vukovar-91-dvadeset-i-sesta-godina-poslije\">Odr\u017ean 20. znanstveno-stru\u010dni skup &#8220;Vukovar 91. &#8211; dvadeset i \u0161esta godina poslije&#8221;, 13. studenoga 2017.<\/a><\/p>\n<p><strong>&#8211; Hrvatski radio Vukovar:<\/strong> <a href=\"http:\/\/hrv.hr\/vijesti\/aktualnosti\/item\/13162-svecano-otvoren-jubilarni-20-znanstveno-strucni-skup-vukovar-91-dvadeset-i-sesta-godina-poslije\">Sve\u010dano otvoren jubilarni 20. znanstveno-stru\u010dni skup &#8220;Vukovar 91. &#8211; dvadeset i \u0161esta godina poslije&#8221;, 13. studenoga 2017.<\/a><\/p>\n<p>&nbsp;<\/p>\n<p>&gt;&gt;&gt; <a href=\"https:\/\/www.vegaintro-projekti.com\/pilar-stari\/2008\/10\/podruni-centar-vukovar\/\">PODRU\u010cNI CENTAR VUKOVAR<\/a><\/p>\n","protected":false},"excerpt":{"rendered":"<p>U Vukovaru je 13. i 14. studenoga 2017., u organizaciji Podru\u010dnoga centra Instituta Pilar u Vukovaru, odr\u017ean 20. znanstveno-stru\u010dni skup &#8220;Vukovar 91. &#8211; dvadeset i \u0161esta godina poslije&#8221;, na temu: Vukovar 91.: javni diskursi i pozicije mo\u0107i.&nbsp;&#8211; Pozivnica s programom skupa | Programska knji\u017eica 20. znanstveno-stru\u010dni skup &#8220;Vukovar 91. &#8211; dvadeset i \u0161esta godina poslije&#8221;,&hellip; <a class=\"continue\" href=\"https:\/\/www.vegaintro-projekti.com\/pilar-stari\/2017\/10\/20-skup-vukovar-91-javni-diskursi-i-pozicije-moci-13-14-11-2017\/\">Pro\u010ditaj vi\u0161e o<span> 20. VUKOVAR &#8217;91.: JAVNI DISKURSI I POZICIJE MO\u0106I, 13.-14. 11. 2017.<\/span><\/a><\/p>\n","protected":false},"author":1,"featured_media":4330,"comment_status":"open","ping_status":"open","sticky":false,"template":"","format":"standard","meta":{"inline_featured_image":false,"ngg_post_thumbnail":0,"footnotes":""},"categories":[11],"tags":[],"yoast_head":"<!-- This site is optimized with the Yoast SEO plugin v21.2 - https:\/\/yoast.com\/wordpress\/plugins\/seo\/ -->\n<title>20. VUKOVAR &#039;91.: JAVNI DISKURSI I POZICIJE MO\u0106I, 13.-14. 11. 2017. - Institut dru&scaron;tvenih znanosti Ivo Pilar<\/title>\n<meta name=\"robots\" content=\"noindex, follow, max-snippet:-1, max-image-preview:large, max-video-preview:-1\" \/>\n<meta property=\"og:locale\" content=\"hr_HR\" \/>\n<meta property=\"og:type\" content=\"article\" \/>\n<meta property=\"og:title\" content=\"20. VUKOVAR &#039;91.: JAVNI DISKURSI I POZICIJE MO\u0106I, 13.-14. 11. 2017. - Institut dru&scaron;tvenih znanosti Ivo Pilar\" \/>\n<meta property=\"og:description\" content=\"U Vukovaru je 13. i 14. studenoga 2017., u organizaciji Podru\u010dnoga centra Instituta Pilar u Vukovaru, odr\u017ean 20. znanstveno-stru\u010dni skup &#8220;Vukovar 91. &#8211; dvadeset i \u0161esta godina poslije&#8221;, na temu: Vukovar 91.: javni diskursi i pozicije mo\u0107i.&nbsp;&#8211; Pozivnica s programom skupa | Programska knji\u017eica 20. znanstveno-stru\u010dni skup &#8220;Vukovar 91. &#8211; dvadeset i \u0161esta godina poslije&#8221;,&hellip; Pro\u010ditaj vi\u0161e o 20. VUKOVAR &#8217;91.: JAVNI DISKURSI I POZICIJE MO\u0106I, 13.-14. 11. 2017.\" \/>\n<meta property=\"og:url\" content=\"https:\/\/www.vegaintro-projekti.com\/pilar-stari\/2017\/10\/20-skup-vukovar-91-javni-diskursi-i-pozicije-moci-13-14-11-2017\/\" \/>\n<meta property=\"og:site_name\" content=\"Institut dru&scaron;tvenih znanosti Ivo Pilar\" \/>\n<meta property=\"article:published_time\" content=\"2017-10-26T10:56:27+00:00\" \/>\n<meta property=\"article:modified_time\" content=\"2018-01-03T14:02:12+00:00\" \/>\n<meta property=\"og:image\" content=\"https:\/\/www.vegaintro-projekti.com\/pilar-stari\/wp-content\/uploads\/2017\/10\/1_s.JPG\" \/>\n\t<meta property=\"og:image:width\" content=\"212\" \/>\n\t<meta property=\"og:image:height\" content=\"119\" \/>\n\t<meta property=\"og:image:type\" content=\"image\/jpeg\" \/>\n<meta name=\"author\" content=\"pilar-admin\" \/>\n<meta name=\"twitter:card\" content=\"summary_large_image\" \/>\n<meta name=\"twitter:label1\" content=\"Napisao\/la\" \/>\n\t<meta name=\"twitter:data1\" content=\"pilar-admin\" \/>\n\t<meta name=\"twitter:label2\" content=\"Procijenjeno vrijeme \u010ditanja\" \/>\n\t<meta name=\"twitter:data2\" content=\"2 minute\" \/>\n<script type=\"application\/ld+json\" class=\"yoast-schema-graph\">{\"@context\":\"https:\/\/schema.org\",\"@graph\":[{\"@type\":\"WebPage\",\"@id\":\"https:\/\/www.vegaintro-projekti.com\/pilar-stari\/2017\/10\/20-skup-vukovar-91-javni-diskursi-i-pozicije-moci-13-14-11-2017\/\",\"url\":\"https:\/\/www.vegaintro-projekti.com\/pilar-stari\/2017\/10\/20-skup-vukovar-91-javni-diskursi-i-pozicije-moci-13-14-11-2017\/\",\"name\":\"20. VUKOVAR '91.: JAVNI DISKURSI I POZICIJE MO\u0106I, 13.-14. 11. 2017. - Institut dru&scaron;tvenih znanosti Ivo Pilar\",\"isPartOf\":{\"@id\":\"https:\/\/www.vegaintro-projekti.com\/pilar-stari\/#website\"},\"datePublished\":\"2017-10-26T10:56:27+00:00\",\"dateModified\":\"2018-01-03T14:02:12+00:00\",\"author\":{\"@id\":\"https:\/\/www.vegaintro-projekti.com\/pilar-stari\/#\/schema\/person\/c0db50ebd77c4409e19b18044bbf10c1\"},\"breadcrumb\":{\"@id\":\"https:\/\/www.vegaintro-projekti.com\/pilar-stari\/2017\/10\/20-skup-vukovar-91-javni-diskursi-i-pozicije-moci-13-14-11-2017\/#breadcrumb\"},\"inLanguage\":\"hr\",\"potentialAction\":[{\"@type\":\"ReadAction\",\"target\":[\"https:\/\/www.vegaintro-projekti.com\/pilar-stari\/2017\/10\/20-skup-vukovar-91-javni-diskursi-i-pozicije-moci-13-14-11-2017\/\"]}]},{\"@type\":\"BreadcrumbList\",\"@id\":\"https:\/\/www.vegaintro-projekti.com\/pilar-stari\/2017\/10\/20-skup-vukovar-91-javni-diskursi-i-pozicije-moci-13-14-11-2017\/#breadcrumb\",\"itemListElement\":[{\"@type\":\"ListItem\",\"position\":1,\"name\":\"Home\",\"item\":\"https:\/\/www.vegaintro-projekti.com\/pilar-stari\/\"},{\"@type\":\"ListItem\",\"position\":2,\"name\":\"20. VUKOVAR &#8217;91.: JAVNI DISKURSI I POZICIJE MO\u0106I, 13.-14. 11. 2017.\"}]},{\"@type\":\"WebSite\",\"@id\":\"https:\/\/www.vegaintro-projekti.com\/pilar-stari\/#website\",\"url\":\"https:\/\/www.vegaintro-projekti.com\/pilar-stari\/\",\"name\":\"Institut dru&scaron;tvenih znanosti Ivo Pilar\",\"description\":\"Pilar\",\"potentialAction\":[{\"@type\":\"SearchAction\",\"target\":{\"@type\":\"EntryPoint\",\"urlTemplate\":\"https:\/\/www.vegaintro-projekti.com\/pilar-stari\/?s={search_term_string}\"},\"query-input\":\"required name=search_term_string\"}],\"inLanguage\":\"hr\"},{\"@type\":\"Person\",\"@id\":\"https:\/\/www.vegaintro-projekti.com\/pilar-stari\/#\/schema\/person\/c0db50ebd77c4409e19b18044bbf10c1\",\"name\":\"pilar-admin\",\"image\":{\"@type\":\"ImageObject\",\"inLanguage\":\"hr\",\"@id\":\"https:\/\/www.vegaintro-projekti.com\/pilar-stari\/#\/schema\/person\/image\/\",\"url\":\"https:\/\/secure.gravatar.com\/avatar\/fac9e03c4db0011b9c1ad8b5e9c74b8c?s=96&d=mm&r=g\",\"contentUrl\":\"https:\/\/secure.gravatar.com\/avatar\/fac9e03c4db0011b9c1ad8b5e9c74b8c?s=96&d=mm&r=g\",\"caption\":\"pilar-admin\"},\"url\":\"https:\/\/www.vegaintro-projekti.com\/pilar-stari\/author\/pilar-admin\/\"}]}<\/script>\n<!-- \/ Yoast SEO plugin. -->","yoast_head_json":{"title":"20. VUKOVAR '91.: JAVNI DISKURSI I POZICIJE MO\u0106I, 13.-14. 11. 2017. - Institut dru&scaron;tvenih znanosti Ivo Pilar","robots":{"index":"noindex","follow":"follow","max-snippet":"max-snippet:-1","max-image-preview":"max-image-preview:large","max-video-preview":"max-video-preview:-1"},"og_locale":"hr_HR","og_type":"article","og_title":"20. VUKOVAR '91.: JAVNI DISKURSI I POZICIJE MO\u0106I, 13.-14. 11. 2017. - Institut dru&scaron;tvenih znanosti Ivo Pilar","og_description":"U Vukovaru je 13. i 14. studenoga 2017., u organizaciji Podru\u010dnoga centra Instituta Pilar u Vukovaru, odr\u017ean 20. znanstveno-stru\u010dni skup &#8220;Vukovar 91. &#8211; dvadeset i \u0161esta godina poslije&#8221;, na temu: Vukovar 91.: javni diskursi i pozicije mo\u0107i.&nbsp;&#8211; Pozivnica s programom skupa | Programska knji\u017eica 20. znanstveno-stru\u010dni skup &#8220;Vukovar 91. &#8211; dvadeset i \u0161esta godina poslije&#8221;,&hellip; Pro\u010ditaj vi\u0161e o 20. VUKOVAR &#8217;91.: JAVNI DISKURSI I POZICIJE MO\u0106I, 13.-14. 11. 2017.","og_url":"https:\/\/www.vegaintro-projekti.com\/pilar-stari\/2017\/10\/20-skup-vukovar-91-javni-diskursi-i-pozicije-moci-13-14-11-2017\/","og_site_name":"Institut dru&scaron;tvenih znanosti Ivo Pilar","article_published_time":"2017-10-26T10:56:27+00:00","article_modified_time":"2018-01-03T14:02:12+00:00","og_image":[{"width":212,"height":119,"url":"https:\/\/www.vegaintro-projekti.com\/pilar-stari\/wp-content\/uploads\/2017\/10\/1_s.JPG","type":"image\/jpeg"}],"author":"pilar-admin","twitter_card":"summary_large_image","twitter_misc":{"Napisao\/la":"pilar-admin","Procijenjeno vrijeme \u010ditanja":"2 minute"},"schema":{"@context":"https:\/\/schema.org","@graph":[{"@type":"WebPage","@id":"https:\/\/www.vegaintro-projekti.com\/pilar-stari\/2017\/10\/20-skup-vukovar-91-javni-diskursi-i-pozicije-moci-13-14-11-2017\/","url":"https:\/\/www.vegaintro-projekti.com\/pilar-stari\/2017\/10\/20-skup-vukovar-91-javni-diskursi-i-pozicije-moci-13-14-11-2017\/","name":"20. VUKOVAR '91.: JAVNI DISKURSI I POZICIJE MO\u0106I, 13.-14. 11. 2017. - Institut dru&scaron;tvenih znanosti Ivo Pilar","isPartOf":{"@id":"https:\/\/www.vegaintro-projekti.com\/pilar-stari\/#website"},"datePublished":"2017-10-26T10:56:27+00:00","dateModified":"2018-01-03T14:02:12+00:00","author":{"@id":"https:\/\/www.vegaintro-projekti.com\/pilar-stari\/#\/schema\/person\/c0db50ebd77c4409e19b18044bbf10c1"},"breadcrumb":{"@id":"https:\/\/www.vegaintro-projekti.com\/pilar-stari\/2017\/10\/20-skup-vukovar-91-javni-diskursi-i-pozicije-moci-13-14-11-2017\/#breadcrumb"},"inLanguage":"hr","potentialAction":[{"@type":"ReadAction","target":["https:\/\/www.vegaintro-projekti.com\/pilar-stari\/2017\/10\/20-skup-vukovar-91-javni-diskursi-i-pozicije-moci-13-14-11-2017\/"]}]},{"@type":"BreadcrumbList","@id":"https:\/\/www.vegaintro-projekti.com\/pilar-stari\/2017\/10\/20-skup-vukovar-91-javni-diskursi-i-pozicije-moci-13-14-11-2017\/#breadcrumb","itemListElement":[{"@type":"ListItem","position":1,"name":"Home","item":"https:\/\/www.vegaintro-projekti.com\/pilar-stari\/"},{"@type":"ListItem","position":2,"name":"20. VUKOVAR &#8217;91.: JAVNI DISKURSI I POZICIJE MO\u0106I, 13.-14. 11. 2017."}]},{"@type":"WebSite","@id":"https:\/\/www.vegaintro-projekti.com\/pilar-stari\/#website","url":"https:\/\/www.vegaintro-projekti.com\/pilar-stari\/","name":"Institut dru&scaron;tvenih znanosti Ivo Pilar","description":"Pilar","potentialAction":[{"@type":"SearchAction","target":{"@type":"EntryPoint","urlTemplate":"https:\/\/www.vegaintro-projekti.com\/pilar-stari\/?s={search_term_string}"},"query-input":"required name=search_term_string"}],"inLanguage":"hr"},{"@type":"Person","@id":"https:\/\/www.vegaintro-projekti.com\/pilar-stari\/#\/schema\/person\/c0db50ebd77c4409e19b18044bbf10c1","name":"pilar-admin","image":{"@type":"ImageObject","inLanguage":"hr","@id":"https:\/\/www.vegaintro-projekti.com\/pilar-stari\/#\/schema\/person\/image\/","url":"https:\/\/secure.gravatar.com\/avatar\/fac9e03c4db0011b9c1ad8b5e9c74b8c?s=96&d=mm&r=g","contentUrl":"https:\/\/secure.gravatar.com\/avatar\/fac9e03c4db0011b9c1ad8b5e9c74b8c?s=96&d=mm&r=g","caption":"pilar-admin"},"url":"https:\/\/www.vegaintro-projekti.com\/pilar-stari\/author\/pilar-admin\/"}]}},"_links":{"self":[{"href":"https:\/\/www.vegaintro-projekti.com\/pilar-stari\/wp-json\/wp\/v2\/posts\/4338"}],"collection":[{"href":"https:\/\/www.vegaintro-projekti.com\/pilar-stari\/wp-json\/wp\/v2\/posts"}],"about":[{"href":"https:\/\/www.vegaintro-projekti.com\/pilar-stari\/wp-json\/wp\/v2\/types\/post"}],"author":[{"embeddable":true,"href":"https:\/\/www.vegaintro-projekti.com\/pilar-stari\/wp-json\/wp\/v2\/users\/1"}],"replies":[{"embeddable":true,"href":"https:\/\/www.vegaintro-projekti.com\/pilar-stari\/wp-json\/wp\/v2\/comments?post=4338"}],"version-history":[{"count":2,"href":"https:\/\/www.vegaintro-projekti.com\/pilar-stari\/wp-json\/wp\/v2\/posts\/4338\/revisions"}],"predecessor-version":[{"id":8338,"href":"https:\/\/www.vegaintro-projekti.com\/pilar-stari\/wp-json\/wp\/v2\/posts\/4338\/revisions\/8338"}],"wp:featuredmedia":[{"embeddable":true,"href":"https:\/\/www.vegaintro-projekti.com\/pilar-stari\/wp-json\/wp\/v2\/media\/4330"}],"wp:attachment":[{"href":"https:\/\/www.vegaintro-projekti.com\/pilar-stari\/wp-json\/wp\/v2\/media?parent=4338"}],"wp:term":[{"taxonomy":"category","embeddable":true,"href":"https:\/\/www.vegaintro-projekti.com\/pilar-stari\/wp-json\/wp\/v2\/categories?post=4338"},{"taxonomy":"post_tag","embeddable":true,"href":"https:\/\/www.vegaintro-projekti.com\/pilar-stari\/wp-json\/wp\/v2\/tags?post=4338"}],"curies":[{"name":"wp","href":"https:\/\/api.w.org\/{rel}","templated":true}]}}