{"id":4393,"date":"2017-11-08T11:17:11","date_gmt":"2017-11-08T11:17:11","guid":{"rendered":"https:\/\/www.vegaintro-projekti.com\/pilar-stari\/2017\/11\/13-novinarsko-knjizevnicki-susret-grad-to-ste-vi-20-11-2017\/"},"modified":"2018-01-03T13:54:52","modified_gmt":"2018-01-03T13:54:52","slug":"13-novinarsko-knjizevnicki-susret-grad-to-ste-vi-20-11-2017","status":"publish","type":"post","link":"https:\/\/www.vegaintro-projekti.com\/pilar-stari\/2017\/11\/13-novinarsko-knjizevnicki-susret-grad-to-ste-vi-20-11-2017\/","title":{"rendered":"13. Novinarsko-knji\u017eevni\u010dki susret GRAD &#8211; TO STE VI, 20. 11. 2017."},"content":{"rendered":"<p>&nbsp;<\/p>\n<p><strong>Manifestacijom 13. novinarsko-knji\u017eevni\u010dki susreti GRAD TO STE VI, posve\u0107eni uspomeni na knji\u017eevnika, novinara iurednika Hrvatskog radija Vukovar Sini\u0161u Glava\u0161evi\u0107a, koja je u Gradskoj knji\u017enici Vukovar, odr\u017eana 20. studenoga 2017. zavr\u0161eni su Dani sje\u0107anja na \u017ertvu Vukovara 1991. &#8211; 2017. Organizatori manifestacije su bili Gradska knji\u017enica Vukovar, Hrvatski radio Vukovar i Podru\u010dni centar Instituta Pilar u Vukovaru. &#8211; <a href=\"https:\/\/www.vegaintro-projekti.com\/pilar-stari\/wp-content\/uploads\/2017\/11\/grad_to_ste_vi_2017.pdf\">Pozivnica s programom<\/a> |<a href=\"https:\/\/www.vegaintro-projekti.com\/pilar-stari\/wp-content\/uploads\/2017\/11\/plakat_grad_to_ste_vi_2017.pdf\"> Plakat susreta<\/a><\/strong><\/p>\n<table border=\"0\">\n<tbody>\n<tr>\n<td><a href=\"https:\/\/www.vegaintro-projekti.com\/pilar-stari\/wp-content\/uploads\/2017\/10\/1.JPG\"><img decoding=\"async\" loading=\"lazy\" class=\" size-full wp-image-4388\" src=\"https:\/\/www.vegaintro-projekti.com\/pilar-stari\/wp-content\/uploads\/2017\/11\/1_s.JPG\" alt=\"1 s\" width=\"212\" height=\"119\"><\/a><\/td>\n<td><a href=\"https:\/\/www.vegaintro-projekti.com\/pilar-stari\/wp-content\/uploads\/2017\/11\/2.JPG\"><img decoding=\"async\" loading=\"lazy\" class=\" size-full wp-image-4390\" src=\"https:\/\/www.vegaintro-projekti.com\/pilar-stari\/wp-content\/uploads\/2017\/11\/2_s.JPG\" alt=\"2 s\" width=\"212\" height=\"119\"><\/a><\/td>\n<td><a href=\"https:\/\/www.vegaintro-projekti.com\/pilar-stari\/wp-content\/uploads\/2017\/07\/3.JPG\"><img decoding=\"async\" loading=\"lazy\" class=\"alignnone wp-image-8411 size-full\" src=\"https:\/\/www.vegaintro-projekti.com\/pilar-stari\/wp-content\/uploads\/2017\/11\/3_s13.jpg\" alt=\"\" width=\"212\" height=\"119\"><\/a><\/td>\n<\/tr>\n<\/tbody>\n<\/table>\n<table border=\"0\">\n<tbody>\n<tr>\n<td><a href=\"https:\/\/www.vegaintro-projekti.com\/pilar-stari\/wp-content\/uploads\/2017\/10\/0.JPG\"><img decoding=\"async\" loading=\"lazy\" class=\" size-full wp-image-4391\" src=\"https:\/\/www.vegaintro-projekti.com\/pilar-stari\/wp-content\/uploads\/2017\/11\/0_s.JPG\" alt=\"0 s\" width=\"646\" height=\"363\" srcset=\"https:\/\/www.vegaintro-projekti.com\/pilar-stari\/wp-content\/uploads\/2017\/11\/0_s.JPG 640w, https:\/\/www.vegaintro-projekti.com\/pilar-stari\/wp-content\/uploads\/2017\/11\/0_s-300x169.jpg 300w\" sizes=\"(max-width: 646px) 100vw, 646px\" \/><\/a><\/td>\n<\/tr>\n<\/tbody>\n<\/table>\n<p><span style=\"font-size: 8pt;\"><strong>13. Novinarsko-knji\u017eevni\u010dki susret GRAD &#8211; TO STE VI; Vukovar, 20. studenoga 2017.<\/strong><\/span><\/p>\n<p>Tema ovogodi\u0161njih Dana bila je &#8220;Europski pogled na Vukovar 1991. godine&#8221;. Sudjelovali su: dr. sc. Ana Holjevac Tukovi\u0107 iz Hrvatskog memorijalno-dokumentacijskog centra Domovinskog rata iz Zagreba, dr. sc. Roman Domovi\u0107 iz Tehni\u010dkog veleu\u010dili\u0161ta iz Zagreba i prof. dr. sc. Danijel Laba\u0161 s Hrvatskih studija Sveu\u010dili\u0161ta u Zagrebu. Moderatorica susreta bila je dr. sc. Sandra Cviki\u0107 iz Podru\u010dnoga centra Instituta Pilar u Vukovaru. Me\u0111u brojnim posjetiteljima bili su izaslanica predsjednika Hrvatske Vlade i zamjenica gradona\u010delnika Grada Vukovara Ivana Mujki\u0107, izaslanik ministra hrvatskih branitelja i v.d. ravnatelj Memorijalnog centra Domovinskog rata Vukovar Krunoslav \u0160eremet i savjetnik vukovarsko-srijemskog \u017eupana Grgo Krajina. Uz njih, nazo\u010dne su prigodnim rije\u010dima uvodno pozdravili i voditelj Podru\u010dnoga centra Instituta Pilar u Vukovaru prof. dr. sc. Dra\u017een \u017divi\u0107, ravnateljica Gradske knji\u017enice Vukovar Jelena Mi\u0161ki\u0107 i direktorica Hrvatskoga radija Vukovar Mirjana \u0110ermadi.<\/p>\n<p>&#8211; <a href=\"https:\/\/www.vegaintro-projekti.com\/pilar-stari\/wp-content\/uploads\/2017\/11\/grad_to_ste_vi_2017.pdf\">Pozivnica i program za 13. Novinarsko-knji\u017eevni\u010dki susret GRAD &#8211; TO STE VI; Vukovar, 20. studenoga 2017.<\/a><br \/>\n&#8211; <a href=\"https:\/\/www.vegaintro-projekti.com\/pilar-stari\/wp-content\/uploads\/2017\/11\/plakat_grad_to_ste_vi_2017.pdf\">Plakat za 13. Novinarsko-knji\u017eevni\u010dki susret GRAD &#8211; TO STE VI; Vukovar, 20. studenoga 2017.<\/a><\/p>\n<p><img decoding=\"async\" loading=\"lazy\" class=\" size-full wp-image-4392\" src=\"https:\/\/www.vegaintro-projekti.com\/pilar-stari\/wp-content\/uploads\/2017\/11\/plakat_grad_to_ste_vi_20171.jpg\" alt=\"plakat grad to ste vi 20171\" width=\"640\" height=\"907\" srcset=\"https:\/\/www.vegaintro-projekti.com\/pilar-stari\/wp-content\/uploads\/2017\/11\/plakat_grad_to_ste_vi_20171.jpg 640w, https:\/\/www.vegaintro-projekti.com\/pilar-stari\/wp-content\/uploads\/2017\/11\/plakat_grad_to_ste_vi_20171-212x300.jpg 212w\" sizes=\"(max-width: 640px) 100vw, 640px\" \/><\/p>\n<p>&gt;&gt;&gt; <a href=\"https:\/\/www.vegaintro-projekti.com\/pilar-stari\/2008\/10\/podruni-centar-vukovar\/\">PODRU\u010cNI CENTAR VUKOVAR<\/a><\/p>\n","protected":false},"excerpt":{"rendered":"<p>&nbsp; Manifestacijom 13. novinarsko-knji\u017eevni\u010dki susreti GRAD TO STE VI, posve\u0107eni uspomeni na knji\u017eevnika, novinara iurednika Hrvatskog radija Vukovar Sini\u0161u Glava\u0161evi\u0107a, koja je u Gradskoj knji\u017enici Vukovar, odr\u017eana 20. studenoga 2017. zavr\u0161eni su Dani sje\u0107anja na \u017ertvu Vukovara 1991. &#8211; 2017. Organizatori manifestacije su bili Gradska knji\u017enica Vukovar, Hrvatski radio Vukovar i Podru\u010dni centar Instituta Pilar&hellip; <a class=\"continue\" href=\"https:\/\/www.vegaintro-projekti.com\/pilar-stari\/2017\/11\/13-novinarsko-knjizevnicki-susret-grad-to-ste-vi-20-11-2017\/\">Pro\u010ditaj vi\u0161e o<span> 13. Novinarsko-knji\u017eevni\u010dki susret GRAD &#8211; TO STE VI, 20. 11. 2017.<\/span><\/a><\/p>\n","protected":false},"author":1,"featured_media":4385,"comment_status":"open","ping_status":"open","sticky":false,"template":"","format":"standard","meta":{"inline_featured_image":false,"ngg_post_thumbnail":0,"footnotes":""},"categories":[11],"tags":[],"yoast_head":"<!-- This site is optimized with the Yoast SEO plugin v21.2 - https:\/\/yoast.com\/wordpress\/plugins\/seo\/ -->\n<title>13. Novinarsko-knji\u017eevni\u010dki susret GRAD - TO STE VI, 20. 11. 2017. - Institut dru&scaron;tvenih znanosti Ivo Pilar<\/title>\n<meta name=\"robots\" content=\"noindex, follow, max-snippet:-1, max-image-preview:large, max-video-preview:-1\" \/>\n<meta property=\"og:locale\" content=\"hr_HR\" \/>\n<meta property=\"og:type\" content=\"article\" \/>\n<meta property=\"og:title\" content=\"13. Novinarsko-knji\u017eevni\u010dki susret GRAD - TO STE VI, 20. 11. 2017. - Institut dru&scaron;tvenih znanosti Ivo Pilar\" \/>\n<meta property=\"og:description\" content=\"&nbsp; Manifestacijom 13. novinarsko-knji\u017eevni\u010dki susreti GRAD TO STE VI, posve\u0107eni uspomeni na knji\u017eevnika, novinara iurednika Hrvatskog radija Vukovar Sini\u0161u Glava\u0161evi\u0107a, koja je u Gradskoj knji\u017enici Vukovar, odr\u017eana 20. studenoga 2017. zavr\u0161eni su Dani sje\u0107anja na \u017ertvu Vukovara 1991. &#8211; 2017. Organizatori manifestacije su bili Gradska knji\u017enica Vukovar, Hrvatski radio Vukovar i Podru\u010dni centar Instituta Pilar&hellip; Pro\u010ditaj vi\u0161e o 13. Novinarsko-knji\u017eevni\u010dki susret GRAD &#8211; TO STE VI, 20. 11. 2017.\" \/>\n<meta property=\"og:url\" content=\"https:\/\/www.vegaintro-projekti.com\/pilar-stari\/2017\/11\/13-novinarsko-knjizevnicki-susret-grad-to-ste-vi-20-11-2017\/\" \/>\n<meta property=\"og:site_name\" content=\"Institut dru&scaron;tvenih znanosti Ivo Pilar\" \/>\n<meta property=\"article:published_time\" content=\"2017-11-08T11:17:11+00:00\" \/>\n<meta property=\"article:modified_time\" content=\"2018-01-03T13:54:52+00:00\" \/>\n<meta property=\"og:image\" content=\"https:\/\/www.vegaintro-projekti.com\/pilar-stari\/wp-content\/uploads\/2017\/11\/1_s.JPG\" \/>\n\t<meta property=\"og:image:width\" content=\"212\" \/>\n\t<meta property=\"og:image:height\" content=\"119\" \/>\n\t<meta property=\"og:image:type\" content=\"image\/jpeg\" \/>\n<meta name=\"author\" content=\"pilar-admin\" \/>\n<meta name=\"twitter:card\" content=\"summary_large_image\" \/>\n<meta name=\"twitter:label1\" content=\"Napisao\/la\" \/>\n\t<meta name=\"twitter:data1\" content=\"pilar-admin\" \/>\n\t<meta name=\"twitter:label2\" content=\"Procijenjeno vrijeme \u010ditanja\" \/>\n\t<meta name=\"twitter:data2\" content=\"1 minuta\" \/>\n<script type=\"application\/ld+json\" class=\"yoast-schema-graph\">{\"@context\":\"https:\/\/schema.org\",\"@graph\":[{\"@type\":\"WebPage\",\"@id\":\"https:\/\/www.vegaintro-projekti.com\/pilar-stari\/2017\/11\/13-novinarsko-knjizevnicki-susret-grad-to-ste-vi-20-11-2017\/\",\"url\":\"https:\/\/www.vegaintro-projekti.com\/pilar-stari\/2017\/11\/13-novinarsko-knjizevnicki-susret-grad-to-ste-vi-20-11-2017\/\",\"name\":\"13. Novinarsko-knji\u017eevni\u010dki susret GRAD - TO STE VI, 20. 11. 2017. - Institut dru&scaron;tvenih znanosti Ivo Pilar\",\"isPartOf\":{\"@id\":\"https:\/\/www.vegaintro-projekti.com\/pilar-stari\/#website\"},\"datePublished\":\"2017-11-08T11:17:11+00:00\",\"dateModified\":\"2018-01-03T13:54:52+00:00\",\"author\":{\"@id\":\"https:\/\/www.vegaintro-projekti.com\/pilar-stari\/#\/schema\/person\/c0db50ebd77c4409e19b18044bbf10c1\"},\"breadcrumb\":{\"@id\":\"https:\/\/www.vegaintro-projekti.com\/pilar-stari\/2017\/11\/13-novinarsko-knjizevnicki-susret-grad-to-ste-vi-20-11-2017\/#breadcrumb\"},\"inLanguage\":\"hr\",\"potentialAction\":[{\"@type\":\"ReadAction\",\"target\":[\"https:\/\/www.vegaintro-projekti.com\/pilar-stari\/2017\/11\/13-novinarsko-knjizevnicki-susret-grad-to-ste-vi-20-11-2017\/\"]}]},{\"@type\":\"BreadcrumbList\",\"@id\":\"https:\/\/www.vegaintro-projekti.com\/pilar-stari\/2017\/11\/13-novinarsko-knjizevnicki-susret-grad-to-ste-vi-20-11-2017\/#breadcrumb\",\"itemListElement\":[{\"@type\":\"ListItem\",\"position\":1,\"name\":\"Home\",\"item\":\"https:\/\/www.vegaintro-projekti.com\/pilar-stari\/\"},{\"@type\":\"ListItem\",\"position\":2,\"name\":\"13. Novinarsko-knji\u017eevni\u010dki susret GRAD &#8211; TO STE VI, 20. 11. 2017.\"}]},{\"@type\":\"WebSite\",\"@id\":\"https:\/\/www.vegaintro-projekti.com\/pilar-stari\/#website\",\"url\":\"https:\/\/www.vegaintro-projekti.com\/pilar-stari\/\",\"name\":\"Institut dru&scaron;tvenih znanosti Ivo Pilar\",\"description\":\"Pilar\",\"potentialAction\":[{\"@type\":\"SearchAction\",\"target\":{\"@type\":\"EntryPoint\",\"urlTemplate\":\"https:\/\/www.vegaintro-projekti.com\/pilar-stari\/?s={search_term_string}\"},\"query-input\":\"required name=search_term_string\"}],\"inLanguage\":\"hr\"},{\"@type\":\"Person\",\"@id\":\"https:\/\/www.vegaintro-projekti.com\/pilar-stari\/#\/schema\/person\/c0db50ebd77c4409e19b18044bbf10c1\",\"name\":\"pilar-admin\",\"image\":{\"@type\":\"ImageObject\",\"inLanguage\":\"hr\",\"@id\":\"https:\/\/www.vegaintro-projekti.com\/pilar-stari\/#\/schema\/person\/image\/\",\"url\":\"https:\/\/secure.gravatar.com\/avatar\/fac9e03c4db0011b9c1ad8b5e9c74b8c?s=96&d=mm&r=g\",\"contentUrl\":\"https:\/\/secure.gravatar.com\/avatar\/fac9e03c4db0011b9c1ad8b5e9c74b8c?s=96&d=mm&r=g\",\"caption\":\"pilar-admin\"},\"url\":\"https:\/\/www.vegaintro-projekti.com\/pilar-stari\/author\/pilar-admin\/\"}]}<\/script>\n<!-- \/ Yoast SEO plugin. -->","yoast_head_json":{"title":"13. Novinarsko-knji\u017eevni\u010dki susret GRAD - TO STE VI, 20. 11. 2017. - Institut dru&scaron;tvenih znanosti Ivo Pilar","robots":{"index":"noindex","follow":"follow","max-snippet":"max-snippet:-1","max-image-preview":"max-image-preview:large","max-video-preview":"max-video-preview:-1"},"og_locale":"hr_HR","og_type":"article","og_title":"13. Novinarsko-knji\u017eevni\u010dki susret GRAD - TO STE VI, 20. 11. 2017. - Institut dru&scaron;tvenih znanosti Ivo Pilar","og_description":"&nbsp; Manifestacijom 13. novinarsko-knji\u017eevni\u010dki susreti GRAD TO STE VI, posve\u0107eni uspomeni na knji\u017eevnika, novinara iurednika Hrvatskog radija Vukovar Sini\u0161u Glava\u0161evi\u0107a, koja je u Gradskoj knji\u017enici Vukovar, odr\u017eana 20. studenoga 2017. zavr\u0161eni su Dani sje\u0107anja na \u017ertvu Vukovara 1991. &#8211; 2017. Organizatori manifestacije su bili Gradska knji\u017enica Vukovar, Hrvatski radio Vukovar i Podru\u010dni centar Instituta Pilar&hellip; Pro\u010ditaj vi\u0161e o 13. Novinarsko-knji\u017eevni\u010dki susret GRAD &#8211; TO STE VI, 20. 11. 2017.","og_url":"https:\/\/www.vegaintro-projekti.com\/pilar-stari\/2017\/11\/13-novinarsko-knjizevnicki-susret-grad-to-ste-vi-20-11-2017\/","og_site_name":"Institut dru&scaron;tvenih znanosti Ivo Pilar","article_published_time":"2017-11-08T11:17:11+00:00","article_modified_time":"2018-01-03T13:54:52+00:00","og_image":[{"width":212,"height":119,"url":"https:\/\/www.vegaintro-projekti.com\/pilar-stari\/wp-content\/uploads\/2017\/11\/1_s.JPG","type":"image\/jpeg"}],"author":"pilar-admin","twitter_card":"summary_large_image","twitter_misc":{"Napisao\/la":"pilar-admin","Procijenjeno vrijeme \u010ditanja":"1 minuta"},"schema":{"@context":"https:\/\/schema.org","@graph":[{"@type":"WebPage","@id":"https:\/\/www.vegaintro-projekti.com\/pilar-stari\/2017\/11\/13-novinarsko-knjizevnicki-susret-grad-to-ste-vi-20-11-2017\/","url":"https:\/\/www.vegaintro-projekti.com\/pilar-stari\/2017\/11\/13-novinarsko-knjizevnicki-susret-grad-to-ste-vi-20-11-2017\/","name":"13. Novinarsko-knji\u017eevni\u010dki susret GRAD - TO STE VI, 20. 11. 2017. - Institut dru&scaron;tvenih znanosti Ivo Pilar","isPartOf":{"@id":"https:\/\/www.vegaintro-projekti.com\/pilar-stari\/#website"},"datePublished":"2017-11-08T11:17:11+00:00","dateModified":"2018-01-03T13:54:52+00:00","author":{"@id":"https:\/\/www.vegaintro-projekti.com\/pilar-stari\/#\/schema\/person\/c0db50ebd77c4409e19b18044bbf10c1"},"breadcrumb":{"@id":"https:\/\/www.vegaintro-projekti.com\/pilar-stari\/2017\/11\/13-novinarsko-knjizevnicki-susret-grad-to-ste-vi-20-11-2017\/#breadcrumb"},"inLanguage":"hr","potentialAction":[{"@type":"ReadAction","target":["https:\/\/www.vegaintro-projekti.com\/pilar-stari\/2017\/11\/13-novinarsko-knjizevnicki-susret-grad-to-ste-vi-20-11-2017\/"]}]},{"@type":"BreadcrumbList","@id":"https:\/\/www.vegaintro-projekti.com\/pilar-stari\/2017\/11\/13-novinarsko-knjizevnicki-susret-grad-to-ste-vi-20-11-2017\/#breadcrumb","itemListElement":[{"@type":"ListItem","position":1,"name":"Home","item":"https:\/\/www.vegaintro-projekti.com\/pilar-stari\/"},{"@type":"ListItem","position":2,"name":"13. Novinarsko-knji\u017eevni\u010dki susret GRAD &#8211; TO STE VI, 20. 11. 2017."}]},{"@type":"WebSite","@id":"https:\/\/www.vegaintro-projekti.com\/pilar-stari\/#website","url":"https:\/\/www.vegaintro-projekti.com\/pilar-stari\/","name":"Institut dru&scaron;tvenih znanosti Ivo Pilar","description":"Pilar","potentialAction":[{"@type":"SearchAction","target":{"@type":"EntryPoint","urlTemplate":"https:\/\/www.vegaintro-projekti.com\/pilar-stari\/?s={search_term_string}"},"query-input":"required name=search_term_string"}],"inLanguage":"hr"},{"@type":"Person","@id":"https:\/\/www.vegaintro-projekti.com\/pilar-stari\/#\/schema\/person\/c0db50ebd77c4409e19b18044bbf10c1","name":"pilar-admin","image":{"@type":"ImageObject","inLanguage":"hr","@id":"https:\/\/www.vegaintro-projekti.com\/pilar-stari\/#\/schema\/person\/image\/","url":"https:\/\/secure.gravatar.com\/avatar\/fac9e03c4db0011b9c1ad8b5e9c74b8c?s=96&d=mm&r=g","contentUrl":"https:\/\/secure.gravatar.com\/avatar\/fac9e03c4db0011b9c1ad8b5e9c74b8c?s=96&d=mm&r=g","caption":"pilar-admin"},"url":"https:\/\/www.vegaintro-projekti.com\/pilar-stari\/author\/pilar-admin\/"}]}},"_links":{"self":[{"href":"https:\/\/www.vegaintro-projekti.com\/pilar-stari\/wp-json\/wp\/v2\/posts\/4393"}],"collection":[{"href":"https:\/\/www.vegaintro-projekti.com\/pilar-stari\/wp-json\/wp\/v2\/posts"}],"about":[{"href":"https:\/\/www.vegaintro-projekti.com\/pilar-stari\/wp-json\/wp\/v2\/types\/post"}],"author":[{"embeddable":true,"href":"https:\/\/www.vegaintro-projekti.com\/pilar-stari\/wp-json\/wp\/v2\/users\/1"}],"replies":[{"embeddable":true,"href":"https:\/\/www.vegaintro-projekti.com\/pilar-stari\/wp-json\/wp\/v2\/comments?post=4393"}],"version-history":[{"count":3,"href":"https:\/\/www.vegaintro-projekti.com\/pilar-stari\/wp-json\/wp\/v2\/posts\/4393\/revisions"}],"predecessor-version":[{"id":8413,"href":"https:\/\/www.vegaintro-projekti.com\/pilar-stari\/wp-json\/wp\/v2\/posts\/4393\/revisions\/8413"}],"wp:featuredmedia":[{"embeddable":true,"href":"https:\/\/www.vegaintro-projekti.com\/pilar-stari\/wp-json\/wp\/v2\/media\/4385"}],"wp:attachment":[{"href":"https:\/\/www.vegaintro-projekti.com\/pilar-stari\/wp-json\/wp\/v2\/media?parent=4393"}],"wp:term":[{"taxonomy":"category","embeddable":true,"href":"https:\/\/www.vegaintro-projekti.com\/pilar-stari\/wp-json\/wp\/v2\/categories?post=4393"},{"taxonomy":"post_tag","embeddable":true,"href":"https:\/\/www.vegaintro-projekti.com\/pilar-stari\/wp-json\/wp\/v2\/tags?post=4393"}],"curies":[{"name":"wp","href":"https:\/\/api.w.org\/{rel}","templated":true}]}}