{"id":4399,"date":"2017-11-15T11:27:38","date_gmt":"2017-11-15T11:27:38","guid":{"rendered":"https:\/\/www.vegaintro-projekti.com\/pilar-stari\/2017\/11\/obzor-2020-info-dan-europa-u-promjenjivom-svijetu\/"},"modified":"2017-12-01T12:28:57","modified_gmt":"2017-12-01T12:28:57","slug":"obzor-2020-info-dan-europa-u-promjenjivom-svijetu","status":"publish","type":"post","link":"https:\/\/www.vegaintro-projekti.com\/pilar-stari\/2017\/11\/obzor-2020-info-dan-europa-u-promjenjivom-svijetu\/","title":{"rendered":"OBZOR 2020. INFO DAN: Europa u promjenjivom svijetu"},"content":{"rendered":"<table border=\"0\">\n<tbody>\n<tr>\n<td><img decoding=\"async\" loading=\"lazy\" class=\" size-full wp-image-4397\" src=\"https:\/\/www.vegaintro-projekti.com\/pilar-stari\/wp-content\/uploads\/2017\/11\/fotolia.jpg\" alt=\"fotolia\" width=\"182\" height=\"182\" srcset=\"https:\/\/www.vegaintro-projekti.com\/pilar-stari\/wp-content\/uploads\/2017\/11\/fotolia.jpg 346w, https:\/\/www.vegaintro-projekti.com\/pilar-stari\/wp-content\/uploads\/2017\/11\/fotolia-150x150.jpg 150w, https:\/\/www.vegaintro-projekti.com\/pilar-stari\/wp-content\/uploads\/2017\/11\/fotolia-300x300.jpg 300w\" sizes=\"(max-width: 182px) 100vw, 182px\" \/><\/td>\n<td><span style=\"font-size: 12pt;\">Nacionalni informativni dan za podru\u010dje Europa u promjenjivom svijetu \u2013 uklju\u010diva, inovativna i promi\u0161ljena dru\u0161tva programa Obzor 2020. odr\u017eao se u petak 17. studenoga 2017. godine u auli Rektorata Sveu\u010dili\u0161ta u Zagrebu &#8211; <a href=\"https:\/\/www.vegaintro-projekti.com\/pilar-stari\/wp-content\/uploads\/2017\/11\/Info_dan_program.pdf\">Program info dana<\/a><br \/><\/span><\/td>\n<\/tr>\n<\/tbody>\n<\/table>\n<p>Sudjelovanje je bilo besplatno, a prijava je bila mogu\u0107a putem poveznice do srijede 15. studenoga 2017.<\/p>\n<p>Na informativnom danu predstavnica iz Europske komisije predstavila je teme novog radnog programa za 2018.-2020. za podru\u010dje Europa u promjenjivom svijetu \u2013 uklju\u010diva, inovativna i promi\u0161ljena dru\u0161tva, grupirane u 3 nova natje\u010daja:<\/p>\n<p>&#8211; MIGRATION<br \/>&#8211; SOCIOECONOMIC AND CULTURAL TRANSFORMATIONS IN THE CONTEXT OF THE FOURTH INDUSTRIAL REVOLUTION<br \/>&#8211; GOVERNANCE FOR THE FUTURE<\/p>\n<p>Program info dana obuhvatio je primjere uspje\u0161nih Obzor 2020. projekata, pregled sudjelovanja i usluge potpore te savjete evaluatora.<\/p>\n<p>&#8211; <a href=\"https:\/\/docs.google.com\/forms\/d\/e\/1FAIpQLSfrdSPkrU3lY24esNcBpdG0gUkRe5fjuxDyTAi-jjz8P8CvUA\/viewform\">Prijava na Obzor 2020. info dan 17. 11. 2017.<\/a><br \/>&#8211; <a href=\"https:\/\/www.vegaintro-projekti.com\/pilar-stari\/wp-content\/uploads\/2017\/11\/Info_dan_program.pdf\">Program info dana<\/a><br \/>&#8211; <a href=\"http:\/\/www.obzor2020.hr\/obzor2020-novosti-pregled\/obzor-2020-ukljuciva-inovativna-promisljena-drustva-info-dan\">Ministarstvo znanosti i obrazovanja<\/a><\/p>\n<p><span style=\"font-size: 12pt;\">&gt;&gt;&gt; <a href=\"https:\/\/www.vegaintro-projekti.com\/pilar-stari\/2017\/11\/prof-dr-sc-renata-franc-i-projekt-dare-na-informativnom-danu-obzora-2020\/\">Prof. dr. sc. Renata Franc i projekt DARE na informativnom danu Obzora 2020<\/a><\/span><\/p>\n<p><a href=\"http:\/\/www.obzor2020.hr\/obzor2020-novosti-pregled\/obzor-2020-ukljuciva-inovativna-promisljena-drustva-info-dan\"><br \/><\/a><\/p>\n","protected":false},"excerpt":{"rendered":"<p>Nacionalni informativni dan za podru\u010dje Europa u promjenjivom svijetu \u2013 uklju\u010diva, inovativna i promi\u0161ljena dru\u0161tva programa Obzor 2020. odr\u017eao se u petak 17. studenoga 2017. godine u auli Rektorata Sveu\u010dili\u0161ta u Zagrebu &#8211; Program info dana Sudjelovanje je bilo besplatno, a prijava je bila mogu\u0107a putem poveznice do srijede 15. studenoga 2017. Na informativnom danu&hellip; <a class=\"continue\" href=\"https:\/\/www.vegaintro-projekti.com\/pilar-stari\/2017\/11\/obzor-2020-info-dan-europa-u-promjenjivom-svijetu\/\">Pro\u010ditaj vi\u0161e o<span> OBZOR 2020. INFO DAN: Europa u promjenjivom svijetu<\/span><\/a><\/p>\n","protected":false},"author":1,"featured_media":4397,"comment_status":"open","ping_status":"open","sticky":false,"template":"","format":"standard","meta":{"inline_featured_image":false,"ngg_post_thumbnail":0,"footnotes":""},"categories":[11],"tags":[],"yoast_head":"<!-- This site is optimized with the Yoast SEO plugin v21.2 - https:\/\/yoast.com\/wordpress\/plugins\/seo\/ -->\n<title>OBZOR 2020. INFO DAN: Europa u promjenjivom svijetu - Institut dru&scaron;tvenih znanosti Ivo Pilar<\/title>\n<meta name=\"robots\" content=\"noindex, follow, max-snippet:-1, max-image-preview:large, max-video-preview:-1\" \/>\n<meta property=\"og:locale\" content=\"hr_HR\" \/>\n<meta property=\"og:type\" content=\"article\" \/>\n<meta property=\"og:title\" content=\"OBZOR 2020. INFO DAN: Europa u promjenjivom svijetu - Institut dru&scaron;tvenih znanosti Ivo Pilar\" \/>\n<meta property=\"og:description\" content=\"Nacionalni informativni dan za podru\u010dje Europa u promjenjivom svijetu \u2013 uklju\u010diva, inovativna i promi\u0161ljena dru\u0161tva programa Obzor 2020. odr\u017eao se u petak 17. studenoga 2017. godine u auli Rektorata Sveu\u010dili\u0161ta u Zagrebu &#8211; Program info dana Sudjelovanje je bilo besplatno, a prijava je bila mogu\u0107a putem poveznice do srijede 15. studenoga 2017. Na informativnom danu&hellip; Pro\u010ditaj vi\u0161e o OBZOR 2020. INFO DAN: Europa u promjenjivom svijetu\" \/>\n<meta property=\"og:url\" content=\"https:\/\/www.vegaintro-projekti.com\/pilar-stari\/2017\/11\/obzor-2020-info-dan-europa-u-promjenjivom-svijetu\/\" \/>\n<meta property=\"og:site_name\" content=\"Institut dru&scaron;tvenih znanosti Ivo Pilar\" \/>\n<meta property=\"article:published_time\" content=\"2017-11-15T11:27:38+00:00\" \/>\n<meta property=\"article:modified_time\" content=\"2017-12-01T12:28:57+00:00\" \/>\n<meta property=\"og:image\" content=\"https:\/\/www.vegaintro-projekti.com\/pilar-stari\/wp-content\/uploads\/2017\/11\/fotolia.jpg\" \/>\n\t<meta property=\"og:image:width\" content=\"346\" \/>\n\t<meta property=\"og:image:height\" content=\"346\" \/>\n\t<meta property=\"og:image:type\" content=\"image\/jpeg\" \/>\n<meta name=\"author\" content=\"pilar-admin\" \/>\n<meta name=\"twitter:card\" content=\"summary_large_image\" \/>\n<meta name=\"twitter:label1\" content=\"Napisao\/la\" \/>\n\t<meta name=\"twitter:data1\" content=\"pilar-admin\" \/>\n\t<meta name=\"twitter:label2\" content=\"Procijenjeno vrijeme \u010ditanja\" \/>\n\t<meta name=\"twitter:data2\" content=\"1 minuta\" \/>\n<script type=\"application\/ld+json\" class=\"yoast-schema-graph\">{\"@context\":\"https:\/\/schema.org\",\"@graph\":[{\"@type\":\"WebPage\",\"@id\":\"https:\/\/www.vegaintro-projekti.com\/pilar-stari\/2017\/11\/obzor-2020-info-dan-europa-u-promjenjivom-svijetu\/\",\"url\":\"https:\/\/www.vegaintro-projekti.com\/pilar-stari\/2017\/11\/obzor-2020-info-dan-europa-u-promjenjivom-svijetu\/\",\"name\":\"OBZOR 2020. INFO DAN: Europa u promjenjivom svijetu - Institut dru&scaron;tvenih znanosti Ivo Pilar\",\"isPartOf\":{\"@id\":\"https:\/\/www.vegaintro-projekti.com\/pilar-stari\/#website\"},\"datePublished\":\"2017-11-15T11:27:38+00:00\",\"dateModified\":\"2017-12-01T12:28:57+00:00\",\"author\":{\"@id\":\"https:\/\/www.vegaintro-projekti.com\/pilar-stari\/#\/schema\/person\/c0db50ebd77c4409e19b18044bbf10c1\"},\"breadcrumb\":{\"@id\":\"https:\/\/www.vegaintro-projekti.com\/pilar-stari\/2017\/11\/obzor-2020-info-dan-europa-u-promjenjivom-svijetu\/#breadcrumb\"},\"inLanguage\":\"hr\",\"potentialAction\":[{\"@type\":\"ReadAction\",\"target\":[\"https:\/\/www.vegaintro-projekti.com\/pilar-stari\/2017\/11\/obzor-2020-info-dan-europa-u-promjenjivom-svijetu\/\"]}]},{\"@type\":\"BreadcrumbList\",\"@id\":\"https:\/\/www.vegaintro-projekti.com\/pilar-stari\/2017\/11\/obzor-2020-info-dan-europa-u-promjenjivom-svijetu\/#breadcrumb\",\"itemListElement\":[{\"@type\":\"ListItem\",\"position\":1,\"name\":\"Home\",\"item\":\"https:\/\/www.vegaintro-projekti.com\/pilar-stari\/\"},{\"@type\":\"ListItem\",\"position\":2,\"name\":\"OBZOR 2020. INFO DAN: Europa u promjenjivom svijetu\"}]},{\"@type\":\"WebSite\",\"@id\":\"https:\/\/www.vegaintro-projekti.com\/pilar-stari\/#website\",\"url\":\"https:\/\/www.vegaintro-projekti.com\/pilar-stari\/\",\"name\":\"Institut dru&scaron;tvenih znanosti Ivo Pilar\",\"description\":\"Pilar\",\"potentialAction\":[{\"@type\":\"SearchAction\",\"target\":{\"@type\":\"EntryPoint\",\"urlTemplate\":\"https:\/\/www.vegaintro-projekti.com\/pilar-stari\/?s={search_term_string}\"},\"query-input\":\"required name=search_term_string\"}],\"inLanguage\":\"hr\"},{\"@type\":\"Person\",\"@id\":\"https:\/\/www.vegaintro-projekti.com\/pilar-stari\/#\/schema\/person\/c0db50ebd77c4409e19b18044bbf10c1\",\"name\":\"pilar-admin\",\"image\":{\"@type\":\"ImageObject\",\"inLanguage\":\"hr\",\"@id\":\"https:\/\/www.vegaintro-projekti.com\/pilar-stari\/#\/schema\/person\/image\/\",\"url\":\"https:\/\/secure.gravatar.com\/avatar\/fac9e03c4db0011b9c1ad8b5e9c74b8c?s=96&d=mm&r=g\",\"contentUrl\":\"https:\/\/secure.gravatar.com\/avatar\/fac9e03c4db0011b9c1ad8b5e9c74b8c?s=96&d=mm&r=g\",\"caption\":\"pilar-admin\"},\"url\":\"https:\/\/www.vegaintro-projekti.com\/pilar-stari\/author\/pilar-admin\/\"}]}<\/script>\n<!-- \/ Yoast SEO plugin. -->","yoast_head_json":{"title":"OBZOR 2020. INFO DAN: Europa u promjenjivom svijetu - Institut dru&scaron;tvenih znanosti Ivo Pilar","robots":{"index":"noindex","follow":"follow","max-snippet":"max-snippet:-1","max-image-preview":"max-image-preview:large","max-video-preview":"max-video-preview:-1"},"og_locale":"hr_HR","og_type":"article","og_title":"OBZOR 2020. INFO DAN: Europa u promjenjivom svijetu - Institut dru&scaron;tvenih znanosti Ivo Pilar","og_description":"Nacionalni informativni dan za podru\u010dje Europa u promjenjivom svijetu \u2013 uklju\u010diva, inovativna i promi\u0161ljena dru\u0161tva programa Obzor 2020. odr\u017eao se u petak 17. studenoga 2017. godine u auli Rektorata Sveu\u010dili\u0161ta u Zagrebu &#8211; Program info dana Sudjelovanje je bilo besplatno, a prijava je bila mogu\u0107a putem poveznice do srijede 15. studenoga 2017. Na informativnom danu&hellip; Pro\u010ditaj vi\u0161e o OBZOR 2020. INFO DAN: Europa u promjenjivom svijetu","og_url":"https:\/\/www.vegaintro-projekti.com\/pilar-stari\/2017\/11\/obzor-2020-info-dan-europa-u-promjenjivom-svijetu\/","og_site_name":"Institut dru&scaron;tvenih znanosti Ivo Pilar","article_published_time":"2017-11-15T11:27:38+00:00","article_modified_time":"2017-12-01T12:28:57+00:00","og_image":[{"width":346,"height":346,"url":"https:\/\/www.vegaintro-projekti.com\/pilar-stari\/wp-content\/uploads\/2017\/11\/fotolia.jpg","type":"image\/jpeg"}],"author":"pilar-admin","twitter_card":"summary_large_image","twitter_misc":{"Napisao\/la":"pilar-admin","Procijenjeno vrijeme \u010ditanja":"1 minuta"},"schema":{"@context":"https:\/\/schema.org","@graph":[{"@type":"WebPage","@id":"https:\/\/www.vegaintro-projekti.com\/pilar-stari\/2017\/11\/obzor-2020-info-dan-europa-u-promjenjivom-svijetu\/","url":"https:\/\/www.vegaintro-projekti.com\/pilar-stari\/2017\/11\/obzor-2020-info-dan-europa-u-promjenjivom-svijetu\/","name":"OBZOR 2020. INFO DAN: Europa u promjenjivom svijetu - Institut dru&scaron;tvenih znanosti Ivo Pilar","isPartOf":{"@id":"https:\/\/www.vegaintro-projekti.com\/pilar-stari\/#website"},"datePublished":"2017-11-15T11:27:38+00:00","dateModified":"2017-12-01T12:28:57+00:00","author":{"@id":"https:\/\/www.vegaintro-projekti.com\/pilar-stari\/#\/schema\/person\/c0db50ebd77c4409e19b18044bbf10c1"},"breadcrumb":{"@id":"https:\/\/www.vegaintro-projekti.com\/pilar-stari\/2017\/11\/obzor-2020-info-dan-europa-u-promjenjivom-svijetu\/#breadcrumb"},"inLanguage":"hr","potentialAction":[{"@type":"ReadAction","target":["https:\/\/www.vegaintro-projekti.com\/pilar-stari\/2017\/11\/obzor-2020-info-dan-europa-u-promjenjivom-svijetu\/"]}]},{"@type":"BreadcrumbList","@id":"https:\/\/www.vegaintro-projekti.com\/pilar-stari\/2017\/11\/obzor-2020-info-dan-europa-u-promjenjivom-svijetu\/#breadcrumb","itemListElement":[{"@type":"ListItem","position":1,"name":"Home","item":"https:\/\/www.vegaintro-projekti.com\/pilar-stari\/"},{"@type":"ListItem","position":2,"name":"OBZOR 2020. INFO DAN: Europa u promjenjivom svijetu"}]},{"@type":"WebSite","@id":"https:\/\/www.vegaintro-projekti.com\/pilar-stari\/#website","url":"https:\/\/www.vegaintro-projekti.com\/pilar-stari\/","name":"Institut dru&scaron;tvenih znanosti Ivo Pilar","description":"Pilar","potentialAction":[{"@type":"SearchAction","target":{"@type":"EntryPoint","urlTemplate":"https:\/\/www.vegaintro-projekti.com\/pilar-stari\/?s={search_term_string}"},"query-input":"required name=search_term_string"}],"inLanguage":"hr"},{"@type":"Person","@id":"https:\/\/www.vegaintro-projekti.com\/pilar-stari\/#\/schema\/person\/c0db50ebd77c4409e19b18044bbf10c1","name":"pilar-admin","image":{"@type":"ImageObject","inLanguage":"hr","@id":"https:\/\/www.vegaintro-projekti.com\/pilar-stari\/#\/schema\/person\/image\/","url":"https:\/\/secure.gravatar.com\/avatar\/fac9e03c4db0011b9c1ad8b5e9c74b8c?s=96&d=mm&r=g","contentUrl":"https:\/\/secure.gravatar.com\/avatar\/fac9e03c4db0011b9c1ad8b5e9c74b8c?s=96&d=mm&r=g","caption":"pilar-admin"},"url":"https:\/\/www.vegaintro-projekti.com\/pilar-stari\/author\/pilar-admin\/"}]}},"_links":{"self":[{"href":"https:\/\/www.vegaintro-projekti.com\/pilar-stari\/wp-json\/wp\/v2\/posts\/4399"}],"collection":[{"href":"https:\/\/www.vegaintro-projekti.com\/pilar-stari\/wp-json\/wp\/v2\/posts"}],"about":[{"href":"https:\/\/www.vegaintro-projekti.com\/pilar-stari\/wp-json\/wp\/v2\/types\/post"}],"author":[{"embeddable":true,"href":"https:\/\/www.vegaintro-projekti.com\/pilar-stari\/wp-json\/wp\/v2\/users\/1"}],"replies":[{"embeddable":true,"href":"https:\/\/www.vegaintro-projekti.com\/pilar-stari\/wp-json\/wp\/v2\/comments?post=4399"}],"version-history":[{"count":1,"href":"https:\/\/www.vegaintro-projekti.com\/pilar-stari\/wp-json\/wp\/v2\/posts\/4399\/revisions"}],"predecessor-version":[{"id":4755,"href":"https:\/\/www.vegaintro-projekti.com\/pilar-stari\/wp-json\/wp\/v2\/posts\/4399\/revisions\/4755"}],"wp:featuredmedia":[{"embeddable":true,"href":"https:\/\/www.vegaintro-projekti.com\/pilar-stari\/wp-json\/wp\/v2\/media\/4397"}],"wp:attachment":[{"href":"https:\/\/www.vegaintro-projekti.com\/pilar-stari\/wp-json\/wp\/v2\/media?parent=4399"}],"wp:term":[{"taxonomy":"category","embeddable":true,"href":"https:\/\/www.vegaintro-projekti.com\/pilar-stari\/wp-json\/wp\/v2\/categories?post=4399"},{"taxonomy":"post_tag","embeddable":true,"href":"https:\/\/www.vegaintro-projekti.com\/pilar-stari\/wp-json\/wp\/v2\/tags?post=4399"}],"curies":[{"name":"wp","href":"https:\/\/api.w.org\/{rel}","templated":true}]}}