{"id":464,"date":"2012-02-26T18:57:31","date_gmt":"2012-02-26T18:57:31","guid":{"rendered":"https:\/\/www.vegaintro-projekti.com\/pilar-stari\/2012\/02\/26\/leksikon-hrvatskog-iseljenitva-i-manjina-poziv-na-suradnju\/"},"modified":"2019-07-29T21:18:43","modified_gmt":"2019-07-29T21:18:43","slug":"leksikon-hrvatskog-iseljenitva-i-manjina-poziv-na-suradnju","status":"publish","type":"post","link":"https:\/\/www.vegaintro-projekti.com\/pilar-stari\/2012\/02\/leksikon-hrvatskog-iseljenitva-i-manjina-poziv-na-suradnju\/","title":{"rendered":"LEKSIKON HRVATSKOG ISELJENI\u0160TVA I MANJINA &#8211; Poziv na suradnju"},"content":{"rendered":"<p><strong><br \/>\nInstitut dru\u0161tvenih znanosti Ivo Pilar, temeljem narud\u017ebe i uz suradnju Hrvatske matice iseljenika, radi na projektu izrade Leksikona hrvatskog iseljeni\u0161tva i hrvatskih manjina. Na suradnju se pozivaju sva dru\u0161tva, pojedinci, udruge i svi drugi koji djeluju u iseljeni\u0161tvu, odnosno me\u0111u pripadnicima hrvatske manjine da \u0161alju svoje podatke na adresu Instituta &#8211; <a href=\"https:\/\/www.vegaintro-projekti.com\/pilar-stari\/2014\/06\/pocinje-hrvatski-iseljenicki-kongres-23-26-6-2014\/\">Predstavljanje Leksikona hrvatskog iseljeni\u0161tva i manjina na Hrvatskom iseljeni\u010dkom kongresu, 23.-26. lipnja 2014.<\/a>&nbsp;\/ <a href=\"https:\/\/www.vegaintro-projekti.com\/pilar-stari\/2014\/10\/zbornik-hrvatsko-iseljenistvo-i-domovina\/\">Zbornik HRVATSKO ISELJENI\u0160TVO I DOMOVINA<\/a><\/strong><\/p>\n<p>&nbsp;<\/p>\n<table border=\"1\">\n<tbody>\n<tr>\n<td>\n<p style=\"text-align: center;\"><strong>Naziv projekta<\/strong><\/p>\n<p style=\"text-align: center;\"><span style=\"font-family: arial black,avant garde;\">LEKSIKON HRVATSKOG ISELJENI\u0160TVA I MANJINA<\/span><\/p>\n<p style=\"text-align: center;\"><strong>Voditelj<\/strong><\/p>\n<p style=\"text-align: center;\">dr. sc. Vlado \u0160aki\u0107<\/p>\n<p style=\"text-align: center;\"><strong>Zamjenica voditelja<\/strong><\/p>\n<p style=\"text-align: center;\">dr. sc. Ljiljana Dobrov\u0161ak<br \/>\n<a href=\"mailto:ljiljana.dobrovsak@vegaintro-projekti.com\/pilar-stari\">ljiljana.dobrovsak@vegaintro-projekti.com\/pilar-stari<\/a><span style=\"line-height: 115%; font-family: 'Arial','sans-serif'; font-size: 10pt; mso-fareast-font-family: Calibri; mso-fareast-theme-font: minor-latin; mso-ansi-language: HR; mso-fareast-language: EN-US; mso-bidi-language: AR-SA;\"><span style=\"color: #000000;\">\u25aa<\/span><\/span> <a href=\"mailto:leksikon@vegaintro-projekti.com\/pilar-stari\">leksikon@vegaintro-projekti.com\/pilar-stari<\/a><span style=\"line-height: 115%; font-family: 'Arial','sans-serif'; font-size: 10pt; mso-fareast-font-family: Calibri; mso-fareast-theme-font: minor-latin; mso-ansi-language: HR; mso-fareast-language: EN-US; mso-bidi-language: AR-SA;\"><span style=\"color: #000000;\">\u25aa<\/span><\/span> tel. +385 1 4886 804<\/p>\n<p style=\"text-align: center;\"><strong>Konzultantski tim<\/strong><\/p>\n<p style=\"text-align: center;\">dr. sc. Ivan \u010cizmi\u0107<br \/>\ndr. sc. Ivan Rogi\u0107<br \/>\ndr. sc. Marin Sopta<\/p>\n<p style=\"text-align: center;\"><strong>Voditelji dionica<\/strong><\/p>\n<p style=\"text-align: center;\"><em>Hrvatske manjine u susjednim zemljama i hrvatsko iseljeni\u0161tvo<\/em> <span style=\"line-height: 115%; font-family: 'Arial','sans-serif'; font-size: 10pt; mso-fareast-font-family: Calibri; mso-fareast-theme-font: minor-latin; mso-ansi-language: HR; mso-fareast-language: EN-US; mso-bidi-language: AR-SA;\"><span style=\"color: #000000;\">\u2013<\/span><\/span> dr. sc. Ljiljana Dobrov\u0161ak <span style=\"line-height: 115%; font-family: 'Arial','sans-serif'; font-size: 10pt; mso-fareast-font-family: Calibri; mso-fareast-theme-font: minor-latin; mso-ansi-language: HR; mso-fareast-language: EN-US; mso-bidi-language: AR-SA;\"><span style=\"color: #000000;\">\u25aa<\/span><\/span> <a href=\"mailto:Ljiljana.dobrovsak@vegaintro-projekti.com\/pilar-stari\">ljiljana.dobrovsak@vegaintro-projekti.com\/pilar-stari<\/a><br \/>\n\u017deljko Brguljan (Crna Gora)<br \/>\n<em>Hrvati u Sjedinjenim Ameri\u010dkim Dr\u017eavama<\/em> <span style=\"line-height: 115%; font-family: 'Arial','sans-serif'; font-size: 10pt; mso-fareast-font-family: Calibri; mso-fareast-theme-font: minor-latin; mso-ansi-language: HR; mso-fareast-language: EN-US; mso-bidi-language: AR-SA;\"><span style=\"color: #000000;\">\u2013<\/span><\/span> dr. sc. Danijel Vojak; Filip Tomi\u0107&nbsp;<span style=\"line-height: 115%; font-family: 'Arial','sans-serif'; font-size: 10pt; mso-fareast-font-family: Calibri; mso-fareast-theme-font: minor-latin; mso-ansi-language: HR; mso-fareast-language: EN-US; mso-bidi-language: AR-SA;\"><span style=\"color: #000000;\">\u25aa<\/span><\/span> <a href=\"mailto:danijel.vojak@vegaintro-projekti.com\/pilar-stari\">danijel.vojak@vegaintro-projekti.com\/pilar-stari<\/a><span style=\"line-height: 115%; font-family: 'Arial','sans-serif'; font-size: 10pt; mso-fareast-font-family: Calibri; mso-fareast-theme-font: minor-latin; mso-ansi-language: HR; mso-fareast-language: EN-US; mso-bidi-language: AR-SA;\"><span style=\"color: #000000;\">\u25aa<\/span><\/span><a href=\"mailto:filip.tomic@vegaintro-projekti.com\/pilar-stari\">filip.tomic@vegaintro-projekti.com\/pilar-stari<\/a><br \/>\n<em>Hrvati u Australiji i Novom Zelandu<\/em> <span style=\"line-height: 115%; font-family: 'Arial','sans-serif'; font-size: 10pt; mso-fareast-font-family: Calibri; mso-fareast-theme-font: minor-latin; mso-ansi-language: HR; mso-fareast-language: EN-US; mso-bidi-language: AR-SA;\"><span style=\"color: #000000;\">\u2013<\/span><\/span>&nbsp;Ivan Hrsti\u0107 <span style=\"line-height: 115%; font-family: 'Arial','sans-serif'; font-size: 10pt; mso-fareast-font-family: Calibri; mso-fareast-theme-font: minor-latin; mso-ansi-language: HR; mso-fareast-language: EN-US; mso-bidi-language: AR-SA;\"><span style=\"color: #000000;\">\u25aa<\/span><\/span><a href=\"mailto:ivan.hrstic@vegaintro-projekti.com\/pilar-stari\">ivan.hrstic@vegaintro-projekti.com\/pilar-stari<\/a><br \/>\n<em>Hrvati u Kanadi<\/em> <span style=\"line-height: 115%; font-family: 'Arial','sans-serif'; font-size: 10pt; mso-fareast-font-family: Calibri; mso-fareast-theme-font: minor-latin; mso-ansi-language: HR; mso-fareast-language: EN-US; mso-bidi-language: AR-SA;\"><span style=\"color: #000000;\">\u2013<\/span><\/span>&nbsp;Filip Majeti\u0107 <span style=\"line-height: 115%; font-family: 'Arial','sans-serif'; font-size: 10pt; mso-fareast-font-family: Calibri; mso-fareast-theme-font: minor-latin; mso-ansi-language: HR; mso-fareast-language: EN-US; mso-bidi-language: AR-SA;\"><span style=\"color: #000000;\">\u25aa<\/span><\/span><a href=\"mailto:filip.majetic@vegaintro-projekti.com\/pilar-stari\">filip.majetic@vegaintro-projekti.com\/pilar-stari<\/a><br \/>\n<em>Hrvati u Ju\u017enoj Americi<\/em> <span style=\"line-height: 115%; font-family: 'Arial','sans-serif'; font-size: 10pt; mso-fareast-font-family: Calibri; mso-fareast-theme-font: minor-latin; mso-ansi-language: HR; mso-fareast-language: EN-US; mso-bidi-language: AR-SA;\"><span style=\"color: #000000;\">\u2013<\/span><\/span>&nbsp;dr. sc. Ivana \u017debec \u0160ilj <span style=\"line-height: 115%; font-family: 'Arial','sans-serif'; font-size: 10pt; mso-fareast-font-family: Calibri; mso-fareast-theme-font: minor-latin; mso-ansi-language: HR; mso-fareast-language: EN-US; mso-bidi-language: AR-SA;\"><span style=\"color: #000000;\">\u25aa<\/span><\/span><a href=\"mailto:ivana.zebec@vegaintro-projekti.com\/pilar-stari\">ivana.zebec@vegaintro-projekti.com\/pilar-stari<\/a><br \/>\n<em>Hrvati u Njema\u010dkoj<\/em> <span style=\"line-height: 115%; font-family: 'Arial','sans-serif'; font-size: 10pt; mso-fareast-font-family: Calibri; mso-fareast-theme-font: minor-latin; mso-ansi-language: HR; mso-fareast-language: EN-US; mso-bidi-language: AR-SA;\"><span style=\"color: #000000;\">\u2013<\/span><\/span>&nbsp;Aleksandra Brneti\u0107 <span style=\"line-height: 115%; font-family: 'Arial','sans-serif'; font-size: 10pt; mso-fareast-font-family: Calibri; mso-fareast-theme-font: minor-latin; mso-ansi-language: HR; mso-fareast-language: EN-US; mso-bidi-language: AR-SA;\"><span style=\"color: #000000;\">\u25aa<\/span><\/span><a href=\"mailto:aleksandra.brnetic@snafu.de\">aleksandra.brnetic@snafu.de<\/a><br \/>\n<em>Hrvati u Austriji<\/em> <span style=\"line-height: 115%; font-family: 'Arial','sans-serif'; font-size: 10pt; mso-fareast-font-family: Calibri; mso-fareast-theme-font: minor-latin; mso-ansi-language: HR; mso-fareast-language: EN-US; mso-bidi-language: AR-SA;\"><span style=\"color: #000000;\">\u2013<\/span><\/span>&nbsp;Ivan Brli\u0107 <span style=\"line-height: 115%; font-family: 'Arial','sans-serif'; font-size: 10pt; mso-fareast-font-family: Calibri; mso-fareast-theme-font: minor-latin; mso-ansi-language: HR; mso-fareast-language: EN-US; mso-bidi-language: AR-SA;\"><span style=\"color: #000000;\">\u25aa<\/span><\/span><a href=\"mailto:ivan.brlic@vegaintro-projekti.com\/pilar-stari\">ivan.brlic@vegaintro-projekti.com\/pilar-stari<\/a><br \/>\n<em>Hrvati u Francuskoj<\/em>&nbsp;<span style=\"font-family: Arial; font-size: small;\"> <span style=\"line-height: 115%; font-family: 'Arial','sans-serif'; font-size: 10pt;\"><span style=\"color: #000000;\">\u2013 <\/span><\/span>Mauricij Frka Pete\u0161i\u0107<br \/>\n<\/span><em>Hrvati u Norve\u0161koj<\/em> <span style=\"line-height: 115%; font-family: 'Arial','sans-serif'; font-size: 10pt;\"><span style=\"color: #000000;\">\u2013<\/span><\/span> Ivan Poljac<\/p>\n<p style=\"text-align: center;\"><strong>Stalni suradnici<\/strong><\/p>\n<p style=\"text-align: center;\">\u017deljko Brguljan&nbsp;<span style=\"font-family: Arial; color: #000000;\">\u25aa <\/span><span style=\"font-family: Arial;\">Jakov \u017di\u017ei\u0107&nbsp;<span style=\"font-family: Arial; color: #000000;\">\u25aa<\/span> Eduard Hamer&nbsp;<span style=\"font-family: Arial; color: #000000;\">\u25aa<\/span> Darko Ma\u017eurani\u0107&nbsp;&nbsp;<span style=\"font-family: Arial; color: #000000;\">\u25aa<\/span> Ivana Andri\u0107 Penava<\/span><\/p>\n<p style=\"text-align: center;\"><strong>Stru\u010dni suradnici<\/strong><\/p>\n<p style=\"text-align: center;\">Slaven Kale <span style=\"line-height: 115%; font-family: 'Arial','sans-serif'; font-size: 10pt; mso-fareast-font-family: Calibri; mso-fareast-theme-font: minor-latin; mso-ansi-language: HR; mso-fareast-language: EN-US; mso-bidi-language: AR-SA;\"><span style=\"color: #000000;\">\u25aa<\/span><\/span><a href=\"mailto:slaven.kale@hrstud.hr\">slaven.kale@hrstud.hr<\/a><span style=\"line-height: 115%; font-family: 'Arial','sans-serif'; font-size: 10pt; mso-fareast-font-family: Calibri; mso-fareast-theme-font: minor-latin; mso-ansi-language: HR; mso-fareast-language: EN-US; mso-bidi-language: AR-SA;\"><span style=\"color: #000000;\">\u25aa <\/span><\/span><a href=\"mailto:slaven.kale@vegaintro-projekti.com\/pilar-stari\">slaven.kale@vegaintro-projekti.com\/pilar-stari<\/a><br \/>\nNeven Bo\u0161njakovi\u0107&nbsp;<span style=\"line-height: 115%; font-family: 'Arial','sans-serif'; font-size: 10pt;\"><span style=\"color: #000000;\">\u25aa<\/span><\/span> <a href=\"mailto:Neven.Bosnjakovic@vegaintro-projekti.com\/pilar-stari\">neven.bosnjakovic@vegaintro-projekti.com\/pilar-stari<\/a><\/p>\n<p style=\"text-align: center;\"><strong>Dosada\u0161nji suradnici<\/strong><\/p>\n<p style=\"text-align: center;\">Bruna&nbsp;Esih&nbsp;(voditeljica dionice iseljeni\u0161tvo do 1. 5. 2011.) <span style=\"font-family: Arial; color: #000000; font-size: 10pt;\">\u25aa<\/span> Nenad Pokos <span style=\"font-family: Arial; color: #000000; font-size: 10pt;\">\u25aa<\/span> Darjan Godi\u0107 <span style=\"font-family: Arial; color: #000000; font-size: 10pt;\">\u25aa<\/span> Ana Jura (Zuji\u0107) <span style=\"font-family: Arial; color: #000000; font-size: 10pt;\">\u25aa<\/span> Boris Kuki\u0107 <span style=\"font-family: Arial; color: #000000; font-size: 10pt;\">\u25aa<\/span> Bla\u017eenka Krajina <span style=\"font-family: Arial; color: #000000; font-size: 10pt;\">\u25aa<\/span> Castilia Grgin Manea <span style=\"font-family: Arial; color: #000000; font-size: 10pt;\">\u25aa<\/span> Dragan Nimac <span style=\"font-family: Arial; color: #000000; font-size: 10pt;\">\u25aa<\/span> Domagoj Zovak <span style=\"font-family: Arial; color: #000000; font-size: 10pt;\">\u25aa<\/span> Eduard Hemar <span style=\"font-family: Arial; color: #000000; font-size: 10pt;\">\u25aa<\/span> Eva Salopek <span style=\"font-family: Arial; color: #000000; font-size: 10pt;\">\u25aa<\/span> \u0110uro Frankovi\u0107 <span style=\"font-family: Arial; color: #000000; font-size: 10pt;\">\u25aa<\/span> Ivana Bendra <span style=\"font-family: Arial; color: #000000; font-size: 10pt;\">\u25aa<\/span> Ivana Mudronja <span style=\"font-family: Arial; color: #000000; font-size: 10pt;\">\u25aa<\/span> Ivana Rukavina <span style=\"font-family: Arial; color: #000000; font-size: 10pt;\">\u25aa<\/span> Jasna \u0106urkovi\u0107 <span style=\"font-family: Arial; color: #000000; font-size: 10pt;\">\u25aa<\/span> Silva Kramer <span style=\"font-family: Arial; color: #000000; font-size: 10pt;\">\u25aa<\/span> Lovorka \u010corali\u0107 <span style=\"font-family: Arial; color: #000000; font-size: 10pt;\">\u25aa<\/span> Leo Juko <span style=\"font-family: Arial; color: #000000; font-size: 10pt;\">\u25aa<\/span> Vanja Luki\u0107 <span style=\"font-family: Arial; color: #000000; font-size: 10pt;\">\u25aa<\/span> Mario Bara <span style=\"font-family: Arial; color: #000000; font-size: 10pt;\">\u25aa<\/span> Marin Bero\u0161 <span style=\"font-family: Arial; color: #000000; font-size: 10pt;\">\u25aa<\/span> Marko Fu\u010dek <span style=\"font-family: Arial; color: #000000; font-size: 10pt;\">\u25aa<\/span> Maja Katu\u0161i\u0107 <span style=\"font-family: Arial; color: #000000; font-size: 10pt;\">\u25aa<\/span> Marijan Lipovac <span style=\"font-family: Arial; color: #000000; font-size: 10pt;\">\u25aa<\/span> Maja Lozo <span style=\"font-family: Arial; color: #000000; font-size: 10pt;\">\u25aa<\/span> Marija Pand\u017ei\u0107 <span style=\"font-family: Arial; color: #000000; font-size: 10pt;\">\u25aa<\/span> Melita Suljanovi\u0107 <span style=\"font-family: Arial; color: #000000; font-size: 10pt;\">\u25aa<\/span> Marija \u0160eri\u0107 <span style=\"font-family: Arial; color: #000000; font-size: 10pt;\">\u25aa<\/span> Martina \u0160esti\u0107 <span style=\"font-family: Arial; color: #000000; font-size: 10pt;\">\u25aa<\/span> Mateo \u017dani\u0107 <span style=\"font-family: Arial; color: #000000; font-size: 10pt;\">\u25aa<\/span> Petar Macut <span style=\"font-family: Arial; color: #000000; font-size: 10pt;\">\u25aa<\/span> Petra Platu\u017ei\u0107 <span style=\"font-family: Arial; color: #000000; font-size: 10pt;\">\u25aa<\/span> Sa\u0161a Bodulica <span style=\"font-family: Arial; color: #000000; font-size: 10pt;\">\u25aa<\/span> Sabina Galekovi\u0107 <span style=\"font-family: Arial; color: #000000; font-size: 10pt;\">\u25aa<\/span> Stipe Kljaji\u0107 <span style=\"font-family: Arial; color: #000000; font-size: 10pt;\">\u25aa<\/span> Ilija \u0160utalo <span style=\"font-family: Arial; color: #000000; font-size: 10pt;\">\u25aa<\/span> Tamara Prevendar <span style=\"font-family: Arial; color: #000000; font-size: 10pt;\">\u25aa<\/span> Vlatka Duga\u010dki <span style=\"font-family: Arial; color: #000000; font-size: 10pt;\">\u25aa<\/span> Vlatka Leskovec <span style=\"font-family: Arial; color: #000000; font-size: 10pt;\">\u25aa<\/span> Zlatko Hasanbegovi\u0107 <span style=\"font-family: Arial; color: #000000; font-size: 10pt;\">\u25aa<\/span> Zlatko \u017du\u017ei\u0107 <span style=\"font-family: Arial; color: #000000; font-size: 10pt;\">\u25aa<\/span> \u017deljko Holjevac<\/p>\n<\/td>\n<\/tr>\n<\/tbody>\n<\/table>\n<p><span style=\"font-size: 12pt;\">Vi\u0161e od 3500 jedinica<\/span><\/p>\n<p>Institut dru\u0161tvenih znanosti Ivo Pilar, temeljem narud\u017ebe i uz suradnju Hrvatske matice iseljenika, radi na projektu izrade <em>Leksikona hrvatskog iseljeni\u0161tva i hrvatskih manjina<\/em>. U projekt su kao suradni\u010dke institucije uklju\u010deni i Leksikografski zavod Miroslav Krle\u017ea te Nacionalna i sveu\u010dili\u0161na knji\u017enica. Ostale relevantne institucije iz Hrvatske i inozemstva koje mogu pripomo\u0107i visokoj razini izvedbe ovog zahtjevnog i odgovornog projekta tako\u0111er se u pojedinim fazama pozivaju na suradnju. <em>Leksikon hrvatskog iseljeni\u0161tva i manjina<\/em> obuhvatit \u0107e vi\u0161e od 3500 bibliografskih jedinica u koje ulaze biografije zna\u010dajnih pojedinaca koji su djelovali u iseljeni\u0161tvu i me\u0111u hrvatskim manjinama, dru\u0161tva, novine, pojmovi i dr.<\/p>\n<p>Voditelj projekta je prof. dr. sc. Vlado \u0160aki\u0107, ravnatelj Instituta Ivo Pilar, a u menad\u017ementu projekta sudjeluju ugledni hrvatski znanstvenici i stru\u010dnjaci u podru\u010dju migracija.<\/p>\n<p><span style=\"font-size: 12pt;\">Ciljevi projekta<\/span><\/p>\n<p>Pet je temeljnih ciljeva ovog projekta:<\/p>\n<p>1. Prikupljanje i analiza svih reprezentativnih djela u Hrvatskoj i svijetu o iseljenoj Hrvatskoj i hrvatskim manjinama.<br \/>\n2. Pronala\u017eenje i prikupljanje novih i nepoznatih izvora informacija (kao \u0161to su privatne zbirke i pismohrane) u Hrvatskoj i svijetu, kao i njihova analiza.<br \/>\n3. Organiziranje prigodnih znanstveno-stru\u010dnih skupova u Hrvatskoj i zemljama s brojnijom iseljeni\u010dkom i manjinskom populacijom na kojima \u0107e se raspraviti bitni sadr\u017eaji povezani s izradbom <em>Leksikona<\/em>.<br \/>\n4. Prema modelu abecedarija, koji su izradili znanstvenici uklju\u010deni u projekt, opisivanje svih relevantnih osoba, organizacija, institucija, dru\u0161tava, zajednica, doga\u0111aja i dr.<br \/>\n5. Ure\u0111ivanje tekstova i priprema za tisak <em>Leksikona<\/em>.<\/p>\n<p><span style=\"font-size: 12pt;\">Baza podataka<\/span><\/p>\n<p>Stru\u010dnjaci s Leksikografskog zavoda Miroslav Krle\u017ea i Instituta Ivo Pilar kreirali su bazu podataka prilago\u0111enu navedenim zahtjevima. Nakon vi\u0161emjese\u010dnog usavr\u0161avanja baze podataka mo\u017eemo se pohvaliti do sada najpreciznijom i najmodernijom bazom koja omogu\u0107uje unos iznimno velikog broja informacija o hrvatskom iseljeni\u0161tvu i hrvatskim manjinama, a koje se po razli\u010ditim kriterijima vrlo jednostavno i sustavno mogu prikupljati, pretra\u017eivati, koristiti u radu i poslu\u017eiti kako ovom tako i drugim, budu\u0107im projektima vezanim uz hrvatsko iseljeni\u0161tvo i manjine.<\/p>\n<p><span style=\"font-size: 12pt;\">Poziv na suradnju<\/span><\/p>\n<p>Na suradnju pozivamo sva dru\u0161tva, pojedince, udruge i sve druge koji djeluju u iseljeni\u0161tvu, odnosno me\u0111u pripadnicima hrvatske manjine da nam \u0161alju svoje podatke na adresu Instituta: <em>Leksikon hrvatskog iseljeni\u0161tva i manjina<\/em>, Institut dru\u0161tvenih znanosti Ivo Pilar, Maruli\u0107ev trg 19\/I, 10000 Zagreb ili na mail: <a href=\"mailto:leksikon@vegaintro-projekti.com\/pilar-stari\">leksikon@vegaintro-projekti.com\/pilar-stari<\/a><\/p>\n<p><span style=\"font-size: 12pt;\">Imaginarni primjeri<\/span><\/p>\n<p><strong>Ivanovi\u0107, Ivan<\/strong> (Ivankovci, 1.1.1900. \u2013 Ivankovci, 2.2.2002.), povjesni\u010dar. Osnovnu \u0161kolu zavr\u0161io 1914. u Ivankovcima, a 1918.&nbsp;gimnaziju u Vinkovcima. Nakon toga odlazi u SAD gdje postaje aktivan u politi\u010dkom i dru\u0161tvenom \u017eivotu hrvatske emigracije. U Bostonu je 1935. osnovao Ivankova\u010dki zavi\u010dajni klub. 1936. bio je jedan od urednika <em>Glasa Ivankovaca<\/em> u SAD-u. Nakon 1945. istaknuo se kao \u010dlan raznih hrvatskih emigrantskih politi\u010dkih stranaka i kao potpisnik peticije za priznanje Hrvatske u SAD-u (1989.). Nakon uspostave samostalne Hrvatske vra\u0107a se u Ivankovce gdje do smrti radi kao knji\u017eevnik. <em>Dj:&#8230;&#8230;&#8230;&#8230;&#8230; Izv:&#8230;&#8230;&#8230;&#8230;&#8230;&#8230;&#8230;<\/em><\/p>\n<p><strong>Buna hrvatskih rudara u Chicagu<\/strong> (XX. st.). Zbog te\u0161kih uvjeta rada i neredovite isplate pla\u0107e ve\u0107ina hrvatskih rudara u rudniku Gold&nbsp;\u0161trajkala je&nbsp;od rujna 1901. do svibnja 1902. Za vrijeme \u0161trajka stradalo je sedam Hrvata, od \u010dega su dvojica bili ubijeni u sukobu s policijom. Taj doga\u0111aj neki smatraju prvim sindikalnim organiziranjem Hrvata u SAD-u. <em>Izv&#8230;&#8230;&#8230;&#8230;&#8230;&#8230;&#8230;<\/em><\/p>\n<p><strong><em>Glas Ivriga<\/em><\/strong> (Ivrig, Srbija, XX. st.). Novine je 1938. pokrenuo Nikola Nikoli\u0107, koji ih je ure\u0111ivao do 1941. Za vrijeme Drugog svjetskog rata nisu izlazile, a ponovno ih je pokrenuo Petar Petrovi\u0107 1953. Ubrzo postaju jedno od najva\u017enijih glasila Hrvata iz Srbije te se oko njih stvara \u201eIvrigova intelektualna \u0161kola\u201c. Redovito izlaze do danas, a glavni urednik je Petar Petrovi\u0107 ml. <em>Izv&#8230;&#8230;&#8230;&#8230;&#8230;&#8230;&#8230;<br \/>\n<\/em><\/p>\n<p>&gt;&gt;&gt; <a href=\"https:\/\/www.vegaintro-projekti.com\/pilar-stari\/2014\/06\/pocinje-hrvatski-iseljenicki-kongres-23-26-6-2014\/\">Predstavljanje Leksikona hrvatskog iseljeni\u0161tva i manjina na Hrvatskom iseljeni\u010dkom kongresu, 23.-26. lipnja 2014.<\/a><\/p>\n<p>&gt;&gt;&gt; <a href=\"https:\/\/www.vegaintro-projekti.com\/pilar-stari\/2014\/10\/zbornik-hrvatsko-iseljenistvo-i-domovina\/\">Zbornik HRVATSKO ISELJENI\u0160TVO I DOMOVINA<\/a><\/p>\n<p>&nbsp;<\/p>\n","protected":false},"excerpt":{"rendered":"<p>Institut dru\u0161tvenih znanosti Ivo Pilar, temeljem narud\u017ebe i uz suradnju Hrvatske matice iseljenika, radi na projektu izrade Leksikona hrvatskog iseljeni\u0161tva i hrvatskih manjina. Na suradnju se pozivaju sva dru\u0161tva, pojedinci, udruge i svi drugi koji djeluju u iseljeni\u0161tvu, odnosno me\u0111u pripadnicima hrvatske manjine da \u0161alju svoje podatke na adresu Instituta &#8211; Predstavljanje Leksikona hrvatskog iseljeni\u0161tva&hellip; <a class=\"continue\" href=\"https:\/\/www.vegaintro-projekti.com\/pilar-stari\/2012\/02\/leksikon-hrvatskog-iseljenitva-i-manjina-poziv-na-suradnju\/\">Pro\u010ditaj vi\u0161e o<span> LEKSIKON HRVATSKOG ISELJENI\u0160TVA I MANJINA &#8211; Poziv na suradnju<\/span><\/a><\/p>\n","protected":false},"author":1,"featured_media":0,"comment_status":"open","ping_status":"open","sticky":false,"template":"","format":"standard","meta":{"inline_featured_image":false,"ngg_post_thumbnail":0,"footnotes":""},"categories":[21],"tags":[],"yoast_head":"<!-- This site is optimized with the Yoast SEO plugin v21.2 - https:\/\/yoast.com\/wordpress\/plugins\/seo\/ -->\n<title>LEKSIKON HRVATSKOG ISELJENI\u0160TVA I MANJINA - Poziv na suradnju - Institut dru&scaron;tvenih znanosti Ivo Pilar<\/title>\n<meta name=\"robots\" content=\"noindex, follow, max-snippet:-1, max-image-preview:large, max-video-preview:-1\" \/>\n<meta property=\"og:locale\" content=\"hr_HR\" \/>\n<meta property=\"og:type\" content=\"article\" \/>\n<meta property=\"og:title\" content=\"LEKSIKON HRVATSKOG ISELJENI\u0160TVA I MANJINA - Poziv na suradnju - Institut dru&scaron;tvenih znanosti Ivo Pilar\" \/>\n<meta property=\"og:description\" content=\"Institut dru\u0161tvenih znanosti Ivo Pilar, temeljem narud\u017ebe i uz suradnju Hrvatske matice iseljenika, radi na projektu izrade Leksikona hrvatskog iseljeni\u0161tva i hrvatskih manjina. Na suradnju se pozivaju sva dru\u0161tva, pojedinci, udruge i svi drugi koji djeluju u iseljeni\u0161tvu, odnosno me\u0111u pripadnicima hrvatske manjine da \u0161alju svoje podatke na adresu Instituta &#8211; Predstavljanje Leksikona hrvatskog iseljeni\u0161tva&hellip; Pro\u010ditaj vi\u0161e o LEKSIKON HRVATSKOG ISELJENI\u0160TVA I MANJINA &#8211; Poziv na suradnju\" \/>\n<meta property=\"og:url\" content=\"https:\/\/www.vegaintro-projekti.com\/pilar-stari\/2012\/02\/leksikon-hrvatskog-iseljenitva-i-manjina-poziv-na-suradnju\/\" \/>\n<meta property=\"og:site_name\" content=\"Institut dru&scaron;tvenih znanosti Ivo Pilar\" \/>\n<meta property=\"article:published_time\" content=\"2012-02-26T18:57:31+00:00\" \/>\n<meta property=\"article:modified_time\" content=\"2019-07-29T21:18:43+00:00\" \/>\n<meta name=\"author\" content=\"pilar-admin\" \/>\n<meta name=\"twitter:card\" content=\"summary_large_image\" \/>\n<meta name=\"twitter:label1\" content=\"Napisao\/la\" \/>\n\t<meta name=\"twitter:data1\" content=\"pilar-admin\" \/>\n\t<meta name=\"twitter:label2\" content=\"Procijenjeno vrijeme \u010ditanja\" \/>\n\t<meta name=\"twitter:data2\" content=\"5 minuta\" \/>\n<script type=\"application\/ld+json\" class=\"yoast-schema-graph\">{\"@context\":\"https:\/\/schema.org\",\"@graph\":[{\"@type\":\"WebPage\",\"@id\":\"https:\/\/www.vegaintro-projekti.com\/pilar-stari\/2012\/02\/leksikon-hrvatskog-iseljenitva-i-manjina-poziv-na-suradnju\/\",\"url\":\"https:\/\/www.vegaintro-projekti.com\/pilar-stari\/2012\/02\/leksikon-hrvatskog-iseljenitva-i-manjina-poziv-na-suradnju\/\",\"name\":\"LEKSIKON HRVATSKOG ISELJENI\u0160TVA I MANJINA - Poziv na suradnju - Institut dru&scaron;tvenih znanosti Ivo Pilar\",\"isPartOf\":{\"@id\":\"https:\/\/www.vegaintro-projekti.com\/pilar-stari\/#website\"},\"datePublished\":\"2012-02-26T18:57:31+00:00\",\"dateModified\":\"2019-07-29T21:18:43+00:00\",\"author\":{\"@id\":\"https:\/\/www.vegaintro-projekti.com\/pilar-stari\/#\/schema\/person\/c0db50ebd77c4409e19b18044bbf10c1\"},\"breadcrumb\":{\"@id\":\"https:\/\/www.vegaintro-projekti.com\/pilar-stari\/2012\/02\/leksikon-hrvatskog-iseljenitva-i-manjina-poziv-na-suradnju\/#breadcrumb\"},\"inLanguage\":\"hr\",\"potentialAction\":[{\"@type\":\"ReadAction\",\"target\":[\"https:\/\/www.vegaintro-projekti.com\/pilar-stari\/2012\/02\/leksikon-hrvatskog-iseljenitva-i-manjina-poziv-na-suradnju\/\"]}]},{\"@type\":\"BreadcrumbList\",\"@id\":\"https:\/\/www.vegaintro-projekti.com\/pilar-stari\/2012\/02\/leksikon-hrvatskog-iseljenitva-i-manjina-poziv-na-suradnju\/#breadcrumb\",\"itemListElement\":[{\"@type\":\"ListItem\",\"position\":1,\"name\":\"Home\",\"item\":\"https:\/\/www.vegaintro-projekti.com\/pilar-stari\/\"},{\"@type\":\"ListItem\",\"position\":2,\"name\":\"LEKSIKON HRVATSKOG ISELJENI\u0160TVA I MANJINA &#8211; Poziv na suradnju\"}]},{\"@type\":\"WebSite\",\"@id\":\"https:\/\/www.vegaintro-projekti.com\/pilar-stari\/#website\",\"url\":\"https:\/\/www.vegaintro-projekti.com\/pilar-stari\/\",\"name\":\"Institut dru&scaron;tvenih znanosti Ivo Pilar\",\"description\":\"Pilar\",\"potentialAction\":[{\"@type\":\"SearchAction\",\"target\":{\"@type\":\"EntryPoint\",\"urlTemplate\":\"https:\/\/www.vegaintro-projekti.com\/pilar-stari\/?s={search_term_string}\"},\"query-input\":\"required name=search_term_string\"}],\"inLanguage\":\"hr\"},{\"@type\":\"Person\",\"@id\":\"https:\/\/www.vegaintro-projekti.com\/pilar-stari\/#\/schema\/person\/c0db50ebd77c4409e19b18044bbf10c1\",\"name\":\"pilar-admin\",\"image\":{\"@type\":\"ImageObject\",\"inLanguage\":\"hr\",\"@id\":\"https:\/\/www.vegaintro-projekti.com\/pilar-stari\/#\/schema\/person\/image\/\",\"url\":\"https:\/\/secure.gravatar.com\/avatar\/fac9e03c4db0011b9c1ad8b5e9c74b8c?s=96&d=mm&r=g\",\"contentUrl\":\"https:\/\/secure.gravatar.com\/avatar\/fac9e03c4db0011b9c1ad8b5e9c74b8c?s=96&d=mm&r=g\",\"caption\":\"pilar-admin\"},\"url\":\"https:\/\/www.vegaintro-projekti.com\/pilar-stari\/author\/pilar-admin\/\"}]}<\/script>\n<!-- \/ Yoast SEO plugin. -->","yoast_head_json":{"title":"LEKSIKON HRVATSKOG ISELJENI\u0160TVA I MANJINA - Poziv na suradnju - Institut dru&scaron;tvenih znanosti Ivo Pilar","robots":{"index":"noindex","follow":"follow","max-snippet":"max-snippet:-1","max-image-preview":"max-image-preview:large","max-video-preview":"max-video-preview:-1"},"og_locale":"hr_HR","og_type":"article","og_title":"LEKSIKON HRVATSKOG ISELJENI\u0160TVA I MANJINA - Poziv na suradnju - Institut dru&scaron;tvenih znanosti Ivo Pilar","og_description":"Institut dru\u0161tvenih znanosti Ivo Pilar, temeljem narud\u017ebe i uz suradnju Hrvatske matice iseljenika, radi na projektu izrade Leksikona hrvatskog iseljeni\u0161tva i hrvatskih manjina. Na suradnju se pozivaju sva dru\u0161tva, pojedinci, udruge i svi drugi koji djeluju u iseljeni\u0161tvu, odnosno me\u0111u pripadnicima hrvatske manjine da \u0161alju svoje podatke na adresu Instituta &#8211; Predstavljanje Leksikona hrvatskog iseljeni\u0161tva&hellip; Pro\u010ditaj vi\u0161e o LEKSIKON HRVATSKOG ISELJENI\u0160TVA I MANJINA &#8211; Poziv na suradnju","og_url":"https:\/\/www.vegaintro-projekti.com\/pilar-stari\/2012\/02\/leksikon-hrvatskog-iseljenitva-i-manjina-poziv-na-suradnju\/","og_site_name":"Institut dru&scaron;tvenih znanosti Ivo Pilar","article_published_time":"2012-02-26T18:57:31+00:00","article_modified_time":"2019-07-29T21:18:43+00:00","author":"pilar-admin","twitter_card":"summary_large_image","twitter_misc":{"Napisao\/la":"pilar-admin","Procijenjeno vrijeme \u010ditanja":"5 minuta"},"schema":{"@context":"https:\/\/schema.org","@graph":[{"@type":"WebPage","@id":"https:\/\/www.vegaintro-projekti.com\/pilar-stari\/2012\/02\/leksikon-hrvatskog-iseljenitva-i-manjina-poziv-na-suradnju\/","url":"https:\/\/www.vegaintro-projekti.com\/pilar-stari\/2012\/02\/leksikon-hrvatskog-iseljenitva-i-manjina-poziv-na-suradnju\/","name":"LEKSIKON HRVATSKOG ISELJENI\u0160TVA I MANJINA - Poziv na suradnju - Institut dru&scaron;tvenih znanosti Ivo Pilar","isPartOf":{"@id":"https:\/\/www.vegaintro-projekti.com\/pilar-stari\/#website"},"datePublished":"2012-02-26T18:57:31+00:00","dateModified":"2019-07-29T21:18:43+00:00","author":{"@id":"https:\/\/www.vegaintro-projekti.com\/pilar-stari\/#\/schema\/person\/c0db50ebd77c4409e19b18044bbf10c1"},"breadcrumb":{"@id":"https:\/\/www.vegaintro-projekti.com\/pilar-stari\/2012\/02\/leksikon-hrvatskog-iseljenitva-i-manjina-poziv-na-suradnju\/#breadcrumb"},"inLanguage":"hr","potentialAction":[{"@type":"ReadAction","target":["https:\/\/www.vegaintro-projekti.com\/pilar-stari\/2012\/02\/leksikon-hrvatskog-iseljenitva-i-manjina-poziv-na-suradnju\/"]}]},{"@type":"BreadcrumbList","@id":"https:\/\/www.vegaintro-projekti.com\/pilar-stari\/2012\/02\/leksikon-hrvatskog-iseljenitva-i-manjina-poziv-na-suradnju\/#breadcrumb","itemListElement":[{"@type":"ListItem","position":1,"name":"Home","item":"https:\/\/www.vegaintro-projekti.com\/pilar-stari\/"},{"@type":"ListItem","position":2,"name":"LEKSIKON HRVATSKOG ISELJENI\u0160TVA I MANJINA &#8211; Poziv na suradnju"}]},{"@type":"WebSite","@id":"https:\/\/www.vegaintro-projekti.com\/pilar-stari\/#website","url":"https:\/\/www.vegaintro-projekti.com\/pilar-stari\/","name":"Institut dru&scaron;tvenih znanosti Ivo Pilar","description":"Pilar","potentialAction":[{"@type":"SearchAction","target":{"@type":"EntryPoint","urlTemplate":"https:\/\/www.vegaintro-projekti.com\/pilar-stari\/?s={search_term_string}"},"query-input":"required name=search_term_string"}],"inLanguage":"hr"},{"@type":"Person","@id":"https:\/\/www.vegaintro-projekti.com\/pilar-stari\/#\/schema\/person\/c0db50ebd77c4409e19b18044bbf10c1","name":"pilar-admin","image":{"@type":"ImageObject","inLanguage":"hr","@id":"https:\/\/www.vegaintro-projekti.com\/pilar-stari\/#\/schema\/person\/image\/","url":"https:\/\/secure.gravatar.com\/avatar\/fac9e03c4db0011b9c1ad8b5e9c74b8c?s=96&d=mm&r=g","contentUrl":"https:\/\/secure.gravatar.com\/avatar\/fac9e03c4db0011b9c1ad8b5e9c74b8c?s=96&d=mm&r=g","caption":"pilar-admin"},"url":"https:\/\/www.vegaintro-projekti.com\/pilar-stari\/author\/pilar-admin\/"}]}},"_links":{"self":[{"href":"https:\/\/www.vegaintro-projekti.com\/pilar-stari\/wp-json\/wp\/v2\/posts\/464"}],"collection":[{"href":"https:\/\/www.vegaintro-projekti.com\/pilar-stari\/wp-json\/wp\/v2\/posts"}],"about":[{"href":"https:\/\/www.vegaintro-projekti.com\/pilar-stari\/wp-json\/wp\/v2\/types\/post"}],"author":[{"embeddable":true,"href":"https:\/\/www.vegaintro-projekti.com\/pilar-stari\/wp-json\/wp\/v2\/users\/1"}],"replies":[{"embeddable":true,"href":"https:\/\/www.vegaintro-projekti.com\/pilar-stari\/wp-json\/wp\/v2\/comments?post=464"}],"version-history":[{"count":4,"href":"https:\/\/www.vegaintro-projekti.com\/pilar-stari\/wp-json\/wp\/v2\/posts\/464\/revisions"}],"predecessor-version":[{"id":13488,"href":"https:\/\/www.vegaintro-projekti.com\/pilar-stari\/wp-json\/wp\/v2\/posts\/464\/revisions\/13488"}],"wp:attachment":[{"href":"https:\/\/www.vegaintro-projekti.com\/pilar-stari\/wp-json\/wp\/v2\/media?parent=464"}],"wp:term":[{"taxonomy":"category","embeddable":true,"href":"https:\/\/www.vegaintro-projekti.com\/pilar-stari\/wp-json\/wp\/v2\/categories?post=464"},{"taxonomy":"post_tag","embeddable":true,"href":"https:\/\/www.vegaintro-projekti.com\/pilar-stari\/wp-json\/wp\/v2\/tags?post=464"}],"curies":[{"name":"wp","href":"https:\/\/api.w.org\/{rel}","templated":true}]}}