{"id":467,"date":"2012-03-08T12:14:08","date_gmt":"2012-03-08T12:14:08","guid":{"rendered":"https:\/\/www.vegaintro-projekti.com\/pilar-stari\/2012\/03\/08\/4-tribina-u-vukovaru-drsc-saa-poljanec-bori-i-dr-sc-drago-engi-1632012\/"},"modified":"2017-12-07T14:12:13","modified_gmt":"2017-12-07T14:12:13","slug":"4-tribina-u-vukovaru-drsc-saa-poljanec-bori-i-dr-sc-drago-engi-1632012","status":"publish","type":"post","link":"https:\/\/www.vegaintro-projekti.com\/pilar-stari\/2012\/03\/4-tribina-u-vukovaru-drsc-saa-poljanec-bori-i-dr-sc-drago-engi-1632012\/","title":{"rendered":"4. tribina u Vukovaru: dr. sc. Sa\u0161a Poljanec Bori\u0107 i dr. sc. Drago \u010cengi\u0107"},"content":{"rendered":"<p><strong>U prostorijama Podru\u010dnoga centra Instituta Pilar u Vukovaru odr\u017eana je 16. o\u017eujka 2012. godine 4. tribina iz ciklusa: &#8220;Dvadeset godina istra\u017eivanja Instituta Pilar&#8221;. Na tribini su, uz nazo\u010dnost predstavnika institucija i ustanova Vukovarsko-srijemske \u017eupanije, Grada Vukovara, vukovarskog Veleu\u010dili\u0161ta Lavoslav Ru\u017ei\u010dka, Dr\u017eavnog arhiva u Vukovaru, FINE &#8211; Vukovar, Luke Vukovar, Op\u0107ine Nijemci, i dr., uvodno govorili dr. sc. Drago \u010cengi\u0107 o temi: &#8220;Poduze\u0107a, kriza i dr\u017eava&#8221; te dr. sc. Sa\u0161a Poljanec Bori\u0107 o temi: &#8220;Prostor, lokalni razvoj i demokracija (problem lokalne jurisdikcije u uvjetima globalizacije)&#8221;<\/strong><\/p>\n<table border=\"0\">\n<tbody>\n<tr>\n<td><img decoding=\"async\" loading=\"lazy\" height=\"235\" width=\"314\" src=\"https:\/\/www.vegaintro-projekti.com\/pilar-stari\/wp-content\/images\/stories\/fotografije\/podrucni\/vukovar\/4.tribina_vu1.jpg\" alt=\"4.tribina_vu1\" \/><\/td>\n<td><img decoding=\"async\" loading=\"lazy\" height=\"235\" width=\"314\" src=\"https:\/\/www.vegaintro-projekti.com\/pilar-stari\/wp-content\/images\/stories\/fotografije\/podrucni\/vukovar\/4.tribina_vu2.jpg\" alt=\"4.tribina_vu2\" \/><\/td>\n<\/tr>\n<\/tbody>\n<\/table>\n<p><span style=\"font-size: 12pt;\">Poduze\u0107a, kriza i dr\u017eava<\/span><\/p>\n<p>Dr. \u010cengi\u0107 je, me\u0111u ostalim, na temelju provedenog empirijskoga istra\u017eivanja, govorio u na\u010dinima kako su se poduze\u0107a nosila sa krizom u kojoj se nalazimo, koje su strategije koristile u prevladavanju kriznih situacija te kakve su pouke izvu\u010dene iz pona\u0161anja u kriznim situacijama. Dr. \u010cengi\u0107 je posebno naglasio pitanje promjene paradigme rukovo\u0111enja poduze\u0107ima u krizi kao i osmi\u0161ljavanja i primjene strategije tr\u017ei\u0161nog opstanka. &gt;&gt;&gt; <a href=\"https:\/\/www.vegaintro-projekti.com\/pilar-stari\/2010\/06\/centar-za-istraivanje-poduzetnitva\/\">Centar za istra\u017eivanje poduzetni\u0161tva Instituta Ivo Pilar<\/a><\/p>\n<p><span style=\"font-size: 12pt;\">Prostor, lokalni razvoj i demokracija<\/span><\/p>\n<p>Dr. Poljanec Bori\u0107 je naglasak u svojemu izlaganju stavila na neophodnost \u0161to br\u017eeg uklanjanja razvojnih debalansa izme\u0111u kontinentalnog i primorskog dijela Hrvatske, \u0161to se, me\u0111u ostalim, mo\u0107e posti\u0107i strukturno i regionalno kvalitetnijim povla\u0107enjem sredstava iz fondova Europske unije, ali i supstitucijom uvoza, za koji dr. Poljanec Bori\u0107 dr\u017ei da predstavlja temelj budu\u0107eg razvoja Hrvatske, napose njezinog kontinentalnog dijela. &gt;&gt;&gt; <a href=\"https:\/\/www.vegaintro-projekti.com\/pilar-stari\/2010\/06\/centar-za-istraivanje-demokracije-dobru-upravu-i-lokalni-razvoj\/\">Centar za istra\u017eivanje demokracije, dobru upravu i lokalni razvoj Instituta Ivo Pilar<\/a><\/p>\n<p>U gotovo dvosatnoj raspravi koja je uslijedila potaknut je niz pitanja iz domene razvoja, stabilizacije poslovanja, turizma, europskih fondova, kao i spremnosti lokalne i regionalne samoupravo da kvalitetno odgovore na razvojne izazove koji im predstoje.<br \/>\u00a0<\/p>\n<table border=\"0\">\n<tbody>\n<tr>\n<td>\u00a0\u00a0\u00a0\u00a0\u00a0\u00a0\u00a0\u00a0\u00a0 \u00a0 \u00a0\u00a0\u00a0\u00a0\u00a0\u00a0\u00a0\u00a0\u00a0<\/td>\n<td><a href=\"https:\/\/www.vegaintro-projekti.com\/pilar-stari\/wp-content\/images\/stories\/dokumenti\/podrucni\/vukovar\/pc_vu_4tr.pdf\"><img decoding=\"async\" loading=\"lazy\" height=\"640\" width=\"454\" src=\"https:\/\/www.vegaintro-projekti.com\/pilar-stari\/wp-content\/images\/stories\/fotografije\/podrucni\/vukovar\/pc_vu_4tr.jpg\" alt=\"pc_vu_4tr\" \/><\/a><\/td>\n<\/tr>\n<\/tbody>\n<\/table>\n<p><a href=\"https:\/\/www.vegaintro-projekti.com\/pilar-stari\/wp-content\/images\/stories\/dokumenti\/podrucni\/vukovar\/pc_vu_4tr.pdf\">&#8211; Pozivnica za 4. tribinu u Podru\u010dnom centru Vukovar, 16. o\u017eujka 2012.<\/a><\/p>\n<p>&gt;&gt;&gt; <a href=\"https:\/\/www.vegaintro-projekti.com\/pilar-stari\/2010\/07\/podruni-centar-vukovar-2\/\">PODRU\u010cNI CENTAR VUKOVAR<\/a><\/p>\n<p>\u00a0<\/p>\n<p>\u00a0<\/p>\n<p>\u00a0<\/p>\n<p>\u00a0<\/p>\n","protected":false},"excerpt":{"rendered":"<p>U prostorijama Podru\u010dnoga centra Instituta Pilar u Vukovaru odr\u017eana je 16. o\u017eujka 2012. godine 4. tribina iz ciklusa: &#8220;Dvadeset godina istra\u017eivanja Instituta Pilar&#8221;. Na tribini su, uz nazo\u010dnost predstavnika institucija i ustanova Vukovarsko-srijemske \u017eupanije, Grada Vukovara, vukovarskog Veleu\u010dili\u0161ta Lavoslav Ru\u017ei\u010dka, Dr\u017eavnog arhiva u Vukovaru, FINE &#8211; Vukovar, Luke Vukovar, Op\u0107ine Nijemci, i dr., uvodno govorili&hellip; <a class=\"continue\" href=\"https:\/\/www.vegaintro-projekti.com\/pilar-stari\/2012\/03\/4-tribina-u-vukovaru-drsc-saa-poljanec-bori-i-dr-sc-drago-engi-1632012\/\">Pro\u010ditaj vi\u0161e o<span> 4. tribina u Vukovaru: dr. sc. Sa\u0161a Poljanec Bori\u0107 i dr. sc. Drago \u010cengi\u0107<\/span><\/a><\/p>\n","protected":false},"author":1,"featured_media":0,"comment_status":"open","ping_status":"open","sticky":false,"template":"","format":"standard","meta":{"inline_featured_image":false,"ngg_post_thumbnail":0,"footnotes":""},"categories":[11],"tags":[],"yoast_head":"<!-- This site is optimized with the Yoast SEO plugin v21.2 - https:\/\/yoast.com\/wordpress\/plugins\/seo\/ -->\n<title>4. tribina u Vukovaru: dr. sc. Sa\u0161a Poljanec Bori\u0107 i dr. sc. Drago \u010cengi\u0107 - Institut dru&scaron;tvenih znanosti Ivo Pilar<\/title>\n<meta name=\"robots\" content=\"noindex, follow, max-snippet:-1, max-image-preview:large, max-video-preview:-1\" \/>\n<meta property=\"og:locale\" content=\"hr_HR\" \/>\n<meta property=\"og:type\" content=\"article\" \/>\n<meta property=\"og:title\" content=\"4. tribina u Vukovaru: dr. sc. Sa\u0161a Poljanec Bori\u0107 i dr. sc. Drago \u010cengi\u0107 - Institut dru&scaron;tvenih znanosti Ivo Pilar\" \/>\n<meta property=\"og:description\" content=\"U prostorijama Podru\u010dnoga centra Instituta Pilar u Vukovaru odr\u017eana je 16. o\u017eujka 2012. godine 4. tribina iz ciklusa: &#8220;Dvadeset godina istra\u017eivanja Instituta Pilar&#8221;. Na tribini su, uz nazo\u010dnost predstavnika institucija i ustanova Vukovarsko-srijemske \u017eupanije, Grada Vukovara, vukovarskog Veleu\u010dili\u0161ta Lavoslav Ru\u017ei\u010dka, Dr\u017eavnog arhiva u Vukovaru, FINE &#8211; Vukovar, Luke Vukovar, Op\u0107ine Nijemci, i dr., uvodno govorili&hellip; Pro\u010ditaj vi\u0161e o 4. tribina u Vukovaru: dr. sc. Sa\u0161a Poljanec Bori\u0107 i dr. sc. Drago \u010cengi\u0107\" \/>\n<meta property=\"og:url\" content=\"https:\/\/www.vegaintro-projekti.com\/pilar-stari\/2012\/03\/4-tribina-u-vukovaru-drsc-saa-poljanec-bori-i-dr-sc-drago-engi-1632012\/\" \/>\n<meta property=\"og:site_name\" content=\"Institut dru&scaron;tvenih znanosti Ivo Pilar\" \/>\n<meta property=\"article:published_time\" content=\"2012-03-08T12:14:08+00:00\" \/>\n<meta property=\"article:modified_time\" content=\"2017-12-07T14:12:13+00:00\" \/>\n<meta property=\"og:image\" content=\"https:\/\/www.vegaintro-projekti.com\/pilar-stari\/wp-content\/images\/stories\/fotografije\/podrucni\/vukovar\/4.tribina_vu1.jpg\" \/>\n<meta name=\"author\" content=\"pilar-admin\" \/>\n<meta name=\"twitter:card\" content=\"summary_large_image\" \/>\n<meta name=\"twitter:label1\" content=\"Napisao\/la\" \/>\n\t<meta name=\"twitter:data1\" content=\"pilar-admin\" \/>\n\t<meta name=\"twitter:label2\" content=\"Procijenjeno vrijeme \u010ditanja\" \/>\n\t<meta name=\"twitter:data2\" content=\"2 minute\" \/>\n<script type=\"application\/ld+json\" class=\"yoast-schema-graph\">{\"@context\":\"https:\/\/schema.org\",\"@graph\":[{\"@type\":\"WebPage\",\"@id\":\"https:\/\/www.vegaintro-projekti.com\/pilar-stari\/2012\/03\/4-tribina-u-vukovaru-drsc-saa-poljanec-bori-i-dr-sc-drago-engi-1632012\/\",\"url\":\"https:\/\/www.vegaintro-projekti.com\/pilar-stari\/2012\/03\/4-tribina-u-vukovaru-drsc-saa-poljanec-bori-i-dr-sc-drago-engi-1632012\/\",\"name\":\"4. tribina u Vukovaru: dr. sc. Sa\u0161a Poljanec Bori\u0107 i dr. sc. Drago \u010cengi\u0107 - Institut dru&scaron;tvenih znanosti Ivo Pilar\",\"isPartOf\":{\"@id\":\"https:\/\/www.vegaintro-projekti.com\/pilar-stari\/#website\"},\"datePublished\":\"2012-03-08T12:14:08+00:00\",\"dateModified\":\"2017-12-07T14:12:13+00:00\",\"author\":{\"@id\":\"https:\/\/www.vegaintro-projekti.com\/pilar-stari\/#\/schema\/person\/c0db50ebd77c4409e19b18044bbf10c1\"},\"breadcrumb\":{\"@id\":\"https:\/\/www.vegaintro-projekti.com\/pilar-stari\/2012\/03\/4-tribina-u-vukovaru-drsc-saa-poljanec-bori-i-dr-sc-drago-engi-1632012\/#breadcrumb\"},\"inLanguage\":\"hr\",\"potentialAction\":[{\"@type\":\"ReadAction\",\"target\":[\"https:\/\/www.vegaintro-projekti.com\/pilar-stari\/2012\/03\/4-tribina-u-vukovaru-drsc-saa-poljanec-bori-i-dr-sc-drago-engi-1632012\/\"]}]},{\"@type\":\"BreadcrumbList\",\"@id\":\"https:\/\/www.vegaintro-projekti.com\/pilar-stari\/2012\/03\/4-tribina-u-vukovaru-drsc-saa-poljanec-bori-i-dr-sc-drago-engi-1632012\/#breadcrumb\",\"itemListElement\":[{\"@type\":\"ListItem\",\"position\":1,\"name\":\"Home\",\"item\":\"https:\/\/www.vegaintro-projekti.com\/pilar-stari\/\"},{\"@type\":\"ListItem\",\"position\":2,\"name\":\"4. tribina u Vukovaru: dr. sc. Sa\u0161a Poljanec Bori\u0107 i dr. sc. Drago \u010cengi\u0107\"}]},{\"@type\":\"WebSite\",\"@id\":\"https:\/\/www.vegaintro-projekti.com\/pilar-stari\/#website\",\"url\":\"https:\/\/www.vegaintro-projekti.com\/pilar-stari\/\",\"name\":\"Institut dru&scaron;tvenih znanosti Ivo Pilar\",\"description\":\"Pilar\",\"potentialAction\":[{\"@type\":\"SearchAction\",\"target\":{\"@type\":\"EntryPoint\",\"urlTemplate\":\"https:\/\/www.vegaintro-projekti.com\/pilar-stari\/?s={search_term_string}\"},\"query-input\":\"required name=search_term_string\"}],\"inLanguage\":\"hr\"},{\"@type\":\"Person\",\"@id\":\"https:\/\/www.vegaintro-projekti.com\/pilar-stari\/#\/schema\/person\/c0db50ebd77c4409e19b18044bbf10c1\",\"name\":\"pilar-admin\",\"image\":{\"@type\":\"ImageObject\",\"inLanguage\":\"hr\",\"@id\":\"https:\/\/www.vegaintro-projekti.com\/pilar-stari\/#\/schema\/person\/image\/\",\"url\":\"https:\/\/secure.gravatar.com\/avatar\/fac9e03c4db0011b9c1ad8b5e9c74b8c?s=96&d=mm&r=g\",\"contentUrl\":\"https:\/\/secure.gravatar.com\/avatar\/fac9e03c4db0011b9c1ad8b5e9c74b8c?s=96&d=mm&r=g\",\"caption\":\"pilar-admin\"},\"url\":\"https:\/\/www.vegaintro-projekti.com\/pilar-stari\/author\/pilar-admin\/\"}]}<\/script>\n<!-- \/ Yoast SEO plugin. -->","yoast_head_json":{"title":"4. tribina u Vukovaru: dr. sc. Sa\u0161a Poljanec Bori\u0107 i dr. sc. Drago \u010cengi\u0107 - Institut dru&scaron;tvenih znanosti Ivo Pilar","robots":{"index":"noindex","follow":"follow","max-snippet":"max-snippet:-1","max-image-preview":"max-image-preview:large","max-video-preview":"max-video-preview:-1"},"og_locale":"hr_HR","og_type":"article","og_title":"4. tribina u Vukovaru: dr. sc. Sa\u0161a Poljanec Bori\u0107 i dr. sc. Drago \u010cengi\u0107 - Institut dru&scaron;tvenih znanosti Ivo Pilar","og_description":"U prostorijama Podru\u010dnoga centra Instituta Pilar u Vukovaru odr\u017eana je 16. o\u017eujka 2012. godine 4. tribina iz ciklusa: &#8220;Dvadeset godina istra\u017eivanja Instituta Pilar&#8221;. Na tribini su, uz nazo\u010dnost predstavnika institucija i ustanova Vukovarsko-srijemske \u017eupanije, Grada Vukovara, vukovarskog Veleu\u010dili\u0161ta Lavoslav Ru\u017ei\u010dka, Dr\u017eavnog arhiva u Vukovaru, FINE &#8211; Vukovar, Luke Vukovar, Op\u0107ine Nijemci, i dr., uvodno govorili&hellip; Pro\u010ditaj vi\u0161e o 4. tribina u Vukovaru: dr. sc. Sa\u0161a Poljanec Bori\u0107 i dr. sc. Drago \u010cengi\u0107","og_url":"https:\/\/www.vegaintro-projekti.com\/pilar-stari\/2012\/03\/4-tribina-u-vukovaru-drsc-saa-poljanec-bori-i-dr-sc-drago-engi-1632012\/","og_site_name":"Institut dru&scaron;tvenih znanosti Ivo Pilar","article_published_time":"2012-03-08T12:14:08+00:00","article_modified_time":"2017-12-07T14:12:13+00:00","og_image":[{"url":"https:\/\/www.vegaintro-projekti.com\/pilar-stari\/wp-content\/images\/stories\/fotografije\/podrucni\/vukovar\/4.tribina_vu1.jpg"}],"author":"pilar-admin","twitter_card":"summary_large_image","twitter_misc":{"Napisao\/la":"pilar-admin","Procijenjeno vrijeme \u010ditanja":"2 minute"},"schema":{"@context":"https:\/\/schema.org","@graph":[{"@type":"WebPage","@id":"https:\/\/www.vegaintro-projekti.com\/pilar-stari\/2012\/03\/4-tribina-u-vukovaru-drsc-saa-poljanec-bori-i-dr-sc-drago-engi-1632012\/","url":"https:\/\/www.vegaintro-projekti.com\/pilar-stari\/2012\/03\/4-tribina-u-vukovaru-drsc-saa-poljanec-bori-i-dr-sc-drago-engi-1632012\/","name":"4. tribina u Vukovaru: dr. sc. Sa\u0161a Poljanec Bori\u0107 i dr. sc. Drago \u010cengi\u0107 - Institut dru&scaron;tvenih znanosti Ivo Pilar","isPartOf":{"@id":"https:\/\/www.vegaintro-projekti.com\/pilar-stari\/#website"},"datePublished":"2012-03-08T12:14:08+00:00","dateModified":"2017-12-07T14:12:13+00:00","author":{"@id":"https:\/\/www.vegaintro-projekti.com\/pilar-stari\/#\/schema\/person\/c0db50ebd77c4409e19b18044bbf10c1"},"breadcrumb":{"@id":"https:\/\/www.vegaintro-projekti.com\/pilar-stari\/2012\/03\/4-tribina-u-vukovaru-drsc-saa-poljanec-bori-i-dr-sc-drago-engi-1632012\/#breadcrumb"},"inLanguage":"hr","potentialAction":[{"@type":"ReadAction","target":["https:\/\/www.vegaintro-projekti.com\/pilar-stari\/2012\/03\/4-tribina-u-vukovaru-drsc-saa-poljanec-bori-i-dr-sc-drago-engi-1632012\/"]}]},{"@type":"BreadcrumbList","@id":"https:\/\/www.vegaintro-projekti.com\/pilar-stari\/2012\/03\/4-tribina-u-vukovaru-drsc-saa-poljanec-bori-i-dr-sc-drago-engi-1632012\/#breadcrumb","itemListElement":[{"@type":"ListItem","position":1,"name":"Home","item":"https:\/\/www.vegaintro-projekti.com\/pilar-stari\/"},{"@type":"ListItem","position":2,"name":"4. tribina u Vukovaru: dr. sc. Sa\u0161a Poljanec Bori\u0107 i dr. sc. Drago \u010cengi\u0107"}]},{"@type":"WebSite","@id":"https:\/\/www.vegaintro-projekti.com\/pilar-stari\/#website","url":"https:\/\/www.vegaintro-projekti.com\/pilar-stari\/","name":"Institut dru&scaron;tvenih znanosti Ivo Pilar","description":"Pilar","potentialAction":[{"@type":"SearchAction","target":{"@type":"EntryPoint","urlTemplate":"https:\/\/www.vegaintro-projekti.com\/pilar-stari\/?s={search_term_string}"},"query-input":"required name=search_term_string"}],"inLanguage":"hr"},{"@type":"Person","@id":"https:\/\/www.vegaintro-projekti.com\/pilar-stari\/#\/schema\/person\/c0db50ebd77c4409e19b18044bbf10c1","name":"pilar-admin","image":{"@type":"ImageObject","inLanguage":"hr","@id":"https:\/\/www.vegaintro-projekti.com\/pilar-stari\/#\/schema\/person\/image\/","url":"https:\/\/secure.gravatar.com\/avatar\/fac9e03c4db0011b9c1ad8b5e9c74b8c?s=96&d=mm&r=g","contentUrl":"https:\/\/secure.gravatar.com\/avatar\/fac9e03c4db0011b9c1ad8b5e9c74b8c?s=96&d=mm&r=g","caption":"pilar-admin"},"url":"https:\/\/www.vegaintro-projekti.com\/pilar-stari\/author\/pilar-admin\/"}]}},"_links":{"self":[{"href":"https:\/\/www.vegaintro-projekti.com\/pilar-stari\/wp-json\/wp\/v2\/posts\/467"}],"collection":[{"href":"https:\/\/www.vegaintro-projekti.com\/pilar-stari\/wp-json\/wp\/v2\/posts"}],"about":[{"href":"https:\/\/www.vegaintro-projekti.com\/pilar-stari\/wp-json\/wp\/v2\/types\/post"}],"author":[{"embeddable":true,"href":"https:\/\/www.vegaintro-projekti.com\/pilar-stari\/wp-json\/wp\/v2\/users\/1"}],"replies":[{"embeddable":true,"href":"https:\/\/www.vegaintro-projekti.com\/pilar-stari\/wp-json\/wp\/v2\/comments?post=467"}],"version-history":[{"count":4,"href":"https:\/\/www.vegaintro-projekti.com\/pilar-stari\/wp-json\/wp\/v2\/posts\/467\/revisions"}],"predecessor-version":[{"id":6954,"href":"https:\/\/www.vegaintro-projekti.com\/pilar-stari\/wp-json\/wp\/v2\/posts\/467\/revisions\/6954"}],"wp:attachment":[{"href":"https:\/\/www.vegaintro-projekti.com\/pilar-stari\/wp-json\/wp\/v2\/media?parent=467"}],"wp:term":[{"taxonomy":"category","embeddable":true,"href":"https:\/\/www.vegaintro-projekti.com\/pilar-stari\/wp-json\/wp\/v2\/categories?post=467"},{"taxonomy":"post_tag","embeddable":true,"href":"https:\/\/www.vegaintro-projekti.com\/pilar-stari\/wp-json\/wp\/v2\/tags?post=467"}],"curies":[{"name":"wp","href":"https:\/\/api.w.org\/{rel}","templated":true}]}}