{"id":472,"date":"2012-04-10T21:06:47","date_gmt":"2012-04-10T21:06:47","guid":{"rendered":"https:\/\/www.vegaintro-projekti.com\/pilar-stari\/2012\/04\/10\/spomen-dan-rtvama-komunistikog-terora-u-vukovaru\/"},"modified":"2017-12-08T08:25:07","modified_gmt":"2017-12-08T08:25:07","slug":"spomen-dan-rtvama-komunistikog-terora-u-vukovaru","status":"publish","type":"post","link":"https:\/\/www.vegaintro-projekti.com\/pilar-stari\/2012\/04\/spomen-dan-rtvama-komunistikog-terora-u-vukovaru\/","title":{"rendered":"Obilje\u017een spomen-dan \u017ertvama komunisti\u010dkog terora u Vukovaru"},"content":{"rendered":"<p><strong>U organizaciji Franjeva\u010dkog samostana u Vukovaru, Ogranka Matice hrvatske Vukovar, Podru\u010dnoga centra Instituta Pilar u Vukovaru i Udruge Nijemaca i Austrijanaca grada Vukovara, 12. travnja 2012. godine odr\u017ean je Spomen-dan \u017ertvama komunisti\u010dkog terora u Vukovaru (12. travnja 1945.)<\/strong><br \/>\u00a0 <\/p>\n<table border=\"0\">\n<tbody>\n<tr>\n<td><img decoding=\"async\" loading=\"lazy\" height=\"235\" width=\"314\" src=\"https:\/\/www.vegaintro-projekti.com\/pilar-stari\/wp-content\/images\/stories\/fotografije\/podrucni\/vukovar\/sam_3947_s.jpg\" alt=\"sam_3947_s\" \/><\/td>\n<td><img decoding=\"async\" loading=\"lazy\" height=\"235\" width=\"314\" src=\"https:\/\/www.vegaintro-projekti.com\/pilar-stari\/wp-content\/images\/stories\/fotografije\/podrucni\/vukovar\/sam_3966_s.jpg\" alt=\"sam_3966_s\" \/><\/td>\n<\/tr>\n<\/tbody>\n<\/table>\n<p>Na taj dan prije 67 godina, u popodnevnim satima, bez borbe, u Vukovar su probojem Srijemskog fronta u\u0161le postrojbe Jugoslavenske armije, a s njima i politi\u010dki i represivni organi nove vlasti. Ve\u0107 prvih dana po dolasku Jugoslavenske armije i OZNE u Vukovar, prema unaprijed izra\u0111enim popisima, iz svojih je domova odvedeno i bez ikakvoga procesa i ispitivanja likvidirano 119 Vukovaraca. Narednih tjedana toj su se brojci pridru\u017eili i drugi, uglavnom Hrvati i Nijemci, koji su sa su\u0111enjem ili bez njega, bili likvidirani ili osu\u0111eni na vi\u0161egodi\u0161nje zatvorske kazne uz oduzimanje imovine i svih gra\u0111anskih prava. Mnogi su Vukovarci stradali na Kri\u017enom putu ili u ratnim operacijama, od Hrvatske, preko BiH do isto\u010dnoga boji\u0161ta. Prema do sada obavljenim istra\u017eivanjima, dostupnim dokumentima i naro\u010dito svjedo\u010danstvima, postoje vrlo jasne indicije o postojanju najmanje 7 masovnih grobnica u Vukovaru i njegovoj neposrednoj okolici u kojima se nalaze \u017ertve komunisti\u010dkog terora iz travnja 1945. godine.<\/p>\n<p>Obilje\u017eavanje Spomen-dana po\u010delo je polaganjem vijenaca, paljenjem svije\u0107a i molitvom kod Spomen-kri\u017ea ispred crkve sv. Filipa i Jakova. Molitvu je predvodio biskup vara\u017edinski, mons. Josip Mrzljak, ro\u0111eni Vukovarac, \u010diji je otac odveden i tako\u0111er ubijen odmah po ulasku Jugoslavenske armije u grad. Biskup Mrzljak je predvodio i sve\u010danu spomen-misu u crkvi sv. Filipa i Jakova.<\/p>\n<p>Drugi dio obilje\u017eavanja odr\u017ean je u dupko ispunjenoj dvorani sv. Bone Pastoralnog centra, gdje su o va\u017enosti pronala\u017eenja i dostojnog obilje\u017eavanja mjesta stradanja i grobi\u0161ta sa \u017ertvama komunisti\u010dkog terora, o karakteru represivnog komunisti\u010dkog sustava te o nekim novim \u010dinjenicama o stradanjima Vukovaraca u pora\u0107u Drugoga svjetskog rata, govorili mr. sc. Ivica \u0160ola, Mirko Kova\u010di\u0107 i dr. sc. Dra\u017een \u017divi\u0107. Programu u Pastoralnom centru nazo\u010dili su i biskup Josip Mrzljak, \u017eupan Vukovarsko-srijemske \u017eupanije Bo\u017eo Gali\u0107 sa suradnicima, gvardijan vukovarski fra Gordan Propadalo&#8230;<\/p>\n<p><em>D. \u017divi\u0107<\/em><\/p>\n<table border=\"0\">\n<tbody>\n<tr>\n<td>\u00a0\u00a0\u00a0\u00a0\u00a0\u00a0\u00a0\u00a0\u00a0\u00a0\u00a0\u00a0\u00a0\u00a0\u00a0\u00a0\u00a0\u00a0\u00a0<\/td>\n<td><img decoding=\"async\" loading=\"lazy\" height=\"640\" width=\"454\" src=\"https:\/\/www.vegaintro-projekti.com\/pilar-stari\/wp-content\/images\/stories\/fotografije\/podrucni\/vukovar\/spomendan2012.jpg\" alt=\"spomendan2012\" \/><\/td>\n<\/tr>\n<\/tbody>\n<\/table>\n<p>&gt;&gt;&gt; <a href=\"https:\/\/www.vegaintro-projekti.com\/pilar-stari\/2010\/07\/podruni-centar-vukovar-2\/\">PODRU\u010cNI CENTAR VUKOVAR<\/a><\/p>\n<p>\u00a0<\/p>\n<p>\u00a0<\/p>\n<p>\u00a0<\/p>\n","protected":false},"excerpt":{"rendered":"<p>U organizaciji Franjeva\u010dkog samostana u Vukovaru, Ogranka Matice hrvatske Vukovar, Podru\u010dnoga centra Instituta Pilar u Vukovaru i Udruge Nijemaca i Austrijanaca grada Vukovara, 12. travnja 2012. godine odr\u017ean je Spomen-dan \u017ertvama komunisti\u010dkog terora u Vukovaru (12. travnja 1945.)\u00a0 Na taj dan prije 67 godina, u popodnevnim satima, bez borbe, u Vukovar su probojem Srijemskog fronta&hellip; <a class=\"continue\" href=\"https:\/\/www.vegaintro-projekti.com\/pilar-stari\/2012\/04\/spomen-dan-rtvama-komunistikog-terora-u-vukovaru\/\">Pro\u010ditaj vi\u0161e o<span> Obilje\u017een spomen-dan \u017ertvama komunisti\u010dkog terora u Vukovaru<\/span><\/a><\/p>\n","protected":false},"author":1,"featured_media":0,"comment_status":"open","ping_status":"open","sticky":false,"template":"","format":"standard","meta":{"inline_featured_image":false,"ngg_post_thumbnail":0,"footnotes":""},"categories":[11],"tags":[],"yoast_head":"<!-- This site is optimized with the Yoast SEO plugin v21.2 - https:\/\/yoast.com\/wordpress\/plugins\/seo\/ -->\n<title>Obilje\u017een spomen-dan \u017ertvama komunisti\u010dkog terora u Vukovaru - Institut dru&scaron;tvenih znanosti Ivo Pilar<\/title>\n<meta name=\"robots\" content=\"noindex, follow, max-snippet:-1, max-image-preview:large, max-video-preview:-1\" \/>\n<meta property=\"og:locale\" content=\"hr_HR\" \/>\n<meta property=\"og:type\" content=\"article\" \/>\n<meta property=\"og:title\" content=\"Obilje\u017een spomen-dan \u017ertvama komunisti\u010dkog terora u Vukovaru - Institut dru&scaron;tvenih znanosti Ivo Pilar\" \/>\n<meta property=\"og:description\" content=\"U organizaciji Franjeva\u010dkog samostana u Vukovaru, Ogranka Matice hrvatske Vukovar, Podru\u010dnoga centra Instituta Pilar u Vukovaru i Udruge Nijemaca i Austrijanaca grada Vukovara, 12. travnja 2012. godine odr\u017ean je Spomen-dan \u017ertvama komunisti\u010dkog terora u Vukovaru (12. travnja 1945.)\u00a0 Na taj dan prije 67 godina, u popodnevnim satima, bez borbe, u Vukovar su probojem Srijemskog fronta&hellip; Pro\u010ditaj vi\u0161e o Obilje\u017een spomen-dan \u017ertvama komunisti\u010dkog terora u Vukovaru\" \/>\n<meta property=\"og:url\" content=\"https:\/\/www.vegaintro-projekti.com\/pilar-stari\/2012\/04\/spomen-dan-rtvama-komunistikog-terora-u-vukovaru\/\" \/>\n<meta property=\"og:site_name\" content=\"Institut dru&scaron;tvenih znanosti Ivo Pilar\" \/>\n<meta property=\"article:published_time\" content=\"2012-04-10T21:06:47+00:00\" \/>\n<meta property=\"article:modified_time\" content=\"2017-12-08T08:25:07+00:00\" \/>\n<meta property=\"og:image\" content=\"https:\/\/www.vegaintro-projekti.com\/pilar-stari\/wp-content\/images\/stories\/fotografije\/podrucni\/vukovar\/sam_3947_s.jpg\" \/>\n<meta name=\"author\" content=\"pilar-admin\" \/>\n<meta name=\"twitter:card\" content=\"summary_large_image\" \/>\n<meta name=\"twitter:label1\" content=\"Napisao\/la\" \/>\n\t<meta name=\"twitter:data1\" content=\"pilar-admin\" \/>\n\t<meta name=\"twitter:label2\" content=\"Procijenjeno vrijeme \u010ditanja\" \/>\n\t<meta name=\"twitter:data2\" content=\"2 minute\" \/>\n<script type=\"application\/ld+json\" class=\"yoast-schema-graph\">{\"@context\":\"https:\/\/schema.org\",\"@graph\":[{\"@type\":\"WebPage\",\"@id\":\"https:\/\/www.vegaintro-projekti.com\/pilar-stari\/2012\/04\/spomen-dan-rtvama-komunistikog-terora-u-vukovaru\/\",\"url\":\"https:\/\/www.vegaintro-projekti.com\/pilar-stari\/2012\/04\/spomen-dan-rtvama-komunistikog-terora-u-vukovaru\/\",\"name\":\"Obilje\u017een spomen-dan \u017ertvama komunisti\u010dkog terora u Vukovaru - Institut dru&scaron;tvenih znanosti Ivo Pilar\",\"isPartOf\":{\"@id\":\"https:\/\/www.vegaintro-projekti.com\/pilar-stari\/#website\"},\"datePublished\":\"2012-04-10T21:06:47+00:00\",\"dateModified\":\"2017-12-08T08:25:07+00:00\",\"author\":{\"@id\":\"https:\/\/www.vegaintro-projekti.com\/pilar-stari\/#\/schema\/person\/c0db50ebd77c4409e19b18044bbf10c1\"},\"breadcrumb\":{\"@id\":\"https:\/\/www.vegaintro-projekti.com\/pilar-stari\/2012\/04\/spomen-dan-rtvama-komunistikog-terora-u-vukovaru\/#breadcrumb\"},\"inLanguage\":\"hr\",\"potentialAction\":[{\"@type\":\"ReadAction\",\"target\":[\"https:\/\/www.vegaintro-projekti.com\/pilar-stari\/2012\/04\/spomen-dan-rtvama-komunistikog-terora-u-vukovaru\/\"]}]},{\"@type\":\"BreadcrumbList\",\"@id\":\"https:\/\/www.vegaintro-projekti.com\/pilar-stari\/2012\/04\/spomen-dan-rtvama-komunistikog-terora-u-vukovaru\/#breadcrumb\",\"itemListElement\":[{\"@type\":\"ListItem\",\"position\":1,\"name\":\"Home\",\"item\":\"https:\/\/www.vegaintro-projekti.com\/pilar-stari\/\"},{\"@type\":\"ListItem\",\"position\":2,\"name\":\"Obilje\u017een spomen-dan \u017ertvama komunisti\u010dkog terora u Vukovaru\"}]},{\"@type\":\"WebSite\",\"@id\":\"https:\/\/www.vegaintro-projekti.com\/pilar-stari\/#website\",\"url\":\"https:\/\/www.vegaintro-projekti.com\/pilar-stari\/\",\"name\":\"Institut dru&scaron;tvenih znanosti Ivo Pilar\",\"description\":\"Pilar\",\"potentialAction\":[{\"@type\":\"SearchAction\",\"target\":{\"@type\":\"EntryPoint\",\"urlTemplate\":\"https:\/\/www.vegaintro-projekti.com\/pilar-stari\/?s={search_term_string}\"},\"query-input\":\"required name=search_term_string\"}],\"inLanguage\":\"hr\"},{\"@type\":\"Person\",\"@id\":\"https:\/\/www.vegaintro-projekti.com\/pilar-stari\/#\/schema\/person\/c0db50ebd77c4409e19b18044bbf10c1\",\"name\":\"pilar-admin\",\"image\":{\"@type\":\"ImageObject\",\"inLanguage\":\"hr\",\"@id\":\"https:\/\/www.vegaintro-projekti.com\/pilar-stari\/#\/schema\/person\/image\/\",\"url\":\"https:\/\/secure.gravatar.com\/avatar\/fac9e03c4db0011b9c1ad8b5e9c74b8c?s=96&d=mm&r=g\",\"contentUrl\":\"https:\/\/secure.gravatar.com\/avatar\/fac9e03c4db0011b9c1ad8b5e9c74b8c?s=96&d=mm&r=g\",\"caption\":\"pilar-admin\"},\"url\":\"https:\/\/www.vegaintro-projekti.com\/pilar-stari\/author\/pilar-admin\/\"}]}<\/script>\n<!-- \/ Yoast SEO plugin. -->","yoast_head_json":{"title":"Obilje\u017een spomen-dan \u017ertvama komunisti\u010dkog terora u Vukovaru - Institut dru&scaron;tvenih znanosti Ivo Pilar","robots":{"index":"noindex","follow":"follow","max-snippet":"max-snippet:-1","max-image-preview":"max-image-preview:large","max-video-preview":"max-video-preview:-1"},"og_locale":"hr_HR","og_type":"article","og_title":"Obilje\u017een spomen-dan \u017ertvama komunisti\u010dkog terora u Vukovaru - Institut dru&scaron;tvenih znanosti Ivo Pilar","og_description":"U organizaciji Franjeva\u010dkog samostana u Vukovaru, Ogranka Matice hrvatske Vukovar, Podru\u010dnoga centra Instituta Pilar u Vukovaru i Udruge Nijemaca i Austrijanaca grada Vukovara, 12. travnja 2012. godine odr\u017ean je Spomen-dan \u017ertvama komunisti\u010dkog terora u Vukovaru (12. travnja 1945.)\u00a0 Na taj dan prije 67 godina, u popodnevnim satima, bez borbe, u Vukovar su probojem Srijemskog fronta&hellip; Pro\u010ditaj vi\u0161e o Obilje\u017een spomen-dan \u017ertvama komunisti\u010dkog terora u Vukovaru","og_url":"https:\/\/www.vegaintro-projekti.com\/pilar-stari\/2012\/04\/spomen-dan-rtvama-komunistikog-terora-u-vukovaru\/","og_site_name":"Institut dru&scaron;tvenih znanosti Ivo Pilar","article_published_time":"2012-04-10T21:06:47+00:00","article_modified_time":"2017-12-08T08:25:07+00:00","og_image":[{"url":"https:\/\/www.vegaintro-projekti.com\/pilar-stari\/wp-content\/images\/stories\/fotografije\/podrucni\/vukovar\/sam_3947_s.jpg"}],"author":"pilar-admin","twitter_card":"summary_large_image","twitter_misc":{"Napisao\/la":"pilar-admin","Procijenjeno vrijeme \u010ditanja":"2 minute"},"schema":{"@context":"https:\/\/schema.org","@graph":[{"@type":"WebPage","@id":"https:\/\/www.vegaintro-projekti.com\/pilar-stari\/2012\/04\/spomen-dan-rtvama-komunistikog-terora-u-vukovaru\/","url":"https:\/\/www.vegaintro-projekti.com\/pilar-stari\/2012\/04\/spomen-dan-rtvama-komunistikog-terora-u-vukovaru\/","name":"Obilje\u017een spomen-dan \u017ertvama komunisti\u010dkog terora u Vukovaru - Institut dru&scaron;tvenih znanosti Ivo Pilar","isPartOf":{"@id":"https:\/\/www.vegaintro-projekti.com\/pilar-stari\/#website"},"datePublished":"2012-04-10T21:06:47+00:00","dateModified":"2017-12-08T08:25:07+00:00","author":{"@id":"https:\/\/www.vegaintro-projekti.com\/pilar-stari\/#\/schema\/person\/c0db50ebd77c4409e19b18044bbf10c1"},"breadcrumb":{"@id":"https:\/\/www.vegaintro-projekti.com\/pilar-stari\/2012\/04\/spomen-dan-rtvama-komunistikog-terora-u-vukovaru\/#breadcrumb"},"inLanguage":"hr","potentialAction":[{"@type":"ReadAction","target":["https:\/\/www.vegaintro-projekti.com\/pilar-stari\/2012\/04\/spomen-dan-rtvama-komunistikog-terora-u-vukovaru\/"]}]},{"@type":"BreadcrumbList","@id":"https:\/\/www.vegaintro-projekti.com\/pilar-stari\/2012\/04\/spomen-dan-rtvama-komunistikog-terora-u-vukovaru\/#breadcrumb","itemListElement":[{"@type":"ListItem","position":1,"name":"Home","item":"https:\/\/www.vegaintro-projekti.com\/pilar-stari\/"},{"@type":"ListItem","position":2,"name":"Obilje\u017een spomen-dan \u017ertvama komunisti\u010dkog terora u Vukovaru"}]},{"@type":"WebSite","@id":"https:\/\/www.vegaintro-projekti.com\/pilar-stari\/#website","url":"https:\/\/www.vegaintro-projekti.com\/pilar-stari\/","name":"Institut dru&scaron;tvenih znanosti Ivo Pilar","description":"Pilar","potentialAction":[{"@type":"SearchAction","target":{"@type":"EntryPoint","urlTemplate":"https:\/\/www.vegaintro-projekti.com\/pilar-stari\/?s={search_term_string}"},"query-input":"required name=search_term_string"}],"inLanguage":"hr"},{"@type":"Person","@id":"https:\/\/www.vegaintro-projekti.com\/pilar-stari\/#\/schema\/person\/c0db50ebd77c4409e19b18044bbf10c1","name":"pilar-admin","image":{"@type":"ImageObject","inLanguage":"hr","@id":"https:\/\/www.vegaintro-projekti.com\/pilar-stari\/#\/schema\/person\/image\/","url":"https:\/\/secure.gravatar.com\/avatar\/fac9e03c4db0011b9c1ad8b5e9c74b8c?s=96&d=mm&r=g","contentUrl":"https:\/\/secure.gravatar.com\/avatar\/fac9e03c4db0011b9c1ad8b5e9c74b8c?s=96&d=mm&r=g","caption":"pilar-admin"},"url":"https:\/\/www.vegaintro-projekti.com\/pilar-stari\/author\/pilar-admin\/"}]}},"_links":{"self":[{"href":"https:\/\/www.vegaintro-projekti.com\/pilar-stari\/wp-json\/wp\/v2\/posts\/472"}],"collection":[{"href":"https:\/\/www.vegaintro-projekti.com\/pilar-stari\/wp-json\/wp\/v2\/posts"}],"about":[{"href":"https:\/\/www.vegaintro-projekti.com\/pilar-stari\/wp-json\/wp\/v2\/types\/post"}],"author":[{"embeddable":true,"href":"https:\/\/www.vegaintro-projekti.com\/pilar-stari\/wp-json\/wp\/v2\/users\/1"}],"replies":[{"embeddable":true,"href":"https:\/\/www.vegaintro-projekti.com\/pilar-stari\/wp-json\/wp\/v2\/comments?post=472"}],"version-history":[{"count":5,"href":"https:\/\/www.vegaintro-projekti.com\/pilar-stari\/wp-json\/wp\/v2\/posts\/472\/revisions"}],"predecessor-version":[{"id":7313,"href":"https:\/\/www.vegaintro-projekti.com\/pilar-stari\/wp-json\/wp\/v2\/posts\/472\/revisions\/7313"}],"wp:attachment":[{"href":"https:\/\/www.vegaintro-projekti.com\/pilar-stari\/wp-json\/wp\/v2\/media?parent=472"}],"wp:term":[{"taxonomy":"category","embeddable":true,"href":"https:\/\/www.vegaintro-projekti.com\/pilar-stari\/wp-json\/wp\/v2\/categories?post=472"},{"taxonomy":"post_tag","embeddable":true,"href":"https:\/\/www.vegaintro-projekti.com\/pilar-stari\/wp-json\/wp\/v2\/tags?post=472"}],"curies":[{"name":"wp","href":"https:\/\/api.w.org\/{rel}","templated":true}]}}