{"id":479,"date":"2012-04-20T09:55:39","date_gmt":"2012-04-20T09:55:39","guid":{"rendered":"https:\/\/www.vegaintro-projekti.com\/pilar-stari\/2012\/04\/20\/tribina-u-puli-obljetnice-biskupa-jurja-dobrile-26-4-2012\/"},"modified":"2017-12-07T11:10:45","modified_gmt":"2017-12-07T11:10:45","slug":"tribina-u-puli-obljetnice-biskupa-jurja-dobrile-26-4-2012","status":"publish","type":"post","link":"https:\/\/www.vegaintro-projekti.com\/pilar-stari\/2012\/04\/tribina-u-puli-obljetnice-biskupa-jurja-dobrile-26-4-2012\/","title":{"rendered":"5. tribina u Puli: Obljetnice biskupa Jurja Dobrile"},"content":{"rendered":"<p><strong>U Podru\u010dnom centru Instituta Ivo Pilar u Puli u ciklusu Dvadeset godina istra\u017eivanja Instituta Ivo Pilar odr\u017eana je 26. travnja 2012. tribina u povodu 200. obljetnice ro\u0111enja i 130. obljetnice smrti istarskog preporoditelja biskupa Jurja Dobrile. O razli\u010ditim vidovima djelovanja najznamenitijeg istarskog Hrvata u 19. stolje\u0107u govorili su: prof. dr. Josip Grbac, redoviti profesor Katoli\u010dkog bogoslovnog fakulteta u Zagrebu &#8211; Podru\u010dni studij u Rijeci, dr. sc. Stipan Trogrli\u0107, izv. prof. iz Podru\u010dnog centra Pula i prof. Mihovil Dabo, Odjel za humanisti\u010dke znanosti Sveu\u010dili\u0161ta Jurja Dobrile u Puli<\/strong><\/p>\n<table border=\"0\">\n<tbody>\n<tr>\n<td><a href=\"https:\/\/www.vegaintro-projekti.com\/pilar-stari\/wp-content\/images\/stories\/dokumenti\/podrucni\/pula\/tisak.pdf\"><img decoding=\"async\" loading=\"lazy\" height=\"352\" width=\"336\" src=\"https:\/\/www.vegaintro-projekti.com\/pilar-stari\/wp-content\/images\/stories\/fotografije\/podrucni\/pula\/dobrila.jpg\" alt=\"dobrila\" \/><\/a><\/td>\n<td valign=\"bottom\"><strong>IZ TISKA:<\/strong> <a href=\"https:\/\/www.vegaintro-projekti.com\/pilar-stari\/wp-content\/images\/stories\/dokumenti\/podrucni\/pula\/tisak.pdf\">Dobrila nas u\u010di potrebi povezanosti klera i naroda<\/a><\/p>\n<p><em>Biskup, nacionalni preporoditelj i prosvjetitelj, izdava\u010d, narodni poslanik &#8211; svi aspekti djelovanja Jurja Dobrile proizlaze iz njegova kr\u0161\u0107anskog nadahnu\u0107a. Iskustvo djetinjstva, odrastanja u brojnoj obitelji u kojoj je vjera bila va\u017ena, osje\u0107aj socijalne zapostavljenosti i obespravljenosti, sve ga je to formiralo. Za sve\u0107eni\u010dki poziv oprijedileio se da bi  mogao pomo\u0107i svom narodu, istarskim Hrvatima koji su tada bili izrazito siroma\u0161ni i neobrazovani. Nosio je identitet selja\u010dkog sina i kad je hodao be\u010dkim dvorom &#8211; istaknuo je prof. dr. sc. Stipan Trogrli\u0107, voditelj Podru\u010dnog centra u Puli Instituta dru\u0161tvenih znanosti Ivo Pilar na znanstvenoj tribini posve\u0107enoj \u017eivotu i djelu biskupa Dobrile<\/em><\/td>\n<\/tr>\n<\/tbody>\n<\/table>\n<p><strong><span style=\"font-size: 8pt;\">O Dobrilinoj ostav\u0161tini govorili su profesori Stipan Trogrli\u0107, Josip Grbac i Mihovil Dabo<\/span><\/strong><\/p>\n<p>Govore\u0107i o aktualnosti Dobriline misli i djela za dana\u0161nji trenutak, prof. dr. sc. Josip Grbac, redoviti profesor na KBF-u &#8211; Podru\u010dni studij teologije u Rijeci,  istaknuo je  \u010detiri prepoznatljiva Dobrilina traga. 1. Konkretizacija stare kr\u0161\u0107anske maksime &#8220;Gratia supponit naturam &#8211; Milost pretpostavlja narav&#8221;. Dobrilini &#8220;analfabeti&#8221; dana\u0161nji su indiferentisti i to je &#8220;natura&#8221; u koju se treba ustaliti &#8220;gratia&#8221;. 2. Politi\u010dka i kulturolo\u0161ka diskriminacija ve\u0107ine u vrijeme Dobrile danas je postala eti\u010dka, gospodarska i vrijednosna diskriminacija te iste ve\u0107ine. 3. Za Dobrilu potla\u010divanje drugih nije bilo samo pitanje etike nego same vjere. Biti nepravedan zna\u010di \u010diniti istinski grijeh. Ovu ba\u0161tinu nisu nau\u010dili mnogi ponajmanje moderni tajkuni profiteri koji se di\u010de kr\u0161\u0107anskim imenom i pripadno\u0161\u0107u. 4. Na tragu Dobriline promocije katoli\u010dkih udru\u017eenja moramo danas promovirati udru\u017eenja ljudi i gra\u0111ana koja \u0107e biti sposobna nametnuti politici odre\u0111ena rje\u0161enja, a ne samo prihva\u0107ati ono \u0161to nam politika servira na pladnju.<br \/>Prof. Mihovil Dabo s Odsjeka za povijest Sveu\u010dili\u0161ta Jurja Dobrile u Puli dao je pregled politi\u010dkog rada biskupa Dobrile. Smatra da je Dobrilina dugogodi\u0161nja ustrajnost urodila zna\u010dajnim plodovima jo\u0161 za Dobrilina \u017eivota da bi se  tek u desetlje\u0107ima pred Prvi svjetski rat pokazalo koliko su \u010dvrsti temelji \u0161to ih je osigurao organiziranom politi\u010dkom pokretu istarskih Hrvata.<br \/>Dr. sc. Stipan Trogrli\u0107, iz Podru\u010dnog centra u Puli osvrnuo se na crkveno-vjersko (pastoralno) djelovanje biskupa Dobrile. Naglasio je kako katoli\u010dki &#8220;univerzalisti\u010dki&#8221; identitet nije bio limitiraju\u0107i faktor u Dobrilinu nacionalno-zavi\u010dajnom identitetu. Za razumjeti Dobrilu jednako su va\u017ene katoli\u010dka, nacionalna i zavi\u010dajna razina.<\/p>\n<p>&#8211; <a href=\"https:\/\/www.vegaintro-projekti.com\/pilar-stari\/wp-content\/images\/stories\/dokumenti\/podrucni\/pula\/pula_tr5.pdf\">Pozivnica za tribinu Biskup Juraj Dobrila &#8211; \u017eivot i djelo, Pula, 26. travnja 2012.<\/a><\/p>\n<table border=\"0\">\n<tbody>\n<tr>\n<td><\/td>\n<td><a href=\"https:\/\/www.vegaintro-projekti.com\/pilar-stari\/wp-content\/images\/stories\/dokumenti\/podrucni\/pula\/pula_tr5.pdf\"><img decoding=\"async\" loading=\"lazy\" height=\"640\" width=\"468\" src=\"https:\/\/www.vegaintro-projekti.com\/pilar-stari\/wp-content\/images\/stories\/fotografije\/podrucni\/pula\/pula_tr5.jpg\" alt=\"pula_tr5\" \/><\/a><\/td>\n<\/tr>\n<\/tbody>\n<\/table>\n<p>&gt;&gt;&gt; <a href=\"https:\/\/www.vegaintro-projekti.com\/pilar-stari\/2010\/07\/podruni-centar-pula-2\/\">PODRU\u010cNI CENTAR PULA<\/a><\/p>\n","protected":false},"excerpt":{"rendered":"<p>U Podru\u010dnom centru Instituta Ivo Pilar u Puli u ciklusu Dvadeset godina istra\u017eivanja Instituta Ivo Pilar odr\u017eana je 26. travnja 2012. tribina u povodu 200. obljetnice ro\u0111enja i 130. obljetnice smrti istarskog preporoditelja biskupa Jurja Dobrile. O razli\u010ditim vidovima djelovanja najznamenitijeg istarskog Hrvata u 19. stolje\u0107u govorili su: prof. dr. Josip Grbac, redoviti profesor Katoli\u010dkog&hellip; <a class=\"continue\" href=\"https:\/\/www.vegaintro-projekti.com\/pilar-stari\/2012\/04\/tribina-u-puli-obljetnice-biskupa-jurja-dobrile-26-4-2012\/\">Pro\u010ditaj vi\u0161e o<span> 5. tribina u Puli: Obljetnice biskupa Jurja Dobrile<\/span><\/a><\/p>\n","protected":false},"author":1,"featured_media":0,"comment_status":"open","ping_status":"open","sticky":false,"template":"","format":"standard","meta":{"inline_featured_image":false,"ngg_post_thumbnail":0,"footnotes":""},"categories":[11],"tags":[],"yoast_head":"<!-- This site is optimized with the Yoast SEO plugin v21.2 - https:\/\/yoast.com\/wordpress\/plugins\/seo\/ -->\n<title>5. tribina u Puli: Obljetnice biskupa Jurja Dobrile - Institut dru&scaron;tvenih znanosti Ivo Pilar<\/title>\n<meta name=\"robots\" content=\"noindex, follow, max-snippet:-1, max-image-preview:large, max-video-preview:-1\" \/>\n<meta property=\"og:locale\" content=\"hr_HR\" \/>\n<meta property=\"og:type\" content=\"article\" \/>\n<meta property=\"og:title\" content=\"5. tribina u Puli: Obljetnice biskupa Jurja Dobrile - Institut dru&scaron;tvenih znanosti Ivo Pilar\" \/>\n<meta property=\"og:description\" content=\"U Podru\u010dnom centru Instituta Ivo Pilar u Puli u ciklusu Dvadeset godina istra\u017eivanja Instituta Ivo Pilar odr\u017eana je 26. travnja 2012. tribina u povodu 200. obljetnice ro\u0111enja i 130. obljetnice smrti istarskog preporoditelja biskupa Jurja Dobrile. O razli\u010ditim vidovima djelovanja najznamenitijeg istarskog Hrvata u 19. stolje\u0107u govorili su: prof. dr. Josip Grbac, redoviti profesor Katoli\u010dkog&hellip; Pro\u010ditaj vi\u0161e o 5. tribina u Puli: Obljetnice biskupa Jurja Dobrile\" \/>\n<meta property=\"og:url\" content=\"https:\/\/www.vegaintro-projekti.com\/pilar-stari\/2012\/04\/tribina-u-puli-obljetnice-biskupa-jurja-dobrile-26-4-2012\/\" \/>\n<meta property=\"og:site_name\" content=\"Institut dru&scaron;tvenih znanosti Ivo Pilar\" \/>\n<meta property=\"article:published_time\" content=\"2012-04-20T09:55:39+00:00\" \/>\n<meta property=\"article:modified_time\" content=\"2017-12-07T11:10:45+00:00\" \/>\n<meta property=\"og:image\" content=\"https:\/\/www.vegaintro-projekti.com\/pilar-stari\/wp-content\/images\/stories\/fotografije\/podrucni\/pula\/dobrila.jpg\" \/>\n<meta name=\"author\" content=\"pilar-admin\" \/>\n<meta name=\"twitter:card\" content=\"summary_large_image\" \/>\n<meta name=\"twitter:label1\" content=\"Napisao\/la\" \/>\n\t<meta name=\"twitter:data1\" content=\"pilar-admin\" \/>\n\t<meta name=\"twitter:label2\" content=\"Procijenjeno vrijeme \u010ditanja\" \/>\n\t<meta name=\"twitter:data2\" content=\"3 minute\" \/>\n<script type=\"application\/ld+json\" class=\"yoast-schema-graph\">{\"@context\":\"https:\/\/schema.org\",\"@graph\":[{\"@type\":\"WebPage\",\"@id\":\"https:\/\/www.vegaintro-projekti.com\/pilar-stari\/2012\/04\/tribina-u-puli-obljetnice-biskupa-jurja-dobrile-26-4-2012\/\",\"url\":\"https:\/\/www.vegaintro-projekti.com\/pilar-stari\/2012\/04\/tribina-u-puli-obljetnice-biskupa-jurja-dobrile-26-4-2012\/\",\"name\":\"5. tribina u Puli: Obljetnice biskupa Jurja Dobrile - Institut dru&scaron;tvenih znanosti Ivo Pilar\",\"isPartOf\":{\"@id\":\"https:\/\/www.vegaintro-projekti.com\/pilar-stari\/#website\"},\"datePublished\":\"2012-04-20T09:55:39+00:00\",\"dateModified\":\"2017-12-07T11:10:45+00:00\",\"author\":{\"@id\":\"https:\/\/www.vegaintro-projekti.com\/pilar-stari\/#\/schema\/person\/c0db50ebd77c4409e19b18044bbf10c1\"},\"breadcrumb\":{\"@id\":\"https:\/\/www.vegaintro-projekti.com\/pilar-stari\/2012\/04\/tribina-u-puli-obljetnice-biskupa-jurja-dobrile-26-4-2012\/#breadcrumb\"},\"inLanguage\":\"hr\",\"potentialAction\":[{\"@type\":\"ReadAction\",\"target\":[\"https:\/\/www.vegaintro-projekti.com\/pilar-stari\/2012\/04\/tribina-u-puli-obljetnice-biskupa-jurja-dobrile-26-4-2012\/\"]}]},{\"@type\":\"BreadcrumbList\",\"@id\":\"https:\/\/www.vegaintro-projekti.com\/pilar-stari\/2012\/04\/tribina-u-puli-obljetnice-biskupa-jurja-dobrile-26-4-2012\/#breadcrumb\",\"itemListElement\":[{\"@type\":\"ListItem\",\"position\":1,\"name\":\"Home\",\"item\":\"https:\/\/www.vegaintro-projekti.com\/pilar-stari\/\"},{\"@type\":\"ListItem\",\"position\":2,\"name\":\"5. tribina u Puli: Obljetnice biskupa Jurja Dobrile\"}]},{\"@type\":\"WebSite\",\"@id\":\"https:\/\/www.vegaintro-projekti.com\/pilar-stari\/#website\",\"url\":\"https:\/\/www.vegaintro-projekti.com\/pilar-stari\/\",\"name\":\"Institut dru&scaron;tvenih znanosti Ivo Pilar\",\"description\":\"Pilar\",\"potentialAction\":[{\"@type\":\"SearchAction\",\"target\":{\"@type\":\"EntryPoint\",\"urlTemplate\":\"https:\/\/www.vegaintro-projekti.com\/pilar-stari\/?s={search_term_string}\"},\"query-input\":\"required name=search_term_string\"}],\"inLanguage\":\"hr\"},{\"@type\":\"Person\",\"@id\":\"https:\/\/www.vegaintro-projekti.com\/pilar-stari\/#\/schema\/person\/c0db50ebd77c4409e19b18044bbf10c1\",\"name\":\"pilar-admin\",\"image\":{\"@type\":\"ImageObject\",\"inLanguage\":\"hr\",\"@id\":\"https:\/\/www.vegaintro-projekti.com\/pilar-stari\/#\/schema\/person\/image\/\",\"url\":\"https:\/\/secure.gravatar.com\/avatar\/fac9e03c4db0011b9c1ad8b5e9c74b8c?s=96&d=mm&r=g\",\"contentUrl\":\"https:\/\/secure.gravatar.com\/avatar\/fac9e03c4db0011b9c1ad8b5e9c74b8c?s=96&d=mm&r=g\",\"caption\":\"pilar-admin\"},\"url\":\"https:\/\/www.vegaintro-projekti.com\/pilar-stari\/author\/pilar-admin\/\"}]}<\/script>\n<!-- \/ Yoast SEO plugin. -->","yoast_head_json":{"title":"5. tribina u Puli: Obljetnice biskupa Jurja Dobrile - Institut dru&scaron;tvenih znanosti Ivo Pilar","robots":{"index":"noindex","follow":"follow","max-snippet":"max-snippet:-1","max-image-preview":"max-image-preview:large","max-video-preview":"max-video-preview:-1"},"og_locale":"hr_HR","og_type":"article","og_title":"5. tribina u Puli: Obljetnice biskupa Jurja Dobrile - Institut dru&scaron;tvenih znanosti Ivo Pilar","og_description":"U Podru\u010dnom centru Instituta Ivo Pilar u Puli u ciklusu Dvadeset godina istra\u017eivanja Instituta Ivo Pilar odr\u017eana je 26. travnja 2012. tribina u povodu 200. obljetnice ro\u0111enja i 130. obljetnice smrti istarskog preporoditelja biskupa Jurja Dobrile. O razli\u010ditim vidovima djelovanja najznamenitijeg istarskog Hrvata u 19. stolje\u0107u govorili su: prof. dr. Josip Grbac, redoviti profesor Katoli\u010dkog&hellip; Pro\u010ditaj vi\u0161e o 5. tribina u Puli: Obljetnice biskupa Jurja Dobrile","og_url":"https:\/\/www.vegaintro-projekti.com\/pilar-stari\/2012\/04\/tribina-u-puli-obljetnice-biskupa-jurja-dobrile-26-4-2012\/","og_site_name":"Institut dru&scaron;tvenih znanosti Ivo Pilar","article_published_time":"2012-04-20T09:55:39+00:00","article_modified_time":"2017-12-07T11:10:45+00:00","og_image":[{"url":"https:\/\/www.vegaintro-projekti.com\/pilar-stari\/wp-content\/images\/stories\/fotografije\/podrucni\/pula\/dobrila.jpg"}],"author":"pilar-admin","twitter_card":"summary_large_image","twitter_misc":{"Napisao\/la":"pilar-admin","Procijenjeno vrijeme \u010ditanja":"3 minute"},"schema":{"@context":"https:\/\/schema.org","@graph":[{"@type":"WebPage","@id":"https:\/\/www.vegaintro-projekti.com\/pilar-stari\/2012\/04\/tribina-u-puli-obljetnice-biskupa-jurja-dobrile-26-4-2012\/","url":"https:\/\/www.vegaintro-projekti.com\/pilar-stari\/2012\/04\/tribina-u-puli-obljetnice-biskupa-jurja-dobrile-26-4-2012\/","name":"5. tribina u Puli: Obljetnice biskupa Jurja Dobrile - Institut dru&scaron;tvenih znanosti Ivo Pilar","isPartOf":{"@id":"https:\/\/www.vegaintro-projekti.com\/pilar-stari\/#website"},"datePublished":"2012-04-20T09:55:39+00:00","dateModified":"2017-12-07T11:10:45+00:00","author":{"@id":"https:\/\/www.vegaintro-projekti.com\/pilar-stari\/#\/schema\/person\/c0db50ebd77c4409e19b18044bbf10c1"},"breadcrumb":{"@id":"https:\/\/www.vegaintro-projekti.com\/pilar-stari\/2012\/04\/tribina-u-puli-obljetnice-biskupa-jurja-dobrile-26-4-2012\/#breadcrumb"},"inLanguage":"hr","potentialAction":[{"@type":"ReadAction","target":["https:\/\/www.vegaintro-projekti.com\/pilar-stari\/2012\/04\/tribina-u-puli-obljetnice-biskupa-jurja-dobrile-26-4-2012\/"]}]},{"@type":"BreadcrumbList","@id":"https:\/\/www.vegaintro-projekti.com\/pilar-stari\/2012\/04\/tribina-u-puli-obljetnice-biskupa-jurja-dobrile-26-4-2012\/#breadcrumb","itemListElement":[{"@type":"ListItem","position":1,"name":"Home","item":"https:\/\/www.vegaintro-projekti.com\/pilar-stari\/"},{"@type":"ListItem","position":2,"name":"5. tribina u Puli: Obljetnice biskupa Jurja Dobrile"}]},{"@type":"WebSite","@id":"https:\/\/www.vegaintro-projekti.com\/pilar-stari\/#website","url":"https:\/\/www.vegaintro-projekti.com\/pilar-stari\/","name":"Institut dru&scaron;tvenih znanosti Ivo Pilar","description":"Pilar","potentialAction":[{"@type":"SearchAction","target":{"@type":"EntryPoint","urlTemplate":"https:\/\/www.vegaintro-projekti.com\/pilar-stari\/?s={search_term_string}"},"query-input":"required name=search_term_string"}],"inLanguage":"hr"},{"@type":"Person","@id":"https:\/\/www.vegaintro-projekti.com\/pilar-stari\/#\/schema\/person\/c0db50ebd77c4409e19b18044bbf10c1","name":"pilar-admin","image":{"@type":"ImageObject","inLanguage":"hr","@id":"https:\/\/www.vegaintro-projekti.com\/pilar-stari\/#\/schema\/person\/image\/","url":"https:\/\/secure.gravatar.com\/avatar\/fac9e03c4db0011b9c1ad8b5e9c74b8c?s=96&d=mm&r=g","contentUrl":"https:\/\/secure.gravatar.com\/avatar\/fac9e03c4db0011b9c1ad8b5e9c74b8c?s=96&d=mm&r=g","caption":"pilar-admin"},"url":"https:\/\/www.vegaintro-projekti.com\/pilar-stari\/author\/pilar-admin\/"}]}},"_links":{"self":[{"href":"https:\/\/www.vegaintro-projekti.com\/pilar-stari\/wp-json\/wp\/v2\/posts\/479"}],"collection":[{"href":"https:\/\/www.vegaintro-projekti.com\/pilar-stari\/wp-json\/wp\/v2\/posts"}],"about":[{"href":"https:\/\/www.vegaintro-projekti.com\/pilar-stari\/wp-json\/wp\/v2\/types\/post"}],"author":[{"embeddable":true,"href":"https:\/\/www.vegaintro-projekti.com\/pilar-stari\/wp-json\/wp\/v2\/users\/1"}],"replies":[{"embeddable":true,"href":"https:\/\/www.vegaintro-projekti.com\/pilar-stari\/wp-json\/wp\/v2\/comments?post=479"}],"version-history":[{"count":2,"href":"https:\/\/www.vegaintro-projekti.com\/pilar-stari\/wp-json\/wp\/v2\/posts\/479\/revisions"}],"predecessor-version":[{"id":6491,"href":"https:\/\/www.vegaintro-projekti.com\/pilar-stari\/wp-json\/wp\/v2\/posts\/479\/revisions\/6491"}],"wp:attachment":[{"href":"https:\/\/www.vegaintro-projekti.com\/pilar-stari\/wp-json\/wp\/v2\/media?parent=479"}],"wp:term":[{"taxonomy":"category","embeddable":true,"href":"https:\/\/www.vegaintro-projekti.com\/pilar-stari\/wp-json\/wp\/v2\/categories?post=479"},{"taxonomy":"post_tag","embeddable":true,"href":"https:\/\/www.vegaintro-projekti.com\/pilar-stari\/wp-json\/wp\/v2\/tags?post=479"}],"curies":[{"name":"wp","href":"https:\/\/api.w.org\/{rel}","templated":true}]}}