{"id":488,"date":"2012-05-21T11:27:03","date_gmt":"2012-05-21T11:27:03","guid":{"rendered":"https:\/\/www.vegaintro-projekti.com\/pilar-stari\/2012\/05\/21\/annales-pilar-2012-nacionalne-manjine-u-hrvatskoj-i-hrvati-kao-manjina\/"},"modified":"2017-12-08T08:39:19","modified_gmt":"2017-12-08T08:39:19","slug":"annales-pilar-2012-nacionalne-manjine-u-hrvatskoj-i-hrvati-kao-manjina","status":"publish","type":"post","link":"https:\/\/www.vegaintro-projekti.com\/pilar-stari\/2012\/05\/annales-pilar-2012-nacionalne-manjine-u-hrvatskoj-i-hrvati-kao-manjina\/","title":{"rendered":"ANNALES PILAR 2012.: Nacionalne manjine u Hrvatskoj i Hrvati kao manjina"},"content":{"rendered":"<p><strong>Institut dru\u0161tvenih znanosti Ivo Pilar i Hrvatski institut za povijest organizirali su znanstveno-stru\u010dni skup Annales Pilar 2012. na temu <em>Nacionalne manjine u Hrvatskoj i Hrvati kao manjina &#8211; europski izazovi<\/em> koji se odr\u017eao 1. lipnja 2012. u Institutu dru\u0161tvenih znanosti Ivo Pilar, Zagreb, Maruli\u0107ev trg 19\/I pod pokroviteljstvom Savjeta za nacionalne manjine Republike Hrvatske i Dr\u017eavnog ureda za Hrvate izvan Republike Hrvatske<br \/>\u00a0<br \/><\/strong><\/p>\n<table border=\"0\">\n<tbody>\n<tr>\n<td><img decoding=\"async\" loading=\"lazy\" height=\"283\" width=\"460\" src=\"https:\/\/www.vegaintro-projekti.com\/pilar-stari\/wp-content\/images\/stories\/fotografije\/annales\/2012\/manjine.jpg\" alt=\"manjine\" \/><\/td>\n<td valign=\"bottom\"><em>Ohrabruje nas da smo u Hrvatskoj uspjeli rije\u0161iti prvu generaciju manjinskih prava i da je to prepoznato kao zajedni\u010dki interes koji se ogleda u djelovanju svih dr\u017eavnih institucija, \u0161to nam omogu\u0107uje da o\u010duvamo svoje identitete i razvijamo ih, i da svoje probleme ne prebacujemo na ra\u010dun drugih, smatra Aleksandar Tolnauer<\/em><\/td>\n<\/tr>\n<\/tbody>\n<\/table>\n<p><strong><br \/>&#8211; Iz medija: Marijan Lipovac: Hrvatska bi mogla izvoziti svoj model za\u0161tite manjina, Vjesnik.hr, 2. lipnja 2012.<\/p>\n<p><\/strong><\/p>\n<table border=\"0\">\n<tbody> <\/tbody>\n<\/table>\n<p><strong> <\/p>\n<table border=\"0\"> <\/table>\n<p> <\/strong><\/p>\n<p><a href=\"https:\/\/www.vegaintro-projekti.com\/pilar-stari\/wp-content\/images\/stories\/dokumenti\/skupovi\/annales_2012\/pozivnica_annales_2012.pdf\"><img decoding=\"async\" loading=\"lazy\" height=\"603\" width=\"639\" src=\"https:\/\/www.vegaintro-projekti.com\/pilar-stari\/wp-content\/images\/stories\/fotografije\/annales\/2012\/annales_2012.jpg\" alt=\"annales_2012\" \/><\/a><\/p>\n<p>&gt;&gt;&gt;\u00a0<a href=\"https:\/\/www.vegaintro-projekti.com\/pilar-stari\/wp-content\/images\/stories\/dokumenti\/skupovi\/annales_2012\/pozivnica_annales_2012.pdf\">POZIVNICA I PROGRAM SKUPA &#8220;NACIONALNE MANJINE U HRVATSKOJ I HRVATI KAO MANJINA &#8211; EUROPSKI IZAZOVI<\/a><strong><br \/><\/strong><\/p>\n<table border=\"0\">\n<tbody> <\/tbody>\n<\/table>\n<p><strong><\/strong><\/p>\n<table border=\"0\">\n<tbody> <\/tbody>\n<\/table>\n<p><strong> <\/p>\n<table border=\"0\"> <\/table>\n<p> <\/strong><\/p>\n<p>\u00a0<\/p>\n<p>\u00a0<\/p>\n<p>\u00a0<\/p>\n","protected":false},"excerpt":{"rendered":"<p>Institut dru\u0161tvenih znanosti Ivo Pilar i Hrvatski institut za povijest organizirali su znanstveno-stru\u010dni skup Annales Pilar 2012. na temu Nacionalne manjine u Hrvatskoj i Hrvati kao manjina &#8211; europski izazovi koji se odr\u017eao 1. lipnja 2012. u Institutu dru\u0161tvenih znanosti Ivo Pilar, Zagreb, Maruli\u0107ev trg 19\/I pod pokroviteljstvom Savjeta za nacionalne manjine Republike Hrvatske i&hellip; <a class=\"continue\" href=\"https:\/\/www.vegaintro-projekti.com\/pilar-stari\/2012\/05\/annales-pilar-2012-nacionalne-manjine-u-hrvatskoj-i-hrvati-kao-manjina\/\">Pro\u010ditaj vi\u0161e o<span> ANNALES PILAR 2012.: Nacionalne manjine u Hrvatskoj i Hrvati kao manjina<\/span><\/a><\/p>\n","protected":false},"author":1,"featured_media":0,"comment_status":"open","ping_status":"open","sticky":false,"template":"","format":"standard","meta":{"inline_featured_image":false,"ngg_post_thumbnail":0,"footnotes":""},"categories":[11],"tags":[],"yoast_head":"<!-- This site is optimized with the Yoast SEO plugin v21.2 - https:\/\/yoast.com\/wordpress\/plugins\/seo\/ -->\n<title>ANNALES PILAR 2012.: Nacionalne manjine u Hrvatskoj i Hrvati kao manjina - Institut dru&scaron;tvenih znanosti Ivo Pilar<\/title>\n<meta name=\"robots\" content=\"noindex, follow, max-snippet:-1, max-image-preview:large, max-video-preview:-1\" \/>\n<meta property=\"og:locale\" content=\"hr_HR\" \/>\n<meta property=\"og:type\" content=\"article\" \/>\n<meta property=\"og:title\" content=\"ANNALES PILAR 2012.: Nacionalne manjine u Hrvatskoj i Hrvati kao manjina - Institut dru&scaron;tvenih znanosti Ivo Pilar\" \/>\n<meta property=\"og:description\" content=\"Institut dru\u0161tvenih znanosti Ivo Pilar i Hrvatski institut za povijest organizirali su znanstveno-stru\u010dni skup Annales Pilar 2012. na temu Nacionalne manjine u Hrvatskoj i Hrvati kao manjina &#8211; europski izazovi koji se odr\u017eao 1. lipnja 2012. u Institutu dru\u0161tvenih znanosti Ivo Pilar, Zagreb, Maruli\u0107ev trg 19\/I pod pokroviteljstvom Savjeta za nacionalne manjine Republike Hrvatske i&hellip; Pro\u010ditaj vi\u0161e o ANNALES PILAR 2012.: Nacionalne manjine u Hrvatskoj i Hrvati kao manjina\" \/>\n<meta property=\"og:url\" content=\"https:\/\/www.vegaintro-projekti.com\/pilar-stari\/2012\/05\/annales-pilar-2012-nacionalne-manjine-u-hrvatskoj-i-hrvati-kao-manjina\/\" \/>\n<meta property=\"og:site_name\" content=\"Institut dru&scaron;tvenih znanosti Ivo Pilar\" \/>\n<meta property=\"article:published_time\" content=\"2012-05-21T11:27:03+00:00\" \/>\n<meta property=\"article:modified_time\" content=\"2017-12-08T08:39:19+00:00\" \/>\n<meta property=\"og:image\" content=\"https:\/\/www.vegaintro-projekti.com\/pilar-stari\/wp-content\/images\/stories\/fotografije\/annales\/2012\/manjine.jpg\" \/>\n<meta name=\"author\" content=\"pilar-admin\" \/>\n<meta name=\"twitter:card\" content=\"summary_large_image\" \/>\n<meta name=\"twitter:label1\" content=\"Napisao\/la\" \/>\n\t<meta name=\"twitter:data1\" content=\"pilar-admin\" \/>\n\t<meta name=\"twitter:label2\" content=\"Procijenjeno vrijeme \u010ditanja\" \/>\n\t<meta name=\"twitter:data2\" content=\"1 minuta\" \/>\n<script type=\"application\/ld+json\" class=\"yoast-schema-graph\">{\"@context\":\"https:\/\/schema.org\",\"@graph\":[{\"@type\":\"WebPage\",\"@id\":\"https:\/\/www.vegaintro-projekti.com\/pilar-stari\/2012\/05\/annales-pilar-2012-nacionalne-manjine-u-hrvatskoj-i-hrvati-kao-manjina\/\",\"url\":\"https:\/\/www.vegaintro-projekti.com\/pilar-stari\/2012\/05\/annales-pilar-2012-nacionalne-manjine-u-hrvatskoj-i-hrvati-kao-manjina\/\",\"name\":\"ANNALES PILAR 2012.: Nacionalne manjine u Hrvatskoj i Hrvati kao manjina - Institut dru&scaron;tvenih znanosti Ivo Pilar\",\"isPartOf\":{\"@id\":\"https:\/\/www.vegaintro-projekti.com\/pilar-stari\/#website\"},\"datePublished\":\"2012-05-21T11:27:03+00:00\",\"dateModified\":\"2017-12-08T08:39:19+00:00\",\"author\":{\"@id\":\"https:\/\/www.vegaintro-projekti.com\/pilar-stari\/#\/schema\/person\/c0db50ebd77c4409e19b18044bbf10c1\"},\"breadcrumb\":{\"@id\":\"https:\/\/www.vegaintro-projekti.com\/pilar-stari\/2012\/05\/annales-pilar-2012-nacionalne-manjine-u-hrvatskoj-i-hrvati-kao-manjina\/#breadcrumb\"},\"inLanguage\":\"hr\",\"potentialAction\":[{\"@type\":\"ReadAction\",\"target\":[\"https:\/\/www.vegaintro-projekti.com\/pilar-stari\/2012\/05\/annales-pilar-2012-nacionalne-manjine-u-hrvatskoj-i-hrvati-kao-manjina\/\"]}]},{\"@type\":\"BreadcrumbList\",\"@id\":\"https:\/\/www.vegaintro-projekti.com\/pilar-stari\/2012\/05\/annales-pilar-2012-nacionalne-manjine-u-hrvatskoj-i-hrvati-kao-manjina\/#breadcrumb\",\"itemListElement\":[{\"@type\":\"ListItem\",\"position\":1,\"name\":\"Home\",\"item\":\"https:\/\/www.vegaintro-projekti.com\/pilar-stari\/\"},{\"@type\":\"ListItem\",\"position\":2,\"name\":\"ANNALES PILAR 2012.: Nacionalne manjine u Hrvatskoj i Hrvati kao manjina\"}]},{\"@type\":\"WebSite\",\"@id\":\"https:\/\/www.vegaintro-projekti.com\/pilar-stari\/#website\",\"url\":\"https:\/\/www.vegaintro-projekti.com\/pilar-stari\/\",\"name\":\"Institut dru&scaron;tvenih znanosti Ivo Pilar\",\"description\":\"Pilar\",\"potentialAction\":[{\"@type\":\"SearchAction\",\"target\":{\"@type\":\"EntryPoint\",\"urlTemplate\":\"https:\/\/www.vegaintro-projekti.com\/pilar-stari\/?s={search_term_string}\"},\"query-input\":\"required name=search_term_string\"}],\"inLanguage\":\"hr\"},{\"@type\":\"Person\",\"@id\":\"https:\/\/www.vegaintro-projekti.com\/pilar-stari\/#\/schema\/person\/c0db50ebd77c4409e19b18044bbf10c1\",\"name\":\"pilar-admin\",\"image\":{\"@type\":\"ImageObject\",\"inLanguage\":\"hr\",\"@id\":\"https:\/\/www.vegaintro-projekti.com\/pilar-stari\/#\/schema\/person\/image\/\",\"url\":\"https:\/\/secure.gravatar.com\/avatar\/fac9e03c4db0011b9c1ad8b5e9c74b8c?s=96&d=mm&r=g\",\"contentUrl\":\"https:\/\/secure.gravatar.com\/avatar\/fac9e03c4db0011b9c1ad8b5e9c74b8c?s=96&d=mm&r=g\",\"caption\":\"pilar-admin\"},\"url\":\"https:\/\/www.vegaintro-projekti.com\/pilar-stari\/author\/pilar-admin\/\"}]}<\/script>\n<!-- \/ Yoast SEO plugin. -->","yoast_head_json":{"title":"ANNALES PILAR 2012.: Nacionalne manjine u Hrvatskoj i Hrvati kao manjina - Institut dru&scaron;tvenih znanosti Ivo Pilar","robots":{"index":"noindex","follow":"follow","max-snippet":"max-snippet:-1","max-image-preview":"max-image-preview:large","max-video-preview":"max-video-preview:-1"},"og_locale":"hr_HR","og_type":"article","og_title":"ANNALES PILAR 2012.: Nacionalne manjine u Hrvatskoj i Hrvati kao manjina - Institut dru&scaron;tvenih znanosti Ivo Pilar","og_description":"Institut dru\u0161tvenih znanosti Ivo Pilar i Hrvatski institut za povijest organizirali su znanstveno-stru\u010dni skup Annales Pilar 2012. na temu Nacionalne manjine u Hrvatskoj i Hrvati kao manjina &#8211; europski izazovi koji se odr\u017eao 1. lipnja 2012. u Institutu dru\u0161tvenih znanosti Ivo Pilar, Zagreb, Maruli\u0107ev trg 19\/I pod pokroviteljstvom Savjeta za nacionalne manjine Republike Hrvatske i&hellip; Pro\u010ditaj vi\u0161e o ANNALES PILAR 2012.: Nacionalne manjine u Hrvatskoj i Hrvati kao manjina","og_url":"https:\/\/www.vegaintro-projekti.com\/pilar-stari\/2012\/05\/annales-pilar-2012-nacionalne-manjine-u-hrvatskoj-i-hrvati-kao-manjina\/","og_site_name":"Institut dru&scaron;tvenih znanosti Ivo Pilar","article_published_time":"2012-05-21T11:27:03+00:00","article_modified_time":"2017-12-08T08:39:19+00:00","og_image":[{"url":"https:\/\/www.vegaintro-projekti.com\/pilar-stari\/wp-content\/images\/stories\/fotografije\/annales\/2012\/manjine.jpg"}],"author":"pilar-admin","twitter_card":"summary_large_image","twitter_misc":{"Napisao\/la":"pilar-admin","Procijenjeno vrijeme \u010ditanja":"1 minuta"},"schema":{"@context":"https:\/\/schema.org","@graph":[{"@type":"WebPage","@id":"https:\/\/www.vegaintro-projekti.com\/pilar-stari\/2012\/05\/annales-pilar-2012-nacionalne-manjine-u-hrvatskoj-i-hrvati-kao-manjina\/","url":"https:\/\/www.vegaintro-projekti.com\/pilar-stari\/2012\/05\/annales-pilar-2012-nacionalne-manjine-u-hrvatskoj-i-hrvati-kao-manjina\/","name":"ANNALES PILAR 2012.: Nacionalne manjine u Hrvatskoj i Hrvati kao manjina - Institut dru&scaron;tvenih znanosti Ivo Pilar","isPartOf":{"@id":"https:\/\/www.vegaintro-projekti.com\/pilar-stari\/#website"},"datePublished":"2012-05-21T11:27:03+00:00","dateModified":"2017-12-08T08:39:19+00:00","author":{"@id":"https:\/\/www.vegaintro-projekti.com\/pilar-stari\/#\/schema\/person\/c0db50ebd77c4409e19b18044bbf10c1"},"breadcrumb":{"@id":"https:\/\/www.vegaintro-projekti.com\/pilar-stari\/2012\/05\/annales-pilar-2012-nacionalne-manjine-u-hrvatskoj-i-hrvati-kao-manjina\/#breadcrumb"},"inLanguage":"hr","potentialAction":[{"@type":"ReadAction","target":["https:\/\/www.vegaintro-projekti.com\/pilar-stari\/2012\/05\/annales-pilar-2012-nacionalne-manjine-u-hrvatskoj-i-hrvati-kao-manjina\/"]}]},{"@type":"BreadcrumbList","@id":"https:\/\/www.vegaintro-projekti.com\/pilar-stari\/2012\/05\/annales-pilar-2012-nacionalne-manjine-u-hrvatskoj-i-hrvati-kao-manjina\/#breadcrumb","itemListElement":[{"@type":"ListItem","position":1,"name":"Home","item":"https:\/\/www.vegaintro-projekti.com\/pilar-stari\/"},{"@type":"ListItem","position":2,"name":"ANNALES PILAR 2012.: Nacionalne manjine u Hrvatskoj i Hrvati kao manjina"}]},{"@type":"WebSite","@id":"https:\/\/www.vegaintro-projekti.com\/pilar-stari\/#website","url":"https:\/\/www.vegaintro-projekti.com\/pilar-stari\/","name":"Institut dru&scaron;tvenih znanosti Ivo Pilar","description":"Pilar","potentialAction":[{"@type":"SearchAction","target":{"@type":"EntryPoint","urlTemplate":"https:\/\/www.vegaintro-projekti.com\/pilar-stari\/?s={search_term_string}"},"query-input":"required name=search_term_string"}],"inLanguage":"hr"},{"@type":"Person","@id":"https:\/\/www.vegaintro-projekti.com\/pilar-stari\/#\/schema\/person\/c0db50ebd77c4409e19b18044bbf10c1","name":"pilar-admin","image":{"@type":"ImageObject","inLanguage":"hr","@id":"https:\/\/www.vegaintro-projekti.com\/pilar-stari\/#\/schema\/person\/image\/","url":"https:\/\/secure.gravatar.com\/avatar\/fac9e03c4db0011b9c1ad8b5e9c74b8c?s=96&d=mm&r=g","contentUrl":"https:\/\/secure.gravatar.com\/avatar\/fac9e03c4db0011b9c1ad8b5e9c74b8c?s=96&d=mm&r=g","caption":"pilar-admin"},"url":"https:\/\/www.vegaintro-projekti.com\/pilar-stari\/author\/pilar-admin\/"}]}},"_links":{"self":[{"href":"https:\/\/www.vegaintro-projekti.com\/pilar-stari\/wp-json\/wp\/v2\/posts\/488"}],"collection":[{"href":"https:\/\/www.vegaintro-projekti.com\/pilar-stari\/wp-json\/wp\/v2\/posts"}],"about":[{"href":"https:\/\/www.vegaintro-projekti.com\/pilar-stari\/wp-json\/wp\/v2\/types\/post"}],"author":[{"embeddable":true,"href":"https:\/\/www.vegaintro-projekti.com\/pilar-stari\/wp-json\/wp\/v2\/users\/1"}],"replies":[{"embeddable":true,"href":"https:\/\/www.vegaintro-projekti.com\/pilar-stari\/wp-json\/wp\/v2\/comments?post=488"}],"version-history":[{"count":1,"href":"https:\/\/www.vegaintro-projekti.com\/pilar-stari\/wp-json\/wp\/v2\/posts\/488\/revisions"}],"predecessor-version":[{"id":7377,"href":"https:\/\/www.vegaintro-projekti.com\/pilar-stari\/wp-json\/wp\/v2\/posts\/488\/revisions\/7377"}],"wp:attachment":[{"href":"https:\/\/www.vegaintro-projekti.com\/pilar-stari\/wp-json\/wp\/v2\/media?parent=488"}],"wp:term":[{"taxonomy":"category","embeddable":true,"href":"https:\/\/www.vegaintro-projekti.com\/pilar-stari\/wp-json\/wp\/v2\/categories?post=488"},{"taxonomy":"post_tag","embeddable":true,"href":"https:\/\/www.vegaintro-projekti.com\/pilar-stari\/wp-json\/wp\/v2\/tags?post=488"}],"curies":[{"name":"wp","href":"https:\/\/api.w.org\/{rel}","templated":true}]}}