{"id":496,"date":"2012-06-03T19:31:32","date_gmt":"2012-06-03T19:31:32","guid":{"rendered":"https:\/\/www.vegaintro-projekti.com\/pilar-stari\/2012\/06\/03\/split-propitivanje-enskih-feministikih-i-muslimanskih-identiteta\/"},"modified":"2017-12-08T08:41:10","modified_gmt":"2017-12-08T08:41:10","slug":"split-propitivanje-enskih-feministikih-i-muslimanskih-identiteta","status":"publish","type":"post","link":"https:\/\/www.vegaintro-projekti.com\/pilar-stari\/2012\/06\/split-propitivanje-enskih-feministikih-i-muslimanskih-identiteta\/","title":{"rendered":"SPLIT: Propitivanje \u017eenskih, feministi\u010dkih i muslimanskih identiteta"},"content":{"rendered":"<p><strong><br \/><strong>Institut dru\u0161tvenih znanosti Ivo Pilar &#8211; Centar Split i Ekumenska inicijativa \u017eena u suradnji s Centrom za interdisciplinarne postdiplomske studije Univerziteta u Sarajevu\u00a0predstavili su 5. lipnja 2012. u Splitu (Pinakoteka crkve Gospe od zdravlja) knjigu PROPITIVANJE \u017dENSKIH, FEMINISTI\u010cKIH I MUSLIMANSKIH IDENTITETA &#8211;\u00a0<em><em>Postsocijalisti\u010dki konteksti u Bosni i Hercegovini i na Kosovu<\/em>.<\/em> O knjizi su govorili Jadranka s. Rebeka Ani\u0107, Marija Geiger Zeman, Suada Had\u017ei\u0107 te urednica knjige Zilka Spahi\u0107-\u0160iljak. &#8211; <a href=\"#mediji\">Iz medija<\/a><br \/> <\/strong><\/strong><\/p>\n<table border=\"0\">\n<tbody>\n<tr>\n<td><img decoding=\"async\" loading=\"lazy\" alt=\"1_img_2449\" src=\"https:\/\/www.vegaintro-projekti.com\/pilar-stari\/wp-content\/images\/stories\/fotografije\/podrucni\/split\/1_img_2449.jpg\" width=\"210\" height=\"157\" \/><\/td>\n<td><img decoding=\"async\" loading=\"lazy\" alt=\"2_img_2450\" src=\"https:\/\/www.vegaintro-projekti.com\/pilar-stari\/wp-content\/images\/stories\/fotografije\/podrucni\/split\/2_img_2450.jpg\" width=\"210\" height=\"157\" \/><\/td>\n<td><img decoding=\"async\" loading=\"lazy\" alt=\"3_img_2493\" src=\"https:\/\/www.vegaintro-projekti.com\/pilar-stari\/wp-content\/images\/stories\/fotografije\/podrucni\/split\/3_img_2493.jpg\" width=\"210\" height=\"157\" \/><\/td>\n<\/tr>\n<\/tbody>\n<\/table>\n<p><span style=\"font-size: 8pt;\"><strong>Predstavljanje knjige &#8220;Propitivanje \u017eenskih, feministi\u010dkih i muslimanskih identiteta&#8221; u Splitu, 5. lipnja 2012.<\/strong><\/span><\/p>\n<p><img decoding=\"async\" loading=\"lazy\" alt=\"4_slusatelji3\" src=\"https:\/\/www.vegaintro-projekti.com\/pilar-stari\/wp-content\/images\/stories\/fotografije\/podrucni\/split\/4_slusatelji3.jpg\" width=\"634\" height=\"356\" \/><\/p>\n<table border=\"0\">\n<tbody> <\/tbody>\n<\/table>\n<p><a name=\"mediji\"><\/a><\/p>\n<p><span style=\"font-size: 12pt;\">Iz medija (IKA)<\/span><\/p>\n<p>Split, (IKA) &#8211; Institut dru\u0161tvenih znanosti Ivo Pilar \u2013 Centar Split i Ekumenska inicijativa \u017eena u suradnji s Centrom za interdisciplinarne postdiplomske studije Sveu\u010dili\u0161ta u Sarajevu organizirali su predstavljanje knjige &#8220;Propitivanje \u017eenskih, feministi\u010dkih i muslimanskih identiteta. Postsocijalisti\u010dki konteksti u Bosni i Hercegovini i na Kosovu&#8221;, u utorak 5. lipnja u pinakoteci Gospe od Zdravlja u Splitu. O knjizi su govorili dr. sc. Jadranka s. Rebeka Ani\u0107, dr. sc. Marija Geiger-Zeman, muallima Suada Had\u017ei\u0107 i urednica knjige dr. sc. Zilka Spahi\u0107-\u0160iljak, a program je pjesmom uljep\u0161ao Zbor Med\u017elisa islamske zajednice Split.<\/p>\n<p>&#8220;Knjiga, premda tematizira identitete \u017eena muslimanki na podru\u010dju BiH i Kosova, zanimljiva je i u Hrvatskoj i to ne samo zbog metode rabljene u istra\u017eivanju ve\u0107 i zbog teorijskog dijela u kojem je prikazan povijesni razvoj \u017eenskih ljudskih prava i feministi\u010dkog pokreta za zapadu kao i razvoj i razli\u010dite vrste feminizma na istoku, u ve\u0107inskim muslimanskim zemljama&#8221;, istaknula je dr. Ani\u0107, koja je predstavila strukturu i sadr\u017eaj knjige. Knjiga je ishod dvogodi\u0161njeg istra\u017eivala\u010dkog projekta pod nazivom &#8220;Feminizam u postsocijalisti\u010dkim muslimanskim kontekstima u BiH i na Kosovu&#8221; koji je proveo Centar za interdisciplinarne postdiplomske studije Sveu\u010dili\u0161ta u Sarajevu. Knjigu je uredila i ve\u0107i broj poglavlja napisala Zilka Spahi\u0107-\u0160iljak: od pet poglavlja, Zilka je dva poglavlja napisala sama uz uvod i zaklju\u010dak, a dva je poglavlja napisala u koautorstvu. Osim Zike, u knjizi se pojavljuje jo\u0161 6 autorica\/autora. Knjiga sadr\u017ei pojmovnik i indeks, ima 265 stranica i podijeljena je na dva dijela: teorijski i empirijski. Predgovor knjizi napisala je prof. Margot Badran, povjesni\u010darka koja vi\u0161e od \u010detiri desetlje\u0107a pi\u0161e o feminizmima u muslimanskim dru\u0161tvima na Bliskom istoku, i u njemu je iznesena glavna napetost koja \u010dini okosnicu cijele knjige: na\u010din na koji se oko feminizma u islamu lomi pitanje odnosa istoka i zapada.<\/p>\n<p>&#8220;Temeljna postavka u knjizi je da se feministi\u010dke ideje ne razvijaju odvojeno od sociopoliti\u010dkih procesa, ve\u0107 da su usko povezane s ostalim \u010dimbenicima u procesu sekularizacije i desekularizacije muslimanskih dru\u0161tava. Ta postavka je razlog za\u0161to skupina autorica i autora u tre\u0107em poglavlju donosi prikaz sociopoliti\u010dkih uvjeta u BiH i na Kosovu u socijalisti\u010dkom razdoblju i u vrijeme nakon demokratskih promjena. Posebna pozornost posve\u0107ena je odnosu prema islamu i feminizmu u ta dva dru\u0161tvena razdoblja i posljedicama koje je to imalo za identitet i uloge \u017eena&#8221;, naglasila je dr. Ani\u0107. Dok su mnogobrojna istra\u017eivanja napisana o \u017eenama u muslimanskim zemljama Bliskog istoga i sjeverozapadne Afrike, Indonezije i Malezije kao i zna\u010dajan broj istra\u017eivanja o iskustvima muslimanskih imigrantskih zajednica u Europi i SAD-u, iskustvo autohtonih muslimanki na Balkanu rijetko su bila predmet istra\u017eivanja (Zilka navodi svega \u010detiri takve studije). I u tomu se vidi vrijednost i va\u017enost knjige, koja ideolo\u0161ku obojenost rasprave o feminizmu dekonstruira te time otvara put \u017eenama vjernicama za kreativno promi\u0161ljanje svoga \u017eenskog, vjerskog i gra\u0111anskog identiteta, i ujedno osloba\u0111a stereotipnog i uniformnog poimanja emancipacije (primjerice pitanje hid\u017eaba).<\/p>\n<p>Knjiga predstavlja produbljenje i pro\u0161irenje tema sadr\u017eanih i u drugim knjigama koje je Zilka ili napisala ili uredila: &#8220;\u017dene, religija, politika&#8221; i &#8220;I vjernice i gra\u0111anke&#8221;. \u201eZilkin pristup zbilji mogli bismo ocijeniti holisti\u010dkim. Ona uo\u010dava da nije dovoljno da se ograni\u010di na islam ve\u0107 jednakom zauzeto\u0161\u0107u istra\u017euje polo\u017eaj \u017eena u \u017eidovstvu i kr\u0161\u0107anstvu, jednakom zauzeto\u0161\u0107u se susre\u0107e i radi sa \u017eenama iz islamske zajednice kao i drugih vjerskih zajednica i iz sekularnog \u017eenskog pokreta. U svetim tekstovima svih vjerskih zajednica i u njihovim tradicijama Zilka tra\u017ei najbolje i to iznosi na vidjelo. Ona time ne upada u vjerski relativizam niti sinkretizam ve\u0107 ostaju\u0107i vjerna svojoj vjeri, druge vjerske zajednice kao i sekularne humanistkinje i humaniste poti\u010de da tra\u017ee ono najbolje u njihovim tradicijama i svjetonazorima, gotovo da se takmi\u010de u dobru svjesna da tek zajedno mo\u017eemo graditi uistinu humano dru\u0161tvo&#8221;, zaklju\u010dila je dr. Ani\u0107.<\/p>\n<p>Dr. sc. Marija Geiger-Zeman istaknula je da se u nizu zanimljivih i provokativnih tema i spoznaja, posebno zanimljivim pokazuje motiv obitelji i obiteljskih odnosa ali i tradicionalne rodne socijalizacije unutar obitelji. &#8220;Ispitanice su upravo primarnu obitelj istaknule kao krucijalan faktor u formiranju vlastitih identiteta zbog \u010dega su se rijetke usudile kritizirati i dekonstruirati tradicionalne obiteljske aran\u017emane&#8221;, naglasila je predstavlja\u010dica, istaknuv\u0161i zanimljivost da su ispitanice s Kosova isticale dominantne o\u010deve koji su im odobrili \u0161kolovanje i prekora\u010dili tradicionalnu patrijarhalnu normu koja zabranjuje ili ograni\u010dava pristup \u017eenskoj djeci obrazovanju. U tom su se smislu takvi progresivni o\u010devi pokazali kao klju\u010dni akteri u emancipaciji k\u0107eri. Sve su ispitanice isticale i formalno i neformalno obrazovanje kao ulaznicu u emancipirani, slobodni, aktivni i progresivni na\u010din \u017eivota.<\/p>\n<p>Vjerou\u010diteljica \u2013 muallima (ar.) Suada Had\u017ei\u0107 govorila je o svom iskustvu imamove supruge i majke \u010detvero djece te o iskustvu rada sa \u017eenama i mladima. Govore\u0107i o feminizmu muslimanki, naglasila je da Kur&#8217;an \u017eenu dr\u017ei na visokoj razini te da \u0107e svaki mu\u017e vjernik podr\u017eati svoju \u017eenu i kad u izricanju svoga stava istupa kao feministkinja.<\/p>\n<p>Na kraju se nazo\u010dnima obratila urednica i koautorica knjige dr. Spahi\u0107. Istaknula je da joj je rade\u0107i na knjizi bilo iznimno va\u017eno vidjeti na koji na\u010din muslimanke u ova dva postsocijalisti\u010dka konteksta BiH i Kosova razumijevaju svoje identitete \u017eene, muslimanke i feministkinje, ne samo kako razumijevaju nego kako se i isprepli\u0107u, \u0161to na njih utje\u010de i kako jedan drugoga formiraju, konstruiraju i dekonstruiraju.<\/p>\n<p>&#8211;\u00a0<a href=\"https:\/\/www.vegaintro-projekti.com\/pilar-stari\/wp-content\/images\/stories\/dokumenti\/podrucni\/split\/pozivnica_identiteti.pdf\">Pozivnica za predstavljanje knjige &#8220;Propitivanje \u017eenskih, feministi\u010dkih i muslimanskih identiteta&#8221; u Splitu, 5. lipnja 2012.<\/a><\/p>\n<table border=\"0\">\n<tbody> <\/tbody>\n<\/table>\n<p>\u00a0<\/p>\n<table border=\"0\">\n<tbody> <\/tbody>\n<\/table>\n<p>\u00a0<\/p>\n<table border=\"0\"> <\/table>\n<p><table border=\"0\"> <\/table>\n<\/p>\n<table border=\"0\">\n<tbody>\n<tr>\n<td><\/td>\n<td><a href=\"https:\/\/www.vegaintro-projekti.com\/pilar-stari\/wp-content\/images\/stories\/dokumenti\/podrucni\/split\/pozivnica_identiteti.pdf\"><img decoding=\"async\" loading=\"lazy\" alt=\"pozivnica_identiteti\" src=\"https:\/\/www.vegaintro-projekti.com\/pilar-stari\/wp-content\/images\/stories\/fotografije\/podrucni\/split\/pozivnica_identiteti.jpg\" width=\"453\" height=\"640\" \/><\/a><\/td>\n<\/tr>\n<\/tbody>\n<\/table>\n<p>\u00a0<\/p>\n<p>\u00a0<\/p>\n<p>&gt;&gt;&gt; <a href=\"https:\/\/www.vegaintro-projekti.com\/pilar-stari\/2010\/07\/podruni-centar-split-2\/\">PODRU\u010cNI CENTAR SPLIT<\/a><\/p>\n<p>\u00a0<\/p>\n<p>\u00a0<\/p>\n<p><\/p>\n","protected":false},"excerpt":{"rendered":"<p>Institut dru\u0161tvenih znanosti Ivo Pilar &#8211; Centar Split i Ekumenska inicijativa \u017eena u suradnji s Centrom za interdisciplinarne postdiplomske studije Univerziteta u Sarajevu\u00a0predstavili su 5. lipnja 2012. u Splitu (Pinakoteka crkve Gospe od zdravlja) knjigu PROPITIVANJE \u017dENSKIH, FEMINISTI\u010cKIH I MUSLIMANSKIH IDENTITETA &#8211;\u00a0Postsocijalisti\u010dki konteksti u Bosni i Hercegovini i na Kosovu. O knjizi su govorili Jadranka&hellip; <a class=\"continue\" href=\"https:\/\/www.vegaintro-projekti.com\/pilar-stari\/2012\/06\/split-propitivanje-enskih-feministikih-i-muslimanskih-identiteta\/\">Pro\u010ditaj vi\u0161e o<span> SPLIT: Propitivanje \u017eenskih, feministi\u010dkih i muslimanskih identiteta<\/span><\/a><\/p>\n","protected":false},"author":1,"featured_media":0,"comment_status":"open","ping_status":"open","sticky":false,"template":"","format":"standard","meta":{"inline_featured_image":false,"ngg_post_thumbnail":0,"footnotes":""},"categories":[11],"tags":[],"yoast_head":"<!-- This site is optimized with the Yoast SEO plugin v21.2 - https:\/\/yoast.com\/wordpress\/plugins\/seo\/ -->\n<title>SPLIT: Propitivanje \u017eenskih, feministi\u010dkih i muslimanskih identiteta - Institut dru&scaron;tvenih znanosti Ivo Pilar<\/title>\n<meta name=\"robots\" content=\"noindex, follow, max-snippet:-1, max-image-preview:large, max-video-preview:-1\" \/>\n<meta property=\"og:locale\" content=\"hr_HR\" \/>\n<meta property=\"og:type\" content=\"article\" \/>\n<meta property=\"og:title\" content=\"SPLIT: Propitivanje \u017eenskih, feministi\u010dkih i muslimanskih identiteta - Institut dru&scaron;tvenih znanosti Ivo Pilar\" \/>\n<meta property=\"og:description\" content=\"Institut dru\u0161tvenih znanosti Ivo Pilar &#8211; Centar Split i Ekumenska inicijativa \u017eena u suradnji s Centrom za interdisciplinarne postdiplomske studije Univerziteta u Sarajevu\u00a0predstavili su 5. lipnja 2012. u Splitu (Pinakoteka crkve Gospe od zdravlja) knjigu PROPITIVANJE \u017dENSKIH, FEMINISTI\u010cKIH I MUSLIMANSKIH IDENTITETA &#8211;\u00a0Postsocijalisti\u010dki konteksti u Bosni i Hercegovini i na Kosovu. O knjizi su govorili Jadranka&hellip; Pro\u010ditaj vi\u0161e o SPLIT: Propitivanje \u017eenskih, feministi\u010dkih i muslimanskih identiteta\" \/>\n<meta property=\"og:url\" content=\"https:\/\/www.vegaintro-projekti.com\/pilar-stari\/2012\/06\/split-propitivanje-enskih-feministikih-i-muslimanskih-identiteta\/\" \/>\n<meta property=\"og:site_name\" content=\"Institut dru&scaron;tvenih znanosti Ivo Pilar\" \/>\n<meta property=\"article:published_time\" content=\"2012-06-03T19:31:32+00:00\" \/>\n<meta property=\"article:modified_time\" content=\"2017-12-08T08:41:10+00:00\" \/>\n<meta property=\"og:image\" content=\"https:\/\/www.vegaintro-projekti.com\/pilar-stari\/wp-content\/images\/stories\/fotografije\/podrucni\/split\/1_img_2449.jpg\" \/>\n<meta name=\"author\" content=\"pilar-admin\" \/>\n<meta name=\"twitter:card\" content=\"summary_large_image\" \/>\n<meta name=\"twitter:label1\" content=\"Napisao\/la\" \/>\n\t<meta name=\"twitter:data1\" content=\"pilar-admin\" \/>\n\t<meta name=\"twitter:label2\" content=\"Procijenjeno vrijeme \u010ditanja\" \/>\n\t<meta name=\"twitter:data2\" content=\"5 minuta\" \/>\n<script type=\"application\/ld+json\" class=\"yoast-schema-graph\">{\"@context\":\"https:\/\/schema.org\",\"@graph\":[{\"@type\":\"WebPage\",\"@id\":\"https:\/\/www.vegaintro-projekti.com\/pilar-stari\/2012\/06\/split-propitivanje-enskih-feministikih-i-muslimanskih-identiteta\/\",\"url\":\"https:\/\/www.vegaintro-projekti.com\/pilar-stari\/2012\/06\/split-propitivanje-enskih-feministikih-i-muslimanskih-identiteta\/\",\"name\":\"SPLIT: Propitivanje \u017eenskih, feministi\u010dkih i muslimanskih identiteta - Institut dru&scaron;tvenih znanosti Ivo Pilar\",\"isPartOf\":{\"@id\":\"https:\/\/www.vegaintro-projekti.com\/pilar-stari\/#website\"},\"datePublished\":\"2012-06-03T19:31:32+00:00\",\"dateModified\":\"2017-12-08T08:41:10+00:00\",\"author\":{\"@id\":\"https:\/\/www.vegaintro-projekti.com\/pilar-stari\/#\/schema\/person\/c0db50ebd77c4409e19b18044bbf10c1\"},\"breadcrumb\":{\"@id\":\"https:\/\/www.vegaintro-projekti.com\/pilar-stari\/2012\/06\/split-propitivanje-enskih-feministikih-i-muslimanskih-identiteta\/#breadcrumb\"},\"inLanguage\":\"hr\",\"potentialAction\":[{\"@type\":\"ReadAction\",\"target\":[\"https:\/\/www.vegaintro-projekti.com\/pilar-stari\/2012\/06\/split-propitivanje-enskih-feministikih-i-muslimanskih-identiteta\/\"]}]},{\"@type\":\"BreadcrumbList\",\"@id\":\"https:\/\/www.vegaintro-projekti.com\/pilar-stari\/2012\/06\/split-propitivanje-enskih-feministikih-i-muslimanskih-identiteta\/#breadcrumb\",\"itemListElement\":[{\"@type\":\"ListItem\",\"position\":1,\"name\":\"Home\",\"item\":\"https:\/\/www.vegaintro-projekti.com\/pilar-stari\/\"},{\"@type\":\"ListItem\",\"position\":2,\"name\":\"SPLIT: Propitivanje \u017eenskih, feministi\u010dkih i muslimanskih identiteta\"}]},{\"@type\":\"WebSite\",\"@id\":\"https:\/\/www.vegaintro-projekti.com\/pilar-stari\/#website\",\"url\":\"https:\/\/www.vegaintro-projekti.com\/pilar-stari\/\",\"name\":\"Institut dru&scaron;tvenih znanosti Ivo Pilar\",\"description\":\"Pilar\",\"potentialAction\":[{\"@type\":\"SearchAction\",\"target\":{\"@type\":\"EntryPoint\",\"urlTemplate\":\"https:\/\/www.vegaintro-projekti.com\/pilar-stari\/?s={search_term_string}\"},\"query-input\":\"required name=search_term_string\"}],\"inLanguage\":\"hr\"},{\"@type\":\"Person\",\"@id\":\"https:\/\/www.vegaintro-projekti.com\/pilar-stari\/#\/schema\/person\/c0db50ebd77c4409e19b18044bbf10c1\",\"name\":\"pilar-admin\",\"image\":{\"@type\":\"ImageObject\",\"inLanguage\":\"hr\",\"@id\":\"https:\/\/www.vegaintro-projekti.com\/pilar-stari\/#\/schema\/person\/image\/\",\"url\":\"https:\/\/secure.gravatar.com\/avatar\/fac9e03c4db0011b9c1ad8b5e9c74b8c?s=96&d=mm&r=g\",\"contentUrl\":\"https:\/\/secure.gravatar.com\/avatar\/fac9e03c4db0011b9c1ad8b5e9c74b8c?s=96&d=mm&r=g\",\"caption\":\"pilar-admin\"},\"url\":\"https:\/\/www.vegaintro-projekti.com\/pilar-stari\/author\/pilar-admin\/\"}]}<\/script>\n<!-- \/ Yoast SEO plugin. -->","yoast_head_json":{"title":"SPLIT: Propitivanje \u017eenskih, feministi\u010dkih i muslimanskih identiteta - Institut dru&scaron;tvenih znanosti Ivo Pilar","robots":{"index":"noindex","follow":"follow","max-snippet":"max-snippet:-1","max-image-preview":"max-image-preview:large","max-video-preview":"max-video-preview:-1"},"og_locale":"hr_HR","og_type":"article","og_title":"SPLIT: Propitivanje \u017eenskih, feministi\u010dkih i muslimanskih identiteta - Institut dru&scaron;tvenih znanosti Ivo Pilar","og_description":"Institut dru\u0161tvenih znanosti Ivo Pilar &#8211; Centar Split i Ekumenska inicijativa \u017eena u suradnji s Centrom za interdisciplinarne postdiplomske studije Univerziteta u Sarajevu\u00a0predstavili su 5. lipnja 2012. u Splitu (Pinakoteka crkve Gospe od zdravlja) knjigu PROPITIVANJE \u017dENSKIH, FEMINISTI\u010cKIH I MUSLIMANSKIH IDENTITETA &#8211;\u00a0Postsocijalisti\u010dki konteksti u Bosni i Hercegovini i na Kosovu. O knjizi su govorili Jadranka&hellip; Pro\u010ditaj vi\u0161e o SPLIT: Propitivanje \u017eenskih, feministi\u010dkih i muslimanskih identiteta","og_url":"https:\/\/www.vegaintro-projekti.com\/pilar-stari\/2012\/06\/split-propitivanje-enskih-feministikih-i-muslimanskih-identiteta\/","og_site_name":"Institut dru&scaron;tvenih znanosti Ivo Pilar","article_published_time":"2012-06-03T19:31:32+00:00","article_modified_time":"2017-12-08T08:41:10+00:00","og_image":[{"url":"https:\/\/www.vegaintro-projekti.com\/pilar-stari\/wp-content\/images\/stories\/fotografije\/podrucni\/split\/1_img_2449.jpg"}],"author":"pilar-admin","twitter_card":"summary_large_image","twitter_misc":{"Napisao\/la":"pilar-admin","Procijenjeno vrijeme \u010ditanja":"5 minuta"},"schema":{"@context":"https:\/\/schema.org","@graph":[{"@type":"WebPage","@id":"https:\/\/www.vegaintro-projekti.com\/pilar-stari\/2012\/06\/split-propitivanje-enskih-feministikih-i-muslimanskih-identiteta\/","url":"https:\/\/www.vegaintro-projekti.com\/pilar-stari\/2012\/06\/split-propitivanje-enskih-feministikih-i-muslimanskih-identiteta\/","name":"SPLIT: Propitivanje \u017eenskih, feministi\u010dkih i muslimanskih identiteta - Institut dru&scaron;tvenih znanosti Ivo Pilar","isPartOf":{"@id":"https:\/\/www.vegaintro-projekti.com\/pilar-stari\/#website"},"datePublished":"2012-06-03T19:31:32+00:00","dateModified":"2017-12-08T08:41:10+00:00","author":{"@id":"https:\/\/www.vegaintro-projekti.com\/pilar-stari\/#\/schema\/person\/c0db50ebd77c4409e19b18044bbf10c1"},"breadcrumb":{"@id":"https:\/\/www.vegaintro-projekti.com\/pilar-stari\/2012\/06\/split-propitivanje-enskih-feministikih-i-muslimanskih-identiteta\/#breadcrumb"},"inLanguage":"hr","potentialAction":[{"@type":"ReadAction","target":["https:\/\/www.vegaintro-projekti.com\/pilar-stari\/2012\/06\/split-propitivanje-enskih-feministikih-i-muslimanskih-identiteta\/"]}]},{"@type":"BreadcrumbList","@id":"https:\/\/www.vegaintro-projekti.com\/pilar-stari\/2012\/06\/split-propitivanje-enskih-feministikih-i-muslimanskih-identiteta\/#breadcrumb","itemListElement":[{"@type":"ListItem","position":1,"name":"Home","item":"https:\/\/www.vegaintro-projekti.com\/pilar-stari\/"},{"@type":"ListItem","position":2,"name":"SPLIT: Propitivanje \u017eenskih, feministi\u010dkih i muslimanskih identiteta"}]},{"@type":"WebSite","@id":"https:\/\/www.vegaintro-projekti.com\/pilar-stari\/#website","url":"https:\/\/www.vegaintro-projekti.com\/pilar-stari\/","name":"Institut dru&scaron;tvenih znanosti Ivo Pilar","description":"Pilar","potentialAction":[{"@type":"SearchAction","target":{"@type":"EntryPoint","urlTemplate":"https:\/\/www.vegaintro-projekti.com\/pilar-stari\/?s={search_term_string}"},"query-input":"required name=search_term_string"}],"inLanguage":"hr"},{"@type":"Person","@id":"https:\/\/www.vegaintro-projekti.com\/pilar-stari\/#\/schema\/person\/c0db50ebd77c4409e19b18044bbf10c1","name":"pilar-admin","image":{"@type":"ImageObject","inLanguage":"hr","@id":"https:\/\/www.vegaintro-projekti.com\/pilar-stari\/#\/schema\/person\/image\/","url":"https:\/\/secure.gravatar.com\/avatar\/fac9e03c4db0011b9c1ad8b5e9c74b8c?s=96&d=mm&r=g","contentUrl":"https:\/\/secure.gravatar.com\/avatar\/fac9e03c4db0011b9c1ad8b5e9c74b8c?s=96&d=mm&r=g","caption":"pilar-admin"},"url":"https:\/\/www.vegaintro-projekti.com\/pilar-stari\/author\/pilar-admin\/"}]}},"_links":{"self":[{"href":"https:\/\/www.vegaintro-projekti.com\/pilar-stari\/wp-json\/wp\/v2\/posts\/496"}],"collection":[{"href":"https:\/\/www.vegaintro-projekti.com\/pilar-stari\/wp-json\/wp\/v2\/posts"}],"about":[{"href":"https:\/\/www.vegaintro-projekti.com\/pilar-stari\/wp-json\/wp\/v2\/types\/post"}],"author":[{"embeddable":true,"href":"https:\/\/www.vegaintro-projekti.com\/pilar-stari\/wp-json\/wp\/v2\/users\/1"}],"replies":[{"embeddable":true,"href":"https:\/\/www.vegaintro-projekti.com\/pilar-stari\/wp-json\/wp\/v2\/comments?post=496"}],"version-history":[{"count":7,"href":"https:\/\/www.vegaintro-projekti.com\/pilar-stari\/wp-json\/wp\/v2\/posts\/496\/revisions"}],"predecessor-version":[{"id":7385,"href":"https:\/\/www.vegaintro-projekti.com\/pilar-stari\/wp-json\/wp\/v2\/posts\/496\/revisions\/7385"}],"wp:attachment":[{"href":"https:\/\/www.vegaintro-projekti.com\/pilar-stari\/wp-json\/wp\/v2\/media?parent=496"}],"wp:term":[{"taxonomy":"category","embeddable":true,"href":"https:\/\/www.vegaintro-projekti.com\/pilar-stari\/wp-json\/wp\/v2\/categories?post=496"},{"taxonomy":"post_tag","embeddable":true,"href":"https:\/\/www.vegaintro-projekti.com\/pilar-stari\/wp-json\/wp\/v2\/tags?post=496"}],"curies":[{"name":"wp","href":"https:\/\/api.w.org\/{rel}","templated":true}]}}