{"id":507,"date":"2012-08-29T12:04:24","date_gmt":"2012-08-29T12:04:24","guid":{"rendered":"https:\/\/www.vegaintro-projekti.com\/pilar-stari\/2012\/08\/29\/konferencija-teoloko-pribliavanje-patnji-i-nadi-ena-split-2-9-9-2012\/"},"modified":"2017-12-08T08:44:36","modified_gmt":"2017-12-08T08:44:36","slug":"konferencija-teoloko-pribliavanje-patnji-i-nadi-ena-split-2-9-9-2012","status":"publish","type":"post","link":"https:\/\/www.vegaintro-projekti.com\/pilar-stari\/2012\/08\/konferencija-teoloko-pribliavanje-patnji-i-nadi-ena-split-2-9-9-2012\/","title":{"rendered":"KONFERENCIJA: Teolo\u0161ko pribli\u017eavanje patnji i nadi \u017eena; Split, 2.-5. 9. 2012."},"content":{"rendered":"<p>\u00a0<\/p>\n<p><strong>Osma regionalna konferencija Europskoga dru\u0161tva \u017eena u teolo\u0161kom istra\u017eivanju (ESWTR) za srednju i isto\u010dnu Europu s temom &#8220;&#8216;I otrt \u0107e im svaku suzu s o\u010diju&#8217; (Iz 25,8 i Otk 21,4) &#8211; Teolo\u0161ko pribli\u017eavanje patnji i nadi \u017eena&#8221; odr\u017eana je od 2. do 5. rujna u franjeva\u010dkom samostanu na Trsteniku u Splitu. Konferenciju je organiziralo Europsko dru\u0161tvo \u017eena u teolo\u0161kom istra\u017eivanju &#8211; Hrvatska sekcija (ESWTR-CS), Ekumenska inicijativa \u017eena iz Omi\u0161a (EI\u017d) i Institut dru\u0161tvenih znanosti Ivo Pilar \u2013 Podru\u010dni centar Split, a pokrovitelji su Splitsko-dalmatinska \u017eupanija i Grad Split. &#8211; Izvje\u0161\u0107e s galerijom slika \/ <a href=\"#m\">Iz medija<\/p>\n<p><\/a> <\/strong><\/p>\n<table border=\"0\">\n<tbody>\n<tr>\n<td><img decoding=\"async\" loading=\"lazy\" src=\"https:\/\/www.vegaintro-projekti.com\/pilar-stari\/wp-content\/images\/stories\/fotografije\/podrucni\/split\/sudionice.jpg\" width=\"480\" height=\"309\" alt=\"sudionice\" \/><\/td>\n<td valign=\"bottom\"><span style=\"font-size: 8pt;\"><strong>Sudionice Osme regionalne konferencija Europskoga dru\u0161tva \u017eena u teolo\u0161kom istra\u017eivanju za srednju i isto\u010dnu Europu, SPLIT, 2.-5. rujna 2012.<\/strong><\/span><\/td>\n<\/tr>\n<\/tbody>\n<\/table>\n<p>&#8211; <a href=\"https:\/\/www.vegaintro-projekti.com\/pilar-stari\/wp-content\/images\/stories\/dokumenti\/podrucni\/split\/osma_regionalna_konferencija_silvana_burilovic.doc\">Osma regionalna konferencija Europskoga dru\u0161tva \u017eena u teolo\u0161kom istra\u017eivanju<\/a><\/p>\n<p>Na konferenciji je sudjelovalo oko 70 sudionica i sudionika iz 11 europskih zemalja i jedna sudionica iz SAD-a. Osim predavanja i plenarnih rasprava, odr\u017eano je i sedam radionica i \u0161est bazi\u010dnih zajednica. Nakon uvodnih predavanja u kojima su predava\u010dice predstavile teolo\u0161ke rasprave o utjecaju tuma\u010denja Kristove patnje na \u017eivot \u017eena, uslijedila su predavanja u kojima se tematizirao pojam \u017ertve i va\u017enost govora o patnji \u017ertve; predavanja o patnji \u017eena u kontekstu socijalisti\u010dkoga i suvremenoga dru\u0161tva; patnji uzrokovanoj uklju\u010denosti i\/ili isklju\u010denost \u017eena iz nekih sfera dru\u0161tvenoga \u017eivota; o odnosu duhovnosti i patnje; o religijsko-pedago\u0161kom pristupu patnji i nadi; o tematiziranju patnje u umjetnosti i medijima. Blok predavanja u kojem su se analizirali biblijski tekstovi pod vidom patnje \u017eena i Bo\u017ejeg odnosa prema toj patnji uprili\u010den je posljednji dan konferencije&#8230; <\/p>\n<p>&#8211; IZVJE\u0160\u0106E S KONFERENCIJE S GALERIJOM SLIKA<\/p>\n<p>&#8211;\u00a0<a href=\"#m\">IZ MEDIJA<\/a><\/p>\n<p><strong>&#8211; <\/strong><a href=\"https:\/\/www.vegaintro-projekti.com\/pilar-stari\/wp-content\/images\/stories\/dokumenti\/podrucni\/split\/program_eswtr.pdf\">PROGRAM KONFERENCIJE: &#8220;I otrt \u0107e im svaku suzu s o\u010diju&#8221; &#8211;\u00a0Teolo\u0161ko pribli\u017eavanje patnji i nadi \u017eena<\/a><\/p>\n<p>\u00a0<\/p>\n<p><strong> <\/strong><\/p>\n<table border=\"0\">\n<tbody>\n<tr>\n<td><\/td>\n<td><a href=\"https:\/\/www.vegaintro-projekti.com\/pilar-stari\/wp-content\/images\/stories\/dokumenti\/podrucni\/split\/program_eswtr.pdf\"><img decoding=\"async\" loading=\"lazy\" alt=\"eswtr\" src=\"https:\/\/www.vegaintro-projekti.com\/pilar-stari\/wp-content\/images\/stories\/fotografije\/podrucni\/split\/eswtr.jpg\" width=\"451\" height=\"640\" \/><\/a><\/td>\n<\/tr>\n<\/tbody>\n<\/table>\n<p> <a name=\"m\"><\/a><br \/><span style=\"font-size: 12pt;\">Iz medija<\/span><\/p>\n<p><strong><\/p>\n<p>Radio Split<\/strong><\/p>\n<p>&#8211; Vjerska emisija Radio Splita u cjelosti posve\u0107ena konferenciji,\u00a01. rujna 2012.\u00a0<br \/><span style=\"font-weight: bold; \"><br \/>Katoli\u010dki radio<br \/><\/span><span style=\"font-weight: bold; \"><br \/>Radio Me\u0111ugorje<br \/><\/span><span style=\"font-weight: bold; \"><br \/>Hrvatska televizija HTV1<\/span><\/p>\n<p>&#8211; Duhovni izazovi, 15. 9. 2012.<\/p>\n<p>&#8211; Mir i dobro, 16. 9. 2012. (18:16 \u2013 19:03)<\/p>\n<p><strong>Informativna katoli\u010dka agencija (IKA)<\/strong><\/p>\n<p>&#8211; <a href=\"http:\/\/www.ika.hr\/index.php?prikaz=vijest&amp;ID=143890\">Osma regionalna konferencija Europskoga dru\u0161tva \u017eena u teolo\u0161kom istra\u017eivanju za srednju i isto\u010dnu Europu, 28. 8. 2012.<br \/><\/a>&#8211; <a href=\"http:\/\/www.ika.hr\/index.php?prikaz=vijest&amp;ID=144008\">Teolo\u0161ko pribli\u017eavanje patnji i nadi \u017eena, 3.9.2012.<br \/><\/a>&#8211; <a href=\"http:\/\/www.ika.hr\/index.php?prikaz=vijest&amp;ID=144020\">Teolo\u0161ko pribli\u017eavanje patnji i nadi \u017eena (II.), 3. 9. 2012.<br \/><\/a>&#8211; <a href=\"http:\/\/www.ika.hr\/index.php?prikaz=vijest&amp;ID=144042\">Teolo\u0161ko pribli\u017eavanje patnji i nadi \u017eena (III.), 4. 9. 2012.<br \/><\/a>&#8211; <a href=\"http:\/\/www.ika.hr\/index.php?prikaz=vijest&amp;ID=144063\">Teolo\u0161ko pribli\u017eavanje patnji i nadi \u017eena (IV.), 4. 9.2012.<br \/><\/a>&#8211; <a href=\"http:\/\/www.ika.hr\/index.php?prikaz=vijest&amp;ID=144064\">Zavr\u0161ila 8. regionalna konferencija Europskoga dru\u0161tva \u017eena u teolo\u0161kom istra\u017eivanju za srednju i isto\u010dnu Europu, 5. 9. 2012.<br \/><\/a><br \/><strong>Glas Koncila (katoli\u010dki tjednik)<\/strong><\/p>\n<p>&#8211; Teolo\u0161ko pribli\u017eavanje patnji i nadi \u017eena, 3. 9. 2012.<br \/>&#8211; Cjelovito izvje\u0161\u0107e u tiskanom izdanju: <em>Glas Koncila<\/em>, 16. rujna 2012., str. 14.<\/p>\n<p><strong>Crkva na kamenu (katoli\u010dki mjese\u010dnik iz Bosne i Hercegovine)<br \/><\/strong><br \/>&#8211; <a href=\"http:\/\/www.cnak.ba\/index.php?opt=19&amp;id=986\">Teolo\u0161ko pribli\u017eavanje patnji i nadi \u017eena, 4. 9. 2012.<br \/><\/a><br \/><strong>Splitsko-makarska nadbiskupija<\/strong><\/p>\n<p>&#8211; Osma regionalna konferencija Europskoga dru\u0161tva \u017eena u teolo\u0161kom istra\u017eivanju za srednju i isto\u010dnu Europu, 5. 9. 2012.<\/p>\n<p><strong>Slobodna Dalmacija<\/strong><\/p>\n<p>&#8211; Split: U franjeva\u010dkom samostanu konferencija o patnji \u017eena, 29. 8. 2012.<\/p>\n<p>&#8211; <a href=\"http:\/\/www.slobodnadalmacija.hr\/Dalmacija\/Split\/tabid\/72\/articleType\/ArticleView\/articleId\/186242\/Default.aspx\">Po\u010dela me\u0111unarodna konferencija &#8220;Teolo\u0161ko pribli\u017eavanje patnji i nadi \u017eena&#8221;, 3. 9. 2012.<br \/><\/a><br \/><strong>Benedikt (Katoli\u010dka udruga)<\/strong><\/p>\n<p>&#8211; Teolo\u0161ko pribli\u017eavanje patnji i nadi \u017eena (III.), 4. 9. 2012.<\/p>\n<p><strong>Infozona (Informativna mre\u017ena stranica)<\/strong><\/p>\n<p>&#8211; <a href=\"http:\/\/infozona.hr\/kalendar\/15525\">Teolo\u0161ko pribli\u017eavanje patnji i nadi \u017eena, 4. 9. 2012.<br \/><\/a><br \/><strong>Hrvatski fokus \u2013 tjednik za kulturu, znanost i dru\u0161vena pitanja<br \/><\/strong><br \/>&#8211; Regionalna konferencija Europskoga dru\u0161tva \u017eena u teolo\u0161kom istra\u017eivanju, 7. 9. 2012.<\/p>\n<p><strong>Udruga Prospero (nevladina udruga)<\/strong><\/p>\n<p>&#8211; Izlo\u017eba udruge Prospero, 5. 9.2012.<\/p>\n<p>\u00a0<\/p>\n<p>\u00a0<\/p>\n<p>&gt;&gt;&gt;\u00a0<a href=\"https:\/\/www.vegaintro-projekti.com\/pilar-stari\/2011\/10\/prijave-za-konferenciju-europskoga-drutva-ena-u-teolokom-istraivanju-3112012\/\">Najava Konferencije<\/a><\/p>\n<p>&gt;&gt;&gt; <a href=\"https:\/\/www.vegaintro-projekti.com\/pilar-stari\/2010\/07\/podruni-centar-split-2\/\">PODRU\u010cNI CENTAR SPLIT<\/a><\/p>\n<p><\/p>\n","protected":false},"excerpt":{"rendered":"<p>\u00a0 Osma regionalna konferencija Europskoga dru\u0161tva \u017eena u teolo\u0161kom istra\u017eivanju (ESWTR) za srednju i isto\u010dnu Europu s temom &#8220;&#8216;I otrt \u0107e im svaku suzu s o\u010diju&#8217; (Iz 25,8 i Otk 21,4) &#8211; Teolo\u0161ko pribli\u017eavanje patnji i nadi \u017eena&#8221; odr\u017eana je od 2. do 5. rujna u franjeva\u010dkom samostanu na Trsteniku u Splitu. Konferenciju je organiziralo&hellip; <a class=\"continue\" href=\"https:\/\/www.vegaintro-projekti.com\/pilar-stari\/2012\/08\/konferencija-teoloko-pribliavanje-patnji-i-nadi-ena-split-2-9-9-2012\/\">Pro\u010ditaj vi\u0161e o<span> KONFERENCIJA: Teolo\u0161ko pribli\u017eavanje patnji i nadi \u017eena; Split, 2.-5. 9. 2012.<\/span><\/a><\/p>\n","protected":false},"author":1,"featured_media":0,"comment_status":"open","ping_status":"open","sticky":false,"template":"","format":"standard","meta":{"inline_featured_image":false,"ngg_post_thumbnail":0,"footnotes":""},"categories":[11],"tags":[],"yoast_head":"<!-- This site is optimized with the Yoast SEO plugin v21.2 - https:\/\/yoast.com\/wordpress\/plugins\/seo\/ -->\n<title>KONFERENCIJA: Teolo\u0161ko pribli\u017eavanje patnji i nadi \u017eena; Split, 2.-5. 9. 2012. - Institut dru&scaron;tvenih znanosti Ivo Pilar<\/title>\n<meta name=\"robots\" content=\"noindex, follow, max-snippet:-1, max-image-preview:large, max-video-preview:-1\" \/>\n<meta property=\"og:locale\" content=\"hr_HR\" \/>\n<meta property=\"og:type\" content=\"article\" \/>\n<meta property=\"og:title\" content=\"KONFERENCIJA: Teolo\u0161ko pribli\u017eavanje patnji i nadi \u017eena; Split, 2.-5. 9. 2012. - Institut dru&scaron;tvenih znanosti Ivo Pilar\" \/>\n<meta property=\"og:description\" content=\"\u00a0 Osma regionalna konferencija Europskoga dru\u0161tva \u017eena u teolo\u0161kom istra\u017eivanju (ESWTR) za srednju i isto\u010dnu Europu s temom &#8220;&#8216;I otrt \u0107e im svaku suzu s o\u010diju&#8217; (Iz 25,8 i Otk 21,4) &#8211; Teolo\u0161ko pribli\u017eavanje patnji i nadi \u017eena&#8221; odr\u017eana je od 2. do 5. rujna u franjeva\u010dkom samostanu na Trsteniku u Splitu. Konferenciju je organiziralo&hellip; Pro\u010ditaj vi\u0161e o KONFERENCIJA: Teolo\u0161ko pribli\u017eavanje patnji i nadi \u017eena; Split, 2.-5. 9. 2012.\" \/>\n<meta property=\"og:url\" content=\"https:\/\/www.vegaintro-projekti.com\/pilar-stari\/2012\/08\/konferencija-teoloko-pribliavanje-patnji-i-nadi-ena-split-2-9-9-2012\/\" \/>\n<meta property=\"og:site_name\" content=\"Institut dru&scaron;tvenih znanosti Ivo Pilar\" \/>\n<meta property=\"article:published_time\" content=\"2012-08-29T12:04:24+00:00\" \/>\n<meta property=\"article:modified_time\" content=\"2017-12-08T08:44:36+00:00\" \/>\n<meta property=\"og:image\" content=\"https:\/\/www.vegaintro-projekti.com\/pilar-stari\/wp-content\/images\/stories\/fotografije\/podrucni\/split\/sudionice.jpg\" \/>\n<meta name=\"author\" content=\"pilar-admin\" \/>\n<meta name=\"twitter:card\" content=\"summary_large_image\" \/>\n<meta name=\"twitter:label1\" content=\"Napisao\/la\" \/>\n\t<meta name=\"twitter:data1\" content=\"pilar-admin\" \/>\n\t<meta name=\"twitter:label2\" content=\"Procijenjeno vrijeme \u010ditanja\" \/>\n\t<meta name=\"twitter:data2\" content=\"3 minute\" \/>\n<script type=\"application\/ld+json\" class=\"yoast-schema-graph\">{\"@context\":\"https:\/\/schema.org\",\"@graph\":[{\"@type\":\"WebPage\",\"@id\":\"https:\/\/www.vegaintro-projekti.com\/pilar-stari\/2012\/08\/konferencija-teoloko-pribliavanje-patnji-i-nadi-ena-split-2-9-9-2012\/\",\"url\":\"https:\/\/www.vegaintro-projekti.com\/pilar-stari\/2012\/08\/konferencija-teoloko-pribliavanje-patnji-i-nadi-ena-split-2-9-9-2012\/\",\"name\":\"KONFERENCIJA: Teolo\u0161ko pribli\u017eavanje patnji i nadi \u017eena; Split, 2.-5. 9. 2012. - Institut dru&scaron;tvenih znanosti Ivo Pilar\",\"isPartOf\":{\"@id\":\"https:\/\/www.vegaintro-projekti.com\/pilar-stari\/#website\"},\"datePublished\":\"2012-08-29T12:04:24+00:00\",\"dateModified\":\"2017-12-08T08:44:36+00:00\",\"author\":{\"@id\":\"https:\/\/www.vegaintro-projekti.com\/pilar-stari\/#\/schema\/person\/c0db50ebd77c4409e19b18044bbf10c1\"},\"breadcrumb\":{\"@id\":\"https:\/\/www.vegaintro-projekti.com\/pilar-stari\/2012\/08\/konferencija-teoloko-pribliavanje-patnji-i-nadi-ena-split-2-9-9-2012\/#breadcrumb\"},\"inLanguage\":\"hr\",\"potentialAction\":[{\"@type\":\"ReadAction\",\"target\":[\"https:\/\/www.vegaintro-projekti.com\/pilar-stari\/2012\/08\/konferencija-teoloko-pribliavanje-patnji-i-nadi-ena-split-2-9-9-2012\/\"]}]},{\"@type\":\"BreadcrumbList\",\"@id\":\"https:\/\/www.vegaintro-projekti.com\/pilar-stari\/2012\/08\/konferencija-teoloko-pribliavanje-patnji-i-nadi-ena-split-2-9-9-2012\/#breadcrumb\",\"itemListElement\":[{\"@type\":\"ListItem\",\"position\":1,\"name\":\"Home\",\"item\":\"https:\/\/www.vegaintro-projekti.com\/pilar-stari\/\"},{\"@type\":\"ListItem\",\"position\":2,\"name\":\"KONFERENCIJA: Teolo\u0161ko pribli\u017eavanje patnji i nadi \u017eena; Split, 2.-5. 9. 2012.\"}]},{\"@type\":\"WebSite\",\"@id\":\"https:\/\/www.vegaintro-projekti.com\/pilar-stari\/#website\",\"url\":\"https:\/\/www.vegaintro-projekti.com\/pilar-stari\/\",\"name\":\"Institut dru&scaron;tvenih znanosti Ivo Pilar\",\"description\":\"Pilar\",\"potentialAction\":[{\"@type\":\"SearchAction\",\"target\":{\"@type\":\"EntryPoint\",\"urlTemplate\":\"https:\/\/www.vegaintro-projekti.com\/pilar-stari\/?s={search_term_string}\"},\"query-input\":\"required name=search_term_string\"}],\"inLanguage\":\"hr\"},{\"@type\":\"Person\",\"@id\":\"https:\/\/www.vegaintro-projekti.com\/pilar-stari\/#\/schema\/person\/c0db50ebd77c4409e19b18044bbf10c1\",\"name\":\"pilar-admin\",\"image\":{\"@type\":\"ImageObject\",\"inLanguage\":\"hr\",\"@id\":\"https:\/\/www.vegaintro-projekti.com\/pilar-stari\/#\/schema\/person\/image\/\",\"url\":\"https:\/\/secure.gravatar.com\/avatar\/fac9e03c4db0011b9c1ad8b5e9c74b8c?s=96&d=mm&r=g\",\"contentUrl\":\"https:\/\/secure.gravatar.com\/avatar\/fac9e03c4db0011b9c1ad8b5e9c74b8c?s=96&d=mm&r=g\",\"caption\":\"pilar-admin\"},\"url\":\"https:\/\/www.vegaintro-projekti.com\/pilar-stari\/author\/pilar-admin\/\"}]}<\/script>\n<!-- \/ Yoast SEO plugin. -->","yoast_head_json":{"title":"KONFERENCIJA: Teolo\u0161ko pribli\u017eavanje patnji i nadi \u017eena; Split, 2.-5. 9. 2012. - Institut dru&scaron;tvenih znanosti Ivo Pilar","robots":{"index":"noindex","follow":"follow","max-snippet":"max-snippet:-1","max-image-preview":"max-image-preview:large","max-video-preview":"max-video-preview:-1"},"og_locale":"hr_HR","og_type":"article","og_title":"KONFERENCIJA: Teolo\u0161ko pribli\u017eavanje patnji i nadi \u017eena; Split, 2.-5. 9. 2012. - Institut dru&scaron;tvenih znanosti Ivo Pilar","og_description":"\u00a0 Osma regionalna konferencija Europskoga dru\u0161tva \u017eena u teolo\u0161kom istra\u017eivanju (ESWTR) za srednju i isto\u010dnu Europu s temom &#8220;&#8216;I otrt \u0107e im svaku suzu s o\u010diju&#8217; (Iz 25,8 i Otk 21,4) &#8211; Teolo\u0161ko pribli\u017eavanje patnji i nadi \u017eena&#8221; odr\u017eana je od 2. do 5. rujna u franjeva\u010dkom samostanu na Trsteniku u Splitu. Konferenciju je organiziralo&hellip; Pro\u010ditaj vi\u0161e o KONFERENCIJA: Teolo\u0161ko pribli\u017eavanje patnji i nadi \u017eena; Split, 2.-5. 9. 2012.","og_url":"https:\/\/www.vegaintro-projekti.com\/pilar-stari\/2012\/08\/konferencija-teoloko-pribliavanje-patnji-i-nadi-ena-split-2-9-9-2012\/","og_site_name":"Institut dru&scaron;tvenih znanosti Ivo Pilar","article_published_time":"2012-08-29T12:04:24+00:00","article_modified_time":"2017-12-08T08:44:36+00:00","og_image":[{"url":"https:\/\/www.vegaintro-projekti.com\/pilar-stari\/wp-content\/images\/stories\/fotografije\/podrucni\/split\/sudionice.jpg"}],"author":"pilar-admin","twitter_card":"summary_large_image","twitter_misc":{"Napisao\/la":"pilar-admin","Procijenjeno vrijeme \u010ditanja":"3 minute"},"schema":{"@context":"https:\/\/schema.org","@graph":[{"@type":"WebPage","@id":"https:\/\/www.vegaintro-projekti.com\/pilar-stari\/2012\/08\/konferencija-teoloko-pribliavanje-patnji-i-nadi-ena-split-2-9-9-2012\/","url":"https:\/\/www.vegaintro-projekti.com\/pilar-stari\/2012\/08\/konferencija-teoloko-pribliavanje-patnji-i-nadi-ena-split-2-9-9-2012\/","name":"KONFERENCIJA: Teolo\u0161ko pribli\u017eavanje patnji i nadi \u017eena; Split, 2.-5. 9. 2012. - Institut dru&scaron;tvenih znanosti Ivo Pilar","isPartOf":{"@id":"https:\/\/www.vegaintro-projekti.com\/pilar-stari\/#website"},"datePublished":"2012-08-29T12:04:24+00:00","dateModified":"2017-12-08T08:44:36+00:00","author":{"@id":"https:\/\/www.vegaintro-projekti.com\/pilar-stari\/#\/schema\/person\/c0db50ebd77c4409e19b18044bbf10c1"},"breadcrumb":{"@id":"https:\/\/www.vegaintro-projekti.com\/pilar-stari\/2012\/08\/konferencija-teoloko-pribliavanje-patnji-i-nadi-ena-split-2-9-9-2012\/#breadcrumb"},"inLanguage":"hr","potentialAction":[{"@type":"ReadAction","target":["https:\/\/www.vegaintro-projekti.com\/pilar-stari\/2012\/08\/konferencija-teoloko-pribliavanje-patnji-i-nadi-ena-split-2-9-9-2012\/"]}]},{"@type":"BreadcrumbList","@id":"https:\/\/www.vegaintro-projekti.com\/pilar-stari\/2012\/08\/konferencija-teoloko-pribliavanje-patnji-i-nadi-ena-split-2-9-9-2012\/#breadcrumb","itemListElement":[{"@type":"ListItem","position":1,"name":"Home","item":"https:\/\/www.vegaintro-projekti.com\/pilar-stari\/"},{"@type":"ListItem","position":2,"name":"KONFERENCIJA: Teolo\u0161ko pribli\u017eavanje patnji i nadi \u017eena; Split, 2.-5. 9. 2012."}]},{"@type":"WebSite","@id":"https:\/\/www.vegaintro-projekti.com\/pilar-stari\/#website","url":"https:\/\/www.vegaintro-projekti.com\/pilar-stari\/","name":"Institut dru&scaron;tvenih znanosti Ivo Pilar","description":"Pilar","potentialAction":[{"@type":"SearchAction","target":{"@type":"EntryPoint","urlTemplate":"https:\/\/www.vegaintro-projekti.com\/pilar-stari\/?s={search_term_string}"},"query-input":"required name=search_term_string"}],"inLanguage":"hr"},{"@type":"Person","@id":"https:\/\/www.vegaintro-projekti.com\/pilar-stari\/#\/schema\/person\/c0db50ebd77c4409e19b18044bbf10c1","name":"pilar-admin","image":{"@type":"ImageObject","inLanguage":"hr","@id":"https:\/\/www.vegaintro-projekti.com\/pilar-stari\/#\/schema\/person\/image\/","url":"https:\/\/secure.gravatar.com\/avatar\/fac9e03c4db0011b9c1ad8b5e9c74b8c?s=96&d=mm&r=g","contentUrl":"https:\/\/secure.gravatar.com\/avatar\/fac9e03c4db0011b9c1ad8b5e9c74b8c?s=96&d=mm&r=g","caption":"pilar-admin"},"url":"https:\/\/www.vegaintro-projekti.com\/pilar-stari\/author\/pilar-admin\/"}]}},"_links":{"self":[{"href":"https:\/\/www.vegaintro-projekti.com\/pilar-stari\/wp-json\/wp\/v2\/posts\/507"}],"collection":[{"href":"https:\/\/www.vegaintro-projekti.com\/pilar-stari\/wp-json\/wp\/v2\/posts"}],"about":[{"href":"https:\/\/www.vegaintro-projekti.com\/pilar-stari\/wp-json\/wp\/v2\/types\/post"}],"author":[{"embeddable":true,"href":"https:\/\/www.vegaintro-projekti.com\/pilar-stari\/wp-json\/wp\/v2\/users\/1"}],"replies":[{"embeddable":true,"href":"https:\/\/www.vegaintro-projekti.com\/pilar-stari\/wp-json\/wp\/v2\/comments?post=507"}],"version-history":[{"count":13,"href":"https:\/\/www.vegaintro-projekti.com\/pilar-stari\/wp-json\/wp\/v2\/posts\/507\/revisions"}],"predecessor-version":[{"id":7396,"href":"https:\/\/www.vegaintro-projekti.com\/pilar-stari\/wp-json\/wp\/v2\/posts\/507\/revisions\/7396"}],"wp:attachment":[{"href":"https:\/\/www.vegaintro-projekti.com\/pilar-stari\/wp-json\/wp\/v2\/media?parent=507"}],"wp:term":[{"taxonomy":"category","embeddable":true,"href":"https:\/\/www.vegaintro-projekti.com\/pilar-stari\/wp-json\/wp\/v2\/categories?post=507"},{"taxonomy":"post_tag","embeddable":true,"href":"https:\/\/www.vegaintro-projekti.com\/pilar-stari\/wp-json\/wp\/v2\/tags?post=507"}],"curies":[{"name":"wp","href":"https:\/\/api.w.org\/{rel}","templated":true}]}}